{"id":115591,"date":"2026-02-24T12:26:09","date_gmt":"2026-02-24T11:26:09","guid":{"rendered":"https:\/\/www.mohd.it\/?p=115591"},"modified":"2026-02-24T12:26:10","modified_gmt":"2026-02-24T11:26:10","slug":"sara-moroni-licht-gestalten-zwischen-emotion-und-architektur","status":"publish","type":"post","link":"https:\/\/www.mohd.it\/de\/magazine\/sara-moroni-licht-gestalten-zwischen-emotion-und-architektur\/","title":{"rendered":"Sara Moroni: Licht gestalten zwischen Emotion und Architektur"},"content":{"rendered":"\n<p><strong>Sara Moroni<\/strong> ist eine Designerin, die ihre Ausbildung in Architektur und Innenarchitektur mit einer ausgepr\u00e4gten Sensibilit\u00e4t f\u00fcr Licht verbindet. Ihr Ansatz beschr\u00e4nkt sich nicht auf das Produktdesign, sondern umfasst das gesamte Lichterlebnis \u2013 gedacht und pr\u00e4zise abgestimmt, um R\u00e4ume und die Objekte, die sie pr\u00e4gen, zu inszenieren.<\/p>\n\n\n\n<p>Zu ihren bekanntesten Projekten z\u00e4hlen die Kollektionen <strong>Feel<\/strong> und <strong>Iconica<\/strong> f\u00fcr <strong><a href=\"https:\/\/shopmohd.com\/de\/marken\/penta.html\">Penta<\/a><\/strong>, in denen Einfachheit, Vielseitigkeit und Materialbewusstsein zusammenfinden und Licht zu einem wesentlichen Bestandteil der r\u00e4umlichen Erz\u00e4hlung wird.<\/p>\n\n\n\n<div style=\"height:30px\" aria-hidden=\"true\" class=\"wp-block-spacer\"><\/div>\n\n\n\n<p><em>Interview in italienischer Sprache gef\u00fchrt \u2013 deutsche \u00dcbersetzung und redaktionelle Bearbeitung.<\/em><\/p>\n\n\n\n<div style=\"height:30px\" aria-hidden=\"true\" class=\"wp-block-spacer\"><\/div>\n\n\n\n<p><strong>Wie hat Ihre Ausbildung die Art und Weise beeinflusst, wie Sie heute Leuchten entwerfen?<\/strong><\/p>\n\n\n\n<p>Die technisch-wissenschaftlichen Kompetenzen, die ich im Studium erworben habe, verbunden mit den humanistisch-k\u00fcnstlerischen Impulsen aus meiner Schulzeit und einer starken pers\u00f6nlichen Leidenschaft, haben meine Identit\u00e4t und mein berufliches Profil facettenreich gepr\u00e4gt. Die Ausbildung am Politecnico hat es mir erm\u00f6glicht, eine strukturierte und interdisziplin\u00e4re Entwurfsmethode zu verinnerlichen und einen strategischen wie kritischen Zugang zum Design zu entwickeln, den ich bis heute pflege. Als Produkt- und Lichtdesignerin mit gro\u00dfem Interesse an Architektur n\u00e4here ich mich jedem Projekt aus einer \u00fcbergreifenden Perspektive. Mein Ziel ist es, Produkte auf den Markt zu bringen, die in Stil und Funktion eigenst\u00e4ndig sind.<\/p>\n\n\n\n<div style=\"height:30px\" aria-hidden=\"true\" class=\"wp-block-spacer\"><\/div>\n\n\n\n<p><strong>Gab es r\u00fcckblickend einen Moment \u2013 ein Projekt, eine Intuition oder auch einen Fehler \u2013, der Ihnen bewusst gemacht hat, dass Licht zum Zentrum Ihrer Arbeit werden w\u00fcrde?<\/strong><\/p>\n\n\n\n<p>Das wurde mir bereits w\u00e4hrend meiner Ausbildung klar, doch ein Projekt f\u00fcr ein Gesch\u00e4ft hat mir endg\u00fcltig die Augen ge\u00f6ffnet. Ich hatte eine Wand mit stark texturierten, dreidimensionalen Oberfl\u00e4chen gestaltet und bemerkte, wie sich die Wirkung je nach Ausrichtung des Lichts vollkommen ver\u00e4nderte. Pl\u00f6tzlich wurde das Produkt auf eine Weise hervorgehoben, die ich zuvor nicht erwartet hatte. In diesem Moment wurde mir bewusst: Wenn das meine Leidenschaft ist, darf ich das Licht nicht au\u00dfer Acht lassen \u2013 sonst riskiere ich, alles andere zu untergraben. Von da an er\u00f6ffnete sich mir eine Welt, die Architektur, Innenraum und Produkt auf nat\u00fcrliche Weise verband. Licht wurde zum entscheidenden Element, um ein Projekt in meinem Sinne abzuschlie\u00dfen. Es ist ein strategischer Hebel: Es kann das Geschaffene veredeln oder beeintr\u00e4chtigen. Deshalb muss es stets mitgedacht werden.<\/p>\n\n\n\n<figure class=\"wp-block-image size-large\"><img loading=\"lazy\" decoding=\"async\" width=\"1024\" height=\"576\" src=\"https:\/\/www.mohd.it\/wp-content\/uploads\/2026\/02\/Penta-Light-Feel-Sara-Moroni-1024x576.jpg\" alt=\"Penta Light Feel Sara Moroni\" class=\"wp-image-115563\" srcset=\"https:\/\/www.mohd.it\/wp-content\/uploads\/2026\/02\/Penta-Light-Feel-Sara-Moroni-1024x576.jpg 1024w, https:\/\/www.mohd.it\/wp-content\/uploads\/2026\/02\/Penta-Light-Feel-Sara-Moroni-300x169.jpg 300w, https:\/\/www.mohd.it\/wp-content\/uploads\/2026\/02\/Penta-Light-Feel-Sara-Moroni-768x432.jpg 768w, https:\/\/www.mohd.it\/wp-content\/uploads\/2026\/02\/Penta-Light-Feel-Sara-Moroni-1536x864.jpg 1536w, https:\/\/www.mohd.it\/wp-content\/uploads\/2026\/02\/Penta-Light-Feel-Sara-Moroni.jpg 1920w\" sizes=\"auto, (max-width: 1024px) 100vw, 1024px\" \/><\/figure>\n\n\n<div class=\"board\">\n      <div class=\"board-items masonry-grid\">\n      <div class=\"board-item masonry-item\">\n  <div class=\"board-image\" style=\"padding-top:124.88436632747%\">\n    <img decoding=\"async\" src=\"https:\/\/www.mohd.it\/wp-content\/uploads\/2026\/02\/Penta-Light-Feel-Sara-Moroni-1.jpg\" \/>\n  <\/div>\n  <\/div>\n<div class=\"board-item masonry-item\">\n  <div class=\"board-product\" style=\"padding-top:125%\">\n    <img decoding=\"async\" src=\"https:\/\/www.mohd.it\/wp-content\/uploads\/2026\/02\/Penta-Light-Feel-Sara-Moroni-2.jpg\" \/>\n    <div class=\"content\">\n      <span class=\"brand\">Penta Light<\/span>      <span class=\"name\">Feel Large Pendelleuchte<\/span>\n    <\/div>\n    <div class=\"actions\">\n              <a href=\"https:\/\/shopmohd.com\/de\/feel-large-pendelleuchte.html\" class=\"button\">Acquista<\/a>\n            \t\t          <\/div>\n  <\/div>\n    <\/div>\n    <\/div>\n    <\/div>\n\n\n\n<p><strong>Wenn wir an den h\u00e4uslichen Kontext denken: Wenn Sie sich eine Ihrer Leuchten in einem Wohnraum vorstellen, welche Szene oder Emotion sollte dieses Bild begleiten?<\/strong><\/p>\n\n\n\n<p>F\u00fcr mich hat die Materialwahl einen enormen Einfluss auf die emotionale Wirkung eines Raumes. Nehmen wir Iconica f\u00fcr Penta: ein Glasobjekt mit sehr klarer, beinahe minimalistischer Form \u2013 ein Zylinder. Trotz dieser scheinbaren Zur\u00fcckhaltung ist das Ziel, beim Betrachter ein leises L\u00e4cheln oder einen Moment des Staunens auszul\u00f6sen. Die Leuchte wirkt zun\u00e4chst diskret, fast anonym. Doch sobald sie eingeschaltet wird, geschieht etwas Unerwartetes: Ein virtuelles Bild entsteht, das die Wahrnehmung des Objekts vollst\u00e4ndig ver\u00e4ndert und eine \u00fcberraschende Lichtatmosph\u00e4re erzeugt. Das Zusammenspiel von Material, Form und Licht vereint so \u00e4sthetische Reduktion und emotionale Wirkung und f\u00fchrt \u00fcber die reine Funktion hinaus.<\/p>\n\n\n\n<div style=\"height:30px\" aria-hidden=\"true\" class=\"wp-block-spacer\"><\/div>\n\n\n\n<p><strong>Kann Staunen also Teil der Nutzererfahrung sein?<\/strong><\/p>\n\n\n\n<p>Unbedingt. Ich versuche, stets ein neues Element einzuf\u00fchren \u2013 sei es ein \u00e4sthetischer \u00dcberraschungseffekt oder eine L\u00f6sung, die das Objekt vielseitiger oder funktionaler macht. Ich habe an Optik, Position der Lichtquelle und innerer Geometrie gearbeitet, um ein Produkt zu entwickeln, das einfach zu montieren ist und dennoch eine unerwartete Wirkung entfaltet. Jedes Projekt ist f\u00fcr mich die Gelegenheit, eine neue, pers\u00f6nliche Lesart zu finden.<\/p>\n\n\n\n<div style=\"height:30px\" aria-hidden=\"true\" class=\"wp-block-spacer\"><\/div>\n\n\n\n<p><strong>Welche Priorit\u00e4ten leiten Sie zu Beginn eines neuen Projekts: Funktion, Atmosph\u00e4re, Technik oder der Bezug zum Raum?<\/strong><\/p>\n\n\n\n<p>Funktionalit\u00e4t und Technik sind unverzichtbar. Eine Leuchte zu entwerfen bedeutet jedoch, Licht als ein echtes Baumaterial zu begreifen \u2013 als Element, das Raum definiert, mit Materialien in Dialog tritt und Wahrnehmung wie Wohlbefinden ma\u00dfgeblich beeinflusst. Ich analysiere sorgf\u00e4ltig Menge, Qualit\u00e4t und Verteilung des Lichts und stelle mir zugleich das physische Objekt im architektonischen Kontext sowie seine m\u00f6glichen Anwendungen vor. So stelle ich sicher, dass das Produkt funktionale, \u00e4sthetische und emotionale Bedeutung tr\u00e4gt.<\/p>\n\n\n\n<div style=\"height:30px\" aria-hidden=\"true\" class=\"wp-block-spacer\"><\/div>\n\n\n\n<p><strong>Wie wichtig ist f\u00fcr Sie das Gleichgewicht zwischen Lichtqualit\u00e4t und Form? Und wie treten diese beiden Aspekte in Dialog?<\/strong><\/p>\n\n\n\n<p>In meiner Arbeit ist die Balance zwischen Lichtqualit\u00e4t und Form zentral. Die \u00c4sthetik eines Produkts entsteht auch aus seiner Beziehung zum Licht. Funktionale und technische Aspekte m\u00fcssen kontinuierlich mit der formalen Gestaltung im Dialog stehen.<\/p>\n\n\n\n<figure class=\"wp-block-image size-large\"><img loading=\"lazy\" decoding=\"async\" width=\"1024\" height=\"576\" src=\"https:\/\/www.mohd.it\/wp-content\/uploads\/2026\/02\/Penta-Light-Iconica-Sara-Moroni-1024x576.jpg\" alt=\"Penta Light Iconica Sara Moroni\" class=\"wp-image-115533\" srcset=\"https:\/\/www.mohd.it\/wp-content\/uploads\/2026\/02\/Penta-Light-Iconica-Sara-Moroni-1024x576.jpg 1024w, https:\/\/www.mohd.it\/wp-content\/uploads\/2026\/02\/Penta-Light-Iconica-Sara-Moroni-300x169.jpg 300w, https:\/\/www.mohd.it\/wp-content\/uploads\/2026\/02\/Penta-Light-Iconica-Sara-Moroni-768x432.jpg 768w, https:\/\/www.mohd.it\/wp-content\/uploads\/2026\/02\/Penta-Light-Iconica-Sara-Moroni-1536x864.jpg 1536w, https:\/\/www.mohd.it\/wp-content\/uploads\/2026\/02\/Penta-Light-Iconica-Sara-Moroni.jpg 1920w\" sizes=\"auto, (max-width: 1024px) 100vw, 1024px\" \/><\/figure>\n\n\n<div class=\"board\">\n      <div class=\"board-items masonry-grid\">\n      <div class=\"board-item masonry-item\">\n  <div class=\"board-image\" style=\"padding-top:124.88436632747%\">\n    <img decoding=\"async\" src=\"https:\/\/www.mohd.it\/wp-content\/uploads\/2026\/02\/Penta-Light-Iconica-Sara-Moroni-1.jpg\" \/>\n  <\/div>\n  <\/div>\n<div class=\"board-item masonry-item\">\n  <div class=\"spotted-image\">\n    <span class=\"img-spacer\" style=\"padding-top: 125%;\">\n      <img decoding=\"async\" src=\"https:\/\/www.mohd.it\/wp-content\/uploads\/2026\/02\/Penta-Light-Iconica-Sara-Moroni-2.jpg\" \/>\n    <\/span>\n                <span class=\"product small\">\n        <span class=\"point\" style=\"top: 43.555555555556%; left: 81.203703703704%;\"><\/span>\n                <div class=\"product-board-card\">\n          <div class=\"content\">\n            <span class=\"brand\">Penta Light<\/span>            <span class=\"name\">Iconica 2501-20 H\u00e4ngelampe &#8211; Gro\u00df<\/span>\n            <div class=\"actions\">\n                              <a href=\"https:\/\/shopmohd.com\/de\/iconica-2501-20-hangelampe-gross.html\" class=\"button\">Acquista<\/a>\n                            \t\t\t \t \t\t\t              <\/div>\n          <\/div>\n        <\/div>\n      <\/span>\n                  <span class=\"product small\">\n        <span class=\"point\" style=\"top: 80.888888888889%; left: 21.111111111111%;\"><\/span>\n                <div class=\"product-board-card\">\n          <div class=\"content\">\n            <span class=\"brand\">Penta Light<\/span>            <span class=\"name\">Iconica T-2501-21 H\u00e4ngelampe &#8211; Kurz<\/span>\n            <div class=\"actions\">\n                              <a href=\"https:\/\/shopmohd.com\/de\/iconica-t-2501-21-hangelampe-kurz.html\" class=\"button\">Acquista<\/a>\n                            \t\t\t \t \t\t\t              <\/div>\n          <\/div>\n        <\/div>\n      <\/span>\n        <\/div>\n  <\/div>\n    <\/div>\n    <\/div>\n\n\n\n<p><strong>Die Zusammenarbeit mit einem Unternehmen bedeutet stets einen Dialog. Wie war die Arbeit mit Penta und inwiefern hat die Identit\u00e4t des Unternehmens das Projekt beeinflusst?<\/strong><\/p>\n\n\n\n<p>Als Designerin bin ich gefordert, einen pers\u00f6nlichen, originellen und innovativen Beitrag zu leisten \u2013 stets im Einklang mit der Identit\u00e4t des Unternehmens. Dialog und Teamarbeit sind dabei essenziell. F\u00fcr Penta zu entwerfen hei\u00dft, besondere Aufmerksamkeit auf Details und Materialwahl zu legen und handwerkliche Expertise in eine zeitgem\u00e4\u00dfe Formensprache zu \u00fcbersetzen.<\/p>\n\n\n\n<div style=\"height:30px\" aria-hidden=\"true\" class=\"wp-block-spacer\"><\/div>\n\n\n\n<p><strong>K\u00f6nnen Sie uns die Konzepte hinter Feel und Iconica n\u00e4her erl\u00e4utern?<\/strong><\/p>\n\n\n\n<p>Die beiden Projekte basieren auf sehr unterschiedlichen Ans\u00e4tzen. Feel entstand aus einer Reflexion \u00fcber das Verh\u00e4ltnis von Licht und Klang in gebauten R\u00e4umen. Das System zielt darauf ab, die atmosph\u00e4rischen Qualit\u00e4ten von Architektur zu verbessern, indem es akustische L\u00f6sungen und Beleuchtung kombiniert. Der Entwurfsansatz ist neuartig: ein modulares System, das textilbezogene schallabsorbierende Scheiben mit Lichtquellen integriert. So reagiert das Produkt auf technische Anforderungen mit einer ausdrucksstarken, dekorativen Sprache.<br>Iconica hingegen entwickelte sich aus einem konkreten Briefing des Unternehmens: ein dekoratives, vielseitiges und kompaktes Produkt zu schaffen. Im Mittelpunkt stand die Wechselwirkung zwischen Licht und Material. Glas erwies sich als ideales Medium, um den gew\u00fcnschten Effekt zu erzielen \u2013 eine optische Illusion, die sich beim Einschalten der Leuchte offenbart.<\/p>\n\n\n\n<div style=\"height:30px\" aria-hidden=\"true\" class=\"wp-block-spacer\"><\/div>\n\n\n\n<p><strong>Mit Blick auf die Zukunft der Wohnbeleuchtung: Welche Themen sind heute zentral \u2013 Nachhaltigkeit, Technologie, Wohlbefinden oder eine neue Idee des Wohnens?<\/strong><\/p>\n\n\n\n<p>Es ist notwendig, all diese Aspekte zu ber\u00fccksichtigen und sorgf\u00e4ltig abzuw\u00e4gen. Die Zeiten werden zunehmend komplexer, und ein multidisziplin\u00e4rer Ansatz wird immer dringlicher. Der Planet, Technologie, Architektur und individuelle Lebensgewohnheiten befinden sich in stetigem Wandel. Unternehmen wie Designer sind gefordert, aufmerksam zu beobachten, zu verstehen und verantwortungsvoll zu handeln.<\/p>\n","protected":false},"excerpt":{"rendered":"<p>Sara Moronis Zugang zum Licht sowie ihre Kollektionen Feel und Iconica f\u00fcr Penta vereinen Emotion, Materialit\u00e4t und architektonische Pr\u00e4zision in einem ausgewogenen Verh\u00e4ltnis.<\/p>\n","protected":false},"author":18,"featured_media":115531,"comment_status":"closed","ping_status":"closed","sticky":false,"template":"","format":"standard","meta":{"footnotes":""},"categories":[484],"tags":[],"class_list":["post-115591","post","type-post","status-publish","format-standard","has-post-thumbnail","hentry","category-designerportraets"],"yoast_head":"<!-- This site is optimized with the Yoast SEO plugin v24.0 - https:\/\/yoast.com\/wordpress\/plugins\/seo\/ -->\n<title>Sara Moroni: Licht gestalten - Mohd<\/title>\n<meta name=\"description\" content=\"Sara Moronis Ansatz zum Licht sowie ihre Kollektionen Feel und Iconica f\u00fcr Penta vereinen Emotion, Materialit\u00e4t und architektonische Pr\u00e4zision in einem ausgewogenen Verh\u00e4ltnis.\" \/>\n<meta name=\"robots\" content=\"index, follow, max-snippet:-1, max-image-preview:large, max-video-preview:-1\" \/>\n<link rel=\"canonical\" href=\"https:\/\/www.mohd.it\/de\/magazine\/sara-moroni-licht-gestalten-zwischen-emotion-und-architektur\/\" \/>\n<meta property=\"og:locale\" content=\"de_DE\" \/>\n<meta property=\"og:type\" content=\"article\" \/>\n<meta property=\"og:title\" content=\"Sara Moroni: Licht gestalten - Mohd\" \/>\n<meta property=\"og:description\" content=\"Sara Moronis Ansatz zum Licht sowie ihre Kollektionen Feel und Iconica f\u00fcr Penta vereinen Emotion, Materialit\u00e4t und architektonische Pr\u00e4zision in einem ausgewogenen Verh\u00e4ltnis.\" \/>\n<meta property=\"og:url\" content=\"https:\/\/www.mohd.it\/de\/magazine\/sara-moroni-licht-gestalten-zwischen-emotion-und-architektur\/\" \/>\n<meta property=\"og:site_name\" content=\"Mohd\" \/>\n<meta property=\"article:publisher\" content=\"https:\/\/www.facebook.com\/mollurahomedesign\" \/>\n<meta property=\"article:published_time\" content=\"2026-02-24T11:26:09+00:00\" \/>\n<meta property=\"article:modified_time\" content=\"2026-02-24T11:26:10+00:00\" \/>\n<meta property=\"og:image\" content=\"https:\/\/www.mohd.it\/wp-content\/uploads\/2026\/02\/copertina-sara-moroni.png\" \/>\n\t<meta property=\"og:image:width\" content=\"1300\" \/>\n\t<meta property=\"og:image:height\" content=\"980\" \/>\n\t<meta property=\"og:image:type\" content=\"image\/png\" \/>\n<meta name=\"author\" content=\"Noemi Cris\u00e0\" \/>\n<meta name=\"twitter:card\" content=\"summary_large_image\" \/>\n<meta name=\"twitter:creator\" content=\"@mohd_homedesign\" \/>\n<meta name=\"twitter:site\" content=\"@mohd_homedesign\" \/>\n<meta name=\"twitter:label1\" content=\"Verfasst von\" \/>\n\t<meta name=\"twitter:data1\" content=\"Noemi Cris\u00e0\" \/>\n\t<meta name=\"twitter:label2\" content=\"Gesch\u00e4tzte Lesezeit\" \/>\n\t<meta name=\"twitter:data2\" content=\"6\u00a0Minuten\" \/>\n<script type=\"application\/ld+json\" class=\"yoast-schema-graph\">{\"@context\":\"https:\/\/schema.org\",\"@graph\":[{\"@type\":\"Article\",\"@id\":\"https:\/\/www.mohd.it\/de\/magazine\/sara-moroni-licht-gestalten-zwischen-emotion-und-architektur\/#article\",\"isPartOf\":{\"@id\":\"https:\/\/www.mohd.it\/de\/magazine\/sara-moroni-licht-gestalten-zwischen-emotion-und-architektur\/\"},\"author\":{\"name\":\"Noemi Cris\u00e0\",\"@id\":\"https:\/\/www.mohd.it\/de\/#\/schema\/person\/d237bc94bea0bfe5020d1c41b41f6af2\"},\"headline\":\"Sara Moroni: Licht gestalten zwischen Emotion und Architektur\",\"datePublished\":\"2026-02-24T11:26:09+00:00\",\"dateModified\":\"2026-02-24T11:26:10+00:00\",\"mainEntityOfPage\":{\"@id\":\"https:\/\/www.mohd.it\/de\/magazine\/sara-moroni-licht-gestalten-zwischen-emotion-und-architektur\/\"},\"wordCount\":1050,\"publisher\":{\"@id\":\"https:\/\/www.mohd.it\/de\/#organization\"},\"image\":{\"@id\":\"https:\/\/www.mohd.it\/de\/magazine\/sara-moroni-licht-gestalten-zwischen-emotion-und-architektur\/#primaryimage\"},\"thumbnailUrl\":\"https:\/\/www.mohd.it\/wp-content\/uploads\/2026\/02\/copertina-sara-moroni.png\",\"articleSection\":[\"Designerportr\u00e4ts\"],\"inLanguage\":\"de\"},{\"@type\":\"WebPage\",\"@id\":\"https:\/\/www.mohd.it\/de\/magazine\/sara-moroni-licht-gestalten-zwischen-emotion-und-architektur\/\",\"url\":\"https:\/\/www.mohd.it\/de\/magazine\/sara-moroni-licht-gestalten-zwischen-emotion-und-architektur\/\",\"name\":\"Sara Moroni: Licht gestalten - Mohd\",\"isPartOf\":{\"@id\":\"https:\/\/www.mohd.it\/de\/#website\"},\"primaryImageOfPage\":{\"@id\":\"https:\/\/www.mohd.it\/de\/magazine\/sara-moroni-licht-gestalten-zwischen-emotion-und-architektur\/#primaryimage\"},\"image\":{\"@id\":\"https:\/\/www.mohd.it\/de\/magazine\/sara-moroni-licht-gestalten-zwischen-emotion-und-architektur\/#primaryimage\"},\"thumbnailUrl\":\"https:\/\/www.mohd.it\/wp-content\/uploads\/2026\/02\/copertina-sara-moroni.png\",\"datePublished\":\"2026-02-24T11:26:09+00:00\",\"dateModified\":\"2026-02-24T11:26:10+00:00\",\"description\":\"Sara Moronis Ansatz zum Licht sowie ihre Kollektionen Feel und Iconica f\u00fcr Penta vereinen Emotion, Materialit\u00e4t und architektonische Pr\u00e4zision in einem ausgewogenen Verh\u00e4ltnis.\",\"breadcrumb\":{\"@id\":\"https:\/\/www.mohd.it\/de\/magazine\/sara-moroni-licht-gestalten-zwischen-emotion-und-architektur\/#breadcrumb\"},\"inLanguage\":\"de\",\"potentialAction\":[{\"@type\":\"ReadAction\",\"target\":[\"https:\/\/www.mohd.it\/de\/magazine\/sara-moroni-licht-gestalten-zwischen-emotion-und-architektur\/\"]}]},{\"@type\":\"ImageObject\",\"inLanguage\":\"de\",\"@id\":\"https:\/\/www.mohd.it\/de\/magazine\/sara-moroni-licht-gestalten-zwischen-emotion-und-architektur\/#primaryimage\",\"url\":\"https:\/\/www.mohd.it\/wp-content\/uploads\/2026\/02\/copertina-sara-moroni.png\",\"contentUrl\":\"https:\/\/www.mohd.it\/wp-content\/uploads\/2026\/02\/copertina-sara-moroni.png\",\"width\":1300,\"height\":980,\"caption\":\"Sara Moroni\"},{\"@type\":\"BreadcrumbList\",\"@id\":\"https:\/\/www.mohd.it\/de\/magazine\/sara-moroni-licht-gestalten-zwischen-emotion-und-architektur\/#breadcrumb\",\"itemListElement\":[{\"@type\":\"ListItem\",\"position\":1,\"name\":\"Home\",\"item\":\"https:\/\/www.mohd.it\/de\/\"},{\"@type\":\"ListItem\",\"position\":2,\"name\":\"Sara Moroni: Licht gestalten zwischen Emotion und Architektur\"}]},{\"@type\":\"WebSite\",\"@id\":\"https:\/\/www.mohd.it\/de\/#website\",\"url\":\"https:\/\/www.mohd.it\/de\/\",\"name\":\"Mohd\",\"description\":\"\",\"publisher\":{\"@id\":\"https:\/\/www.mohd.it\/de\/#organization\"},\"potentialAction\":[{\"@type\":\"SearchAction\",\"target\":{\"@type\":\"EntryPoint\",\"urlTemplate\":\"https:\/\/www.mohd.it\/de\/?s={search_term_string}\"},\"query-input\":{\"@type\":\"PropertyValueSpecification\",\"valueRequired\":true,\"valueName\":\"search_term_string\"}}],\"inLanguage\":\"de\"},{\"@type\":\"Organization\",\"@id\":\"https:\/\/www.mohd.it\/de\/#organization\",\"name\":\"Mollura & C. SPA\",\"url\":\"https:\/\/www.mohd.it\/de\/\",\"logo\":{\"@type\":\"ImageObject\",\"inLanguage\":\"de\",\"@id\":\"https:\/\/www.mohd.it\/de\/#\/schema\/logo\/image\/\",\"url\":\"https:\/\/www.mohd.it\/wp-content\/uploads\/2020\/09\/mohd-logo.png\",\"contentUrl\":\"https:\/\/www.mohd.it\/wp-content\/uploads\/2020\/09\/mohd-logo.png\",\"width\":600,\"height\":600,\"caption\":\"Mollura & C. SPA\"},\"image\":{\"@id\":\"https:\/\/www.mohd.it\/de\/#\/schema\/logo\/image\/\"},\"sameAs\":[\"https:\/\/www.facebook.com\/mollurahomedesign\",\"https:\/\/x.com\/mohd_homedesign\",\"https:\/\/www.instagram.com\/mohd_homedesign\/\",\"https:\/\/it.linkedin.com\/company\/mohd-mollura-home-design\",\"https:\/\/www.pinterest.it\/mohdhomedesign\/\",\"https:\/\/www.youtube.com\/channel\/UCYLuPff6hq4z_o0GO0w1yaA\"]},{\"@type\":\"Person\",\"@id\":\"https:\/\/www.mohd.it\/de\/#\/schema\/person\/d237bc94bea0bfe5020d1c41b41f6af2\",\"name\":\"Noemi Cris\u00e0\",\"image\":{\"@type\":\"ImageObject\",\"inLanguage\":\"de\",\"@id\":\"https:\/\/www.mohd.it\/de\/#\/schema\/person\/image\/\",\"url\":\"https:\/\/secure.gravatar.com\/avatar\/6f959897d20f7190d0b1a9b0a1518d13?s=96&d=mm&r=g\",\"contentUrl\":\"https:\/\/secure.gravatar.com\/avatar\/6f959897d20f7190d0b1a9b0a1518d13?s=96&d=mm&r=g\",\"caption\":\"Noemi Cris\u00e0\"},\"url\":\"https:\/\/www.mohd.it\/de\/magazine\/author\/noemi\/\"}]}<\/script>\n<!-- \/ Yoast SEO plugin. -->","yoast_head_json":{"title":"Sara Moroni: Licht gestalten - Mohd","description":"Sara Moronis Ansatz zum Licht sowie ihre Kollektionen Feel und Iconica f\u00fcr Penta vereinen Emotion, Materialit\u00e4t und architektonische Pr\u00e4zision in einem ausgewogenen Verh\u00e4ltnis.","robots":{"index":"index","follow":"follow","max-snippet":"max-snippet:-1","max-image-preview":"max-image-preview:large","max-video-preview":"max-video-preview:-1"},"canonical":"https:\/\/www.mohd.it\/de\/magazine\/sara-moroni-licht-gestalten-zwischen-emotion-und-architektur\/","og_locale":"de_DE","og_type":"article","og_title":"Sara Moroni: Licht gestalten - Mohd","og_description":"Sara Moronis Ansatz zum Licht sowie ihre Kollektionen Feel und Iconica f\u00fcr Penta vereinen Emotion, Materialit\u00e4t und architektonische Pr\u00e4zision in einem ausgewogenen Verh\u00e4ltnis.","og_url":"https:\/\/www.mohd.it\/de\/magazine\/sara-moroni-licht-gestalten-zwischen-emotion-und-architektur\/","og_site_name":"Mohd","article_publisher":"https:\/\/www.facebook.com\/mollurahomedesign","article_published_time":"2026-02-24T11:26:09+00:00","article_modified_time":"2026-02-24T11:26:10+00:00","og_image":[{"width":1300,"height":980,"url":"https:\/\/www.mohd.it\/wp-content\/uploads\/2026\/02\/copertina-sara-moroni.png","type":"image\/png"}],"author":"Noemi Cris\u00e0","twitter_card":"summary_large_image","twitter_creator":"@mohd_homedesign","twitter_site":"@mohd_homedesign","twitter_misc":{"Verfasst von":"Noemi Cris\u00e0","Gesch\u00e4tzte Lesezeit":"6\u00a0Minuten"},"schema":{"@context":"https:\/\/schema.org","@graph":[{"@type":"Article","@id":"https:\/\/www.mohd.it\/de\/magazine\/sara-moroni-licht-gestalten-zwischen-emotion-und-architektur\/#article","isPartOf":{"@id":"https:\/\/www.mohd.it\/de\/magazine\/sara-moroni-licht-gestalten-zwischen-emotion-und-architektur\/"},"author":{"name":"Noemi Cris\u00e0","@id":"https:\/\/www.mohd.it\/de\/#\/schema\/person\/d237bc94bea0bfe5020d1c41b41f6af2"},"headline":"Sara Moroni: Licht gestalten zwischen Emotion und Architektur","datePublished":"2026-02-24T11:26:09+00:00","dateModified":"2026-02-24T11:26:10+00:00","mainEntityOfPage":{"@id":"https:\/\/www.mohd.it\/de\/magazine\/sara-moroni-licht-gestalten-zwischen-emotion-und-architektur\/"},"wordCount":1050,"publisher":{"@id":"https:\/\/www.mohd.it\/de\/#organization"},"image":{"@id":"https:\/\/www.mohd.it\/de\/magazine\/sara-moroni-licht-gestalten-zwischen-emotion-und-architektur\/#primaryimage"},"thumbnailUrl":"https:\/\/www.mohd.it\/wp-content\/uploads\/2026\/02\/copertina-sara-moroni.png","articleSection":["Designerportr\u00e4ts"],"inLanguage":"de"},{"@type":"WebPage","@id":"https:\/\/www.mohd.it\/de\/magazine\/sara-moroni-licht-gestalten-zwischen-emotion-und-architektur\/","url":"https:\/\/www.mohd.it\/de\/magazine\/sara-moroni-licht-gestalten-zwischen-emotion-und-architektur\/","name":"Sara Moroni: Licht gestalten - Mohd","isPartOf":{"@id":"https:\/\/www.mohd.it\/de\/#website"},"primaryImageOfPage":{"@id":"https:\/\/www.mohd.it\/de\/magazine\/sara-moroni-licht-gestalten-zwischen-emotion-und-architektur\/#primaryimage"},"image":{"@id":"https:\/\/www.mohd.it\/de\/magazine\/sara-moroni-licht-gestalten-zwischen-emotion-und-architektur\/#primaryimage"},"thumbnailUrl":"https:\/\/www.mohd.it\/wp-content\/uploads\/2026\/02\/copertina-sara-moroni.png","datePublished":"2026-02-24T11:26:09+00:00","dateModified":"2026-02-24T11:26:10+00:00","description":"Sara Moronis Ansatz zum Licht sowie ihre Kollektionen Feel und Iconica f\u00fcr Penta vereinen Emotion, Materialit\u00e4t und architektonische Pr\u00e4zision in einem ausgewogenen Verh\u00e4ltnis.","breadcrumb":{"@id":"https:\/\/www.mohd.it\/de\/magazine\/sara-moroni-licht-gestalten-zwischen-emotion-und-architektur\/#breadcrumb"},"inLanguage":"de","potentialAction":[{"@type":"ReadAction","target":["https:\/\/www.mohd.it\/de\/magazine\/sara-moroni-licht-gestalten-zwischen-emotion-und-architektur\/"]}]},{"@type":"ImageObject","inLanguage":"de","@id":"https:\/\/www.mohd.it\/de\/magazine\/sara-moroni-licht-gestalten-zwischen-emotion-und-architektur\/#primaryimage","url":"https:\/\/www.mohd.it\/wp-content\/uploads\/2026\/02\/copertina-sara-moroni.png","contentUrl":"https:\/\/www.mohd.it\/wp-content\/uploads\/2026\/02\/copertina-sara-moroni.png","width":1300,"height":980,"caption":"Sara Moroni"},{"@type":"BreadcrumbList","@id":"https:\/\/www.mohd.it\/de\/magazine\/sara-moroni-licht-gestalten-zwischen-emotion-und-architektur\/#breadcrumb","itemListElement":[{"@type":"ListItem","position":1,"name":"Home","item":"https:\/\/www.mohd.it\/de\/"},{"@type":"ListItem","position":2,"name":"Sara Moroni: Licht gestalten zwischen Emotion und Architektur"}]},{"@type":"WebSite","@id":"https:\/\/www.mohd.it\/de\/#website","url":"https:\/\/www.mohd.it\/de\/","name":"Mohd","description":"","publisher":{"@id":"https:\/\/www.mohd.it\/de\/#organization"},"potentialAction":[{"@type":"SearchAction","target":{"@type":"EntryPoint","urlTemplate":"https:\/\/www.mohd.it\/de\/?s={search_term_string}"},"query-input":{"@type":"PropertyValueSpecification","valueRequired":true,"valueName":"search_term_string"}}],"inLanguage":"de"},{"@type":"Organization","@id":"https:\/\/www.mohd.it\/de\/#organization","name":"Mollura & C. SPA","url":"https:\/\/www.mohd.it\/de\/","logo":{"@type":"ImageObject","inLanguage":"de","@id":"https:\/\/www.mohd.it\/de\/#\/schema\/logo\/image\/","url":"https:\/\/www.mohd.it\/wp-content\/uploads\/2020\/09\/mohd-logo.png","contentUrl":"https:\/\/www.mohd.it\/wp-content\/uploads\/2020\/09\/mohd-logo.png","width":600,"height":600,"caption":"Mollura & C. SPA"},"image":{"@id":"https:\/\/www.mohd.it\/de\/#\/schema\/logo\/image\/"},"sameAs":["https:\/\/www.facebook.com\/mollurahomedesign","https:\/\/x.com\/mohd_homedesign","https:\/\/www.instagram.com\/mohd_homedesign\/","https:\/\/it.linkedin.com\/company\/mohd-mollura-home-design","https:\/\/www.pinterest.it\/mohdhomedesign\/","https:\/\/www.youtube.com\/channel\/UCYLuPff6hq4z_o0GO0w1yaA"]},{"@type":"Person","@id":"https:\/\/www.mohd.it\/de\/#\/schema\/person\/d237bc94bea0bfe5020d1c41b41f6af2","name":"Noemi Cris\u00e0","image":{"@type":"ImageObject","inLanguage":"de","@id":"https:\/\/www.mohd.it\/de\/#\/schema\/person\/image\/","url":"https:\/\/secure.gravatar.com\/avatar\/6f959897d20f7190d0b1a9b0a1518d13?s=96&d=mm&r=g","contentUrl":"https:\/\/secure.gravatar.com\/avatar\/6f959897d20f7190d0b1a9b0a1518d13?s=96&d=mm&r=g","caption":"Noemi Cris\u00e0"},"url":"https:\/\/www.mohd.it\/de\/magazine\/author\/noemi\/"}]}},"image":"https:\/\/www.mohd.it\/wp-content\/uploads\/2026\/02\/copertina-sara-moroni-800x600.png","category":"Designerportr\u00e4ts","_links":{"self":[{"href":"https:\/\/www.mohd.it\/de\/wp-json\/wp\/v2\/posts\/115591","targetHints":{"allow":["GET"]}}],"collection":[{"href":"https:\/\/www.mohd.it\/de\/wp-json\/wp\/v2\/posts"}],"about":[{"href":"https:\/\/www.mohd.it\/de\/wp-json\/wp\/v2\/types\/post"}],"author":[{"embeddable":true,"href":"https:\/\/www.mohd.it\/de\/wp-json\/wp\/v2\/users\/18"}],"replies":[{"embeddable":true,"href":"https:\/\/www.mohd.it\/de\/wp-json\/wp\/v2\/comments?post=115591"}],"version-history":[{"count":9,"href":"https:\/\/www.mohd.it\/de\/wp-json\/wp\/v2\/posts\/115591\/revisions"}],"predecessor-version":[{"id":115652,"href":"https:\/\/www.mohd.it\/de\/wp-json\/wp\/v2\/posts\/115591\/revisions\/115652"}],"wp:featuredmedia":[{"embeddable":true,"href":"https:\/\/www.mohd.it\/de\/wp-json\/wp\/v2\/media\/115531"}],"wp:attachment":[{"href":"https:\/\/www.mohd.it\/de\/wp-json\/wp\/v2\/media?parent=115591"}],"wp:term":[{"taxonomy":"category","embeddable":true,"href":"https:\/\/www.mohd.it\/de\/wp-json\/wp\/v2\/categories?post=115591"},{"taxonomy":"post_tag","embeddable":true,"href":"https:\/\/www.mohd.it\/de\/wp-json\/wp\/v2\/tags?post=115591"}],"curies":[{"name":"wp","href":"https:\/\/api.w.org\/{rel}","templated":true}]}}