{"id":115899,"date":"2026-03-03T18:00:00","date_gmt":"2026-03-03T17:00:00","guid":{"rendered":"https:\/\/www.mohd.it\/?p=115899"},"modified":"2026-08-05T11:15:18","modified_gmt":"2026-08-05T09:15:18","slug":"verner-panton-1926-2026-vision-form-farbe-design-als-ganzheitliche-erfahrung","status":"publish","type":"post","link":"https:\/\/www.mohd.it\/de\/magazine\/verner-panton-1926-2026-vision-form-farbe-design-als-ganzheitliche-erfahrung\/","title":{"rendered":"Verner Panton 1926\u20132026. Vision. Form. Farbe. Design als ganzheitliche Erfahrung."},"content":{"rendered":"\n<p>Nicht allein wegen seines k\u00fchnen Umgangs mit Farbe oder seiner Experimente mit Kunststoffen, sondern weil er den Begriff des Raumes grundlegend neu definiert hat. In <strong><a href=\"https:\/\/shopmohd.com\/de\/designer\/verner-panton.html\">Verner Panton<\/a><\/strong>s Verst\u00e4ndnis ist jedes Objekt Teil einer gr\u00f6\u00dferen Landschaft. Sitzm\u00f6bel, Einrichtungsgegenst\u00e4nde, Licht und Textilien f\u00fcgen sich zu einem immersiven Raum, zu einer emotionalen Architektur, in der Farbe zur Struktur und Form zur r\u00e4umlichen Sprache wird.<\/p>\n\n\n\n<p>Als Sch\u00fcler von Arne Jacobsen schlug Panton fr\u00fch einen eigenst\u00e4ndigen Weg jenseits des d\u00e4nischen Funktionalismus ein. Die 1960er-Jahre markieren den Beginn einer forschenden Auseinandersetzung, die Technologie und Vorstellungskraft miteinander verband. Spritzgegossene Kunststoffe, flie\u00dfende Oberfl\u00e4chen und ges\u00e4ttigte Farbt\u00f6ne waren keine blo\u00dfen Stilmittel, sondern Ausdruck einer Reflexion \u00fcber die Zukunft des Wohnens. Das Zuhause wurde zum Experimentierfeld, in dem technische Innovation auf eine klare, pers\u00f6nliche Entwurfsvision traf.<\/p>\n\n\n\n<p>Der 1958 entworfene <strong>Heart Cone Chair<\/strong>, produziert von <strong><a href=\"https:\/\/shopmohd.com\/de\/marken\/vitra.html\">Vitra<\/a><\/strong> und heute in einer zweifarbigen Anniversary Edition erh\u00e4ltlich, verdeutlicht seine skulpturale Haltung. Eine theatralische Form, die die Funktion \u00fcbersteigt und sich als r\u00e4umliche Pr\u00e4senz behauptet.<\/p>\n\n\n<div class=\"board\">\n      <div class=\"board-items masonry-grid\">\n      <div class=\"board-item masonry-item\">\n  <div class=\"board-product\" style=\"padding-top:140.46296296296%\">\n    <img decoding=\"async\" src=\"https:\/\/www.mohd.it\/wp-content\/uploads\/2026\/03\/Verner-Panton-1.jpg\" \/>\n    <div class=\"content\">\n      <span class=\"brand\">Vitra<\/span>      <span class=\"name\">Heart Cone Sessel<\/span>\n    <\/div>\n    <div class=\"actions\">\n              <a href=\"https:\/\/shopmohd.com\/de\/heart-cone-sessel.html\" class=\"button\">Acquista<\/a>\n            \t\t          <\/div>\n  <\/div>\n    <\/div>\n<div class=\"board-item masonry-item\">\n  <div class=\"board-image\" style=\"padding-top:140.46296296296%\">\n    <img decoding=\"async\" src=\"https:\/\/www.mohd.it\/wp-content\/uploads\/2026\/03\/Verner-Panton-2.jpg\" \/>\n  <\/div>\n    \t<p class=\"board-item-caption\">Verner Panton in the Heart Cone Chair \u00a9 Verner Panton Design AG<\/p>\n  <\/div>\n    <\/div>\n    <\/div>\n\n\n\n<p><br>1967 folgte der <strong>Panton Chair<\/strong>, ebenfalls von Vitra produziert. Er war der erste vollst\u00e4ndig aus Kunststoff gefertigte Stuhl aus einem einzigen Formteil, der in Serie hergestellt wurde. Seine flie\u00dfende Silhouette vereint Struktur und Sitzfl\u00e4che in einer durchgehenden Bewegung. Mehr als ein Pop-Ikon steht er f\u00fcr einen industriellen Wendepunkt, der technische Innovation mit expressiver Kraft verbindet.<\/p>\n\n\n<div class=\"board\">\n      <div class=\"board-items masonry-grid\">\n      <div class=\"board-item masonry-item\">\n  <div class=\"board-image\" style=\"padding-top:125%\">\n    <img decoding=\"async\" src=\"https:\/\/www.mohd.it\/wp-content\/uploads\/2026\/03\/Vitra-Panton-Chair-verner-Panton.png\" \/>\n  <\/div>\n  <\/div>\n<div class=\"board-item masonry-item\">\n  <div class=\"board-product\" style=\"padding-top:124.88436632747%\">\n    <img decoding=\"async\" src=\"https:\/\/www.mohd.it\/wp-content\/uploads\/2026\/03\/Vitra-Panton-Chair-Verner-Panton.jpg\" \/>\n    <div class=\"content\">\n      <span class=\"brand\">Vitra<\/span>      <span class=\"name\">Panton Chair &#8211; Stuhl<\/span>\n    <\/div>\n    <div class=\"actions\">\n              <a href=\"https:\/\/shopmohd.com\/de\/panton-chair-stuhl.html\" class=\"button\">Acquista<\/a>\n            \t\t          <\/div>\n  <\/div>\n    <\/div>\n    <\/div>\n    <\/div>\n\n\n\n<p>In denselben Jahren wurde Licht zu einem erz\u00e4hlerischen Medium. Mit <strong><a href=\"https:\/\/shopmohd.com\/de\/marken\/and-tradition.html\">&amp;Tradition<\/a><\/strong> \u00fcbersetzt die <strong>Flowerpot<\/strong> den kulturellen Geist der Epoche in eine klare Geometrie. Zwei Halbkugeln im Gleichgewicht formen ein schwebendes Volumen, das weiches, umh\u00fcllendes Licht verbreitet und seine chromatische Intensit\u00e4t \u00fcber die Zeit bewahrt.<\/p>\n\n\n<div class=\"board\">\n      <div class=\"board-items masonry-grid\">\n      <div class=\"board-item masonry-item\">\n  <div class=\"board-image\" style=\"padding-top:125%\">\n    <img decoding=\"async\" src=\"https:\/\/www.mohd.it\/wp-content\/uploads\/2026\/03\/Tradition-Flowerpot-Verner-Panton.jpg\" \/>\n  <\/div>\n  <\/div>\n<div class=\"board-item masonry-item\">\n  <div class=\"board-product\" style=\"padding-top:125%\">\n    <img decoding=\"async\" src=\"https:\/\/www.mohd.it\/wp-content\/uploads\/2026\/03\/Tradition-Flowerpot-Verner-Panton-1.jpg\" \/>\n    <div class=\"content\">\n      <span class=\"brand\">&#038;Tradition<\/span>      <span class=\"name\">Kollektion Flowerpot<\/span>\n    <\/div>\n    <div class=\"actions\">\n              <a href=\"https:\/\/shopmohd.com\/de\/marken\/and-tradition\/flowerpot.html\" class=\"button\">Acquista<\/a>\n            \t\t          <\/div>\n  <\/div>\n    <\/div>\n    <\/div>\n    <\/div>\n\n\n\n<p>1971 entstand mit <strong><a href=\"https:\/\/shopmohd.com\/de\/marken\/louis-poulsen.html\">Louis Poulsen<\/a><\/strong> die <strong>Panthella<\/strong>. Ein leuchtender K\u00f6rper, der die Trennung von Fu\u00df und Schirm aufhebt und die Leuchte in eine autonome architektonische Pr\u00e4senz verwandelt. Das Licht reflektiert auf opalinen Oberfl\u00e4chen und schafft kontinuierliche Atmosph\u00e4ren im ausgewogenen Dialog mit dem Raum.<\/p>\n\n\n<div class=\"board\">\n      <div class=\"board-items masonry-grid\">\n      <div class=\"board-item masonry-item\">\n  <div class=\"board-product\" style=\"padding-top:125%\">\n    <img decoding=\"async\" src=\"https:\/\/www.mohd.it\/wp-content\/uploads\/2026\/03\/Louis-Poulsen-Panthella-Verner-Panton.jpg\" \/>\n    <div class=\"content\">\n      <span class=\"brand\">Louis Poulsen<\/span>      <span class=\"name\">Kollektion Panthella<\/span>\n    <\/div>\n    <div class=\"actions\">\n              <a href=\"https:\/\/shopmohd.com\/de\/marken\/louis-poulsen\/panthella-louis-poulsen.html\" class=\"button\">Acquista<\/a>\n            \t\t          <\/div>\n  <\/div>\n    <\/div>\n<div class=\"board-item masonry-item\">\n  <div class=\"board-image\" style=\"padding-top:125%\">\n    <img decoding=\"async\" src=\"https:\/\/www.mohd.it\/wp-content\/uploads\/2026\/03\/Louis-Poulsen-Panthella-Verner-Panton-1.jpg\" \/>\n  <\/div>\n  <\/div>\n    <\/div>\n    <\/div>\n\n\n\n<p>\u00dcber <strong><a href=\"https:\/\/shopmohd.com\/de\/marken\/verpan.html\">Verpan<\/a><\/strong> werden modulare Systeme und M\u00f6bel zug\u00e4nglich, die die Koh\u00e4renz seines Denkens verdeutlichen. 1969 trieb das <strong>Cloverleaf Sofa<\/strong> die Idee der Modularit\u00e4t auf die Spitze. Ein flie\u00dfendes System, das die traditionelle Frontalit\u00e4t des Sofas \u00fcberwindet und Sitzlandschaften als gemeinschaftlichen Raum begreift.<br>Bereits 1963 hatte Panton mit dem <strong>Barboy<\/strong> eine neue Interpretation von Funktion eingef\u00fchrt. Ein mobiles, zylindrisches Aufbewahrungsm\u00f6bel, zugleich reduziert und spielerisch.<\/p>\n\n\n<div class=\"board\">\n      <div class=\"board-items masonry-grid\">\n      <div class=\"board-item masonry-item\">\n  <div class=\"board-product\" style=\"padding-top:125%\">\n    <img decoding=\"async\" src=\"https:\/\/www.mohd.it\/wp-content\/uploads\/2026\/03\/Louis-Poulsen-Verpan-Cloverleaf-Sofa.jpg\" \/>\n    <div class=\"content\">\n      <span class=\"brand\">Verpan<\/span>      <span class=\"name\">Cloverleaf Sofa<\/span>\n    <\/div>\n    <div class=\"actions\">\n              <a href=\"https:\/\/shopmohd.com\/de\/cloverleaf-sofa-verpan.html\" class=\"button\">Acquista<\/a>\n            \t\t          <\/div>\n  <\/div>\n    <\/div>\n<div class=\"board-item masonry-item\">\n  <div class=\"board-product\" style=\"padding-top:125%\">\n    <img decoding=\"async\" src=\"https:\/\/www.mohd.it\/wp-content\/uploads\/2026\/03\/Louis-Poulsen-Verpan-Barboy.jpg\" \/>\n    <div class=\"content\">\n      <span class=\"brand\">Verpan<\/span>      <span class=\"name\">Barboy Container mit R\u00e4dern &#8211; Wei\u00df<\/span>\n    <\/div>\n    <div class=\"actions\">\n              <a href=\"https:\/\/shopmohd.com\/de\/barboy-mobile-storage-unit-with-wheels-white.html\" class=\"button\">Acquista<\/a>\n            \t\t          <\/div>\n  <\/div>\n    <\/div>\n    <\/div>\n    <\/div>\n\n\n\n<p>Heute wirkt sein Werk bemerkenswert aktuell. In einer Zeit, die zwischen minimalistischer Zur\u00fcckhaltung und dem Streben nach Identit\u00e4t oszilliert, erinnert Panton daran, dass Design eine ganzheitliche Erfahrung sein kann. Farbe wird zur Architektur, Form zur kulturellen Geste.<\/p>\n\n\n\n<p>Das Jubil\u00e4um 1926\u20132026 w\u00fcrdigt nicht nur Neuauflagen, sondern bekr\u00e4ftigt eine Entwurfshaltung, die Raum in Emotion und Objekt in Vision verwandelt.<\/p>\n\n\n\n<div style=\"height:30px\" aria-hidden=\"true\" class=\"wp-block-spacer\"><\/div>\n\n\n\n<p>Cover Credits: Verner Panton, 1993 | \u00a9 Verner Panton Design AG<\/p>\n","protected":false},"excerpt":{"rendered":"<p>Hundert Jahre nach seiner Geburt gilt Verner Panton weiterhin als eine radikale Pers\u00f6nlichkeit im Panorama des Designs des 20. Jahrhunderts. <\/p>\n","protected":false},"author":18,"featured_media":115841,"comment_status":"closed","ping_status":"closed","sticky":false,"template":"","format":"standard","meta":{"footnotes":""},"categories":[484],"tags":[],"class_list":["post-115899","post","type-post","status-publish","format-standard","has-post-thumbnail","hentry","category-designerportraets"],"yoast_head":"<!-- This site is optimized with the Yoast SEO plugin v24.0 - https:\/\/yoast.com\/wordpress\/plugins\/seo\/ -->\n<title>1926\u20132026: 100 Jahre Verner Panton - Mohd<\/title>\n<meta name=\"description\" content=\"Vitra, &amp;Tradition, Louis Poulsen und Verpan: Ein Jahrhundert nach seiner Geburt bleibt Verner Panton eine radikale Stimme im Design des 20. Jahrhunderts.\" \/>\n<meta name=\"robots\" content=\"index, follow, max-snippet:-1, max-image-preview:large, max-video-preview:-1\" \/>\n<link rel=\"canonical\" href=\"https:\/\/www.mohd.it\/de\/magazine\/verner-panton-1926-2026-vision-form-farbe-design-als-ganzheitliche-erfahrung\/\" \/>\n<meta property=\"og:locale\" content=\"de_DE\" \/>\n<meta property=\"og:type\" content=\"article\" \/>\n<meta property=\"og:title\" content=\"1926\u20132026: 100 Jahre Verner Panton - Mohd\" \/>\n<meta property=\"og:description\" content=\"Vitra, &amp;Tradition, Louis Poulsen und Verpan: Ein Jahrhundert nach seiner Geburt bleibt Verner Panton eine radikale Stimme im Design des 20. Jahrhunderts.\" \/>\n<meta property=\"og:url\" content=\"https:\/\/www.mohd.it\/de\/magazine\/verner-panton-1926-2026-vision-form-farbe-design-als-ganzheitliche-erfahrung\/\" \/>\n<meta property=\"og:site_name\" content=\"Mohd\" \/>\n<meta property=\"article:publisher\" content=\"https:\/\/www.facebook.com\/mollurahomedesign\" \/>\n<meta property=\"article:published_time\" content=\"2026-03-03T17:00:00+00:00\" \/>\n<meta property=\"article:modified_time\" content=\"2026-08-05T09:15:18+00:00\" \/>\n<meta property=\"og:image\" content=\"https:\/\/www.mohd.it\/wp-content\/uploads\/2026\/03\/Verner-Panton.jpg\" \/>\n\t<meta property=\"og:image:width\" content=\"1300\" \/>\n\t<meta property=\"og:image:height\" content=\"980\" \/>\n\t<meta property=\"og:image:type\" content=\"image\/jpeg\" \/>\n<meta name=\"author\" content=\"Noemi Cris\u00e0\" \/>\n<meta name=\"twitter:card\" content=\"summary_large_image\" \/>\n<meta name=\"twitter:creator\" content=\"@mohd_homedesign\" \/>\n<meta name=\"twitter:site\" content=\"@mohd_homedesign\" \/>\n<meta name=\"twitter:label1\" content=\"Verfasst von\" \/>\n\t<meta name=\"twitter:data1\" content=\"Noemi Cris\u00e0\" \/>\n\t<meta name=\"twitter:label2\" content=\"Gesch\u00e4tzte Lesezeit\" \/>\n\t<meta name=\"twitter:data2\" content=\"3\u00a0Minuten\" \/>\n<script type=\"application\/ld+json\" class=\"yoast-schema-graph\">{\"@context\":\"https:\/\/schema.org\",\"@graph\":[{\"@type\":\"Article\",\"@id\":\"https:\/\/www.mohd.it\/de\/magazine\/verner-panton-1926-2026-vision-form-farbe-design-als-ganzheitliche-erfahrung\/#article\",\"isPartOf\":{\"@id\":\"https:\/\/www.mohd.it\/de\/magazine\/verner-panton-1926-2026-vision-form-farbe-design-als-ganzheitliche-erfahrung\/\"},\"author\":{\"name\":\"Noemi Cris\u00e0\",\"@id\":\"https:\/\/www.mohd.it\/de\/#\/schema\/person\/d237bc94bea0bfe5020d1c41b41f6af2\"},\"headline\":\"Verner Panton 1926\u20132026. Vision. Form. Farbe. Design als ganzheitliche Erfahrung.\",\"datePublished\":\"2026-03-03T17:00:00+00:00\",\"dateModified\":\"2026-08-05T09:15:18+00:00\",\"mainEntityOfPage\":{\"@id\":\"https:\/\/www.mohd.it\/de\/magazine\/verner-panton-1926-2026-vision-form-farbe-design-als-ganzheitliche-erfahrung\/\"},\"wordCount\":479,\"publisher\":{\"@id\":\"https:\/\/www.mohd.it\/de\/#organization\"},\"image\":{\"@id\":\"https:\/\/www.mohd.it\/de\/magazine\/verner-panton-1926-2026-vision-form-farbe-design-als-ganzheitliche-erfahrung\/#primaryimage\"},\"thumbnailUrl\":\"https:\/\/www.mohd.it\/wp-content\/uploads\/2026\/03\/Verner-Panton.jpg\",\"articleSection\":[\"Designerportr\u00e4ts\"],\"inLanguage\":\"de\"},{\"@type\":\"WebPage\",\"@id\":\"https:\/\/www.mohd.it\/de\/magazine\/verner-panton-1926-2026-vision-form-farbe-design-als-ganzheitliche-erfahrung\/\",\"url\":\"https:\/\/www.mohd.it\/de\/magazine\/verner-panton-1926-2026-vision-form-farbe-design-als-ganzheitliche-erfahrung\/\",\"name\":\"1926\u20132026: 100 Jahre Verner Panton - Mohd\",\"isPartOf\":{\"@id\":\"https:\/\/www.mohd.it\/de\/#website\"},\"primaryImageOfPage\":{\"@id\":\"https:\/\/www.mohd.it\/de\/magazine\/verner-panton-1926-2026-vision-form-farbe-design-als-ganzheitliche-erfahrung\/#primaryimage\"},\"image\":{\"@id\":\"https:\/\/www.mohd.it\/de\/magazine\/verner-panton-1926-2026-vision-form-farbe-design-als-ganzheitliche-erfahrung\/#primaryimage\"},\"thumbnailUrl\":\"https:\/\/www.mohd.it\/wp-content\/uploads\/2026\/03\/Verner-Panton.jpg\",\"datePublished\":\"2026-03-03T17:00:00+00:00\",\"dateModified\":\"2026-08-05T09:15:18+00:00\",\"description\":\"Vitra, &Tradition, Louis Poulsen und Verpan: Ein Jahrhundert nach seiner Geburt bleibt Verner Panton eine radikale Stimme im Design des 20. Jahrhunderts.\",\"breadcrumb\":{\"@id\":\"https:\/\/www.mohd.it\/de\/magazine\/verner-panton-1926-2026-vision-form-farbe-design-als-ganzheitliche-erfahrung\/#breadcrumb\"},\"inLanguage\":\"de\",\"potentialAction\":[{\"@type\":\"ReadAction\",\"target\":[\"https:\/\/www.mohd.it\/de\/magazine\/verner-panton-1926-2026-vision-form-farbe-design-als-ganzheitliche-erfahrung\/\"]}]},{\"@type\":\"ImageObject\",\"inLanguage\":\"de\",\"@id\":\"https:\/\/www.mohd.it\/de\/magazine\/verner-panton-1926-2026-vision-form-farbe-design-als-ganzheitliche-erfahrung\/#primaryimage\",\"url\":\"https:\/\/www.mohd.it\/wp-content\/uploads\/2026\/03\/Verner-Panton.jpg\",\"contentUrl\":\"https:\/\/www.mohd.it\/wp-content\/uploads\/2026\/03\/Verner-Panton.jpg\",\"width\":1300,\"height\":980,\"caption\":\"Verner Panton\"},{\"@type\":\"BreadcrumbList\",\"@id\":\"https:\/\/www.mohd.it\/de\/magazine\/verner-panton-1926-2026-vision-form-farbe-design-als-ganzheitliche-erfahrung\/#breadcrumb\",\"itemListElement\":[{\"@type\":\"ListItem\",\"position\":1,\"name\":\"Home\",\"item\":\"https:\/\/www.mohd.it\/de\/\"},{\"@type\":\"ListItem\",\"position\":2,\"name\":\"Verner Panton 1926\u20132026. Vision. Form. Farbe. Design als ganzheitliche Erfahrung.\"}]},{\"@type\":\"WebSite\",\"@id\":\"https:\/\/www.mohd.it\/de\/#website\",\"url\":\"https:\/\/www.mohd.it\/de\/\",\"name\":\"Mohd\",\"description\":\"\",\"publisher\":{\"@id\":\"https:\/\/www.mohd.it\/de\/#organization\"},\"potentialAction\":[{\"@type\":\"SearchAction\",\"target\":{\"@type\":\"EntryPoint\",\"urlTemplate\":\"https:\/\/www.mohd.it\/de\/?s={search_term_string}\"},\"query-input\":{\"@type\":\"PropertyValueSpecification\",\"valueRequired\":true,\"valueName\":\"search_term_string\"}}],\"inLanguage\":\"de\"},{\"@type\":\"Organization\",\"@id\":\"https:\/\/www.mohd.it\/de\/#organization\",\"name\":\"Mollura & C. SPA\",\"url\":\"https:\/\/www.mohd.it\/de\/\",\"logo\":{\"@type\":\"ImageObject\",\"inLanguage\":\"de\",\"@id\":\"https:\/\/www.mohd.it\/de\/#\/schema\/logo\/image\/\",\"url\":\"https:\/\/www.mohd.it\/wp-content\/uploads\/2020\/09\/mohd-logo.png\",\"contentUrl\":\"https:\/\/www.mohd.it\/wp-content\/uploads\/2020\/09\/mohd-logo.png\",\"width\":600,\"height\":600,\"caption\":\"Mollura & C. SPA\"},\"image\":{\"@id\":\"https:\/\/www.mohd.it\/de\/#\/schema\/logo\/image\/\"},\"sameAs\":[\"https:\/\/www.facebook.com\/mollurahomedesign\",\"https:\/\/x.com\/mohd_homedesign\",\"https:\/\/www.instagram.com\/mohd_homedesign\/\",\"https:\/\/it.linkedin.com\/company\/mohd-mollura-home-design\",\"https:\/\/www.pinterest.it\/mohdhomedesign\/\",\"https:\/\/www.youtube.com\/channel\/UCYLuPff6hq4z_o0GO0w1yaA\"]},{\"@type\":\"Person\",\"@id\":\"https:\/\/www.mohd.it\/de\/#\/schema\/person\/d237bc94bea0bfe5020d1c41b41f6af2\",\"name\":\"Noemi Cris\u00e0\",\"image\":{\"@type\":\"ImageObject\",\"inLanguage\":\"de\",\"@id\":\"https:\/\/www.mohd.it\/de\/#\/schema\/person\/image\/\",\"url\":\"https:\/\/secure.gravatar.com\/avatar\/6f959897d20f7190d0b1a9b0a1518d13?s=96&d=mm&r=g\",\"contentUrl\":\"https:\/\/secure.gravatar.com\/avatar\/6f959897d20f7190d0b1a9b0a1518d13?s=96&d=mm&r=g\",\"caption\":\"Noemi Cris\u00e0\"},\"url\":\"https:\/\/www.mohd.it\/de\/magazine\/author\/noemi\/\"}]}<\/script>\n<!-- \/ Yoast SEO plugin. -->","yoast_head_json":{"title":"1926\u20132026: 100 Jahre Verner Panton - Mohd","description":"Vitra, &Tradition, Louis Poulsen und Verpan: Ein Jahrhundert nach seiner Geburt bleibt Verner Panton eine radikale Stimme im Design des 20. Jahrhunderts.","robots":{"index":"index","follow":"follow","max-snippet":"max-snippet:-1","max-image-preview":"max-image-preview:large","max-video-preview":"max-video-preview:-1"},"canonical":"https:\/\/www.mohd.it\/de\/magazine\/verner-panton-1926-2026-vision-form-farbe-design-als-ganzheitliche-erfahrung\/","og_locale":"de_DE","og_type":"article","og_title":"1926\u20132026: 100 Jahre Verner Panton - Mohd","og_description":"Vitra, &Tradition, Louis Poulsen und Verpan: Ein Jahrhundert nach seiner Geburt bleibt Verner Panton eine radikale Stimme im Design des 20. Jahrhunderts.","og_url":"https:\/\/www.mohd.it\/de\/magazine\/verner-panton-1926-2026-vision-form-farbe-design-als-ganzheitliche-erfahrung\/","og_site_name":"Mohd","article_publisher":"https:\/\/www.facebook.com\/mollurahomedesign","article_published_time":"2026-03-03T17:00:00+00:00","article_modified_time":"2026-08-05T09:15:18+00:00","og_image":[{"width":1300,"height":980,"url":"https:\/\/www.mohd.it\/wp-content\/uploads\/2026\/03\/Verner-Panton.jpg","type":"image\/jpeg"}],"author":"Noemi Cris\u00e0","twitter_card":"summary_large_image","twitter_creator":"@mohd_homedesign","twitter_site":"@mohd_homedesign","twitter_misc":{"Verfasst von":"Noemi Cris\u00e0","Gesch\u00e4tzte Lesezeit":"3\u00a0Minuten"},"schema":{"@context":"https:\/\/schema.org","@graph":[{"@type":"Article","@id":"https:\/\/www.mohd.it\/de\/magazine\/verner-panton-1926-2026-vision-form-farbe-design-als-ganzheitliche-erfahrung\/#article","isPartOf":{"@id":"https:\/\/www.mohd.it\/de\/magazine\/verner-panton-1926-2026-vision-form-farbe-design-als-ganzheitliche-erfahrung\/"},"author":{"name":"Noemi Cris\u00e0","@id":"https:\/\/www.mohd.it\/de\/#\/schema\/person\/d237bc94bea0bfe5020d1c41b41f6af2"},"headline":"Verner Panton 1926\u20132026. Vision. Form. Farbe. Design als ganzheitliche Erfahrung.","datePublished":"2026-03-03T17:00:00+00:00","dateModified":"2026-08-05T09:15:18+00:00","mainEntityOfPage":{"@id":"https:\/\/www.mohd.it\/de\/magazine\/verner-panton-1926-2026-vision-form-farbe-design-als-ganzheitliche-erfahrung\/"},"wordCount":479,"publisher":{"@id":"https:\/\/www.mohd.it\/de\/#organization"},"image":{"@id":"https:\/\/www.mohd.it\/de\/magazine\/verner-panton-1926-2026-vision-form-farbe-design-als-ganzheitliche-erfahrung\/#primaryimage"},"thumbnailUrl":"https:\/\/www.mohd.it\/wp-content\/uploads\/2026\/03\/Verner-Panton.jpg","articleSection":["Designerportr\u00e4ts"],"inLanguage":"de"},{"@type":"WebPage","@id":"https:\/\/www.mohd.it\/de\/magazine\/verner-panton-1926-2026-vision-form-farbe-design-als-ganzheitliche-erfahrung\/","url":"https:\/\/www.mohd.it\/de\/magazine\/verner-panton-1926-2026-vision-form-farbe-design-als-ganzheitliche-erfahrung\/","name":"1926\u20132026: 100 Jahre Verner Panton - Mohd","isPartOf":{"@id":"https:\/\/www.mohd.it\/de\/#website"},"primaryImageOfPage":{"@id":"https:\/\/www.mohd.it\/de\/magazine\/verner-panton-1926-2026-vision-form-farbe-design-als-ganzheitliche-erfahrung\/#primaryimage"},"image":{"@id":"https:\/\/www.mohd.it\/de\/magazine\/verner-panton-1926-2026-vision-form-farbe-design-als-ganzheitliche-erfahrung\/#primaryimage"},"thumbnailUrl":"https:\/\/www.mohd.it\/wp-content\/uploads\/2026\/03\/Verner-Panton.jpg","datePublished":"2026-03-03T17:00:00+00:00","dateModified":"2026-08-05T09:15:18+00:00","description":"Vitra, &Tradition, Louis Poulsen und Verpan: Ein Jahrhundert nach seiner Geburt bleibt Verner Panton eine radikale Stimme im Design des 20. Jahrhunderts.","breadcrumb":{"@id":"https:\/\/www.mohd.it\/de\/magazine\/verner-panton-1926-2026-vision-form-farbe-design-als-ganzheitliche-erfahrung\/#breadcrumb"},"inLanguage":"de","potentialAction":[{"@type":"ReadAction","target":["https:\/\/www.mohd.it\/de\/magazine\/verner-panton-1926-2026-vision-form-farbe-design-als-ganzheitliche-erfahrung\/"]}]},{"@type":"ImageObject","inLanguage":"de","@id":"https:\/\/www.mohd.it\/de\/magazine\/verner-panton-1926-2026-vision-form-farbe-design-als-ganzheitliche-erfahrung\/#primaryimage","url":"https:\/\/www.mohd.it\/wp-content\/uploads\/2026\/03\/Verner-Panton.jpg","contentUrl":"https:\/\/www.mohd.it\/wp-content\/uploads\/2026\/03\/Verner-Panton.jpg","width":1300,"height":980,"caption":"Verner Panton"},{"@type":"BreadcrumbList","@id":"https:\/\/www.mohd.it\/de\/magazine\/verner-panton-1926-2026-vision-form-farbe-design-als-ganzheitliche-erfahrung\/#breadcrumb","itemListElement":[{"@type":"ListItem","position":1,"name":"Home","item":"https:\/\/www.mohd.it\/de\/"},{"@type":"ListItem","position":2,"name":"Verner Panton 1926\u20132026. Vision. Form. Farbe. Design als ganzheitliche Erfahrung."}]},{"@type":"WebSite","@id":"https:\/\/www.mohd.it\/de\/#website","url":"https:\/\/www.mohd.it\/de\/","name":"Mohd","description":"","publisher":{"@id":"https:\/\/www.mohd.it\/de\/#organization"},"potentialAction":[{"@type":"SearchAction","target":{"@type":"EntryPoint","urlTemplate":"https:\/\/www.mohd.it\/de\/?s={search_term_string}"},"query-input":{"@type":"PropertyValueSpecification","valueRequired":true,"valueName":"search_term_string"}}],"inLanguage":"de"},{"@type":"Organization","@id":"https:\/\/www.mohd.it\/de\/#organization","name":"Mollura & C. SPA","url":"https:\/\/www.mohd.it\/de\/","logo":{"@type":"ImageObject","inLanguage":"de","@id":"https:\/\/www.mohd.it\/de\/#\/schema\/logo\/image\/","url":"https:\/\/www.mohd.it\/wp-content\/uploads\/2020\/09\/mohd-logo.png","contentUrl":"https:\/\/www.mohd.it\/wp-content\/uploads\/2020\/09\/mohd-logo.png","width":600,"height":600,"caption":"Mollura & C. SPA"},"image":{"@id":"https:\/\/www.mohd.it\/de\/#\/schema\/logo\/image\/"},"sameAs":["https:\/\/www.facebook.com\/mollurahomedesign","https:\/\/x.com\/mohd_homedesign","https:\/\/www.instagram.com\/mohd_homedesign\/","https:\/\/it.linkedin.com\/company\/mohd-mollura-home-design","https:\/\/www.pinterest.it\/mohdhomedesign\/","https:\/\/www.youtube.com\/channel\/UCYLuPff6hq4z_o0GO0w1yaA"]},{"@type":"Person","@id":"https:\/\/www.mohd.it\/de\/#\/schema\/person\/d237bc94bea0bfe5020d1c41b41f6af2","name":"Noemi Cris\u00e0","image":{"@type":"ImageObject","inLanguage":"de","@id":"https:\/\/www.mohd.it\/de\/#\/schema\/person\/image\/","url":"https:\/\/secure.gravatar.com\/avatar\/6f959897d20f7190d0b1a9b0a1518d13?s=96&d=mm&r=g","contentUrl":"https:\/\/secure.gravatar.com\/avatar\/6f959897d20f7190d0b1a9b0a1518d13?s=96&d=mm&r=g","caption":"Noemi Cris\u00e0"},"url":"https:\/\/www.mohd.it\/de\/magazine\/author\/noemi\/"}]}},"image":"https:\/\/www.mohd.it\/wp-content\/uploads\/2026\/03\/Verner-Panton-800x600.jpg","category":"Designerportr\u00e4ts","_links":{"self":[{"href":"https:\/\/www.mohd.it\/de\/wp-json\/wp\/v2\/posts\/115899","targetHints":{"allow":["GET"]}}],"collection":[{"href":"https:\/\/www.mohd.it\/de\/wp-json\/wp\/v2\/posts"}],"about":[{"href":"https:\/\/www.mohd.it\/de\/wp-json\/wp\/v2\/types\/post"}],"author":[{"embeddable":true,"href":"https:\/\/www.mohd.it\/de\/wp-json\/wp\/v2\/users\/18"}],"replies":[{"embeddable":true,"href":"https:\/\/www.mohd.it\/de\/wp-json\/wp\/v2\/comments?post=115899"}],"version-history":[{"count":17,"href":"https:\/\/www.mohd.it\/de\/wp-json\/wp\/v2\/posts\/115899\/revisions"}],"predecessor-version":[{"id":128262,"href":"https:\/\/www.mohd.it\/de\/wp-json\/wp\/v2\/posts\/115899\/revisions\/128262"}],"wp:featuredmedia":[{"embeddable":true,"href":"https:\/\/www.mohd.it\/de\/wp-json\/wp\/v2\/media\/115841"}],"wp:attachment":[{"href":"https:\/\/www.mohd.it\/de\/wp-json\/wp\/v2\/media?parent=115899"}],"wp:term":[{"taxonomy":"category","embeddable":true,"href":"https:\/\/www.mohd.it\/de\/wp-json\/wp\/v2\/categories?post=115899"},{"taxonomy":"post_tag","embeddable":true,"href":"https:\/\/www.mohd.it\/de\/wp-json\/wp\/v2\/tags?post=115899"}],"curies":[{"name":"wp","href":"https:\/\/api.w.org\/{rel}","templated":true}]}}