{"id":116608,"date":"2026-03-13T15:52:04","date_gmt":"2026-03-13T14:52:04","guid":{"rendered":"https:\/\/www.mohd.it\/?p=116608"},"modified":"2026-03-13T15:52:05","modified_gmt":"2026-03-13T14:52:05","slug":"ein-abend-am-tisch-ferm-living-bei-mohd-officina","status":"publish","type":"post","link":"https:\/\/www.mohd.it\/de\/magazine\/ein-abend-am-tisch-ferm-living-bei-mohd-officina\/","title":{"rendered":"Ein Abend am Tisch: Ferm Living bei Mohd Officina"},"content":{"rendered":"\n<p>Heute bedeutet Outdoor Living l\u00e4ngst mehr als nur drau\u00dfen zu sein. Es ist zu einer anderen Art geworden, Raum zu bewohnen \u2013 zu Umgebungen, in denen Menschen zusammenkommen, zur Ruhe kommen und die Verbindung zur Natur und zueinander wiederfinden.<br><\/p>\n\n\n\n<p>Dieser Geist pr\u00e4gte den Abend des 5. M\u00e4rz in der Mohd Officina in Mailand, wo Mohd gemeinsam mit Ferm Living zu einer Veranstaltung rund um die Kultur des Lebens im Freien eingeladen hatte. Mohd Officina ist ein Ort, an dem Architektur, Design und Atmosph\u00e4re zusammenfinden und eine Erfahrung entstehen lassen, die zugleich kuratiert und spontan wirkt.<\/p>\n\n\n\n<div style=\"height:30px\" aria-hidden=\"true\" class=\"wp-block-spacer\"><\/div>\n\n\n\n<p><em>Interviews in englischer Sprache gef\u00fchrt \u2013 deutsche \u00dcbersetzung und redaktionelle Bearbeitung.<\/em><\/p>\n\n\n\n<div style=\"height:30px\" aria-hidden=\"true\" class=\"wp-block-spacer\"><\/div>\n\n\n\n<p>Die G\u00e4ste wurden am Eingang von einer langen, bereits f\u00fcr das Dinner gedeckten Tafel empfangen. Eine einfache, fast h\u00e4usliche Geste, die den Ton des Abends sofort bestimmte. Das Setting erinnerte an die ersten Abendessen der warmen Jahreszeit, wenn die Tage l\u00e4nger werden und es ganz nat\u00fcrlich erscheint, drau\u00dfen zu essen. Keramik, Textilien und kleine Details bildeten eine zur\u00fcckhaltende, m\u00fchelose Eleganz. Die Outdoor-Leuchten von Ferm Living tauchten den Raum in ein sanftes Licht, das mit dem Einbruch der D\u00e4mmerung eine beinahe poetische, gartenartige Stimmung entstehen lie\u00df.<\/p>\n\n\n<div class=\"board\">\n      <div class=\"board-items masonry-grid\">\n      <div class=\"board-item masonry-item\">\n  <div class=\"board-image\" style=\"padding-top:125%\">\n    <img decoding=\"async\" src=\"https:\/\/www.mohd.it\/wp-content\/uploads\/2026\/03\/Evento-Officina-Milano-1.png\" \/>\n  <\/div>\n  <\/div>\n<div class=\"board-item masonry-item\">\n  <div class=\"board-image\" style=\"padding-top:125%\">\n    <img decoding=\"async\" src=\"https:\/\/www.mohd.it\/wp-content\/uploads\/2026\/03\/Evento-Officina-Milano-4.png\" \/>\n  <\/div>\n  <\/div>\n    <\/div>\n    <\/div>\n\n\n\n<blockquote class=\"wp-block-quote is-layout-flow wp-block-quote-is-layout-flow\">\n<p>\u201eWir entwerfen M\u00f6bel, die zum Leben dazugeh\u00f6ren \u2013 St\u00fccke, die helfen, das eigene Zuhause nicht nur wegen seines Aussehens zu lieben, sondern wegen der Erfahrungen, die man darin macht.\u201c<br>\u2014 Ferm Living<\/p>\n<\/blockquote>\n\n\n\n<p>Die Inszenierung lud dazu ein, den Objekten auf m\u00f6glichst nat\u00fcrliche Weise zu begegnen \u2013 als w\u00e4ren sie bereits Teil des Alltags zu Hause. Hinter dem Eingangsbereich setzte sich der Parcours im angrenzenden Garten fort, wo weitere St\u00fccke der Outdoor-Kollektion zwischen Gr\u00fcnpflanzen arrangiert waren. Der \u00dcbergang von Innenraum zu Garten verlief flie\u00dfend und machte erfahrbar, wie selbstverst\u00e4ndlich Au\u00dfenbereiche als Erweiterung des Hauses gedacht werden k\u00f6nnen. Im Laufe des Abends versammelten sich Architekten, Designer, Kuratoren und G\u00e4ste zwischen Tisch und Garten, w\u00e4hrend Gespr\u00e4che \u00fcber Design, Natur und Alltag entstanden.<\/p>\n\n\n<div class=\"board\">\n      <div class=\"board-items masonry-grid\">\n      <div class=\"board-item masonry-item\">\n  <div class=\"board-image\" style=\"padding-top:125%\">\n    <img decoding=\"async\" src=\"https:\/\/www.mohd.it\/wp-content\/uploads\/2026\/03\/Evento-Officina-Milano-2.png\" \/>\n  <\/div>\n  <\/div>\n<div class=\"board-item masonry-item\">\n  <div class=\"board-image\" style=\"padding-top:125%\">\n    <img decoding=\"async\" src=\"https:\/\/www.mohd.it\/wp-content\/uploads\/2026\/03\/Evento-Officina-Milano-5.png\" \/>\n  <\/div>\n  <\/div>\n    <\/div>\n    <\/div>\n\n\n\n<p>F\u00fcr den Designer Christian Pellizzari spiegelt die erneute Aufmerksamkeit f\u00fcr Outdoor Living mehr wider als einen kurzfristigen Trend.<\/p>\n\n\n\n<blockquote class=\"wp-block-quote is-layout-flow wp-block-quote-is-layout-flow\">\n<p>\u201eWir leben in einer Zeit, in der das Leben im Freien viel Aufmerksamkeit erh\u00e4lt \u2013 und ich denke, es ist fast eine Notwendigkeit. Die Natur ist eine grundlegende Quelle f\u00fcr Inspiration und Energie. Ich glaube nicht, dass es ein Trend ist. Die Verbindung zur Natur und zur Au\u00dfenwelt ist ein zutiefst menschliches Bed\u00fcrfnis.\u201c<\/p>\n<\/blockquote>\n\n\n\n<p>Das Dinner wurde zu einem der zentralen Momente des Abends. Frische, leichte und sorgf\u00e4ltig zubereitete Gerichte spiegelten die saisonale Atmosph\u00e4re der Begegnung wider. Jeder Gang f\u00fcgte sich in den Ton des Abends ein \u2013 schlicht und zugleich raffiniert, wie bei einem gemeinsamen Essen im Freien mit Freunden oder Familie. Die Gespr\u00e4che rund um den Tisch entwickelten sich ganz selbstverst\u00e4ndlich und schufen eine Atmosph\u00e4re, die an jene filmischen Momente erinnert, in denen Essen und menschliche Beziehungen untrennbar miteinander verbunden sind \u2013 etwa in den lebhaften Tischszenen von Big Night oder den intimen Momenten in Julie &amp; Julia, in denen das gemeinsame Essen zu einer Feier des Lebens wird.<\/p>\n\n\n\n<p>F\u00fcr die Architektin Eden Nimni besitzt Outdoor Living auch eine zutiefst pers\u00f6nliche Dimension:<\/p>\n\n\n\n<blockquote class=\"wp-block-quote is-layout-flow wp-block-quote-is-layout-flow\">\n<blockquote class=\"wp-block-quote is-layout-flow wp-block-quote-is-layout-flow\">\n<p>\u201eBeim Leben im Freien geht es im Grunde darum, wie wir leben m\u00f6chten. Es ist ein Ort der Ruhe, ein Raum, in dem das eigene Leben und pers\u00f6nliche Erfahrungen Gestalt annehmen. Eine Art pers\u00f6nliches Refugium.\u201c<\/p>\n<\/blockquote>\n<\/blockquote>\n\n\n<div class=\"board\">\n      <div class=\"board-items masonry-grid\">\n      <div class=\"board-item masonry-item\">\n  <div class=\"board-image\" style=\"padding-top:125%\">\n    <img decoding=\"async\" src=\"https:\/\/www.mohd.it\/wp-content\/uploads\/2026\/03\/Evento-Officina-Milano-3.png\" \/>\n  <\/div>\n  <\/div>\n<div class=\"board-item masonry-item\">\n  <div class=\"board-image\" style=\"padding-top:125%\">\n    <img decoding=\"async\" src=\"https:\/\/www.mohd.it\/wp-content\/uploads\/2026\/03\/Evento-Officina-Milano-6.png\" \/>\n  <\/div>\n  <\/div>\n    <\/div>\n    <\/div>\n\n\n\n<p>Diese Idee zog sich durch den gesamten Abend. M\u00f6bel und Objekte erschienen nicht als statische Designst\u00fccke, sondern als stille Begleiter menschlicher Interaktion \u2013 Elemente, die Gespr\u00e4che rahmten und erm\u00f6glichten. F\u00fcr Karin Benemark beruht die Vision von Ferm Living f\u00fcr den Au\u00dfenbereich genau auf diesem ganzheitlichen Ansatz.<\/p>\n\n\n\n<blockquote class=\"wp-block-quote is-layout-flow wp-block-quote-is-layout-flow\">\n<p>\u201eHeute geht es nicht mehr nur um M\u00f6bel. Wir haben tragbare Leuchten, Pflanzgef\u00e4\u00dfe, Outdoor-Textilien. Man kann tats\u00e4chlich einen ganzen Raum im Freien gestalten.\u201c<\/p>\n<\/blockquote>\n\n\n\n<p>Im Laufe des Abends wurde die Tafel zum eigentlichen Mittelpunkt der Veranstaltung. Die G\u00e4ste blieben lange sitzen, tauschten Gedanken aus und erz\u00e4hlten Geschichten \u2013 weit \u00fcber den Beginn des Dinners hinaus. Mehr als eine Pr\u00e4sentation einer Kollektion wurde der Abend in der Mohd Officina zu einer gelebten Demonstration dessen, was Outdoor Living heute bedeutet: ein Raum f\u00fcr Begegnung, Kreativit\u00e4t und Geselligkeit, in dem Design die wichtigen Momente leise begleitet \u2013 jene, die gemeinsam am Tisch entstehen, irgendwo zwischen Innenraum und offener Luft.<\/p>\n\n\n\n<p>Die <strong>Rouli<\/strong> Kollektion pr\u00e4sentiert ein modulares Sitzsystem mit weich gerundeten Volumen, die an den ruhigen Rhythmus von Wellen erinnern. Der Name leitet sich vom franz\u00f6sischen Begriff roulis ab, der die sanfte, rollende Bewegung des Meeres beschreibt. Als flexible Sitzlandschaft konzipiert, besteht Rouli aus einzelnen Modulen, die sich auf vielf\u00e4ltige Weise kombinieren lassen und sich so den unterschiedlichen Momenten des Zusammenseins, der Unterhaltung oder der Entspannung im Raum anpassen.<\/p>\n\n\n<div class=\"board\">\n      <div class=\"board-items masonry-grid\">\n      <div class=\"board-item masonry-item\">\n  <div class=\"board-product\" style=\"padding-top:125%\">\n    <img decoding=\"async\" src=\"https:\/\/www.mohd.it\/wp-content\/uploads\/2026\/03\/Ferm-Living-Rouli.png\" \/>\n    <div class=\"content\">\n      <span class=\"brand\">Ferm Living<\/span>      <span class=\"name\">Rouli Tafelaufsatz<\/span>\n    <\/div>\n    <div class=\"actions\">\n              <a href=\"https:\/\/shopmohd.com\/de\/rouli-center-module-pure-lockenkopf.html\" class=\"button\">Acquista<\/a>\n            \t\t          <\/div>\n  <\/div>\n    <\/div>\n<div class=\"board-item masonry-item\">\n  <div class=\"spotted-image\">\n    <span class=\"img-spacer\" style=\"padding-top: 125%;\">\n      <img decoding=\"async\" src=\"https:\/\/www.mohd.it\/wp-content\/uploads\/2026\/03\/Ferm-Living-Rouli-1.png\" \/>\n    <\/span>\n                <span class=\"product small\">\n        <span class=\"point\" style=\"top: 49.777777777778%; left: 11.759259259259%;\"><\/span>\n                <div class=\"product-board-card\">\n          <div class=\"content\">\n            <span class=\"brand\">Ferm Living<\/span>            <span class=\"name\">Rouli Tafelaufsatz<\/span>\n            <div class=\"actions\">\n                              <a href=\"https:\/\/shopmohd.com\/de\/rouli-center-module-pure-lockenkopf.html\" class=\"button\">Acquista<\/a>\n                            \t\t\t \t \t\t\t              <\/div>\n          <\/div>\n        <\/div>\n      <\/span>\n                  <span class=\"product small\">\n        <span class=\"point\" style=\"top: 76.222222222222%; left: 51.388888888889%;\"><\/span>\n                <div class=\"product-board-card\">\n          <div class=\"content\">\n            <span class=\"brand\">Ferm Living<\/span>            <span class=\"name\">Deya Outdoor Couchtisch &#8211; \u00d8. 80 cm<\/span>\n            <div class=\"actions\">\n                              <a href=\"https:\/\/shopmohd.com\/de\/deya-outdoor-couchtisch-o-80-cm.html\" class=\"button\">Acquista<\/a>\n                            \t\t\t \t \t\t\t              <\/div>\n          <\/div>\n        <\/div>\n      <\/span>\n                  <span class=\"product small\">\n        <span class=\"point\" style=\"top: 62.518518518519%; left: 81.666666666667%;\"><\/span>\n                <div class=\"product-board-card\">\n          <div class=\"content\">\n            <span class=\"brand\">Ferm Living<\/span>            <span class=\"name\">Deya Outdoor Beistelltisch &#8211; \u00d8. 47 cm<\/span>\n            <div class=\"actions\">\n                              <a href=\"https:\/\/shopmohd.com\/de\/deya-beistelltisch-o-47-cm-im-freien.html\" class=\"button\">Acquista<\/a>\n                            \t\t\t \t \t\t\t              <\/div>\n          <\/div>\n        <\/div>\n      <\/span>\n        <\/div>\n  <\/div>\n    <\/div>\n    <\/div>\n\n\n\n<p>Neben dieser modularen Sprache entwickelt die <strong>Desert<\/strong> Kollektion eine besonders einladende Vorstellung von Outdoor-Komfort. Schlanke Strukturen tragen gro\u00dfz\u00fcgige, weich gepolsterte Kissen und schaffen Lounge-Situationen im Freien, die zu langsameren Rhythmen und entspannten Momenten einladen. Das Zusammenspiel aus leichter Konstruktion und weicher Polsterung verleiht den M\u00f6beln eine warme, einladende Pr\u00e4senz, w\u00e4hrend Materialien f\u00fcr den Au\u00dfenbereich Langlebigkeit gew\u00e4hrleisten, ohne auf die haptische Qualit\u00e4t von Innenr\u00e4umen zu verzichten.<\/p>\n\n\n<div class=\"board\">\n      <div class=\"board-items masonry-grid\">\n      <div class=\"board-item masonry-item\">\n  <div class=\"board-product\" style=\"padding-top:125%\">\n    <img decoding=\"async\" src=\"https:\/\/www.mohd.it\/wp-content\/uploads\/2026\/03\/Ferm-Living-Desert.png\" \/>\n    <div class=\"content\">\n      <span class=\"brand\">Ferm Living<\/span>      <span class=\"name\">Kollektion Desert<\/span>\n    <\/div>\n    <div class=\"actions\">\n              <a href=\"https:\/\/shopmohd.com\/de\/marken\/ferm-living\/desert.html\" class=\"button\">Acquista<\/a>\n            \t\t          <\/div>\n  <\/div>\n    <\/div>\n<div class=\"board-item masonry-item\">\n  <div class=\"spotted-image\">\n    <span class=\"img-spacer\" style=\"padding-top: 125%;\">\n      <img decoding=\"async\" src=\"https:\/\/www.mohd.it\/wp-content\/uploads\/2026\/03\/Ferm-Living-Desert-1.png\" \/>\n    <\/span>\n                <span class=\"product small\">\n        <span class=\"point\" style=\"top: 54.444444444444%; left: 61.111111111111%;\"><\/span>\n                <div class=\"product-board-card\">\n          <div class=\"content\">\n            <span class=\"brand\">Ferm Living<\/span>            <span class=\"name\">Desert Outdoor Sofa &#8211; 2 Sitzer<\/span>\n            <div class=\"actions\">\n                              <a href=\"https:\/\/shopmohd.com\/de\/desert-outdoor-sofa-2-sitzer.html\" class=\"button\">Acquista<\/a>\n                            \t\t\t \t \t\t\t              <\/div>\n          <\/div>\n        <\/div>\n      <\/span>\n                  <span class=\"product small\">\n        <span class=\"point\" style=\"top: 70.518518518519%; left: 27.777777777778%;\"><\/span>\n                <div class=\"product-board-card\">\n          <div class=\"content\">\n            <span class=\"brand\">Ferm Living<\/span>            <span class=\"name\">Deya Outdoor Beistelltisch &#8211; \u00d8. 47 cm<\/span>\n            <div class=\"actions\">\n                              <a href=\"https:\/\/shopmohd.com\/de\/deya-beistelltisch-o-47-cm-im-freien.html\" class=\"button\">Acquista<\/a>\n                            \t\t\t \t \t\t\t              <\/div>\n          <\/div>\n        <\/div>\n      <\/span>\n                  <span class=\"product small\">\n        <span class=\"point\" style=\"top: 60.518518518519%; left: 22.037037037037%;\"><\/span>\n                <div class=\"product-board-card\">\n          <div class=\"content\">\n            <span class=\"brand\">Ferm Living<\/span>            <span class=\"name\">Luver Tragbare Lampe<\/span>\n            <div class=\"actions\">\n                              <a href=\"https:\/\/shopmohd.com\/de\/luver-tragbare-lampe.html\" class=\"button\">Acquista<\/a>\n                            \t\t\t \t \t\t\t              <\/div>\n          <\/div>\n        <\/div>\n      <\/span>\n        <\/div>\n  <\/div>\n    <\/div>\n    <\/div>\n\n\n\n<p>Die <strong>Dapple<\/strong> Kollektion entfaltet ihre St\u00e4rke besonders im Outdoor-Dining und erweitert das Angebot \u00fcber reine Sitzm\u00f6bel hinaus um Tische f\u00fcr gesellige Momente im Freien. Abgerundete Silhouetten und fein perforierte Oberfl\u00e4chen verleihen den M\u00f6beln eine leichte, fast grafische Pr\u00e4senz im Au\u00dfenraum. Gefertigt aus verzinktem Stahl mit pulverbeschichteter Oberfl\u00e4che umfasst die Kollektion Esstische, niedrige Tische sowie eine Familie von Sitzm\u00f6beln \u2014 St\u00fchle, Lounge-Sessel und B\u00e4nke \u2014 die dieselbe Formensprache teilen. Gro\u00dfz\u00fcgige Proportionen und entspannte Linien verbinden allt\u00e4gliche Funktionalit\u00e4t mit einer eleganten visuellen Leichtigkeit.<\/p>\n\n\n<div class=\"board\">\n      <div class=\"board-items masonry-grid\">\n      <div class=\"board-item masonry-item\">\n  <div class=\"board-product\" style=\"padding-top:125%\">\n    <img decoding=\"async\" src=\"https:\/\/www.mohd.it\/wp-content\/uploads\/2026\/03\/Ferm-Living-Dapple.png\" \/>\n    <div class=\"content\">\n      <span class=\"brand\">Ferm Living<\/span>      <span class=\"name\">Kollektion Dapple<\/span>\n    <\/div>\n    <div class=\"actions\">\n              <a href=\"https:\/\/shopmohd.com\/de\/marken\/ferm-living\/dapple.html\" class=\"button\">Acquista<\/a>\n            \t\t          <\/div>\n  <\/div>\n    <\/div>\n<div class=\"board-item masonry-item\">\n  <div class=\"board-image\" style=\"padding-top:125%\">\n    <img decoding=\"async\" src=\"https:\/\/www.mohd.it\/wp-content\/uploads\/2026\/03\/Ferm-Living-Dapple-1.png\" \/>\n  <\/div>\n  <\/div>\n    <\/div>\n    <\/div>\n","protected":false},"excerpt":{"rendered":"<p>Ein Abend in der Mohd Officina Milano brachte Architekten und Designer zusammen, um Ferm Livings Vision des Outdoor Living zwischen Design, Gespr\u00e4ch und Geselligkeit zu erkunden.<\/p>\n","protected":false},"author":18,"featured_media":116602,"comment_status":"closed","ping_status":"closed","sticky":false,"template":"","format":"standard","meta":{"footnotes":""},"categories":[503],"tags":[],"class_list":["post-116608","post","type-post","status-publish","format-standard","has-post-thumbnail","hentry","category-design-events-de"],"yoast_head":"<!-- This site is optimized with the Yoast SEO plugin v24.0 - https:\/\/yoast.com\/wordpress\/plugins\/seo\/ -->\n<title>Ferm Living bei Mohd Officina - Mohd<\/title>\n<meta name=\"description\" content=\"In der Mohd Officina Mailand trafen sich Designprofis zu einem Trade-Event rund um die Outdoor-Kollektionen von Ferm Living.\" \/>\n<meta name=\"robots\" content=\"index, follow, max-snippet:-1, max-image-preview:large, max-video-preview:-1\" \/>\n<link rel=\"canonical\" href=\"https:\/\/www.mohd.it\/de\/magazine\/ein-abend-am-tisch-ferm-living-bei-mohd-officina\/\" \/>\n<meta property=\"og:locale\" content=\"de_DE\" \/>\n<meta property=\"og:type\" content=\"article\" \/>\n<meta property=\"og:title\" content=\"Ferm Living bei Mohd Officina - Mohd\" \/>\n<meta property=\"og:description\" content=\"In der Mohd Officina Mailand trafen sich Designprofis zu einem Trade-Event rund um die Outdoor-Kollektionen von Ferm Living.\" \/>\n<meta property=\"og:url\" content=\"https:\/\/www.mohd.it\/de\/magazine\/ein-abend-am-tisch-ferm-living-bei-mohd-officina\/\" \/>\n<meta property=\"og:site_name\" content=\"Mohd\" \/>\n<meta property=\"article:publisher\" content=\"https:\/\/www.facebook.com\/mollurahomedesign\" \/>\n<meta property=\"article:published_time\" content=\"2026-03-13T14:52:04+00:00\" \/>\n<meta property=\"article:modified_time\" content=\"2026-03-13T14:52:05+00:00\" \/>\n<meta property=\"og:image\" content=\"https:\/\/www.mohd.it\/wp-content\/uploads\/2026\/03\/Evento-Officina-Milano-8.png\" \/>\n\t<meta property=\"og:image:width\" content=\"1300\" \/>\n\t<meta property=\"og:image:height\" content=\"980\" \/>\n\t<meta property=\"og:image:type\" content=\"image\/png\" \/>\n<meta name=\"author\" content=\"Noemi Cris\u00e0\" \/>\n<meta name=\"twitter:card\" content=\"summary_large_image\" \/>\n<meta name=\"twitter:creator\" content=\"@mohd_homedesign\" \/>\n<meta name=\"twitter:site\" content=\"@mohd_homedesign\" \/>\n<meta name=\"twitter:label1\" content=\"Verfasst von\" \/>\n\t<meta name=\"twitter:data1\" content=\"Noemi Cris\u00e0\" \/>\n\t<meta name=\"twitter:label2\" content=\"Gesch\u00e4tzte Lesezeit\" \/>\n\t<meta name=\"twitter:data2\" content=\"5\u00a0Minuten\" \/>\n<script type=\"application\/ld+json\" class=\"yoast-schema-graph\">{\"@context\":\"https:\/\/schema.org\",\"@graph\":[{\"@type\":\"Article\",\"@id\":\"https:\/\/www.mohd.it\/de\/magazine\/ein-abend-am-tisch-ferm-living-bei-mohd-officina\/#article\",\"isPartOf\":{\"@id\":\"https:\/\/www.mohd.it\/de\/magazine\/ein-abend-am-tisch-ferm-living-bei-mohd-officina\/\"},\"author\":{\"name\":\"Noemi Cris\u00e0\",\"@id\":\"https:\/\/www.mohd.it\/de\/#\/schema\/person\/d237bc94bea0bfe5020d1c41b41f6af2\"},\"headline\":\"Ein Abend am Tisch: Ferm Living bei Mohd Officina\",\"datePublished\":\"2026-03-13T14:52:04+00:00\",\"dateModified\":\"2026-03-13T14:52:05+00:00\",\"mainEntityOfPage\":{\"@id\":\"https:\/\/www.mohd.it\/de\/magazine\/ein-abend-am-tisch-ferm-living-bei-mohd-officina\/\"},\"wordCount\":986,\"publisher\":{\"@id\":\"https:\/\/www.mohd.it\/de\/#organization\"},\"image\":{\"@id\":\"https:\/\/www.mohd.it\/de\/magazine\/ein-abend-am-tisch-ferm-living-bei-mohd-officina\/#primaryimage\"},\"thumbnailUrl\":\"https:\/\/www.mohd.it\/wp-content\/uploads\/2026\/03\/Evento-Officina-Milano-8.png\",\"articleSection\":[\"Design Events\"],\"inLanguage\":\"de\"},{\"@type\":\"WebPage\",\"@id\":\"https:\/\/www.mohd.it\/de\/magazine\/ein-abend-am-tisch-ferm-living-bei-mohd-officina\/\",\"url\":\"https:\/\/www.mohd.it\/de\/magazine\/ein-abend-am-tisch-ferm-living-bei-mohd-officina\/\",\"name\":\"Ferm Living bei Mohd Officina - Mohd\",\"isPartOf\":{\"@id\":\"https:\/\/www.mohd.it\/de\/#website\"},\"primaryImageOfPage\":{\"@id\":\"https:\/\/www.mohd.it\/de\/magazine\/ein-abend-am-tisch-ferm-living-bei-mohd-officina\/#primaryimage\"},\"image\":{\"@id\":\"https:\/\/www.mohd.it\/de\/magazine\/ein-abend-am-tisch-ferm-living-bei-mohd-officina\/#primaryimage\"},\"thumbnailUrl\":\"https:\/\/www.mohd.it\/wp-content\/uploads\/2026\/03\/Evento-Officina-Milano-8.png\",\"datePublished\":\"2026-03-13T14:52:04+00:00\",\"dateModified\":\"2026-03-13T14:52:05+00:00\",\"description\":\"In der Mohd Officina Mailand trafen sich Designprofis zu einem Trade-Event rund um die Outdoor-Kollektionen von Ferm Living.\",\"breadcrumb\":{\"@id\":\"https:\/\/www.mohd.it\/de\/magazine\/ein-abend-am-tisch-ferm-living-bei-mohd-officina\/#breadcrumb\"},\"inLanguage\":\"de\",\"potentialAction\":[{\"@type\":\"ReadAction\",\"target\":[\"https:\/\/www.mohd.it\/de\/magazine\/ein-abend-am-tisch-ferm-living-bei-mohd-officina\/\"]}]},{\"@type\":\"ImageObject\",\"inLanguage\":\"de\",\"@id\":\"https:\/\/www.mohd.it\/de\/magazine\/ein-abend-am-tisch-ferm-living-bei-mohd-officina\/#primaryimage\",\"url\":\"https:\/\/www.mohd.it\/wp-content\/uploads\/2026\/03\/Evento-Officina-Milano-8.png\",\"contentUrl\":\"https:\/\/www.mohd.it\/wp-content\/uploads\/2026\/03\/Evento-Officina-Milano-8.png\",\"width\":1300,\"height\":980,\"caption\":\"Evento Ferm Living Mohd Officina Milano\"},{\"@type\":\"BreadcrumbList\",\"@id\":\"https:\/\/www.mohd.it\/de\/magazine\/ein-abend-am-tisch-ferm-living-bei-mohd-officina\/#breadcrumb\",\"itemListElement\":[{\"@type\":\"ListItem\",\"position\":1,\"name\":\"Home\",\"item\":\"https:\/\/www.mohd.it\/de\/\"},{\"@type\":\"ListItem\",\"position\":2,\"name\":\"Ein Abend am Tisch: Ferm Living bei Mohd Officina\"}]},{\"@type\":\"WebSite\",\"@id\":\"https:\/\/www.mohd.it\/de\/#website\",\"url\":\"https:\/\/www.mohd.it\/de\/\",\"name\":\"Mohd\",\"description\":\"\",\"publisher\":{\"@id\":\"https:\/\/www.mohd.it\/de\/#organization\"},\"potentialAction\":[{\"@type\":\"SearchAction\",\"target\":{\"@type\":\"EntryPoint\",\"urlTemplate\":\"https:\/\/www.mohd.it\/de\/?s={search_term_string}\"},\"query-input\":{\"@type\":\"PropertyValueSpecification\",\"valueRequired\":true,\"valueName\":\"search_term_string\"}}],\"inLanguage\":\"de\"},{\"@type\":\"Organization\",\"@id\":\"https:\/\/www.mohd.it\/de\/#organization\",\"name\":\"Mollura & C. SPA\",\"url\":\"https:\/\/www.mohd.it\/de\/\",\"logo\":{\"@type\":\"ImageObject\",\"inLanguage\":\"de\",\"@id\":\"https:\/\/www.mohd.it\/de\/#\/schema\/logo\/image\/\",\"url\":\"https:\/\/www.mohd.it\/wp-content\/uploads\/2020\/09\/mohd-logo.png\",\"contentUrl\":\"https:\/\/www.mohd.it\/wp-content\/uploads\/2020\/09\/mohd-logo.png\",\"width\":600,\"height\":600,\"caption\":\"Mollura & C. SPA\"},\"image\":{\"@id\":\"https:\/\/www.mohd.it\/de\/#\/schema\/logo\/image\/\"},\"sameAs\":[\"https:\/\/www.facebook.com\/mollurahomedesign\",\"https:\/\/x.com\/mohd_homedesign\",\"https:\/\/www.instagram.com\/mohd_homedesign\/\",\"https:\/\/it.linkedin.com\/company\/mohd-mollura-home-design\",\"https:\/\/www.pinterest.it\/mohdhomedesign\/\",\"https:\/\/www.youtube.com\/channel\/UCYLuPff6hq4z_o0GO0w1yaA\"]},{\"@type\":\"Person\",\"@id\":\"https:\/\/www.mohd.it\/de\/#\/schema\/person\/d237bc94bea0bfe5020d1c41b41f6af2\",\"name\":\"Noemi Cris\u00e0\",\"image\":{\"@type\":\"ImageObject\",\"inLanguage\":\"de\",\"@id\":\"https:\/\/www.mohd.it\/de\/#\/schema\/person\/image\/\",\"url\":\"https:\/\/secure.gravatar.com\/avatar\/6f959897d20f7190d0b1a9b0a1518d13?s=96&d=mm&r=g\",\"contentUrl\":\"https:\/\/secure.gravatar.com\/avatar\/6f959897d20f7190d0b1a9b0a1518d13?s=96&d=mm&r=g\",\"caption\":\"Noemi Cris\u00e0\"},\"url\":\"https:\/\/www.mohd.it\/de\/magazine\/author\/noemi\/\"}]}<\/script>\n<!-- \/ Yoast SEO plugin. -->","yoast_head_json":{"title":"Ferm Living bei Mohd Officina - Mohd","description":"In der Mohd Officina Mailand trafen sich Designprofis zu einem Trade-Event rund um die Outdoor-Kollektionen von Ferm Living.","robots":{"index":"index","follow":"follow","max-snippet":"max-snippet:-1","max-image-preview":"max-image-preview:large","max-video-preview":"max-video-preview:-1"},"canonical":"https:\/\/www.mohd.it\/de\/magazine\/ein-abend-am-tisch-ferm-living-bei-mohd-officina\/","og_locale":"de_DE","og_type":"article","og_title":"Ferm Living bei Mohd Officina - Mohd","og_description":"In der Mohd Officina Mailand trafen sich Designprofis zu einem Trade-Event rund um die Outdoor-Kollektionen von Ferm Living.","og_url":"https:\/\/www.mohd.it\/de\/magazine\/ein-abend-am-tisch-ferm-living-bei-mohd-officina\/","og_site_name":"Mohd","article_publisher":"https:\/\/www.facebook.com\/mollurahomedesign","article_published_time":"2026-03-13T14:52:04+00:00","article_modified_time":"2026-03-13T14:52:05+00:00","og_image":[{"width":1300,"height":980,"url":"https:\/\/www.mohd.it\/wp-content\/uploads\/2026\/03\/Evento-Officina-Milano-8.png","type":"image\/png"}],"author":"Noemi Cris\u00e0","twitter_card":"summary_large_image","twitter_creator":"@mohd_homedesign","twitter_site":"@mohd_homedesign","twitter_misc":{"Verfasst von":"Noemi Cris\u00e0","Gesch\u00e4tzte Lesezeit":"5\u00a0Minuten"},"schema":{"@context":"https:\/\/schema.org","@graph":[{"@type":"Article","@id":"https:\/\/www.mohd.it\/de\/magazine\/ein-abend-am-tisch-ferm-living-bei-mohd-officina\/#article","isPartOf":{"@id":"https:\/\/www.mohd.it\/de\/magazine\/ein-abend-am-tisch-ferm-living-bei-mohd-officina\/"},"author":{"name":"Noemi Cris\u00e0","@id":"https:\/\/www.mohd.it\/de\/#\/schema\/person\/d237bc94bea0bfe5020d1c41b41f6af2"},"headline":"Ein Abend am Tisch: Ferm Living bei Mohd Officina","datePublished":"2026-03-13T14:52:04+00:00","dateModified":"2026-03-13T14:52:05+00:00","mainEntityOfPage":{"@id":"https:\/\/www.mohd.it\/de\/magazine\/ein-abend-am-tisch-ferm-living-bei-mohd-officina\/"},"wordCount":986,"publisher":{"@id":"https:\/\/www.mohd.it\/de\/#organization"},"image":{"@id":"https:\/\/www.mohd.it\/de\/magazine\/ein-abend-am-tisch-ferm-living-bei-mohd-officina\/#primaryimage"},"thumbnailUrl":"https:\/\/www.mohd.it\/wp-content\/uploads\/2026\/03\/Evento-Officina-Milano-8.png","articleSection":["Design Events"],"inLanguage":"de"},{"@type":"WebPage","@id":"https:\/\/www.mohd.it\/de\/magazine\/ein-abend-am-tisch-ferm-living-bei-mohd-officina\/","url":"https:\/\/www.mohd.it\/de\/magazine\/ein-abend-am-tisch-ferm-living-bei-mohd-officina\/","name":"Ferm Living bei Mohd Officina - Mohd","isPartOf":{"@id":"https:\/\/www.mohd.it\/de\/#website"},"primaryImageOfPage":{"@id":"https:\/\/www.mohd.it\/de\/magazine\/ein-abend-am-tisch-ferm-living-bei-mohd-officina\/#primaryimage"},"image":{"@id":"https:\/\/www.mohd.it\/de\/magazine\/ein-abend-am-tisch-ferm-living-bei-mohd-officina\/#primaryimage"},"thumbnailUrl":"https:\/\/www.mohd.it\/wp-content\/uploads\/2026\/03\/Evento-Officina-Milano-8.png","datePublished":"2026-03-13T14:52:04+00:00","dateModified":"2026-03-13T14:52:05+00:00","description":"In der Mohd Officina Mailand trafen sich Designprofis zu einem Trade-Event rund um die Outdoor-Kollektionen von Ferm Living.","breadcrumb":{"@id":"https:\/\/www.mohd.it\/de\/magazine\/ein-abend-am-tisch-ferm-living-bei-mohd-officina\/#breadcrumb"},"inLanguage":"de","potentialAction":[{"@type":"ReadAction","target":["https:\/\/www.mohd.it\/de\/magazine\/ein-abend-am-tisch-ferm-living-bei-mohd-officina\/"]}]},{"@type":"ImageObject","inLanguage":"de","@id":"https:\/\/www.mohd.it\/de\/magazine\/ein-abend-am-tisch-ferm-living-bei-mohd-officina\/#primaryimage","url":"https:\/\/www.mohd.it\/wp-content\/uploads\/2026\/03\/Evento-Officina-Milano-8.png","contentUrl":"https:\/\/www.mohd.it\/wp-content\/uploads\/2026\/03\/Evento-Officina-Milano-8.png","width":1300,"height":980,"caption":"Evento Ferm Living Mohd Officina Milano"},{"@type":"BreadcrumbList","@id":"https:\/\/www.mohd.it\/de\/magazine\/ein-abend-am-tisch-ferm-living-bei-mohd-officina\/#breadcrumb","itemListElement":[{"@type":"ListItem","position":1,"name":"Home","item":"https:\/\/www.mohd.it\/de\/"},{"@type":"ListItem","position":2,"name":"Ein Abend am Tisch: Ferm Living bei Mohd Officina"}]},{"@type":"WebSite","@id":"https:\/\/www.mohd.it\/de\/#website","url":"https:\/\/www.mohd.it\/de\/","name":"Mohd","description":"","publisher":{"@id":"https:\/\/www.mohd.it\/de\/#organization"},"potentialAction":[{"@type":"SearchAction","target":{"@type":"EntryPoint","urlTemplate":"https:\/\/www.mohd.it\/de\/?s={search_term_string}"},"query-input":{"@type":"PropertyValueSpecification","valueRequired":true,"valueName":"search_term_string"}}],"inLanguage":"de"},{"@type":"Organization","@id":"https:\/\/www.mohd.it\/de\/#organization","name":"Mollura & C. SPA","url":"https:\/\/www.mohd.it\/de\/","logo":{"@type":"ImageObject","inLanguage":"de","@id":"https:\/\/www.mohd.it\/de\/#\/schema\/logo\/image\/","url":"https:\/\/www.mohd.it\/wp-content\/uploads\/2020\/09\/mohd-logo.png","contentUrl":"https:\/\/www.mohd.it\/wp-content\/uploads\/2020\/09\/mohd-logo.png","width":600,"height":600,"caption":"Mollura & C. SPA"},"image":{"@id":"https:\/\/www.mohd.it\/de\/#\/schema\/logo\/image\/"},"sameAs":["https:\/\/www.facebook.com\/mollurahomedesign","https:\/\/x.com\/mohd_homedesign","https:\/\/www.instagram.com\/mohd_homedesign\/","https:\/\/it.linkedin.com\/company\/mohd-mollura-home-design","https:\/\/www.pinterest.it\/mohdhomedesign\/","https:\/\/www.youtube.com\/channel\/UCYLuPff6hq4z_o0GO0w1yaA"]},{"@type":"Person","@id":"https:\/\/www.mohd.it\/de\/#\/schema\/person\/d237bc94bea0bfe5020d1c41b41f6af2","name":"Noemi Cris\u00e0","image":{"@type":"ImageObject","inLanguage":"de","@id":"https:\/\/www.mohd.it\/de\/#\/schema\/person\/image\/","url":"https:\/\/secure.gravatar.com\/avatar\/6f959897d20f7190d0b1a9b0a1518d13?s=96&d=mm&r=g","contentUrl":"https:\/\/secure.gravatar.com\/avatar\/6f959897d20f7190d0b1a9b0a1518d13?s=96&d=mm&r=g","caption":"Noemi Cris\u00e0"},"url":"https:\/\/www.mohd.it\/de\/magazine\/author\/noemi\/"}]}},"image":"https:\/\/www.mohd.it\/wp-content\/uploads\/2026\/03\/Evento-Officina-Milano-8-800x600.png","category":"Design Events","_links":{"self":[{"href":"https:\/\/www.mohd.it\/de\/wp-json\/wp\/v2\/posts\/116608","targetHints":{"allow":["GET"]}}],"collection":[{"href":"https:\/\/www.mohd.it\/de\/wp-json\/wp\/v2\/posts"}],"about":[{"href":"https:\/\/www.mohd.it\/de\/wp-json\/wp\/v2\/types\/post"}],"author":[{"embeddable":true,"href":"https:\/\/www.mohd.it\/de\/wp-json\/wp\/v2\/users\/18"}],"replies":[{"embeddable":true,"href":"https:\/\/www.mohd.it\/de\/wp-json\/wp\/v2\/comments?post=116608"}],"version-history":[{"count":5,"href":"https:\/\/www.mohd.it\/de\/wp-json\/wp\/v2\/posts\/116608\/revisions"}],"predecessor-version":[{"id":116624,"href":"https:\/\/www.mohd.it\/de\/wp-json\/wp\/v2\/posts\/116608\/revisions\/116624"}],"wp:featuredmedia":[{"embeddable":true,"href":"https:\/\/www.mohd.it\/de\/wp-json\/wp\/v2\/media\/116602"}],"wp:attachment":[{"href":"https:\/\/www.mohd.it\/de\/wp-json\/wp\/v2\/media?parent=116608"}],"wp:term":[{"taxonomy":"category","embeddable":true,"href":"https:\/\/www.mohd.it\/de\/wp-json\/wp\/v2\/categories?post=116608"},{"taxonomy":"post_tag","embeddable":true,"href":"https:\/\/www.mohd.it\/de\/wp-json\/wp\/v2\/tags?post=116608"}],"curies":[{"name":"wp","href":"https:\/\/api.w.org\/{rel}","templated":true}]}}