{"id":116814,"date":"2026-03-20T10:00:00","date_gmt":"2026-03-20T09:00:00","guid":{"rendered":"https:\/\/www.mohd.it\/?p=116814"},"modified":"2026-03-19T18:01:48","modified_gmt":"2026-03-19T17:01:48","slug":"christian-werner-und-der-wert-gestalterischer-kohaerenz-im-design","status":"publish","type":"post","link":"https:\/\/www.mohd.it\/de\/magazine\/christian-werner-und-der-wert-gestalterischer-kohaerenz-im-design\/","title":{"rendered":"Christian Werner und der Wert gestalterischer Koh\u00e4renz im Design"},"content":{"rendered":"\n<p>Koh\u00e4renz, Ma\u00df und emotionale Sensibilit\u00e4t bilden die Grundlage der Arbeit von <strong><a href=\"https:\/\/shopmohd.com\/de\/designer\/christian-werner.html\">Christian Werner<\/a><\/strong>. Der deutsche Designer blickt auf seinen Werdegang zur\u00fcck, auf die pr\u00e4gende Begegnung mit Dieter Rams und auf ein Designverst\u00e4ndnis, das bewusst auf Inszenierung verzichtet und stille, langlebige Gestaltung in den Vordergrund stellt. Sein Ansatz folgt der Kontinuit\u00e4t statt dem Bruch \u2013 einem nat\u00fcrlichen Gleichgewicht von Technik und Emotion. Eine Haltung, die sich auch in seinen langj\u00e4hrigen Kooperationen mit Marken wie <strong><a href=\"https:\/\/shopmohd.com\/de\/marken\/ligne-roset.html\">Ligne Roset<\/a><\/strong>, <strong><a href=\"https:\/\/shopmohd.com\/de\/marken\/thonet.html\">Thonet<\/a><\/strong> und Duravit widerspiegelt, vereint durch die gemeinsame Aufmerksamkeit f\u00fcr Qualit\u00e4t, Gestaltungsgesten und menschliche Beziehungen.<\/p>\n\n\n\n<div style=\"height:30px\" aria-hidden=\"true\" class=\"wp-block-spacer\"><\/div>\n\n\n\n<p><em>Interview in englischer Sprache gef\u00fchrt \u2013 deutsche \u00dcbersetzung und redaktionelle Bearbeitung.<\/em><\/p>\n\n\n\n<div style=\"height:30px\" aria-hidden=\"true\" class=\"wp-block-spacer\"><\/div>\n\n\n\n<p><strong>Wann haben Sie erkannt, dass Design Ihr Weg sein w\u00fcrde?<\/strong><\/p>\n\n\n\n<p>Meine erste wirkliche Begegnung mit Design datiert auf das Jahr 1974. Ich war vierzehn Jahre alt und las in einer deutschen Zeitschrift einen Artikel \u00fcber einen Designer. Bis zu diesem Moment hatte ich dieses Wort noch nie geh\u00f6rt, aber ich war sofort fasziniert. In diesen Seiten erkannte ich zum ersten Mal einen Beruf, der mein technisches Interesse mit einer eher k\u00fcnstlerischen und intuitiven Dimension verbinden konnte. In der Schule war ich eher ein Tr\u00e4umer, ich zeichnete mehr, als dass ich schrieb \u2013 und in diesem Moment wurde mir klar, dass genau dort mein Platz war.<\/p>\n\n\n<div class=\"board\">\n      <div class=\"board-items masonry-grid\">\n      <div class=\"board-item masonry-item\">\n  <div class=\"board-product\" style=\"padding-top:125%\">\n    <img decoding=\"async\" src=\"https:\/\/www.mohd.it\/wp-content\/uploads\/2026\/03\/C002-Christian-Werner-1.png\" \/>\n    <div class=\"content\">\n      <span class=\"brand\">Thonet<\/span>      <span class=\"name\">2002\/C002<\/span>\n    <\/div>\n    <div class=\"actions\">\n              <a href=\"https:\/\/shopmohd.com\/de\/2002c002-sofa.html\" class=\"button\">Acquista<\/a>\n            \t\t          <\/div>\n  <\/div>\n    <\/div>\n<div class=\"board-item masonry-item\">\n  <div class=\"board-product\" style=\"padding-top:125%\">\n    <img decoding=\"async\" src=\"https:\/\/www.mohd.it\/wp-content\/uploads\/2026\/03\/Thonet-2001-Christian-Werner.png\" \/>\n    <div class=\"content\">\n      <span class=\"brand\">Thonet<\/span>      <span class=\"name\">2001<\/span>\n    <\/div>\n    <div class=\"actions\">\n              <a href=\"https:\/\/shopmohd.com\/de\/2001-sessel.html\" class=\"button\">Acquista<\/a>\n            \t\t          <\/div>\n  <\/div>\n    <\/div>\n    <\/div>\n    <\/div>\n\n\n\n<p><strong>Wie hat sich Ihr Ausbildungsweg entwickelt?<\/strong><\/p>\n\n\n\n<p>Nach der Schule schrieb ich mich an der Kunsthochschule in West-Berlin ein, wo ich geboren wurde und aufgewachsen bin. Sp\u00e4ter versp\u00fcrte ich das Bed\u00fcrfnis, die Stadt zu verlassen \u2013 auch aus symbolischen Gr\u00fcnden, denn die Mauer stand noch \u2013 und zog nach Hamburg, um mein Studium dort fortzusetzen. Dort begegnete ich Dieter Rams, der in meinen letzten Studienjahren bis zur Abschlusspr\u00fcfung mein Professor war.<\/p>\n\n\n\n<div style=\"height:30px\" aria-hidden=\"true\" class=\"wp-block-spacer\"><\/div>\n\n\n\n<p><strong>Welche Art von Lehre hat Ihnen Dieter Rams mitgegeben?<\/strong><\/p>\n\n\n\n<p>Rams verk\u00f6rperte eine sehr klare Haltung gegen\u00fcber Design \u2013 eine Ethik, von der ich glaube, dass sie heute teilweise verloren gegangen ist. Er lehrte mich, dass Designer einen Schritt hinter ihren Objekten zur\u00fccktreten sollten und sich nicht selbst in den Mittelpunkt stellen d\u00fcrfen. Damals gab es keine Influencer und auch nicht die Vorstellung des Designers als \u00f6ffentliche Figur. Entscheidend war das Projekt, nicht der Name dahinter.<\/p>\n\n\n\n<figure class=\"wp-block-image size-large\"><img loading=\"lazy\" decoding=\"async\" width=\"1024\" height=\"576\" src=\"https:\/\/www.mohd.it\/wp-content\/uploads\/2026\/03\/C002-Christian-Werner-1024x576.png\" alt=\"Thonet C002 Christian Werner\" class=\"wp-image-116800\" srcset=\"https:\/\/www.mohd.it\/wp-content\/uploads\/2026\/03\/C002-Christian-Werner-1024x576.png 1024w, https:\/\/www.mohd.it\/wp-content\/uploads\/2026\/03\/C002-Christian-Werner-300x169.png 300w, https:\/\/www.mohd.it\/wp-content\/uploads\/2026\/03\/C002-Christian-Werner-768x432.png 768w, https:\/\/www.mohd.it\/wp-content\/uploads\/2026\/03\/C002-Christian-Werner-1536x864.png 1536w, https:\/\/www.mohd.it\/wp-content\/uploads\/2026\/03\/C002-Christian-Werner.png 1920w\" sizes=\"auto, (max-width: 1024px) 100vw, 1024px\" \/><\/figure>\n\n\n\n<p><strong>Haben Sie nach dem Studium sofort Ihr eigenes Studio er\u00f6ffnet?<\/strong><\/p>\n\n\n\n<p>Nein, dazu f\u00fchlte ich mich noch nicht bereit. Ich arbeitete f\u00fcnf Jahre lang in einem Designstudio, weil ich wirklich verstehen wollte, was es bedeutet, Designer in der Praxis zu sein: die Beziehung zu den Auftraggebern, den Markt, die Produktionsprozesse. All das kann eine Universit\u00e4t nicht vermitteln. Erst 1992 entschied ich mich, mein eigenes Studio zu gr\u00fcnden.<\/p>\n\n\n\n<div style=\"height:30px\" aria-hidden=\"true\" class=\"wp-block-spacer\"><\/div>\n\n\n\n<p><strong>Wenn Sie heute auf Ihren Weg zur\u00fcckblicken, wie w\u00fcrden Sie ihn beschreiben?<\/strong><\/p>\n\n\n\n<p>Ich w\u00fcrde ihn als kontinuierlich und konsequent bezeichnen. Es war nicht immer einfach, aber ich glaube, ich bin meinen \u00dcberzeugungen und meinem Verst\u00e4ndnis von Design treu geblieben. Es gab keine gro\u00dfen Revolutionen in meiner Arbeit. Manche w\u00fcrden diesen Weg vielleicht als \u201eruhig\u201c oder sogar langweilig bezeichnen, doch f\u00fcr mich ist Konsequenz ein Wert. In all den Jahren habe ich viele Designer gesehen, die st\u00e4ndig die Richtung wechselten \u2013 oft um des Wechsels willen. Dieses Bed\u00fcrfnis hatte ich nie.<\/p>\n\n\n\n<div style=\"height:30px\" aria-hidden=\"true\" class=\"wp-block-spacer\"><\/div>\n\n\n\n<p><strong>Welche Bedeutung hat Nachhaltigkeit heute in Ihrem gestalterischen Ansatz?<\/strong><\/p>\n\n\n\n<p>Nachhaltigkeit ist ein zentrales Thema, das meiner Meinung nach jedoch tiefer und weniger oberfl\u00e4chlich behandelt werden muss. F\u00fcr mich als Designer ist Nachhaltigkeit nicht nur eine Frage von Materialien, Zirkularit\u00e4t oder Recycling. Sie beginnt in erster Linie beim Entwurf selbst. Ich versuche, Projekte zu gestalten, die formal und \u00e4sthetisch m\u00f6glichst langlebig sind. Wir verf\u00fcgen noch nicht \u00fcber endg\u00fcltige L\u00f6sungen f\u00fcr das Thema Nachhaltigkeit, aber wir haben diesen Weg eingeschlagen \u2013 und allein das sehe ich bereits als ein Ergebnis. Ich blicke optimistisch in die Zukunft.<\/p>\n\n\n\n<div style=\"height:30px\" aria-hidden=\"true\" class=\"wp-block-spacer\"><\/div>\n\n\n\n<p><strong>Eine Ihrer langlebigsten Kooperationen ist die mit Ligne Roset. Was macht diese Beziehung besonders?<\/strong><\/p>\n\n\n\n<p>In erster Linie die Menschen \u2013 allen voran Michel Roset, Pr\u00e4sident der Unternehmensgruppe. Zwischen uns besteht eine sehr nat\u00fcrliche Verbindung, obwohl wir aus zwei unterschiedlichen Kulturen stammen, der deutschen und der franz\u00f6sischen, mit einer komplexen gemeinsamen Geschichte. Vor allem teilen Michel und ich denselben Sinn f\u00fcr Humor, und der ist entscheidend, um sich wirklich zu verstehen.<\/p>\n\n\n\n<figure class=\"wp-block-image size-large\"><img loading=\"lazy\" decoding=\"async\" width=\"1024\" height=\"576\" src=\"https:\/\/www.mohd.it\/wp-content\/uploads\/2026\/03\/Ligne-Roset-Prado-Christian-Werner-1-1024x576.png\" alt=\"Ligne Roset Prado Christian Werner\" class=\"wp-image-116770\" srcset=\"https:\/\/www.mohd.it\/wp-content\/uploads\/2026\/03\/Ligne-Roset-Prado-Christian-Werner-1-1024x576.png 1024w, https:\/\/www.mohd.it\/wp-content\/uploads\/2026\/03\/Ligne-Roset-Prado-Christian-Werner-1-300x169.png 300w, https:\/\/www.mohd.it\/wp-content\/uploads\/2026\/03\/Ligne-Roset-Prado-Christian-Werner-1-768x432.png 768w, https:\/\/www.mohd.it\/wp-content\/uploads\/2026\/03\/Ligne-Roset-Prado-Christian-Werner-1-1536x864.png 1536w, https:\/\/www.mohd.it\/wp-content\/uploads\/2026\/03\/Ligne-Roset-Prado-Christian-Werner-1.png 1920w\" sizes=\"auto, (max-width: 1024px) 100vw, 1024px\" \/><\/figure>\n\n\n\n<p><strong>Erinnern Sie sich an einen besonders bedeutenden Moment dieser Zusammenarbeit?<\/strong><\/p>\n\n\n\n<p>Als ich ihm die ersten Bilder des Sofas Prado schickte, antwortete er mit einer sehr einfachen Nachricht: \u201eThank you for this very Roset design.\u201c F\u00fcr mich war das ein enormes Kompliment, denn es bedeutete, dass er den Geist des Unternehmens vollkommen erkannt hatte.<\/p>\n\n\n<div class=\"board\">\n      <div class=\"board-items masonry-grid\">\n      <div class=\"board-item masonry-item\">\n  <div class=\"board-product\" style=\"padding-top:125%\">\n    <img decoding=\"async\" src=\"https:\/\/www.mohd.it\/wp-content\/uploads\/2026\/03\/Ligne-Roset-Prado-Christian-Werner.png\" \/>\n    <div class=\"content\">\n      <span class=\"brand\">Ligne Roset<\/span>      <span class=\"name\">Prado<\/span>\n    <\/div>\n    <div class=\"actions\">\n              <a href=\"https:\/\/shopmohd.com\/de\/prado-sofa.html\" class=\"button\">Acquista<\/a>\n            \t\t          <\/div>\n  <\/div>\n    <\/div>\n<div class=\"board-item masonry-item\">\n  <div class=\"board-product\" style=\"padding-top:125%\">\n    <img decoding=\"async\" src=\"https:\/\/www.mohd.it\/wp-content\/uploads\/2026\/03\/Ligne-Roset-Telen-Christian-Werner.png\" \/>\n    <div class=\"content\">\n      <span class=\"brand\">Ligne Roset<\/span>      <span class=\"name\">Telen<\/span>\n    <\/div>\n    <div class=\"actions\">\n              <a href=\"https:\/\/shopmohd.com\/de\/telen-sofa-coda-petrole-762.html\" class=\"button\">Acquista<\/a>\n            \t\t          <\/div>\n  <\/div>\n    <\/div>\n    <\/div>\n    <\/div>\n\n\n\n<p><strong>Welche Rolle spielt Emotion in Ihrem Designprozess?<\/strong><\/p>\n\n\n\n<p>Eine zentrale Rolle. Michel Roset misst dem Design einen sehr starken emotionalen Wert bei \u2013 vielleicht st\u00e4rker, als wir Deutschen es gewohnt sind, denen oft ein eher technischer und analytischer Ansatz zugeschrieben wird. Nat\u00fcrlich sind Konstruktion, gestalterische Intelligenz und Details essenziell, aber sie reichen nicht aus. Am Ende entwerfen wir f\u00fcr Menschen \u2013 und Menschen sind emotionale und soziale Wesen.<\/p>\n\n\n\n<div style=\"height:30px\" aria-hidden=\"true\" class=\"wp-block-spacer\"><\/div>\n\n\n\n<p><strong>Wie flie\u00dft diese menschliche Dimension in die von Ihnen entworfenen Objekte ein?<\/strong><\/p>\n\n\n\n<p>Design muss unsere Sensibilit\u00e4t ansprechen, nicht nur unsere Rationalit\u00e4t. Es geht nicht darum, etwas Dekoratives oder Oberfl\u00e4chliches zu schaffen, sondern Objekte, die Ruhe, Vertrautheit und Beziehung vermitteln. Ein gutes Projekt dr\u00e4ngt sich nicht auf \u2013 es begleitet. Und vielleicht ist genau das bis heute meine tiefste Vorstellung von Design.<\/p>\n","protected":false},"excerpt":{"rendered":"<p>Ein Gespr\u00e4ch mit Christian Werner \u00fcber Design als koh\u00e4rente, emotionale und bewusst zur\u00fcckhaltende Praxis \u2013 zwischen Methode, Haltung und dem Dialog mit Marken.<\/p>\n","protected":false},"author":18,"featured_media":116768,"comment_status":"closed","ping_status":"closed","sticky":false,"template":"","format":"standard","meta":{"footnotes":""},"categories":[484],"tags":[],"class_list":["post-116814","post","type-post","status-publish","format-standard","has-post-thumbnail","hentry","category-designerportraets"],"yoast_head":"<!-- This site is optimized with the Yoast SEO plugin v24.0 - https:\/\/yoast.com\/wordpress\/plugins\/seo\/ -->\n<title>Christian Werner: Koh\u00e4renz und Design - Mohd<\/title>\n<meta name=\"description\" content=\"Ein Interview mit Christian Werner \u00fcber Design als koh\u00e4rente und emotionale Praxis, gepr\u00e4gt von Haltung, Methode und dem Dialog mit Marken.\" \/>\n<meta name=\"robots\" content=\"index, follow, max-snippet:-1, max-image-preview:large, max-video-preview:-1\" \/>\n<link rel=\"canonical\" href=\"https:\/\/www.mohd.it\/de\/magazine\/christian-werner-und-der-wert-gestalterischer-kohaerenz-im-design\/\" \/>\n<meta property=\"og:locale\" content=\"de_DE\" \/>\n<meta property=\"og:type\" content=\"article\" \/>\n<meta property=\"og:title\" content=\"Christian Werner: Koh\u00e4renz und Design - Mohd\" \/>\n<meta property=\"og:description\" content=\"Ein Interview mit Christian Werner \u00fcber Design als koh\u00e4rente und emotionale Praxis, gepr\u00e4gt von Haltung, Methode und dem Dialog mit Marken.\" \/>\n<meta property=\"og:url\" content=\"https:\/\/www.mohd.it\/de\/magazine\/christian-werner-und-der-wert-gestalterischer-kohaerenz-im-design\/\" \/>\n<meta property=\"og:site_name\" content=\"Mohd\" \/>\n<meta property=\"article:publisher\" content=\"https:\/\/www.facebook.com\/mollurahomedesign\" \/>\n<meta property=\"article:published_time\" content=\"2026-03-20T09:00:00+00:00\" \/>\n<meta property=\"article:modified_time\" content=\"2026-03-19T17:01:48+00:00\" \/>\n<meta property=\"og:image\" content=\"https:\/\/www.mohd.it\/wp-content\/uploads\/2026\/03\/Christian-Werner.png\" \/>\n\t<meta property=\"og:image:width\" content=\"1300\" \/>\n\t<meta property=\"og:image:height\" content=\"980\" \/>\n\t<meta property=\"og:image:type\" content=\"image\/png\" \/>\n<meta name=\"author\" content=\"Noemi Cris\u00e0\" \/>\n<meta name=\"twitter:card\" content=\"summary_large_image\" \/>\n<meta name=\"twitter:creator\" content=\"@mohd_homedesign\" \/>\n<meta name=\"twitter:site\" content=\"@mohd_homedesign\" \/>\n<meta name=\"twitter:label1\" content=\"Verfasst von\" \/>\n\t<meta name=\"twitter:data1\" content=\"Noemi Cris\u00e0\" \/>\n\t<meta name=\"twitter:label2\" content=\"Gesch\u00e4tzte Lesezeit\" \/>\n\t<meta name=\"twitter:data2\" content=\"6\u00a0Minuten\" \/>\n<script type=\"application\/ld+json\" class=\"yoast-schema-graph\">{\"@context\":\"https:\/\/schema.org\",\"@graph\":[{\"@type\":\"Article\",\"@id\":\"https:\/\/www.mohd.it\/de\/magazine\/christian-werner-und-der-wert-gestalterischer-kohaerenz-im-design\/#article\",\"isPartOf\":{\"@id\":\"https:\/\/www.mohd.it\/de\/magazine\/christian-werner-und-der-wert-gestalterischer-kohaerenz-im-design\/\"},\"author\":{\"name\":\"Noemi Cris\u00e0\",\"@id\":\"https:\/\/www.mohd.it\/de\/#\/schema\/person\/d237bc94bea0bfe5020d1c41b41f6af2\"},\"headline\":\"Christian Werner und der Wert gestalterischer Koh\u00e4renz im Design\",\"datePublished\":\"2026-03-20T09:00:00+00:00\",\"dateModified\":\"2026-03-19T17:01:48+00:00\",\"mainEntityOfPage\":{\"@id\":\"https:\/\/www.mohd.it\/de\/magazine\/christian-werner-und-der-wert-gestalterischer-kohaerenz-im-design\/\"},\"wordCount\":907,\"publisher\":{\"@id\":\"https:\/\/www.mohd.it\/de\/#organization\"},\"image\":{\"@id\":\"https:\/\/www.mohd.it\/de\/magazine\/christian-werner-und-der-wert-gestalterischer-kohaerenz-im-design\/#primaryimage\"},\"thumbnailUrl\":\"https:\/\/www.mohd.it\/wp-content\/uploads\/2026\/03\/Christian-Werner.png\",\"articleSection\":[\"Designerportr\u00e4ts\"],\"inLanguage\":\"de\"},{\"@type\":\"WebPage\",\"@id\":\"https:\/\/www.mohd.it\/de\/magazine\/christian-werner-und-der-wert-gestalterischer-kohaerenz-im-design\/\",\"url\":\"https:\/\/www.mohd.it\/de\/magazine\/christian-werner-und-der-wert-gestalterischer-kohaerenz-im-design\/\",\"name\":\"Christian Werner: Koh\u00e4renz und Design - Mohd\",\"isPartOf\":{\"@id\":\"https:\/\/www.mohd.it\/de\/#website\"},\"primaryImageOfPage\":{\"@id\":\"https:\/\/www.mohd.it\/de\/magazine\/christian-werner-und-der-wert-gestalterischer-kohaerenz-im-design\/#primaryimage\"},\"image\":{\"@id\":\"https:\/\/www.mohd.it\/de\/magazine\/christian-werner-und-der-wert-gestalterischer-kohaerenz-im-design\/#primaryimage\"},\"thumbnailUrl\":\"https:\/\/www.mohd.it\/wp-content\/uploads\/2026\/03\/Christian-Werner.png\",\"datePublished\":\"2026-03-20T09:00:00+00:00\",\"dateModified\":\"2026-03-19T17:01:48+00:00\",\"description\":\"Ein Interview mit Christian Werner \u00fcber Design als koh\u00e4rente und emotionale Praxis, gepr\u00e4gt von Haltung, Methode und dem Dialog mit Marken.\",\"breadcrumb\":{\"@id\":\"https:\/\/www.mohd.it\/de\/magazine\/christian-werner-und-der-wert-gestalterischer-kohaerenz-im-design\/#breadcrumb\"},\"inLanguage\":\"de\",\"potentialAction\":[{\"@type\":\"ReadAction\",\"target\":[\"https:\/\/www.mohd.it\/de\/magazine\/christian-werner-und-der-wert-gestalterischer-kohaerenz-im-design\/\"]}]},{\"@type\":\"ImageObject\",\"inLanguage\":\"de\",\"@id\":\"https:\/\/www.mohd.it\/de\/magazine\/christian-werner-und-der-wert-gestalterischer-kohaerenz-im-design\/#primaryimage\",\"url\":\"https:\/\/www.mohd.it\/wp-content\/uploads\/2026\/03\/Christian-Werner.png\",\"contentUrl\":\"https:\/\/www.mohd.it\/wp-content\/uploads\/2026\/03\/Christian-Werner.png\",\"width\":1300,\"height\":980,\"caption\":\"Christian Werner\"},{\"@type\":\"BreadcrumbList\",\"@id\":\"https:\/\/www.mohd.it\/de\/magazine\/christian-werner-und-der-wert-gestalterischer-kohaerenz-im-design\/#breadcrumb\",\"itemListElement\":[{\"@type\":\"ListItem\",\"position\":1,\"name\":\"Home\",\"item\":\"https:\/\/www.mohd.it\/de\/\"},{\"@type\":\"ListItem\",\"position\":2,\"name\":\"Christian Werner und der Wert gestalterischer Koh\u00e4renz im Design\"}]},{\"@type\":\"WebSite\",\"@id\":\"https:\/\/www.mohd.it\/de\/#website\",\"url\":\"https:\/\/www.mohd.it\/de\/\",\"name\":\"Mohd\",\"description\":\"\",\"publisher\":{\"@id\":\"https:\/\/www.mohd.it\/de\/#organization\"},\"potentialAction\":[{\"@type\":\"SearchAction\",\"target\":{\"@type\":\"EntryPoint\",\"urlTemplate\":\"https:\/\/www.mohd.it\/de\/?s={search_term_string}\"},\"query-input\":{\"@type\":\"PropertyValueSpecification\",\"valueRequired\":true,\"valueName\":\"search_term_string\"}}],\"inLanguage\":\"de\"},{\"@type\":\"Organization\",\"@id\":\"https:\/\/www.mohd.it\/de\/#organization\",\"name\":\"Mollura & C. SPA\",\"url\":\"https:\/\/www.mohd.it\/de\/\",\"logo\":{\"@type\":\"ImageObject\",\"inLanguage\":\"de\",\"@id\":\"https:\/\/www.mohd.it\/de\/#\/schema\/logo\/image\/\",\"url\":\"https:\/\/www.mohd.it\/wp-content\/uploads\/2020\/09\/mohd-logo.png\",\"contentUrl\":\"https:\/\/www.mohd.it\/wp-content\/uploads\/2020\/09\/mohd-logo.png\",\"width\":600,\"height\":600,\"caption\":\"Mollura & C. SPA\"},\"image\":{\"@id\":\"https:\/\/www.mohd.it\/de\/#\/schema\/logo\/image\/\"},\"sameAs\":[\"https:\/\/www.facebook.com\/mollurahomedesign\",\"https:\/\/x.com\/mohd_homedesign\",\"https:\/\/www.instagram.com\/mohd_homedesign\/\",\"https:\/\/it.linkedin.com\/company\/mohd-mollura-home-design\",\"https:\/\/www.pinterest.it\/mohdhomedesign\/\",\"https:\/\/www.youtube.com\/channel\/UCYLuPff6hq4z_o0GO0w1yaA\"]},{\"@type\":\"Person\",\"@id\":\"https:\/\/www.mohd.it\/de\/#\/schema\/person\/d237bc94bea0bfe5020d1c41b41f6af2\",\"name\":\"Noemi Cris\u00e0\",\"image\":{\"@type\":\"ImageObject\",\"inLanguage\":\"de\",\"@id\":\"https:\/\/www.mohd.it\/de\/#\/schema\/person\/image\/\",\"url\":\"https:\/\/secure.gravatar.com\/avatar\/6f959897d20f7190d0b1a9b0a1518d13?s=96&d=mm&r=g\",\"contentUrl\":\"https:\/\/secure.gravatar.com\/avatar\/6f959897d20f7190d0b1a9b0a1518d13?s=96&d=mm&r=g\",\"caption\":\"Noemi Cris\u00e0\"},\"url\":\"https:\/\/www.mohd.it\/de\/magazine\/author\/noemi\/\"}]}<\/script>\n<!-- \/ Yoast SEO plugin. -->","yoast_head_json":{"title":"Christian Werner: Koh\u00e4renz und Design - Mohd","description":"Ein Interview mit Christian Werner \u00fcber Design als koh\u00e4rente und emotionale Praxis, gepr\u00e4gt von Haltung, Methode und dem Dialog mit Marken.","robots":{"index":"index","follow":"follow","max-snippet":"max-snippet:-1","max-image-preview":"max-image-preview:large","max-video-preview":"max-video-preview:-1"},"canonical":"https:\/\/www.mohd.it\/de\/magazine\/christian-werner-und-der-wert-gestalterischer-kohaerenz-im-design\/","og_locale":"de_DE","og_type":"article","og_title":"Christian Werner: Koh\u00e4renz und Design - Mohd","og_description":"Ein Interview mit Christian Werner \u00fcber Design als koh\u00e4rente und emotionale Praxis, gepr\u00e4gt von Haltung, Methode und dem Dialog mit Marken.","og_url":"https:\/\/www.mohd.it\/de\/magazine\/christian-werner-und-der-wert-gestalterischer-kohaerenz-im-design\/","og_site_name":"Mohd","article_publisher":"https:\/\/www.facebook.com\/mollurahomedesign","article_published_time":"2026-03-20T09:00:00+00:00","article_modified_time":"2026-03-19T17:01:48+00:00","og_image":[{"width":1300,"height":980,"url":"https:\/\/www.mohd.it\/wp-content\/uploads\/2026\/03\/Christian-Werner.png","type":"image\/png"}],"author":"Noemi Cris\u00e0","twitter_card":"summary_large_image","twitter_creator":"@mohd_homedesign","twitter_site":"@mohd_homedesign","twitter_misc":{"Verfasst von":"Noemi Cris\u00e0","Gesch\u00e4tzte Lesezeit":"6\u00a0Minuten"},"schema":{"@context":"https:\/\/schema.org","@graph":[{"@type":"Article","@id":"https:\/\/www.mohd.it\/de\/magazine\/christian-werner-und-der-wert-gestalterischer-kohaerenz-im-design\/#article","isPartOf":{"@id":"https:\/\/www.mohd.it\/de\/magazine\/christian-werner-und-der-wert-gestalterischer-kohaerenz-im-design\/"},"author":{"name":"Noemi Cris\u00e0","@id":"https:\/\/www.mohd.it\/de\/#\/schema\/person\/d237bc94bea0bfe5020d1c41b41f6af2"},"headline":"Christian Werner und der Wert gestalterischer Koh\u00e4renz im Design","datePublished":"2026-03-20T09:00:00+00:00","dateModified":"2026-03-19T17:01:48+00:00","mainEntityOfPage":{"@id":"https:\/\/www.mohd.it\/de\/magazine\/christian-werner-und-der-wert-gestalterischer-kohaerenz-im-design\/"},"wordCount":907,"publisher":{"@id":"https:\/\/www.mohd.it\/de\/#organization"},"image":{"@id":"https:\/\/www.mohd.it\/de\/magazine\/christian-werner-und-der-wert-gestalterischer-kohaerenz-im-design\/#primaryimage"},"thumbnailUrl":"https:\/\/www.mohd.it\/wp-content\/uploads\/2026\/03\/Christian-Werner.png","articleSection":["Designerportr\u00e4ts"],"inLanguage":"de"},{"@type":"WebPage","@id":"https:\/\/www.mohd.it\/de\/magazine\/christian-werner-und-der-wert-gestalterischer-kohaerenz-im-design\/","url":"https:\/\/www.mohd.it\/de\/magazine\/christian-werner-und-der-wert-gestalterischer-kohaerenz-im-design\/","name":"Christian Werner: Koh\u00e4renz und Design - Mohd","isPartOf":{"@id":"https:\/\/www.mohd.it\/de\/#website"},"primaryImageOfPage":{"@id":"https:\/\/www.mohd.it\/de\/magazine\/christian-werner-und-der-wert-gestalterischer-kohaerenz-im-design\/#primaryimage"},"image":{"@id":"https:\/\/www.mohd.it\/de\/magazine\/christian-werner-und-der-wert-gestalterischer-kohaerenz-im-design\/#primaryimage"},"thumbnailUrl":"https:\/\/www.mohd.it\/wp-content\/uploads\/2026\/03\/Christian-Werner.png","datePublished":"2026-03-20T09:00:00+00:00","dateModified":"2026-03-19T17:01:48+00:00","description":"Ein Interview mit Christian Werner \u00fcber Design als koh\u00e4rente und emotionale Praxis, gepr\u00e4gt von Haltung, Methode und dem Dialog mit Marken.","breadcrumb":{"@id":"https:\/\/www.mohd.it\/de\/magazine\/christian-werner-und-der-wert-gestalterischer-kohaerenz-im-design\/#breadcrumb"},"inLanguage":"de","potentialAction":[{"@type":"ReadAction","target":["https:\/\/www.mohd.it\/de\/magazine\/christian-werner-und-der-wert-gestalterischer-kohaerenz-im-design\/"]}]},{"@type":"ImageObject","inLanguage":"de","@id":"https:\/\/www.mohd.it\/de\/magazine\/christian-werner-und-der-wert-gestalterischer-kohaerenz-im-design\/#primaryimage","url":"https:\/\/www.mohd.it\/wp-content\/uploads\/2026\/03\/Christian-Werner.png","contentUrl":"https:\/\/www.mohd.it\/wp-content\/uploads\/2026\/03\/Christian-Werner.png","width":1300,"height":980,"caption":"Christian Werner"},{"@type":"BreadcrumbList","@id":"https:\/\/www.mohd.it\/de\/magazine\/christian-werner-und-der-wert-gestalterischer-kohaerenz-im-design\/#breadcrumb","itemListElement":[{"@type":"ListItem","position":1,"name":"Home","item":"https:\/\/www.mohd.it\/de\/"},{"@type":"ListItem","position":2,"name":"Christian Werner und der Wert gestalterischer Koh\u00e4renz im Design"}]},{"@type":"WebSite","@id":"https:\/\/www.mohd.it\/de\/#website","url":"https:\/\/www.mohd.it\/de\/","name":"Mohd","description":"","publisher":{"@id":"https:\/\/www.mohd.it\/de\/#organization"},"potentialAction":[{"@type":"SearchAction","target":{"@type":"EntryPoint","urlTemplate":"https:\/\/www.mohd.it\/de\/?s={search_term_string}"},"query-input":{"@type":"PropertyValueSpecification","valueRequired":true,"valueName":"search_term_string"}}],"inLanguage":"de"},{"@type":"Organization","@id":"https:\/\/www.mohd.it\/de\/#organization","name":"Mollura & C. SPA","url":"https:\/\/www.mohd.it\/de\/","logo":{"@type":"ImageObject","inLanguage":"de","@id":"https:\/\/www.mohd.it\/de\/#\/schema\/logo\/image\/","url":"https:\/\/www.mohd.it\/wp-content\/uploads\/2020\/09\/mohd-logo.png","contentUrl":"https:\/\/www.mohd.it\/wp-content\/uploads\/2020\/09\/mohd-logo.png","width":600,"height":600,"caption":"Mollura & C. SPA"},"image":{"@id":"https:\/\/www.mohd.it\/de\/#\/schema\/logo\/image\/"},"sameAs":["https:\/\/www.facebook.com\/mollurahomedesign","https:\/\/x.com\/mohd_homedesign","https:\/\/www.instagram.com\/mohd_homedesign\/","https:\/\/it.linkedin.com\/company\/mohd-mollura-home-design","https:\/\/www.pinterest.it\/mohdhomedesign\/","https:\/\/www.youtube.com\/channel\/UCYLuPff6hq4z_o0GO0w1yaA"]},{"@type":"Person","@id":"https:\/\/www.mohd.it\/de\/#\/schema\/person\/d237bc94bea0bfe5020d1c41b41f6af2","name":"Noemi Cris\u00e0","image":{"@type":"ImageObject","inLanguage":"de","@id":"https:\/\/www.mohd.it\/de\/#\/schema\/person\/image\/","url":"https:\/\/secure.gravatar.com\/avatar\/6f959897d20f7190d0b1a9b0a1518d13?s=96&d=mm&r=g","contentUrl":"https:\/\/secure.gravatar.com\/avatar\/6f959897d20f7190d0b1a9b0a1518d13?s=96&d=mm&r=g","caption":"Noemi Cris\u00e0"},"url":"https:\/\/www.mohd.it\/de\/magazine\/author\/noemi\/"}]}},"image":"https:\/\/www.mohd.it\/wp-content\/uploads\/2026\/03\/Christian-Werner-800x600.png","category":"Designerportr\u00e4ts","_links":{"self":[{"href":"https:\/\/www.mohd.it\/de\/wp-json\/wp\/v2\/posts\/116814","targetHints":{"allow":["GET"]}}],"collection":[{"href":"https:\/\/www.mohd.it\/de\/wp-json\/wp\/v2\/posts"}],"about":[{"href":"https:\/\/www.mohd.it\/de\/wp-json\/wp\/v2\/types\/post"}],"author":[{"embeddable":true,"href":"https:\/\/www.mohd.it\/de\/wp-json\/wp\/v2\/users\/18"}],"replies":[{"embeddable":true,"href":"https:\/\/www.mohd.it\/de\/wp-json\/wp\/v2\/comments?post=116814"}],"version-history":[{"count":3,"href":"https:\/\/www.mohd.it\/de\/wp-json\/wp\/v2\/posts\/116814\/revisions"}],"predecessor-version":[{"id":116831,"href":"https:\/\/www.mohd.it\/de\/wp-json\/wp\/v2\/posts\/116814\/revisions\/116831"}],"wp:featuredmedia":[{"embeddable":true,"href":"https:\/\/www.mohd.it\/de\/wp-json\/wp\/v2\/media\/116768"}],"wp:attachment":[{"href":"https:\/\/www.mohd.it\/de\/wp-json\/wp\/v2\/media?parent=116814"}],"wp:term":[{"taxonomy":"category","embeddable":true,"href":"https:\/\/www.mohd.it\/de\/wp-json\/wp\/v2\/categories?post=116814"},{"taxonomy":"post_tag","embeddable":true,"href":"https:\/\/www.mohd.it\/de\/wp-json\/wp\/v2\/tags?post=116814"}],"curies":[{"name":"wp","href":"https:\/\/api.w.org\/{rel}","templated":true}]}}