{"id":117709,"date":"2026-04-02T10:00:00","date_gmt":"2026-04-02T08:00:00","guid":{"rendered":"https:\/\/www.mohd.it\/?p=117709"},"modified":"2026-04-02T10:00:12","modified_gmt":"2026-04-02T08:00:12","slug":"vitra-im-fruehling-der-alltag-oeffnet-sich-nach-aussen","status":"publish","type":"post","link":"https:\/\/www.mohd.it\/de\/magazine\/vitra-im-fruehling-der-alltag-oeffnet-sich-nach-aussen\/","title":{"rendered":"Vitra im Fr\u00fchling: Der Alltag \u00f6ffnet sich nach au\u00dfen"},"content":{"rendered":"\n<p>Mit <strong><a href=\"https:\/\/shopmohd.com\/de\/marken\/vitra\/home-stories.html\">Home Stories for Spring<\/a><\/strong> versteht <strong><a href=\"https:\/\/shopmohd.com\/de\/marken\/vitra.html\">Vitra<\/a><\/strong> das Zuhause als ein sich wandelndes Gef\u00fcge, in dem Licht, Farbe und Material sich mit feiner Zur\u00fcckhaltung erneuern. Neue Farbpaletten und Textilien ver\u00e4ndern die Atmosph\u00e4re der Innenr\u00e4ume und er\u00f6ffnen eine flie\u00dfendere Art des Wohnens, die den \u00dcbergang zwischen innen und au\u00dfen selbstverst\u00e4ndlich integriert.<\/p>\n\n\n\n<p>Das Boucl\u00e9-Gewebe Flocca tritt als zentrales Element dieser materiellen Erz\u00e4hlung hervor. Samtig und zugleich \u00fcberraschend glatt im Griff, zeichnet es sich durch ein dichtes Mischgewebe aus Wolle und Acryl aus, das visuelle Tiefe und eine nahezu gepolsterte F\u00fclle vermittelt.<\/p>\n\n\n\n<p>Auf ikonischen Sitzm\u00f6beln wie <strong>Mikado<\/strong>, dem <strong>Eames Aluminium Chair<\/strong> sowie dem <strong>Slow Sofa<\/strong> und der <strong>Slow Chair<\/strong> eingesetzt, schafft es eine taktile Dimension, die zugleich einladend und pr\u00e4zise wirkt. Die Farbpalette \u2013 mit sieben abgestimmten Nuancen von zur\u00fcckhaltenden T\u00f6nen bis zu satteren Farben \u2013 f\u00fcgt sich in die Struktur der Objekte ein und tr\u00e4gt zur Gestaltung koh\u00e4renter R\u00e4ume bei, gepr\u00e4gt von einer subtilen, aber sp\u00fcrbaren materiellen Kontinuit\u00e4t.<\/p>\n\n\n<div class=\"board\">\n      <div class=\"board-items masonry-grid\">\n      <div class=\"board-item masonry-item\">\n  <div class=\"board-product\" style=\"padding-top:125%\">\n    <img decoding=\"async\" src=\"https:\/\/www.mohd.it\/wp-content\/uploads\/2026\/04\/Vitra-Home-Stories-for-Spring-Mikado.png\" \/>\n    <div class=\"content\">\n      <span class=\"brand\">Vitra<\/span>      <span class=\"name\">Mikado<\/span>\n    <\/div>\n    <div class=\"actions\">\n              <a href=\"https:\/\/shopmohd.com\/de\/mikado-armstuhl.html\" class=\"button\">Acquista<\/a>\n            \t\t          <\/div>\n  <\/div>\n    <\/div>\n<div class=\"board-item masonry-item\">\n  <div class=\"board-product\" style=\"padding-top:125%\">\n    <img decoding=\"async\" src=\"https:\/\/www.mohd.it\/wp-content\/uploads\/2026\/04\/Eames-Aluminium-Chair.png\" \/>\n    <div class=\"content\">\n      <span class=\"brand\">Vitra<\/span>      <span class=\"name\">Kollektion Aluminium Chairs EA<\/span>\n    <\/div>\n    <div class=\"actions\">\n              <a href=\"https:\/\/shopmohd.com\/de\/marken\/vitra\/aluminium-chairs.html\" class=\"button\">Acquista<\/a>\n            \t\t          <\/div>\n  <\/div>\n    <\/div>\n    <\/div>\n    <\/div>\n\n\n\n<p>Parallel dazu entwickelt sich eine Reflexion \u00fcber Vielseitigkeit. Sitzm\u00f6bel wie <strong>Tip Ton RE<\/strong>, <strong>Eames Wire Chair<\/strong> und <strong>Landi<\/strong> bewegen sich selbstverst\u00e4ndlich zwischen Innen- und Au\u00dfenraum und spiegeln eine zeitgen\u00f6ssische Wohnkultur wider, die auf Anpassungsf\u00e4higkeit und Kontinuit\u00e4t setzt. Klare Linien und langlebige Materialien begleiten unterschiedliche Nutzungen im Alltag \u2013 vom Arbeiten bis zur Entspannung.<\/p>\n\n\n<div class=\"board\">\n      <div class=\"board-items masonry-grid\">\n      <div class=\"board-item masonry-item\">\n  <div class=\"board-product\" style=\"padding-top:125%\">\n    <img decoding=\"async\" src=\"https:\/\/www.mohd.it\/wp-content\/uploads\/2026\/04\/Vitra-Home-Stories-for-Spring-Slow-Sofa.png\" \/>\n    <div class=\"content\">\n      <span class=\"brand\">Vitra<\/span>      <span class=\"name\">Slow Sofa<\/span>\n    <\/div>\n    <div class=\"actions\">\n              <a href=\"https:\/\/shop.mohd.it\/it\/slow-sofa-divano-tessuto.html\" class=\"button\">Acquista<\/a>\n            \t\t          <\/div>\n  <\/div>\n    <\/div>\n<div class=\"board-item masonry-item\">\n  <div class=\"board-product\" style=\"padding-top:125%\">\n    <img decoding=\"async\" src=\"https:\/\/www.mohd.it\/wp-content\/uploads\/2026\/04\/Vitra-Home-Stories-for-Spring-Slow-Chair.png\" \/>\n    <div class=\"content\">\n      <span class=\"brand\">Vitra<\/span>      <span class=\"name\">Slow Chair<\/span>\n    <\/div>\n    <div class=\"actions\">\n              <a href=\"https:\/\/shop.mohd.it\/it\/slow-chair-poltrona-tessuto.html\" class=\"button\">Acquista<\/a>\n            \t\t          <\/div>\n  <\/div>\n    <\/div>\n<div class=\"board-item masonry-item\">\n  <div class=\"board-product\" style=\"padding-top:125%\">\n    <img decoding=\"async\" src=\"https:\/\/www.mohd.it\/wp-content\/uploads\/2026\/04\/Vitra-Home-Stories-for-Spring-Landi.png\" \/>\n    <div class=\"content\">\n      <span class=\"brand\">Vitra<\/span>      <span class=\"name\">Landi<\/span>\n    <\/div>\n    <div class=\"actions\">\n              <a href=\"https:\/\/shop.mohd.it\/it\/landi-chair-sedia-in-alluminio.html\" class=\"button\">Acquista<\/a>\n            \t\t          <\/div>\n  <\/div>\n    <\/div>\n<div class=\"board-item masonry-item\">\n  <div class=\"board-product\" style=\"padding-top:125%\">\n    <img decoding=\"async\" src=\"https:\/\/www.mohd.it\/wp-content\/uploads\/2026\/04\/Vitra-Home-Stories-for-Spring-Tip-Ton.png\" \/>\n    <div class=\"content\">\n      <span class=\"brand\">Vitra<\/span>      <span class=\"name\">TipTon RE<\/span>\n    <\/div>\n    <div class=\"actions\">\n              <a href=\"https:\/\/shopmohd.com\/de\/tip-ton-stuhl.html\" class=\"button\">Acquista<\/a>\n            \t\t          <\/div>\n  <\/div>\n    <\/div>\n    <\/div>\n    <\/div>\n\n\n\n<p>Das Untergestell La Fonda er\u00f6ffnet eine neue Lesart des <strong>Eames Shell Chair<\/strong>. Durch einen pr\u00e4zisen Eingriff wird seine Pr\u00e4senz neu definiert und gleichzeitig sein Charakter bewahrt, w\u00e4hrend sich die gestalterischen M\u00f6glichkeiten erweitern.<\/p>\n\n\n\n<figure class=\"wp-block-image size-large\"><img loading=\"lazy\" decoding=\"async\" width=\"1024\" height=\"576\" src=\"https:\/\/www.mohd.it\/wp-content\/uploads\/2026\/04\/Vitra-Home-Stories-for-Spring-Eames-Plastic-Chair-1-1024x576.png\" alt=\"Vitra Home Stories for Spring Eames Plastic Chair\" class=\"wp-image-117644\" srcset=\"https:\/\/www.mohd.it\/wp-content\/uploads\/2026\/04\/Vitra-Home-Stories-for-Spring-Eames-Plastic-Chair-1-1024x576.png 1024w, https:\/\/www.mohd.it\/wp-content\/uploads\/2026\/04\/Vitra-Home-Stories-for-Spring-Eames-Plastic-Chair-1-300x169.png 300w, https:\/\/www.mohd.it\/wp-content\/uploads\/2026\/04\/Vitra-Home-Stories-for-Spring-Eames-Plastic-Chair-1-768x432.png 768w, https:\/\/www.mohd.it\/wp-content\/uploads\/2026\/04\/Vitra-Home-Stories-for-Spring-Eames-Plastic-Chair-1-1536x864.png 1536w, https:\/\/www.mohd.it\/wp-content\/uploads\/2026\/04\/Vitra-Home-Stories-for-Spring-Eames-Plastic-Chair-1.png 1920w\" sizes=\"auto, (max-width: 1024px) 100vw, 1024px\" \/><\/figure>\n\n\n\n<p>Im Au\u00dfenbereich erg\u00e4nzt das Bikini Outdoor Kissen die Drahtstruktur des Eames Wire Chair durch eine weiche, pr\u00e4zise gesetzte Komponente. Es besteht aus zwei separaten Elementen f\u00fcr Sitz und R\u00fcckenlehne, folgt exakt der Form der Schale und bewahrt deren Leichtigkeit und Transparenz.<br>In diesem Gleichgewicht zwischen Innen- und.<\/p>\n\n\n<div class=\"board\">\n      <div class=\"board-items masonry-grid\">\n      <div class=\"board-item masonry-item\">\n  <div class=\"board-product\" style=\"padding-top:125%\">\n    <img decoding=\"async\" src=\"https:\/\/www.mohd.it\/wp-content\/uploads\/2026\/04\/Vitra-Home-Stories-for-Spring-Wire-Chair.png\" \/>\n    <div class=\"content\">\n      <span class=\"brand\">Vitra<\/span>      <span class=\"name\">Wire Chair LKR Colours<\/span>\n    <\/div>\n    <div class=\"actions\">\n              <a href=\"https:\/\/shopmohd.com\/de\/wire-chair-lkr-colours-sessel.html\" class=\"button\">Acquista<\/a>\n            \t\t          <\/div>\n  <\/div>\n    <\/div>\n<div class=\"board-item masonry-item\">\n  <div class=\"spotted-image\">\n    <span class=\"img-spacer\" style=\"padding-top: 125%;\">\n      <img decoding=\"async\" src=\"https:\/\/www.mohd.it\/wp-content\/uploads\/2026\/04\/Vitra-Home-Stories-for-Spring-Eames-Plastic-Chair.png\" \/>\n    <\/span>\n                <span class=\"product small\">\n        <span class=\"point\" style=\"top: 50.074074074074%; left: 25.185185185185%;\"><\/span>\n                <div class=\"product-board-card\">\n          <div class=\"content\">\n            <span class=\"brand\">Vitra<\/span>            <span class=\"name\">Eames Plastic Armchair RE DAL Stuhl &#8211; La Fonda\/Wei\u00df<\/span>\n            <div class=\"actions\">\n                              <a href=\"https:\/\/shopmohd.com\/de\/eames-plastic-armchair-re-dal-stuhl-la-fondaweiss.html\" class=\"button\">Acquista<\/a>\n                            \t\t\t \t \t\t\t              <\/div>\n          <\/div>\n        <\/div>\n      <\/span>\n                  <span class=\"product small\">\n        <span class=\"point\" style=\"top: 24.37037037037%; left: 82.5%;\"><\/span>\n                <div class=\"product-board-card\">\n          <div class=\"content\">\n            <span class=\"brand\">Vitra<\/span>            <span class=\"name\">Eames Plastic Side Chair RE DSL Stuhl &#8211; La Fonda\/Wei\u00df<\/span>\n            <div class=\"actions\">\n                              <a href=\"https:\/\/shopmohd.com\/de\/eames-plastic-side-chair-re-dsl-stuhl-la-fondaweiss.html\" class=\"button\">Acquista<\/a>\n                            \t\t\t \t \t\t\t              <\/div>\n          <\/div>\n        <\/div>\n      <\/span>\n        <\/div>\n  <\/div>\n    <\/div>\n    <\/div>\n\n\n\n<p>Au\u00dfenraum findet Home Stories for Spring seine authentischste Ausdrucksform und formuliert eine neue Idee von Komfort: essenziell, anpassungsf\u00e4hig und im Einklang mit den Rhythmen und R\u00e4umen des zeitgen\u00f6ssischen Wohnens.<\/p>\n","protected":false},"excerpt":{"rendered":"<p>Mit Home Stories for Spring bringen neue Farbwelten und Produktneuheiten eine erneuerte Leichtigkeit in den Raum und definieren das Wohnen zwischen Innen- und Au\u00dfenbereich neu.<\/p>\n","protected":false},"author":18,"featured_media":117696,"comment_status":"closed","ping_status":"closed","sticky":false,"template":"","format":"standard","meta":{"footnotes":""},"categories":[482],"tags":[],"class_list":["post-117709","post","type-post","status-publish","format-standard","has-post-thumbnail","hentry","category-marken"],"yoast_head":"<!-- This site is optimized with the Yoast SEO plugin v24.0 - https:\/\/yoast.com\/wordpress\/plugins\/seo\/ -->\n<title>Vitra: Farben, Textilien und M\u00f6bel f\u00fcr die Saison - Mohd<\/title>\n<meta name=\"description\" content=\"Neue Farben, Textilien und Produktneuheiten f\u00fcr ein Leben im Fr\u00fchling zwischen Innen- und Au\u00dfenraum, gepr\u00e4gt von einer neuen Leichtigkeit.\" \/>\n<meta name=\"robots\" content=\"index, follow, max-snippet:-1, max-image-preview:large, max-video-preview:-1\" \/>\n<link rel=\"canonical\" href=\"https:\/\/www.mohd.it\/de\/magazine\/vitra-im-fruehling-der-alltag-oeffnet-sich-nach-aussen\/\" \/>\n<meta property=\"og:locale\" content=\"de_DE\" \/>\n<meta property=\"og:type\" content=\"article\" \/>\n<meta property=\"og:title\" content=\"Vitra: Farben, Textilien und M\u00f6bel f\u00fcr die Saison - Mohd\" \/>\n<meta property=\"og:description\" content=\"Neue Farben, Textilien und Produktneuheiten f\u00fcr ein Leben im Fr\u00fchling zwischen Innen- und Au\u00dfenraum, gepr\u00e4gt von einer neuen Leichtigkeit.\" \/>\n<meta property=\"og:url\" content=\"https:\/\/www.mohd.it\/de\/magazine\/vitra-im-fruehling-der-alltag-oeffnet-sich-nach-aussen\/\" \/>\n<meta property=\"og:site_name\" content=\"Mohd\" \/>\n<meta property=\"article:publisher\" content=\"https:\/\/www.facebook.com\/mollurahomedesign\" \/>\n<meta property=\"article:published_time\" content=\"2026-04-02T08:00:00+00:00\" \/>\n<meta property=\"article:modified_time\" content=\"2026-04-02T08:00:12+00:00\" \/>\n<meta property=\"og:image\" content=\"https:\/\/www.mohd.it\/wp-content\/uploads\/2026\/04\/Vitra-Home-Stories-for-Spring.png\" \/>\n\t<meta property=\"og:image:width\" content=\"1300\" \/>\n\t<meta property=\"og:image:height\" content=\"980\" \/>\n\t<meta property=\"og:image:type\" content=\"image\/png\" \/>\n<meta name=\"author\" content=\"Noemi Cris\u00e0\" \/>\n<meta name=\"twitter:card\" content=\"summary_large_image\" \/>\n<meta name=\"twitter:creator\" content=\"@mohd_homedesign\" \/>\n<meta name=\"twitter:site\" content=\"@mohd_homedesign\" \/>\n<meta name=\"twitter:label1\" content=\"Verfasst von\" \/>\n\t<meta name=\"twitter:data1\" content=\"Noemi Cris\u00e0\" \/>\n\t<meta name=\"twitter:label2\" content=\"Gesch\u00e4tzte Lesezeit\" \/>\n\t<meta name=\"twitter:data2\" content=\"3\u00a0Minuten\" \/>\n<script type=\"application\/ld+json\" class=\"yoast-schema-graph\">{\"@context\":\"https:\/\/schema.org\",\"@graph\":[{\"@type\":\"Article\",\"@id\":\"https:\/\/www.mohd.it\/de\/magazine\/vitra-im-fruehling-der-alltag-oeffnet-sich-nach-aussen\/#article\",\"isPartOf\":{\"@id\":\"https:\/\/www.mohd.it\/de\/magazine\/vitra-im-fruehling-der-alltag-oeffnet-sich-nach-aussen\/\"},\"author\":{\"name\":\"Noemi Cris\u00e0\",\"@id\":\"https:\/\/www.mohd.it\/de\/#\/schema\/person\/d237bc94bea0bfe5020d1c41b41f6af2\"},\"headline\":\"Vitra im Fr\u00fchling: Der Alltag \u00f6ffnet sich nach au\u00dfen\",\"datePublished\":\"2026-04-02T08:00:00+00:00\",\"dateModified\":\"2026-04-02T08:00:12+00:00\",\"mainEntityOfPage\":{\"@id\":\"https:\/\/www.mohd.it\/de\/magazine\/vitra-im-fruehling-der-alltag-oeffnet-sich-nach-aussen\/\"},\"wordCount\":368,\"publisher\":{\"@id\":\"https:\/\/www.mohd.it\/de\/#organization\"},\"image\":{\"@id\":\"https:\/\/www.mohd.it\/de\/magazine\/vitra-im-fruehling-der-alltag-oeffnet-sich-nach-aussen\/#primaryimage\"},\"thumbnailUrl\":\"https:\/\/www.mohd.it\/wp-content\/uploads\/2026\/04\/Vitra-Home-Stories-for-Spring.png\",\"articleSection\":[\"Marken\"],\"inLanguage\":\"de\"},{\"@type\":\"WebPage\",\"@id\":\"https:\/\/www.mohd.it\/de\/magazine\/vitra-im-fruehling-der-alltag-oeffnet-sich-nach-aussen\/\",\"url\":\"https:\/\/www.mohd.it\/de\/magazine\/vitra-im-fruehling-der-alltag-oeffnet-sich-nach-aussen\/\",\"name\":\"Vitra: Farben, Textilien und M\u00f6bel f\u00fcr die Saison - Mohd\",\"isPartOf\":{\"@id\":\"https:\/\/www.mohd.it\/de\/#website\"},\"primaryImageOfPage\":{\"@id\":\"https:\/\/www.mohd.it\/de\/magazine\/vitra-im-fruehling-der-alltag-oeffnet-sich-nach-aussen\/#primaryimage\"},\"image\":{\"@id\":\"https:\/\/www.mohd.it\/de\/magazine\/vitra-im-fruehling-der-alltag-oeffnet-sich-nach-aussen\/#primaryimage\"},\"thumbnailUrl\":\"https:\/\/www.mohd.it\/wp-content\/uploads\/2026\/04\/Vitra-Home-Stories-for-Spring.png\",\"datePublished\":\"2026-04-02T08:00:00+00:00\",\"dateModified\":\"2026-04-02T08:00:12+00:00\",\"description\":\"Neue Farben, Textilien und Produktneuheiten f\u00fcr ein Leben im Fr\u00fchling zwischen Innen- und Au\u00dfenraum, gepr\u00e4gt von einer neuen Leichtigkeit.\",\"breadcrumb\":{\"@id\":\"https:\/\/www.mohd.it\/de\/magazine\/vitra-im-fruehling-der-alltag-oeffnet-sich-nach-aussen\/#breadcrumb\"},\"inLanguage\":\"de\",\"potentialAction\":[{\"@type\":\"ReadAction\",\"target\":[\"https:\/\/www.mohd.it\/de\/magazine\/vitra-im-fruehling-der-alltag-oeffnet-sich-nach-aussen\/\"]}]},{\"@type\":\"ImageObject\",\"inLanguage\":\"de\",\"@id\":\"https:\/\/www.mohd.it\/de\/magazine\/vitra-im-fruehling-der-alltag-oeffnet-sich-nach-aussen\/#primaryimage\",\"url\":\"https:\/\/www.mohd.it\/wp-content\/uploads\/2026\/04\/Vitra-Home-Stories-for-Spring.png\",\"contentUrl\":\"https:\/\/www.mohd.it\/wp-content\/uploads\/2026\/04\/Vitra-Home-Stories-for-Spring.png\",\"width\":1300,\"height\":980,\"caption\":\"Vitra Home Stories for Spring\"},{\"@type\":\"BreadcrumbList\",\"@id\":\"https:\/\/www.mohd.it\/de\/magazine\/vitra-im-fruehling-der-alltag-oeffnet-sich-nach-aussen\/#breadcrumb\",\"itemListElement\":[{\"@type\":\"ListItem\",\"position\":1,\"name\":\"Home\",\"item\":\"https:\/\/www.mohd.it\/de\/\"},{\"@type\":\"ListItem\",\"position\":2,\"name\":\"Vitra im Fr\u00fchling: Der Alltag \u00f6ffnet sich nach au\u00dfen\"}]},{\"@type\":\"WebSite\",\"@id\":\"https:\/\/www.mohd.it\/de\/#website\",\"url\":\"https:\/\/www.mohd.it\/de\/\",\"name\":\"Mohd\",\"description\":\"\",\"publisher\":{\"@id\":\"https:\/\/www.mohd.it\/de\/#organization\"},\"potentialAction\":[{\"@type\":\"SearchAction\",\"target\":{\"@type\":\"EntryPoint\",\"urlTemplate\":\"https:\/\/www.mohd.it\/de\/?s={search_term_string}\"},\"query-input\":{\"@type\":\"PropertyValueSpecification\",\"valueRequired\":true,\"valueName\":\"search_term_string\"}}],\"inLanguage\":\"de\"},{\"@type\":\"Organization\",\"@id\":\"https:\/\/www.mohd.it\/de\/#organization\",\"name\":\"Mollura & C. SPA\",\"url\":\"https:\/\/www.mohd.it\/de\/\",\"logo\":{\"@type\":\"ImageObject\",\"inLanguage\":\"de\",\"@id\":\"https:\/\/www.mohd.it\/de\/#\/schema\/logo\/image\/\",\"url\":\"https:\/\/www.mohd.it\/wp-content\/uploads\/2020\/09\/mohd-logo.png\",\"contentUrl\":\"https:\/\/www.mohd.it\/wp-content\/uploads\/2020\/09\/mohd-logo.png\",\"width\":600,\"height\":600,\"caption\":\"Mollura & C. SPA\"},\"image\":{\"@id\":\"https:\/\/www.mohd.it\/de\/#\/schema\/logo\/image\/\"},\"sameAs\":[\"https:\/\/www.facebook.com\/mollurahomedesign\",\"https:\/\/x.com\/mohd_homedesign\",\"https:\/\/www.instagram.com\/mohd_homedesign\/\",\"https:\/\/it.linkedin.com\/company\/mohd-mollura-home-design\",\"https:\/\/www.pinterest.it\/mohdhomedesign\/\",\"https:\/\/www.youtube.com\/channel\/UCYLuPff6hq4z_o0GO0w1yaA\"]},{\"@type\":\"Person\",\"@id\":\"https:\/\/www.mohd.it\/de\/#\/schema\/person\/d237bc94bea0bfe5020d1c41b41f6af2\",\"name\":\"Noemi Cris\u00e0\",\"image\":{\"@type\":\"ImageObject\",\"inLanguage\":\"de\",\"@id\":\"https:\/\/www.mohd.it\/de\/#\/schema\/person\/image\/\",\"url\":\"https:\/\/secure.gravatar.com\/avatar\/6f959897d20f7190d0b1a9b0a1518d13?s=96&d=mm&r=g\",\"contentUrl\":\"https:\/\/secure.gravatar.com\/avatar\/6f959897d20f7190d0b1a9b0a1518d13?s=96&d=mm&r=g\",\"caption\":\"Noemi Cris\u00e0\"},\"url\":\"https:\/\/www.mohd.it\/de\/magazine\/author\/noemi\/\"}]}<\/script>\n<!-- \/ Yoast SEO plugin. -->","yoast_head_json":{"title":"Vitra: Farben, Textilien und M\u00f6bel f\u00fcr die Saison - Mohd","description":"Neue Farben, Textilien und Produktneuheiten f\u00fcr ein Leben im Fr\u00fchling zwischen Innen- und Au\u00dfenraum, gepr\u00e4gt von einer neuen Leichtigkeit.","robots":{"index":"index","follow":"follow","max-snippet":"max-snippet:-1","max-image-preview":"max-image-preview:large","max-video-preview":"max-video-preview:-1"},"canonical":"https:\/\/www.mohd.it\/de\/magazine\/vitra-im-fruehling-der-alltag-oeffnet-sich-nach-aussen\/","og_locale":"de_DE","og_type":"article","og_title":"Vitra: Farben, Textilien und M\u00f6bel f\u00fcr die Saison - Mohd","og_description":"Neue Farben, Textilien und Produktneuheiten f\u00fcr ein Leben im Fr\u00fchling zwischen Innen- und Au\u00dfenraum, gepr\u00e4gt von einer neuen Leichtigkeit.","og_url":"https:\/\/www.mohd.it\/de\/magazine\/vitra-im-fruehling-der-alltag-oeffnet-sich-nach-aussen\/","og_site_name":"Mohd","article_publisher":"https:\/\/www.facebook.com\/mollurahomedesign","article_published_time":"2026-04-02T08:00:00+00:00","article_modified_time":"2026-04-02T08:00:12+00:00","og_image":[{"width":1300,"height":980,"url":"https:\/\/www.mohd.it\/wp-content\/uploads\/2026\/04\/Vitra-Home-Stories-for-Spring.png","type":"image\/png"}],"author":"Noemi Cris\u00e0","twitter_card":"summary_large_image","twitter_creator":"@mohd_homedesign","twitter_site":"@mohd_homedesign","twitter_misc":{"Verfasst von":"Noemi Cris\u00e0","Gesch\u00e4tzte Lesezeit":"3\u00a0Minuten"},"schema":{"@context":"https:\/\/schema.org","@graph":[{"@type":"Article","@id":"https:\/\/www.mohd.it\/de\/magazine\/vitra-im-fruehling-der-alltag-oeffnet-sich-nach-aussen\/#article","isPartOf":{"@id":"https:\/\/www.mohd.it\/de\/magazine\/vitra-im-fruehling-der-alltag-oeffnet-sich-nach-aussen\/"},"author":{"name":"Noemi Cris\u00e0","@id":"https:\/\/www.mohd.it\/de\/#\/schema\/person\/d237bc94bea0bfe5020d1c41b41f6af2"},"headline":"Vitra im Fr\u00fchling: Der Alltag \u00f6ffnet sich nach au\u00dfen","datePublished":"2026-04-02T08:00:00+00:00","dateModified":"2026-04-02T08:00:12+00:00","mainEntityOfPage":{"@id":"https:\/\/www.mohd.it\/de\/magazine\/vitra-im-fruehling-der-alltag-oeffnet-sich-nach-aussen\/"},"wordCount":368,"publisher":{"@id":"https:\/\/www.mohd.it\/de\/#organization"},"image":{"@id":"https:\/\/www.mohd.it\/de\/magazine\/vitra-im-fruehling-der-alltag-oeffnet-sich-nach-aussen\/#primaryimage"},"thumbnailUrl":"https:\/\/www.mohd.it\/wp-content\/uploads\/2026\/04\/Vitra-Home-Stories-for-Spring.png","articleSection":["Marken"],"inLanguage":"de"},{"@type":"WebPage","@id":"https:\/\/www.mohd.it\/de\/magazine\/vitra-im-fruehling-der-alltag-oeffnet-sich-nach-aussen\/","url":"https:\/\/www.mohd.it\/de\/magazine\/vitra-im-fruehling-der-alltag-oeffnet-sich-nach-aussen\/","name":"Vitra: Farben, Textilien und M\u00f6bel f\u00fcr die Saison - Mohd","isPartOf":{"@id":"https:\/\/www.mohd.it\/de\/#website"},"primaryImageOfPage":{"@id":"https:\/\/www.mohd.it\/de\/magazine\/vitra-im-fruehling-der-alltag-oeffnet-sich-nach-aussen\/#primaryimage"},"image":{"@id":"https:\/\/www.mohd.it\/de\/magazine\/vitra-im-fruehling-der-alltag-oeffnet-sich-nach-aussen\/#primaryimage"},"thumbnailUrl":"https:\/\/www.mohd.it\/wp-content\/uploads\/2026\/04\/Vitra-Home-Stories-for-Spring.png","datePublished":"2026-04-02T08:00:00+00:00","dateModified":"2026-04-02T08:00:12+00:00","description":"Neue Farben, Textilien und Produktneuheiten f\u00fcr ein Leben im Fr\u00fchling zwischen Innen- und Au\u00dfenraum, gepr\u00e4gt von einer neuen Leichtigkeit.","breadcrumb":{"@id":"https:\/\/www.mohd.it\/de\/magazine\/vitra-im-fruehling-der-alltag-oeffnet-sich-nach-aussen\/#breadcrumb"},"inLanguage":"de","potentialAction":[{"@type":"ReadAction","target":["https:\/\/www.mohd.it\/de\/magazine\/vitra-im-fruehling-der-alltag-oeffnet-sich-nach-aussen\/"]}]},{"@type":"ImageObject","inLanguage":"de","@id":"https:\/\/www.mohd.it\/de\/magazine\/vitra-im-fruehling-der-alltag-oeffnet-sich-nach-aussen\/#primaryimage","url":"https:\/\/www.mohd.it\/wp-content\/uploads\/2026\/04\/Vitra-Home-Stories-for-Spring.png","contentUrl":"https:\/\/www.mohd.it\/wp-content\/uploads\/2026\/04\/Vitra-Home-Stories-for-Spring.png","width":1300,"height":980,"caption":"Vitra Home Stories for Spring"},{"@type":"BreadcrumbList","@id":"https:\/\/www.mohd.it\/de\/magazine\/vitra-im-fruehling-der-alltag-oeffnet-sich-nach-aussen\/#breadcrumb","itemListElement":[{"@type":"ListItem","position":1,"name":"Home","item":"https:\/\/www.mohd.it\/de\/"},{"@type":"ListItem","position":2,"name":"Vitra im Fr\u00fchling: Der Alltag \u00f6ffnet sich nach au\u00dfen"}]},{"@type":"WebSite","@id":"https:\/\/www.mohd.it\/de\/#website","url":"https:\/\/www.mohd.it\/de\/","name":"Mohd","description":"","publisher":{"@id":"https:\/\/www.mohd.it\/de\/#organization"},"potentialAction":[{"@type":"SearchAction","target":{"@type":"EntryPoint","urlTemplate":"https:\/\/www.mohd.it\/de\/?s={search_term_string}"},"query-input":{"@type":"PropertyValueSpecification","valueRequired":true,"valueName":"search_term_string"}}],"inLanguage":"de"},{"@type":"Organization","@id":"https:\/\/www.mohd.it\/de\/#organization","name":"Mollura & C. SPA","url":"https:\/\/www.mohd.it\/de\/","logo":{"@type":"ImageObject","inLanguage":"de","@id":"https:\/\/www.mohd.it\/de\/#\/schema\/logo\/image\/","url":"https:\/\/www.mohd.it\/wp-content\/uploads\/2020\/09\/mohd-logo.png","contentUrl":"https:\/\/www.mohd.it\/wp-content\/uploads\/2020\/09\/mohd-logo.png","width":600,"height":600,"caption":"Mollura & C. SPA"},"image":{"@id":"https:\/\/www.mohd.it\/de\/#\/schema\/logo\/image\/"},"sameAs":["https:\/\/www.facebook.com\/mollurahomedesign","https:\/\/x.com\/mohd_homedesign","https:\/\/www.instagram.com\/mohd_homedesign\/","https:\/\/it.linkedin.com\/company\/mohd-mollura-home-design","https:\/\/www.pinterest.it\/mohdhomedesign\/","https:\/\/www.youtube.com\/channel\/UCYLuPff6hq4z_o0GO0w1yaA"]},{"@type":"Person","@id":"https:\/\/www.mohd.it\/de\/#\/schema\/person\/d237bc94bea0bfe5020d1c41b41f6af2","name":"Noemi Cris\u00e0","image":{"@type":"ImageObject","inLanguage":"de","@id":"https:\/\/www.mohd.it\/de\/#\/schema\/person\/image\/","url":"https:\/\/secure.gravatar.com\/avatar\/6f959897d20f7190d0b1a9b0a1518d13?s=96&d=mm&r=g","contentUrl":"https:\/\/secure.gravatar.com\/avatar\/6f959897d20f7190d0b1a9b0a1518d13?s=96&d=mm&r=g","caption":"Noemi Cris\u00e0"},"url":"https:\/\/www.mohd.it\/de\/magazine\/author\/noemi\/"}]}},"image":"https:\/\/www.mohd.it\/wp-content\/uploads\/2026\/04\/Vitra-Home-Stories-for-Spring-800x600.png","category":"Marken","_links":{"self":[{"href":"https:\/\/www.mohd.it\/de\/wp-json\/wp\/v2\/posts\/117709","targetHints":{"allow":["GET"]}}],"collection":[{"href":"https:\/\/www.mohd.it\/de\/wp-json\/wp\/v2\/posts"}],"about":[{"href":"https:\/\/www.mohd.it\/de\/wp-json\/wp\/v2\/types\/post"}],"author":[{"embeddable":true,"href":"https:\/\/www.mohd.it\/de\/wp-json\/wp\/v2\/users\/18"}],"replies":[{"embeddable":true,"href":"https:\/\/www.mohd.it\/de\/wp-json\/wp\/v2\/comments?post=117709"}],"version-history":[{"count":4,"href":"https:\/\/www.mohd.it\/de\/wp-json\/wp\/v2\/posts\/117709\/revisions"}],"predecessor-version":[{"id":117732,"href":"https:\/\/www.mohd.it\/de\/wp-json\/wp\/v2\/posts\/117709\/revisions\/117732"}],"wp:featuredmedia":[{"embeddable":true,"href":"https:\/\/www.mohd.it\/de\/wp-json\/wp\/v2\/media\/117696"}],"wp:attachment":[{"href":"https:\/\/www.mohd.it\/de\/wp-json\/wp\/v2\/media?parent=117709"}],"wp:term":[{"taxonomy":"category","embeddable":true,"href":"https:\/\/www.mohd.it\/de\/wp-json\/wp\/v2\/categories?post=117709"},{"taxonomy":"post_tag","embeddable":true,"href":"https:\/\/www.mohd.it\/de\/wp-json\/wp\/v2\/tags?post=117709"}],"curies":[{"name":"wp","href":"https:\/\/api.w.org\/{rel}","templated":true}]}}