{"id":118197,"date":"2026-04-16T16:09:15","date_gmt":"2026-04-16T14:09:15","guid":{"rendered":"https:\/\/www.mohd.it\/?p=118197"},"modified":"2026-04-16T16:09:16","modified_gmt":"2026-04-16T14:09:16","slug":"fuorisalone-2026-mailand-als-narrative-projektlandschaft","status":"publish","type":"post","link":"https:\/\/www.mohd.it\/de\/magazine\/fuorisalone-2026-mailand-als-narrative-projektlandschaft\/","title":{"rendered":"Fuorisalone 2026: Mailand als narrative Projektlandschaft"},"content":{"rendered":"\n<p>W\u00e4hrend der <strong>Design Week 2026<\/strong> beschr\u00e4nkt sich Mailand nicht darauf, Veranstaltungen zu beherbergen, sondern wird zu einem offenen System. Der Fuorisalone entfaltet sich als vernetztes Gef\u00fcge, in dem Architektur, Licht und Material eine erfahrbare Landschaft formen. Nicht eine Abfolge von Events, sondern ein urbanes Narrativ, in dem sich das Projekt durch Beziehungen, Bewegung und Wahrnehmung entwickelt.<\/p>\n\n\n\n<div style=\"height:30px\" aria-hidden=\"true\" class=\"wp-block-spacer\"><\/div>\n\n\n\n<p><strong>Installationen als erz\u00e4hlerisches Medium<\/strong><\/p>\n\n\n\n<p>Im Zentrum steht <strong><a href=\"https:\/\/www.mohd.it\/de\/salone-del-mobile-2026\/\">Interior Reflections<\/a><\/strong> von <strong><a href=\"https:\/\/shopmohd.com\/de\/designer\/studiopepe.html\">Studiopepe<\/a><\/strong> f\u00fcr Mohd Officina Milano: ein Raum, der sich durch Blick und Bewegung aktiviert und in dem Reflexionen und Oberfl\u00e4chen eine sensorische Sprache bilden. <\/p>\n\n\n\n<figure class=\"wp-block-image size-large\"><img loading=\"lazy\" decoding=\"async\" width=\"1024\" height=\"536\" src=\"https:\/\/www.mohd.it\/wp-content\/uploads\/2026\/04\/mohd-mdw26-1200x628-1-1024x536.jpg\" alt=\"Mohd Interior Reflections\" class=\"wp-image-118186\" srcset=\"https:\/\/www.mohd.it\/wp-content\/uploads\/2026\/04\/mohd-mdw26-1200x628-1-1024x536.jpg 1024w, https:\/\/www.mohd.it\/wp-content\/uploads\/2026\/04\/mohd-mdw26-1200x628-1-300x157.jpg 300w, https:\/\/www.mohd.it\/wp-content\/uploads\/2026\/04\/mohd-mdw26-1200x628-1-768x402.jpg 768w, https:\/\/www.mohd.it\/wp-content\/uploads\/2026\/04\/mohd-mdw26-1200x628-1.jpg 1200w\" sizes=\"auto, (max-width: 1024px) 100vw, 1024px\" \/><\/figure>\n\n\n\n<p>Im Palazzo Bovara entfaltet sich <strong>Sensory Landscape<\/strong> von <strong><a href=\"https:\/\/shopmohd.com\/de\/designer\/piero-lissoni.html\">Piero Lissoni<\/a><\/strong> mit Antonio Perazzi als vielschichtige Komposition aus Licht, Landschaft und Architektur \u2013 eher Erfahrung als Ausstellung.<\/p>\n\n\n\n<figure class=\"wp-block-image size-large\"><img loading=\"lazy\" decoding=\"async\" width=\"1024\" height=\"576\" src=\"https:\/\/www.mohd.it\/wp-content\/uploads\/2026\/04\/Elle-Decor-Sensory-Landscape-1024x576.png\" alt=\"Elle Decor Sensory Landscape\" class=\"wp-image-118177\" srcset=\"https:\/\/www.mohd.it\/wp-content\/uploads\/2026\/04\/Elle-Decor-Sensory-Landscape-1024x576.png 1024w, https:\/\/www.mohd.it\/wp-content\/uploads\/2026\/04\/Elle-Decor-Sensory-Landscape-300x169.png 300w, https:\/\/www.mohd.it\/wp-content\/uploads\/2026\/04\/Elle-Decor-Sensory-Landscape-768x432.png 768w, https:\/\/www.mohd.it\/wp-content\/uploads\/2026\/04\/Elle-Decor-Sensory-Landscape-1536x864.png 1536w, https:\/\/www.mohd.it\/wp-content\/uploads\/2026\/04\/Elle-Decor-Sensory-Landscape.png 1920w\" sizes=\"auto, (max-width: 1024px) 100vw, 1024px\" \/><\/figure>\n\n\n\n<p><strong>Dekoration wird r\u00e4umlich<\/strong><\/p>\n\n\n\n<p><strong><a href=\"https:\/\/shopmohd.com\/de\/marken\/fornasetti.html\">Fornasetti<\/a><\/strong> pr\u00e4sentiert mit <strong>New Encounters<\/strong> eine zeitgen\u00f6ssische Neuinterpretation seines Archivs. Im Dialog mit <strong><a href=\"https:\/\/shopmohd.com\/de\/marken\/cc-tapis.html\">cc-tapis<\/a><\/strong> wird Dekoration zum r\u00e4umlichen Element: Der Teppich-Pouf Roll von <strong>Sabine Marcelis <\/strong>sowie die gemeinsam entwickelten Wandteppiche formen den Raum, anstatt ihn lediglich zu \u00fcberziehen.<\/p>\n\n\n<div class=\"board\">\n      <div class=\"board-items masonry-grid\">\n      <div class=\"board-item masonry-item\">\n  <div class=\"board-image\" style=\"padding-top:137.77777777778%\">\n    <img decoding=\"async\" src=\"https:\/\/www.mohd.it\/wp-content\/uploads\/2026\/04\/CC_Tapis-tappeto-pouf-Roll-Sabine-Marcelis.png\" \/>\n  <\/div>\n  <\/div>\n<div class=\"board-item masonry-item\">\n  <div class=\"board-image\" style=\"padding-top:137.77777777778%\">\n    <img decoding=\"async\" src=\"https:\/\/www.mohd.it\/wp-content\/uploads\/2026\/04\/CC_Tapis-tappeto-pouf-Roll-Sabine-Marcelis-1.png\" \/>\n  <\/div>\n  <\/div>\n    <\/div>\n    <\/div>\n\n\n\n<p><strong>Wohnarchitektur als Modell<\/strong><\/p>\n\n\n\n<p>In der Triennale Milano wird das Eames House als weiterhin aktuelles Wohnmodell gelesen \u2013 flexibel, offen und anpassungsf\u00e4hig. Parallel dazu zeigt <strong><a href=\"https:\/\/shopmohd.com\/de\/marken\/rimadesio.html\">Rimadesio<\/a><\/strong> <strong>BECOMING<\/strong> im Palazzo Isimbardi, wo sich Raum durch dynamische, konfigurierbare Elemente neu definiert.<\/p>\n\n\n\n<div style=\"height:30px\" aria-hidden=\"true\" class=\"wp-block-spacer\"><\/div>\n\n\n\n<p><strong>Gestalterisches Ged\u00e4chtnis und kultureller Austausch<\/strong><\/p>\n\n\n\n<p>Im Castello Sforzesco reflektiert die Ausstellung zu <strong><a href=\"https:\/\/shopmohd.com\/de\/designer\/gianfranco-frattini.html\">Gianfranco Frattini<\/a><\/strong> die Kontinuit\u00e4t des italienischen Designs. <\/p>\n\n\n\n<figure class=\"wp-block-image size-large\"><img loading=\"lazy\" decoding=\"async\" width=\"1024\" height=\"576\" src=\"https:\/\/www.mohd.it\/wp-content\/uploads\/2026\/04\/100-anni-di-Gianfranco-Frattini-4-1024x576.png\" alt=\"100 anni di Gianfranco Frattini\" class=\"wp-image-118129\" srcset=\"https:\/\/www.mohd.it\/wp-content\/uploads\/2026\/04\/100-anni-di-Gianfranco-Frattini-4-1024x576.png 1024w, https:\/\/www.mohd.it\/wp-content\/uploads\/2026\/04\/100-anni-di-Gianfranco-Frattini-4-300x169.png 300w, https:\/\/www.mohd.it\/wp-content\/uploads\/2026\/04\/100-anni-di-Gianfranco-Frattini-4-768x432.png 768w, https:\/\/www.mohd.it\/wp-content\/uploads\/2026\/04\/100-anni-di-Gianfranco-Frattini-4-1536x864.png 1536w, https:\/\/www.mohd.it\/wp-content\/uploads\/2026\/04\/100-anni-di-Gianfranco-Frattini-4.png 1920w\" sizes=\"auto, (max-width: 1024px) 100vw, 1024px\" \/><figcaption class=\"wp-element-caption\">Ph. Francesco Merlini<\/figcaption><\/figure>\n\n\n<div class=\"board\">\n      <div class=\"board-items masonry-grid\">\n      <div class=\"board-item masonry-item\">\n  <div class=\"board-image\" style=\"padding-top:137.59259259259%\">\n    <img decoding=\"async\" src=\"https:\/\/www.mohd.it\/wp-content\/uploads\/2026\/04\/100-anni-di-Gianfranco-Frattini.png\" \/>\n  <\/div>\n  <\/div>\n<div class=\"board-item masonry-item\">\n  <div class=\"board-image\" style=\"padding-top:137.59259259259%\">\n    <img decoding=\"async\" src=\"https:\/\/www.mohd.it\/wp-content\/uploads\/2026\/04\/100-anni-di-Gianfranco-Frattini-2.png\" \/>\n  <\/div>\n    \t<p class=\"board-item-caption\">Ph. Francesco Merlini<\/p>\n  <\/div>\n    <\/div>\n    <\/div>\n\n\n\n<p>In der Fondazione <strong><a href=\"https:\/\/shopmohd.com\/de\/designer\/vico-magistretti.html\">Vico Magistretti<\/a><\/strong> er\u00f6ffnet Vico Magistretti und Japan den Dialog zwischen Kulturen. <strong>Doppia Firma 2026<\/strong> verbindet beide Perspektiven und untersucht das Verh\u00e4ltnis von Design und Handwerk.<\/p>\n\n\n\n<div style=\"height:30px\" aria-hidden=\"true\" class=\"wp-block-spacer\"><\/div>\n\n\n\n<p><strong>Urbane Installationen und Interventionen<\/strong><\/p>\n\n\n\n<p>Installationen greifen direkt in den Stadtraum ein. <strong>Responsive Natur<\/strong>e von <strong>Elisa Ossino Studio<\/strong> begleitet die Outdoor-Kollektion von <strong><a href=\"https:\/\/shopmohd.com\/de\/marken\/molteni-e-c.html\">Molteni&amp;C<\/a><\/strong> durch botanische Szenarien. <\/p>\n\n\n<div class=\"board\">\n      <div class=\"board-items masonry-grid\">\n      <div class=\"board-item masonry-item\">\n  <div class=\"board-image\" style=\"padding-top:141.48148148148%\">\n    <img decoding=\"async\" src=\"https:\/\/www.mohd.it\/wp-content\/uploads\/2026\/04\/Responsive-Nature-MolteniC.png\" \/>\n  <\/div>\n  <\/div>\n<div class=\"board-item masonry-item\">\n  <div class=\"board-image\" style=\"padding-top:141.48148148148%\">\n    <img decoding=\"async\" src=\"https:\/\/www.mohd.it\/wp-content\/uploads\/2026\/04\/Responsive-Nature-MolteniC-1.png\" \/>\n  <\/div>\n  <\/div>\n    <\/div>\n    <\/div>\n\n\n\n<p>Mit <strong>Beacon<\/strong> in der Piazza San Babila untersucht <strong><a href=\"https:\/\/shopmohd.com\/de\/designer\/lee-broom.html\">Lee Broom<\/a><\/strong> die Wahrnehmung des \u00f6ffentlichen Raums durch Licht.<\/p>\n\n\n\n<figure class=\"wp-block-image size-large\"><img loading=\"lazy\" decoding=\"async\" width=\"1024\" height=\"380\" src=\"https:\/\/www.mohd.it\/wp-content\/uploads\/2026\/04\/Brokis-Beacon-Lee-Broom-2-1024x380.png\" alt=\"\" class=\"wp-image-118171\" srcset=\"https:\/\/www.mohd.it\/wp-content\/uploads\/2026\/04\/Brokis-Beacon-Lee-Broom-2-1024x380.png 1024w, https:\/\/www.mohd.it\/wp-content\/uploads\/2026\/04\/Brokis-Beacon-Lee-Broom-2-300x111.png 300w, https:\/\/www.mohd.it\/wp-content\/uploads\/2026\/04\/Brokis-Beacon-Lee-Broom-2-768x285.png 768w, https:\/\/www.mohd.it\/wp-content\/uploads\/2026\/04\/Brokis-Beacon-Lee-Broom-2-1536x570.png 1536w, https:\/\/www.mohd.it\/wp-content\/uploads\/2026\/04\/Brokis-Beacon-Lee-Broom-2.png 1920w\" sizes=\"auto, (max-width: 1024px) 100vw, 1024px\" \/><\/figure>\n\n\n<div class=\"board\">\n      <div class=\"board-items masonry-grid\">\n      <div class=\"board-item masonry-item\">\n  <div class=\"board-image\" style=\"padding-top:137.59259259259%\">\n    <img decoding=\"async\" src=\"https:\/\/www.mohd.it\/wp-content\/uploads\/2026\/04\/Brokis-Beacon-Lee-Broom-1.png\" \/>\n  <\/div>\n  <\/div>\n<div class=\"board-item masonry-item\">\n  <div class=\"board-image\" style=\"padding-top:137.59259259259%\">\n    <img decoding=\"async\" src=\"https:\/\/www.mohd.it\/wp-content\/uploads\/2026\/04\/Brokis-Beacon-Lee-Broom.png\" \/>\n  <\/div>\n  <\/div>\n    <\/div>\n    <\/div>\n\n\n\n<p><strong>Neue Projektans\u00e4tze<\/strong><\/p>\n\n\n\n<p>Das Thema Be the Project versteht Design als offenen Prozess. Der Fokus verschiebt sich vom Objekt hin zu Beziehungen zwischen Mensch, Raum und Material.<\/p>\n\n\n\n<div style=\"height:30px\" aria-hidden=\"true\" class=\"wp-block-spacer\"><\/div>\n\n\n\n<p><strong>Die Fuorisalone-Distrikte<\/strong><\/p>\n\n\n\n<p>Mailand entwickelt sich zu einer vielschichtigen Geografie: Brera mit kuratorischem Ansatz, Tortona als Experimentierfeld, Porta Venezia als Erweiterung des urbanen Narrativs. Der Fuorisalone erscheint als vernetztes System statt als zentraler Ort.<\/p>\n\n\n\n<p>Es entsteht kein Nebeneinander von Events, sondern eine koh\u00e4rente kulturelle Struktur. Der <strong>Fuorisalone<\/strong> best\u00e4tigt sich als dynamisches System, in dem jeder Beitrag Teil eines gr\u00f6\u00dferen Narrativs ist. Mailand wird selbst zum Projekt \u2013 ein Raum, in dem Design nicht ausgestellt wird, sondern geschieht.<\/p>\n","protected":false},"excerpt":{"rendered":"<p>Installationen, Events und Distrikte der Milan Design Week 2026. Mailand wird zu einem Design-\u00d6kosystem zwischen Erfahrung und gestalterischer Forschung.<\/p>\n","protected":false},"author":18,"featured_media":118109,"comment_status":"closed","ping_status":"closed","sticky":false,"template":"","format":"standard","meta":{"footnotes":""},"categories":[486],"tags":[],"class_list":["post-118197","post","type-post","status-publish","format-standard","has-post-thumbnail","hentry","category-aktuelles"],"yoast_head":"<!-- This site is optimized with the Yoast SEO plugin v24.0 - https:\/\/yoast.com\/wordpress\/plugins\/seo\/ -->\n<title>Fuorisalone 2026: Events und Design in Mailand - Mohd<\/title>\n<meta name=\"description\" content=\"Installationen, Events und Distrikte der Milan Design Week 2026. Mailand wird zu einem Design-\u00d6kosystem zwischen Erfahrung und gestalterischer Forschung.\" \/>\n<meta name=\"robots\" content=\"index, follow, max-snippet:-1, max-image-preview:large, max-video-preview:-1\" \/>\n<link rel=\"canonical\" href=\"https:\/\/www.mohd.it\/de\/magazine\/fuorisalone-2026-mailand-als-narrative-projektlandschaft\/\" \/>\n<meta property=\"og:locale\" content=\"de_DE\" \/>\n<meta property=\"og:type\" content=\"article\" \/>\n<meta property=\"og:title\" content=\"Fuorisalone 2026: Events und Design in Mailand - Mohd\" \/>\n<meta property=\"og:description\" content=\"Installationen, Events und Distrikte der Milan Design Week 2026. Mailand wird zu einem Design-\u00d6kosystem zwischen Erfahrung und gestalterischer Forschung.\" \/>\n<meta property=\"og:url\" content=\"https:\/\/www.mohd.it\/de\/magazine\/fuorisalone-2026-mailand-als-narrative-projektlandschaft\/\" \/>\n<meta property=\"og:site_name\" content=\"Mohd\" \/>\n<meta property=\"article:publisher\" content=\"https:\/\/www.facebook.com\/mollurahomedesign\" \/>\n<meta property=\"article:published_time\" content=\"2026-04-16T14:09:15+00:00\" \/>\n<meta property=\"article:modified_time\" content=\"2026-04-16T14:09:16+00:00\" \/>\n<meta property=\"og:image\" content=\"https:\/\/www.mohd.it\/wp-content\/uploads\/2026\/04\/Mohd-The-Mohdernist-Fuori-Salone-2025.png\" \/>\n\t<meta property=\"og:image:width\" content=\"1300\" \/>\n\t<meta property=\"og:image:height\" content=\"980\" \/>\n\t<meta property=\"og:image:type\" content=\"image\/png\" \/>\n<meta name=\"author\" content=\"Noemi Cris\u00e0\" \/>\n<meta name=\"twitter:card\" content=\"summary_large_image\" \/>\n<meta name=\"twitter:creator\" content=\"@mohd_homedesign\" \/>\n<meta name=\"twitter:site\" content=\"@mohd_homedesign\" \/>\n<meta name=\"twitter:label1\" content=\"Verfasst von\" \/>\n\t<meta name=\"twitter:data1\" content=\"Noemi Cris\u00e0\" \/>\n\t<meta name=\"twitter:label2\" content=\"Gesch\u00e4tzte Lesezeit\" \/>\n\t<meta name=\"twitter:data2\" content=\"4\u00a0Minuten\" \/>\n<script type=\"application\/ld+json\" class=\"yoast-schema-graph\">{\"@context\":\"https:\/\/schema.org\",\"@graph\":[{\"@type\":\"Article\",\"@id\":\"https:\/\/www.mohd.it\/de\/magazine\/fuorisalone-2026-mailand-als-narrative-projektlandschaft\/#article\",\"isPartOf\":{\"@id\":\"https:\/\/www.mohd.it\/de\/magazine\/fuorisalone-2026-mailand-als-narrative-projektlandschaft\/\"},\"author\":{\"name\":\"Noemi Cris\u00e0\",\"@id\":\"https:\/\/www.mohd.it\/de\/#\/schema\/person\/d237bc94bea0bfe5020d1c41b41f6af2\"},\"headline\":\"Fuorisalone 2026: Mailand als narrative Projektlandschaft\",\"datePublished\":\"2026-04-16T14:09:15+00:00\",\"dateModified\":\"2026-04-16T14:09:16+00:00\",\"mainEntityOfPage\":{\"@id\":\"https:\/\/www.mohd.it\/de\/magazine\/fuorisalone-2026-mailand-als-narrative-projektlandschaft\/\"},\"wordCount\":410,\"publisher\":{\"@id\":\"https:\/\/www.mohd.it\/de\/#organization\"},\"image\":{\"@id\":\"https:\/\/www.mohd.it\/de\/magazine\/fuorisalone-2026-mailand-als-narrative-projektlandschaft\/#primaryimage\"},\"thumbnailUrl\":\"https:\/\/www.mohd.it\/wp-content\/uploads\/2026\/04\/Mohd-The-Mohdernist-Fuori-Salone-2025.png\",\"articleSection\":[\"Aktuelles\"],\"inLanguage\":\"de\"},{\"@type\":\"WebPage\",\"@id\":\"https:\/\/www.mohd.it\/de\/magazine\/fuorisalone-2026-mailand-als-narrative-projektlandschaft\/\",\"url\":\"https:\/\/www.mohd.it\/de\/magazine\/fuorisalone-2026-mailand-als-narrative-projektlandschaft\/\",\"name\":\"Fuorisalone 2026: Events und Design in Mailand - Mohd\",\"isPartOf\":{\"@id\":\"https:\/\/www.mohd.it\/de\/#website\"},\"primaryImageOfPage\":{\"@id\":\"https:\/\/www.mohd.it\/de\/magazine\/fuorisalone-2026-mailand-als-narrative-projektlandschaft\/#primaryimage\"},\"image\":{\"@id\":\"https:\/\/www.mohd.it\/de\/magazine\/fuorisalone-2026-mailand-als-narrative-projektlandschaft\/#primaryimage\"},\"thumbnailUrl\":\"https:\/\/www.mohd.it\/wp-content\/uploads\/2026\/04\/Mohd-The-Mohdernist-Fuori-Salone-2025.png\",\"datePublished\":\"2026-04-16T14:09:15+00:00\",\"dateModified\":\"2026-04-16T14:09:16+00:00\",\"description\":\"Installationen, Events und Distrikte der Milan Design Week 2026. Mailand wird zu einem Design-\u00d6kosystem zwischen Erfahrung und gestalterischer Forschung.\",\"breadcrumb\":{\"@id\":\"https:\/\/www.mohd.it\/de\/magazine\/fuorisalone-2026-mailand-als-narrative-projektlandschaft\/#breadcrumb\"},\"inLanguage\":\"de\",\"potentialAction\":[{\"@type\":\"ReadAction\",\"target\":[\"https:\/\/www.mohd.it\/de\/magazine\/fuorisalone-2026-mailand-als-narrative-projektlandschaft\/\"]}]},{\"@type\":\"ImageObject\",\"inLanguage\":\"de\",\"@id\":\"https:\/\/www.mohd.it\/de\/magazine\/fuorisalone-2026-mailand-als-narrative-projektlandschaft\/#primaryimage\",\"url\":\"https:\/\/www.mohd.it\/wp-content\/uploads\/2026\/04\/Mohd-The-Mohdernist-Fuori-Salone-2025.png\",\"contentUrl\":\"https:\/\/www.mohd.it\/wp-content\/uploads\/2026\/04\/Mohd-The-Mohdernist-Fuori-Salone-2025.png\",\"width\":1300,\"height\":980,\"caption\":\"Mohd The Mohdernist Fuori Salone 2025\"},{\"@type\":\"BreadcrumbList\",\"@id\":\"https:\/\/www.mohd.it\/de\/magazine\/fuorisalone-2026-mailand-als-narrative-projektlandschaft\/#breadcrumb\",\"itemListElement\":[{\"@type\":\"ListItem\",\"position\":1,\"name\":\"Home\",\"item\":\"https:\/\/www.mohd.it\/de\/\"},{\"@type\":\"ListItem\",\"position\":2,\"name\":\"Fuorisalone 2026: Mailand als narrative Projektlandschaft\"}]},{\"@type\":\"WebSite\",\"@id\":\"https:\/\/www.mohd.it\/de\/#website\",\"url\":\"https:\/\/www.mohd.it\/de\/\",\"name\":\"Mohd\",\"description\":\"\",\"publisher\":{\"@id\":\"https:\/\/www.mohd.it\/de\/#organization\"},\"potentialAction\":[{\"@type\":\"SearchAction\",\"target\":{\"@type\":\"EntryPoint\",\"urlTemplate\":\"https:\/\/www.mohd.it\/de\/?s={search_term_string}\"},\"query-input\":{\"@type\":\"PropertyValueSpecification\",\"valueRequired\":true,\"valueName\":\"search_term_string\"}}],\"inLanguage\":\"de\"},{\"@type\":\"Organization\",\"@id\":\"https:\/\/www.mohd.it\/de\/#organization\",\"name\":\"Mollura & C. SPA\",\"url\":\"https:\/\/www.mohd.it\/de\/\",\"logo\":{\"@type\":\"ImageObject\",\"inLanguage\":\"de\",\"@id\":\"https:\/\/www.mohd.it\/de\/#\/schema\/logo\/image\/\",\"url\":\"https:\/\/www.mohd.it\/wp-content\/uploads\/2020\/09\/mohd-logo.png\",\"contentUrl\":\"https:\/\/www.mohd.it\/wp-content\/uploads\/2020\/09\/mohd-logo.png\",\"width\":600,\"height\":600,\"caption\":\"Mollura & C. SPA\"},\"image\":{\"@id\":\"https:\/\/www.mohd.it\/de\/#\/schema\/logo\/image\/\"},\"sameAs\":[\"https:\/\/www.facebook.com\/mollurahomedesign\",\"https:\/\/x.com\/mohd_homedesign\",\"https:\/\/www.instagram.com\/mohd_homedesign\/\",\"https:\/\/it.linkedin.com\/company\/mohd-mollura-home-design\",\"https:\/\/www.pinterest.it\/mohdhomedesign\/\",\"https:\/\/www.youtube.com\/channel\/UCYLuPff6hq4z_o0GO0w1yaA\"]},{\"@type\":\"Person\",\"@id\":\"https:\/\/www.mohd.it\/de\/#\/schema\/person\/d237bc94bea0bfe5020d1c41b41f6af2\",\"name\":\"Noemi Cris\u00e0\",\"image\":{\"@type\":\"ImageObject\",\"inLanguage\":\"de\",\"@id\":\"https:\/\/www.mohd.it\/de\/#\/schema\/person\/image\/\",\"url\":\"https:\/\/secure.gravatar.com\/avatar\/6f959897d20f7190d0b1a9b0a1518d13?s=96&d=mm&r=g\",\"contentUrl\":\"https:\/\/secure.gravatar.com\/avatar\/6f959897d20f7190d0b1a9b0a1518d13?s=96&d=mm&r=g\",\"caption\":\"Noemi Cris\u00e0\"},\"url\":\"https:\/\/www.mohd.it\/de\/magazine\/author\/noemi\/\"}]}<\/script>\n<!-- \/ Yoast SEO plugin. -->","yoast_head_json":{"title":"Fuorisalone 2026: Events und Design in Mailand - Mohd","description":"Installationen, Events und Distrikte der Milan Design Week 2026. Mailand wird zu einem Design-\u00d6kosystem zwischen Erfahrung und gestalterischer Forschung.","robots":{"index":"index","follow":"follow","max-snippet":"max-snippet:-1","max-image-preview":"max-image-preview:large","max-video-preview":"max-video-preview:-1"},"canonical":"https:\/\/www.mohd.it\/de\/magazine\/fuorisalone-2026-mailand-als-narrative-projektlandschaft\/","og_locale":"de_DE","og_type":"article","og_title":"Fuorisalone 2026: Events und Design in Mailand - Mohd","og_description":"Installationen, Events und Distrikte der Milan Design Week 2026. Mailand wird zu einem Design-\u00d6kosystem zwischen Erfahrung und gestalterischer Forschung.","og_url":"https:\/\/www.mohd.it\/de\/magazine\/fuorisalone-2026-mailand-als-narrative-projektlandschaft\/","og_site_name":"Mohd","article_publisher":"https:\/\/www.facebook.com\/mollurahomedesign","article_published_time":"2026-04-16T14:09:15+00:00","article_modified_time":"2026-04-16T14:09:16+00:00","og_image":[{"width":1300,"height":980,"url":"https:\/\/www.mohd.it\/wp-content\/uploads\/2026\/04\/Mohd-The-Mohdernist-Fuori-Salone-2025.png","type":"image\/png"}],"author":"Noemi Cris\u00e0","twitter_card":"summary_large_image","twitter_creator":"@mohd_homedesign","twitter_site":"@mohd_homedesign","twitter_misc":{"Verfasst von":"Noemi Cris\u00e0","Gesch\u00e4tzte Lesezeit":"4\u00a0Minuten"},"schema":{"@context":"https:\/\/schema.org","@graph":[{"@type":"Article","@id":"https:\/\/www.mohd.it\/de\/magazine\/fuorisalone-2026-mailand-als-narrative-projektlandschaft\/#article","isPartOf":{"@id":"https:\/\/www.mohd.it\/de\/magazine\/fuorisalone-2026-mailand-als-narrative-projektlandschaft\/"},"author":{"name":"Noemi Cris\u00e0","@id":"https:\/\/www.mohd.it\/de\/#\/schema\/person\/d237bc94bea0bfe5020d1c41b41f6af2"},"headline":"Fuorisalone 2026: Mailand als narrative Projektlandschaft","datePublished":"2026-04-16T14:09:15+00:00","dateModified":"2026-04-16T14:09:16+00:00","mainEntityOfPage":{"@id":"https:\/\/www.mohd.it\/de\/magazine\/fuorisalone-2026-mailand-als-narrative-projektlandschaft\/"},"wordCount":410,"publisher":{"@id":"https:\/\/www.mohd.it\/de\/#organization"},"image":{"@id":"https:\/\/www.mohd.it\/de\/magazine\/fuorisalone-2026-mailand-als-narrative-projektlandschaft\/#primaryimage"},"thumbnailUrl":"https:\/\/www.mohd.it\/wp-content\/uploads\/2026\/04\/Mohd-The-Mohdernist-Fuori-Salone-2025.png","articleSection":["Aktuelles"],"inLanguage":"de"},{"@type":"WebPage","@id":"https:\/\/www.mohd.it\/de\/magazine\/fuorisalone-2026-mailand-als-narrative-projektlandschaft\/","url":"https:\/\/www.mohd.it\/de\/magazine\/fuorisalone-2026-mailand-als-narrative-projektlandschaft\/","name":"Fuorisalone 2026: Events und Design in Mailand - Mohd","isPartOf":{"@id":"https:\/\/www.mohd.it\/de\/#website"},"primaryImageOfPage":{"@id":"https:\/\/www.mohd.it\/de\/magazine\/fuorisalone-2026-mailand-als-narrative-projektlandschaft\/#primaryimage"},"image":{"@id":"https:\/\/www.mohd.it\/de\/magazine\/fuorisalone-2026-mailand-als-narrative-projektlandschaft\/#primaryimage"},"thumbnailUrl":"https:\/\/www.mohd.it\/wp-content\/uploads\/2026\/04\/Mohd-The-Mohdernist-Fuori-Salone-2025.png","datePublished":"2026-04-16T14:09:15+00:00","dateModified":"2026-04-16T14:09:16+00:00","description":"Installationen, Events und Distrikte der Milan Design Week 2026. Mailand wird zu einem Design-\u00d6kosystem zwischen Erfahrung und gestalterischer Forschung.","breadcrumb":{"@id":"https:\/\/www.mohd.it\/de\/magazine\/fuorisalone-2026-mailand-als-narrative-projektlandschaft\/#breadcrumb"},"inLanguage":"de","potentialAction":[{"@type":"ReadAction","target":["https:\/\/www.mohd.it\/de\/magazine\/fuorisalone-2026-mailand-als-narrative-projektlandschaft\/"]}]},{"@type":"ImageObject","inLanguage":"de","@id":"https:\/\/www.mohd.it\/de\/magazine\/fuorisalone-2026-mailand-als-narrative-projektlandschaft\/#primaryimage","url":"https:\/\/www.mohd.it\/wp-content\/uploads\/2026\/04\/Mohd-The-Mohdernist-Fuori-Salone-2025.png","contentUrl":"https:\/\/www.mohd.it\/wp-content\/uploads\/2026\/04\/Mohd-The-Mohdernist-Fuori-Salone-2025.png","width":1300,"height":980,"caption":"Mohd The Mohdernist Fuori Salone 2025"},{"@type":"BreadcrumbList","@id":"https:\/\/www.mohd.it\/de\/magazine\/fuorisalone-2026-mailand-als-narrative-projektlandschaft\/#breadcrumb","itemListElement":[{"@type":"ListItem","position":1,"name":"Home","item":"https:\/\/www.mohd.it\/de\/"},{"@type":"ListItem","position":2,"name":"Fuorisalone 2026: Mailand als narrative Projektlandschaft"}]},{"@type":"WebSite","@id":"https:\/\/www.mohd.it\/de\/#website","url":"https:\/\/www.mohd.it\/de\/","name":"Mohd","description":"","publisher":{"@id":"https:\/\/www.mohd.it\/de\/#organization"},"potentialAction":[{"@type":"SearchAction","target":{"@type":"EntryPoint","urlTemplate":"https:\/\/www.mohd.it\/de\/?s={search_term_string}"},"query-input":{"@type":"PropertyValueSpecification","valueRequired":true,"valueName":"search_term_string"}}],"inLanguage":"de"},{"@type":"Organization","@id":"https:\/\/www.mohd.it\/de\/#organization","name":"Mollura & C. SPA","url":"https:\/\/www.mohd.it\/de\/","logo":{"@type":"ImageObject","inLanguage":"de","@id":"https:\/\/www.mohd.it\/de\/#\/schema\/logo\/image\/","url":"https:\/\/www.mohd.it\/wp-content\/uploads\/2020\/09\/mohd-logo.png","contentUrl":"https:\/\/www.mohd.it\/wp-content\/uploads\/2020\/09\/mohd-logo.png","width":600,"height":600,"caption":"Mollura & C. SPA"},"image":{"@id":"https:\/\/www.mohd.it\/de\/#\/schema\/logo\/image\/"},"sameAs":["https:\/\/www.facebook.com\/mollurahomedesign","https:\/\/x.com\/mohd_homedesign","https:\/\/www.instagram.com\/mohd_homedesign\/","https:\/\/it.linkedin.com\/company\/mohd-mollura-home-design","https:\/\/www.pinterest.it\/mohdhomedesign\/","https:\/\/www.youtube.com\/channel\/UCYLuPff6hq4z_o0GO0w1yaA"]},{"@type":"Person","@id":"https:\/\/www.mohd.it\/de\/#\/schema\/person\/d237bc94bea0bfe5020d1c41b41f6af2","name":"Noemi Cris\u00e0","image":{"@type":"ImageObject","inLanguage":"de","@id":"https:\/\/www.mohd.it\/de\/#\/schema\/person\/image\/","url":"https:\/\/secure.gravatar.com\/avatar\/6f959897d20f7190d0b1a9b0a1518d13?s=96&d=mm&r=g","contentUrl":"https:\/\/secure.gravatar.com\/avatar\/6f959897d20f7190d0b1a9b0a1518d13?s=96&d=mm&r=g","caption":"Noemi Cris\u00e0"},"url":"https:\/\/www.mohd.it\/de\/magazine\/author\/noemi\/"}]}},"image":"https:\/\/www.mohd.it\/wp-content\/uploads\/2026\/04\/Mohd-The-Mohdernist-Fuori-Salone-2025-800x600.png","category":"Aktuelles","_links":{"self":[{"href":"https:\/\/www.mohd.it\/de\/wp-json\/wp\/v2\/posts\/118197","targetHints":{"allow":["GET"]}}],"collection":[{"href":"https:\/\/www.mohd.it\/de\/wp-json\/wp\/v2\/posts"}],"about":[{"href":"https:\/\/www.mohd.it\/de\/wp-json\/wp\/v2\/types\/post"}],"author":[{"embeddable":true,"href":"https:\/\/www.mohd.it\/de\/wp-json\/wp\/v2\/users\/18"}],"replies":[{"embeddable":true,"href":"https:\/\/www.mohd.it\/de\/wp-json\/wp\/v2\/comments?post=118197"}],"version-history":[{"count":3,"href":"https:\/\/www.mohd.it\/de\/wp-json\/wp\/v2\/posts\/118197\/revisions"}],"predecessor-version":[{"id":118211,"href":"https:\/\/www.mohd.it\/de\/wp-json\/wp\/v2\/posts\/118197\/revisions\/118211"}],"wp:featuredmedia":[{"embeddable":true,"href":"https:\/\/www.mohd.it\/de\/wp-json\/wp\/v2\/media\/118109"}],"wp:attachment":[{"href":"https:\/\/www.mohd.it\/de\/wp-json\/wp\/v2\/media?parent=118197"}],"wp:term":[{"taxonomy":"category","embeddable":true,"href":"https:\/\/www.mohd.it\/de\/wp-json\/wp\/v2\/categories?post=118197"},{"taxonomy":"post_tag","embeddable":true,"href":"https:\/\/www.mohd.it\/de\/wp-json\/wp\/v2\/tags?post=118197"}],"curies":[{"name":"wp","href":"https:\/\/api.w.org\/{rel}","templated":true}]}}