{"id":118533,"date":"2026-04-20T18:17:21","date_gmt":"2026-04-20T16:17:21","guid":{"rendered":"https:\/\/www.mohd.it\/?p=118533"},"modified":"2026-04-30T18:01:49","modified_gmt":"2026-04-30T16:01:49","slug":"sensory-landscape-im-palazzo-bovara-eine-landschaft-der-sinne-von-piero-lissoni","status":"publish","type":"post","link":"https:\/\/www.mohd.it\/de\/magazine\/sensory-landscape-im-palazzo-bovara-eine-landschaft-der-sinne-von-piero-lissoni\/","title":{"rendered":"Sensory Landscape im Palazzo Bovara: eine Landschaft der Sinne von Piero Lissoni"},"content":{"rendered":"\n<p>Der Palazzo Bovara z\u00e4hlt mit <strong><a href=\"https:\/\/shopmohd.com\/de\/elle-decor-sensory-landscape.html\">Sensory Landscape<\/a><\/strong> erneut zu den meistbeachteten Adressen des Fuorisalone. Die neue Installation von <strong>Piero Lissoni<\/strong> f\u00fcr <strong>Elle Decor Italia<\/strong> ist keine Ausstellung im klassischen Sinn, sondern ein Raum, der bewusst und langsam erlebt werden will, in dem Architektur, Licht und Vegetation eine sinnliche Erz\u00e4hlung schaffen, die Besucher unmittelbar und zugleich zur\u00fcckhaltend einbindet.<\/p>\n\n\n<div class=\"board\">\n      <div class=\"board-items masonry-grid\">\n      <div class=\"board-item masonry-item\">\n  <div class=\"board-image\" style=\"padding-top:125%\">\n    <img decoding=\"async\" src=\"https:\/\/www.mohd.it\/wp-content\/uploads\/2026\/04\/Elle-Decor-Sensory-Landscape-10.png\" \/>\n  <\/div>\n  <\/div>\n<div class=\"board-item masonry-item\">\n  <div class=\"board-image\" style=\"padding-top:125%\">\n    <img decoding=\"async\" src=\"https:\/\/www.mohd.it\/wp-content\/uploads\/2026\/04\/Piero-Lissoni.png\" \/>\n  <\/div>\n  <\/div>\n    <\/div>\n    <\/div>\n\n\n\n<figure class=\"wp-block-image size-large\"><img loading=\"lazy\" decoding=\"async\" width=\"1024\" height=\"576\" src=\"https:\/\/www.mohd.it\/wp-content\/uploads\/2026\/04\/Elle-Decor-Sensory-Landscape-1-3-1024x576.png\" alt=\"Elle Decor Sensory Landscape\" class=\"wp-image-118548\" srcset=\"https:\/\/www.mohd.it\/wp-content\/uploads\/2026\/04\/Elle-Decor-Sensory-Landscape-1-3-1024x576.png 1024w, https:\/\/www.mohd.it\/wp-content\/uploads\/2026\/04\/Elle-Decor-Sensory-Landscape-1-3-300x169.png 300w, https:\/\/www.mohd.it\/wp-content\/uploads\/2026\/04\/Elle-Decor-Sensory-Landscape-1-3-768x432.png 768w, https:\/\/www.mohd.it\/wp-content\/uploads\/2026\/04\/Elle-Decor-Sensory-Landscape-1-3-1536x864.png 1536w, https:\/\/www.mohd.it\/wp-content\/uploads\/2026\/04\/Elle-Decor-Sensory-Landscape-1-3.png 1920w\" sizes=\"auto, (max-width: 1024px) 100vw, 1024px\" \/><\/figure>\n\n\n\n<p>Im neoklassizistischen Palazzo an der Corso Venezia entfaltet sich das Projekt in aufeinanderfolgenden Schichten. Lissonis Vision setzt auf Reduktion, Balance und eine pr\u00e4zise Idee visueller Stille: Wenige, sorgf\u00e4ltig abgestimmte Elemente erzeugen eine Szenerie, die zum Innehalten und Beobachten einl\u00e4dt. Der Beitrag von Antonio Perazzi f\u00fchrt Landschaft als lebendiges Material ein und verwandelt das Gr\u00fcn in ein r\u00e4umliches wie dekoratives Gestaltungselement.<\/p>\n\n\n\n<figure class=\"wp-block-image size-large\"><img loading=\"lazy\" decoding=\"async\" width=\"1024\" height=\"576\" src=\"https:\/\/www.mohd.it\/wp-content\/uploads\/2026\/04\/Elle-Decor-Sensory-Landscape-2-1-1024x576.png\" alt=\"Elle Decor Sensory Landscape\" class=\"wp-image-118554\" srcset=\"https:\/\/www.mohd.it\/wp-content\/uploads\/2026\/04\/Elle-Decor-Sensory-Landscape-2-1-1024x576.png 1024w, https:\/\/www.mohd.it\/wp-content\/uploads\/2026\/04\/Elle-Decor-Sensory-Landscape-2-1-300x169.png 300w, https:\/\/www.mohd.it\/wp-content\/uploads\/2026\/04\/Elle-Decor-Sensory-Landscape-2-1-768x432.png 768w, https:\/\/www.mohd.it\/wp-content\/uploads\/2026\/04\/Elle-Decor-Sensory-Landscape-2-1-1536x864.png 1536w, https:\/\/www.mohd.it\/wp-content\/uploads\/2026\/04\/Elle-Decor-Sensory-Landscape-2-1.png 1920w\" sizes=\"auto, (max-width: 1024px) 100vw, 1024px\" \/><\/figure>\n\n\n\n<p>Das Ergebnis ist ein Parcours, in dem Innen und Au\u00dfen n\u00e4her zusammenr\u00fccken, Kunstgriff und Natur in Dialog treten und die Grenzen des Wohnens flie\u00dfender werden. Das Zuhause wird nicht als Ansammlung von Objekten erz\u00e4hlt, sondern als sinnliches System: Oberfl\u00e4chen zum Ber\u00fchren, Atmosph\u00e4ren zum Erleben, Perspektiven, die sich durch Bewegung und Licht ver\u00e4ndern. Hier greift Sensory Landscape eines der zentralen Themen des zeitgen\u00f6ssischen Designs auf: die Qualit\u00e4t der Erfahrung noch vor der Form.<\/p>\n\n\n\n<figure class=\"wp-block-image size-large\"><img loading=\"lazy\" decoding=\"async\" width=\"1024\" height=\"576\" src=\"https:\/\/www.mohd.it\/wp-content\/uploads\/2026\/04\/Elle-Decor-Sensory-Landscape-3-1-1024x576.png\" alt=\"Elle Decor Sensory Landscape\" class=\"wp-image-118560\" srcset=\"https:\/\/www.mohd.it\/wp-content\/uploads\/2026\/04\/Elle-Decor-Sensory-Landscape-3-1-1024x576.png 1024w, https:\/\/www.mohd.it\/wp-content\/uploads\/2026\/04\/Elle-Decor-Sensory-Landscape-3-1-300x169.png 300w, https:\/\/www.mohd.it\/wp-content\/uploads\/2026\/04\/Elle-Decor-Sensory-Landscape-3-1-768x432.png 768w, https:\/\/www.mohd.it\/wp-content\/uploads\/2026\/04\/Elle-Decor-Sensory-Landscape-3-1-1536x864.png 1536w, https:\/\/www.mohd.it\/wp-content\/uploads\/2026\/04\/Elle-Decor-Sensory-Landscape-3-1.png 1920w\" sizes=\"auto, (max-width: 1024px) 100vw, 1024px\" \/><\/figure>\n\n\n\n<p>Damit best\u00e4tigt der Palazzo Bovara seine Rolle als kulturell bedeutende B\u00fchne der Milan Design Week. \u00dcber die Jahre hinweg war der Ort Gastgeber f\u00fcr Projekte, die die Entwicklung des Wohnens durch Materialien, Forschung und neue Rituale interpretierten. Die Ausgabe 2026 setzt diesen Weg mit einer essenziellen und zugleich stark atmosph\u00e4rischen Sprache fort, anvertraut einem der konsequentesten Gestalter der internationalen Szene.<\/p>\n\n\n\n<figure class=\"wp-block-image size-large\"><img loading=\"lazy\" decoding=\"async\" width=\"1024\" height=\"576\" src=\"https:\/\/www.mohd.it\/wp-content\/uploads\/2026\/04\/Elle-Decor-Sensory-Landscape-4-1-1024x576.png\" alt=\"Elle Decor Sensory Landscape\" class=\"wp-image-118566\" srcset=\"https:\/\/www.mohd.it\/wp-content\/uploads\/2026\/04\/Elle-Decor-Sensory-Landscape-4-1-1024x576.png 1024w, https:\/\/www.mohd.it\/wp-content\/uploads\/2026\/04\/Elle-Decor-Sensory-Landscape-4-1-300x169.png 300w, https:\/\/www.mohd.it\/wp-content\/uploads\/2026\/04\/Elle-Decor-Sensory-Landscape-4-1-768x432.png 768w, https:\/\/www.mohd.it\/wp-content\/uploads\/2026\/04\/Elle-Decor-Sensory-Landscape-4-1-1536x864.png 1536w, https:\/\/www.mohd.it\/wp-content\/uploads\/2026\/04\/Elle-Decor-Sensory-Landscape-4-1.png 1920w\" sizes=\"auto, (max-width: 1024px) 100vw, 1024px\" \/><\/figure>\n\n\n\n<p>Innerhalb dieser Vision f\u00fcgt sich auch die Pr\u00e4senz von Mohd selbstverst\u00e4ndlich ein \u2013 als Partner der Initiative und als zunehmend relevanter Akteur im Feld der Designkultur. Ein Beitrag, der mit einer umfassenderen Zusammenarbeit mit Elle Decor Italia verbunden ist, die bereits in fr\u00fcheren redaktionellen Projekten begann und heute um neue Formen des Erz\u00e4hlens zwischen physischer und digitaler Welt erweitert wird.<\/p>\n\n\n\n<figure class=\"wp-block-image size-large\"><img loading=\"lazy\" decoding=\"async\" width=\"1024\" height=\"576\" src=\"https:\/\/www.mohd.it\/wp-content\/uploads\/2026\/04\/Elle-Decor-Sensory-Landscape-5-1-1024x576.png\" alt=\"Elle Decor Sensory Landscape\" class=\"wp-image-118572\" srcset=\"https:\/\/www.mohd.it\/wp-content\/uploads\/2026\/04\/Elle-Decor-Sensory-Landscape-5-1-1024x576.png 1024w, https:\/\/www.mohd.it\/wp-content\/uploads\/2026\/04\/Elle-Decor-Sensory-Landscape-5-1-300x169.png 300w, https:\/\/www.mohd.it\/wp-content\/uploads\/2026\/04\/Elle-Decor-Sensory-Landscape-5-1-768x432.png 768w, https:\/\/www.mohd.it\/wp-content\/uploads\/2026\/04\/Elle-Decor-Sensory-Landscape-5-1-1536x864.png 1536w, https:\/\/www.mohd.it\/wp-content\/uploads\/2026\/04\/Elle-Decor-Sensory-Landscape-5-1.png 1920w\" sizes=\"auto, (max-width: 1024px) 100vw, 1024px\" \/><\/figure>\n\n\n\n<p>Dazu geh\u00f6rt <strong><a href=\"https:\/\/shopmohd.com\/de\/interni-a-colori.html\">Interni a Colori<\/a><\/strong>, eine digitale Erweiterung aus der Synergie von Mohd und Elle Decor, die die Rolle der Farbe in zeitgen\u00f6ssischen Interieurs untersucht. <\/p>\n\n\n\n<figure class=\"wp-block-gallery has-nested-images columns-default is-cropped wp-block-gallery-1 is-layout-flex wp-block-gallery-is-layout-flex\">\n<figure class=\"wp-block-image size-large\"><img loading=\"lazy\" decoding=\"async\" width=\"1024\" height=\"576\" data-id=\"118493\" src=\"https:\/\/www.mohd.it\/wp-content\/uploads\/2026\/04\/Elle-Decor-Interni-a-Colori-3-1024x576.png\" alt=\"Elle Decor Interni a Colori\" class=\"wp-image-118493\" srcset=\"https:\/\/www.mohd.it\/wp-content\/uploads\/2026\/04\/Elle-Decor-Interni-a-Colori-3-1024x576.png 1024w, https:\/\/www.mohd.it\/wp-content\/uploads\/2026\/04\/Elle-Decor-Interni-a-Colori-3-300x169.png 300w, https:\/\/www.mohd.it\/wp-content\/uploads\/2026\/04\/Elle-Decor-Interni-a-Colori-3-768x432.png 768w, https:\/\/www.mohd.it\/wp-content\/uploads\/2026\/04\/Elle-Decor-Interni-a-Colori-3-1536x864.png 1536w, https:\/\/www.mohd.it\/wp-content\/uploads\/2026\/04\/Elle-Decor-Interni-a-Colori-3.png 1920w\" sizes=\"auto, (max-width: 1024px) 100vw, 1024px\" \/><\/figure>\n\n\n\n<figure class=\"wp-block-image size-large\"><img loading=\"lazy\" decoding=\"async\" width=\"1024\" height=\"576\" data-id=\"118499\" src=\"https:\/\/www.mohd.it\/wp-content\/uploads\/2026\/04\/Elle-Decor-Interni-a-Colori-1024x576.png\" alt=\"Elle Decor Interni a Colori\" class=\"wp-image-118499\" srcset=\"https:\/\/www.mohd.it\/wp-content\/uploads\/2026\/04\/Elle-Decor-Interni-a-Colori-1024x576.png 1024w, https:\/\/www.mohd.it\/wp-content\/uploads\/2026\/04\/Elle-Decor-Interni-a-Colori-300x169.png 300w, https:\/\/www.mohd.it\/wp-content\/uploads\/2026\/04\/Elle-Decor-Interni-a-Colori-768x432.png 768w, https:\/\/www.mohd.it\/wp-content\/uploads\/2026\/04\/Elle-Decor-Interni-a-Colori-1536x864.png 1536w, https:\/\/www.mohd.it\/wp-content\/uploads\/2026\/04\/Elle-Decor-Interni-a-Colori.png 1920w\" sizes=\"auto, (max-width: 1024px) 100vw, 1024px\" \/><\/figure>\n\n\n\n<figure class=\"wp-block-image size-large\"><img loading=\"lazy\" decoding=\"async\" width=\"1024\" height=\"576\" data-id=\"118505\" src=\"https:\/\/www.mohd.it\/wp-content\/uploads\/2026\/04\/Elle-Decor-Interni-a-Colori-1-1024x576.png\" alt=\"Elle Decor Interni a Colori\" class=\"wp-image-118505\" srcset=\"https:\/\/www.mohd.it\/wp-content\/uploads\/2026\/04\/Elle-Decor-Interni-a-Colori-1-1024x576.png 1024w, https:\/\/www.mohd.it\/wp-content\/uploads\/2026\/04\/Elle-Decor-Interni-a-Colori-1-300x169.png 300w, https:\/\/www.mohd.it\/wp-content\/uploads\/2026\/04\/Elle-Decor-Interni-a-Colori-1-768x432.png 768w, https:\/\/www.mohd.it\/wp-content\/uploads\/2026\/04\/Elle-Decor-Interni-a-Colori-1-1536x864.png 1536w, https:\/\/www.mohd.it\/wp-content\/uploads\/2026\/04\/Elle-Decor-Interni-a-Colori-1.png 1920w\" sizes=\"auto, (max-width: 1024px) 100vw, 1024px\" \/><\/figure>\n\n\n\n<figure class=\"wp-block-image size-large\"><img loading=\"lazy\" decoding=\"async\" width=\"1024\" height=\"576\" data-id=\"118511\" src=\"https:\/\/www.mohd.it\/wp-content\/uploads\/2026\/04\/Elle-Decor-Interni-a-Colori-2-1024x576.png\" alt=\"Elle Decor Interni a Colori\" class=\"wp-image-118511\" srcset=\"https:\/\/www.mohd.it\/wp-content\/uploads\/2026\/04\/Elle-Decor-Interni-a-Colori-2-1024x576.png 1024w, https:\/\/www.mohd.it\/wp-content\/uploads\/2026\/04\/Elle-Decor-Interni-a-Colori-2-300x169.png 300w, https:\/\/www.mohd.it\/wp-content\/uploads\/2026\/04\/Elle-Decor-Interni-a-Colori-2-768x432.png 768w, https:\/\/www.mohd.it\/wp-content\/uploads\/2026\/04\/Elle-Decor-Interni-a-Colori-2-1536x864.png 1536w, https:\/\/www.mohd.it\/wp-content\/uploads\/2026\/04\/Elle-Decor-Interni-a-Colori-2.png 1920w\" sizes=\"auto, (max-width: 1024px) 100vw, 1024px\" \/><\/figure>\n<\/figure>\n\n\n\n<p>W\u00e4hrend Sensory Landscape an der Wahrnehmung des Raumes arbeitet, erforscht dieses parallele Projekt Farbpaletten, Kombinationen und chromatische Sensibilit\u00e4ten als Ausdruck h\u00e4uslicher Identit\u00e4t. Zwei unterschiedliche Sprachen, eine gemeinsame Vision des modernen Wohnens<\/p>\n\n\n\n<p>Im Kontext des Fuorisalone 2026 \u00fcberzeugt Sensory Landscape durch Balance und Tiefe. In einer Woche, die oft von visueller \u00dcberreizung gepr\u00e4gt ist, setzt die Installation auf die Pr\u00e4zision der Geste und die Kraft des Ma\u00dfes. Eine Einladung, Design nicht als blo\u00dfe Pr\u00e4sentation zu verstehen, sondern als Erfahrung, die Menschen, Umwelt und gebauten Raum wieder miteinander verbindet.<\/p>\n\n\n\n<div style=\"height:30px\" aria-hidden=\"true\" class=\"wp-block-spacer\"><\/div>\n\n\n\n<p>Rendering credit: Massimo Colonna<\/p>\n\n\n\n<p>Photo credit: Federica Cocciro<br><\/p>\n","protected":false},"excerpt":{"rendered":"<p>W\u00e4hrend der Milan Design Week 2026 gestaltet Piero Lissoni f\u00fcr Elle Decor Italia eine immersive Erfahrung aus Licht, Natur und Materialit\u00e4t, die neue M\u00f6glichkeiten des zeitgen\u00f6ssischen Wohnens erkundet \u2013 mit dem Beitrag von Mohd.<\/p>\n","protected":false},"author":18,"featured_media":118446,"comment_status":"closed","ping_status":"closed","sticky":false,"template":"","format":"standard","meta":{"footnotes":""},"categories":[503],"tags":[],"class_list":["post-118533","post","type-post","status-publish","format-standard","has-post-thumbnail","hentry","category-design-events-de"],"yoast_head":"<!-- This site is optimized with the Yoast SEO plugin v24.0 - https:\/\/yoast.com\/wordpress\/plugins\/seo\/ -->\n<title>Sensory Landscape: Milan Design Week 2026 - Mohd<\/title>\n<meta name=\"description\" content=\"Im Palazzo Bovara interpretiert Sensory Landscape von Piero Lissoni f\u00fcr Elle Decor Italia Design als immersive Erfahrung aus Licht, Landschaft und Materialit\u00e4t.\" \/>\n<meta name=\"robots\" content=\"index, follow, max-snippet:-1, max-image-preview:large, max-video-preview:-1\" \/>\n<link rel=\"canonical\" href=\"https:\/\/www.mohd.it\/de\/magazine\/sensory-landscape-im-palazzo-bovara-eine-landschaft-der-sinne-von-piero-lissoni\/\" \/>\n<meta property=\"og:locale\" content=\"de_DE\" \/>\n<meta property=\"og:type\" content=\"article\" \/>\n<meta property=\"og:title\" content=\"Sensory Landscape: Milan Design Week 2026 - Mohd\" \/>\n<meta property=\"og:description\" content=\"Im Palazzo Bovara interpretiert Sensory Landscape von Piero Lissoni f\u00fcr Elle Decor Italia Design als immersive Erfahrung aus Licht, Landschaft und Materialit\u00e4t.\" \/>\n<meta property=\"og:url\" content=\"https:\/\/www.mohd.it\/de\/magazine\/sensory-landscape-im-palazzo-bovara-eine-landschaft-der-sinne-von-piero-lissoni\/\" \/>\n<meta property=\"og:site_name\" content=\"Mohd\" \/>\n<meta property=\"article:publisher\" content=\"https:\/\/www.facebook.com\/mollurahomedesign\" \/>\n<meta property=\"article:published_time\" content=\"2026-04-20T16:17:21+00:00\" \/>\n<meta property=\"article:modified_time\" content=\"2026-04-30T16:01:49+00:00\" \/>\n<meta property=\"og:image\" content=\"https:\/\/www.mohd.it\/wp-content\/uploads\/2026\/04\/Elle-Decor-Sensory-Landscape-8.png\" \/>\n\t<meta property=\"og:image:width\" content=\"1300\" \/>\n\t<meta property=\"og:image:height\" content=\"980\" \/>\n\t<meta property=\"og:image:type\" content=\"image\/png\" \/>\n<meta name=\"author\" content=\"Noemi Cris\u00e0\" \/>\n<meta name=\"twitter:card\" content=\"summary_large_image\" \/>\n<meta name=\"twitter:creator\" content=\"@mohd_homedesign\" \/>\n<meta name=\"twitter:site\" content=\"@mohd_homedesign\" \/>\n<meta name=\"twitter:label1\" content=\"Verfasst von\" \/>\n\t<meta name=\"twitter:data1\" content=\"Noemi Cris\u00e0\" \/>\n\t<meta name=\"twitter:label2\" content=\"Gesch\u00e4tzte Lesezeit\" \/>\n\t<meta name=\"twitter:data2\" content=\"5\u00a0Minuten\" \/>\n<script type=\"application\/ld+json\" class=\"yoast-schema-graph\">{\"@context\":\"https:\/\/schema.org\",\"@graph\":[{\"@type\":\"Article\",\"@id\":\"https:\/\/www.mohd.it\/de\/magazine\/sensory-landscape-im-palazzo-bovara-eine-landschaft-der-sinne-von-piero-lissoni\/#article\",\"isPartOf\":{\"@id\":\"https:\/\/www.mohd.it\/de\/magazine\/sensory-landscape-im-palazzo-bovara-eine-landschaft-der-sinne-von-piero-lissoni\/\"},\"author\":{\"name\":\"Noemi Cris\u00e0\",\"@id\":\"https:\/\/www.mohd.it\/de\/#\/schema\/person\/d237bc94bea0bfe5020d1c41b41f6af2\"},\"headline\":\"Sensory Landscape im Palazzo Bovara: eine Landschaft der Sinne von Piero Lissoni\",\"datePublished\":\"2026-04-20T16:17:21+00:00\",\"dateModified\":\"2026-04-30T16:01:49+00:00\",\"mainEntityOfPage\":{\"@id\":\"https:\/\/www.mohd.it\/de\/magazine\/sensory-landscape-im-palazzo-bovara-eine-landschaft-der-sinne-von-piero-lissoni\/\"},\"wordCount\":479,\"publisher\":{\"@id\":\"https:\/\/www.mohd.it\/de\/#organization\"},\"image\":{\"@id\":\"https:\/\/www.mohd.it\/de\/magazine\/sensory-landscape-im-palazzo-bovara-eine-landschaft-der-sinne-von-piero-lissoni\/#primaryimage\"},\"thumbnailUrl\":\"https:\/\/www.mohd.it\/wp-content\/uploads\/2026\/04\/Elle-Decor-Sensory-Landscape-8.png\",\"articleSection\":[\"Design Events\"],\"inLanguage\":\"de\"},{\"@type\":\"WebPage\",\"@id\":\"https:\/\/www.mohd.it\/de\/magazine\/sensory-landscape-im-palazzo-bovara-eine-landschaft-der-sinne-von-piero-lissoni\/\",\"url\":\"https:\/\/www.mohd.it\/de\/magazine\/sensory-landscape-im-palazzo-bovara-eine-landschaft-der-sinne-von-piero-lissoni\/\",\"name\":\"Sensory Landscape: Milan Design Week 2026 - Mohd\",\"isPartOf\":{\"@id\":\"https:\/\/www.mohd.it\/de\/#website\"},\"primaryImageOfPage\":{\"@id\":\"https:\/\/www.mohd.it\/de\/magazine\/sensory-landscape-im-palazzo-bovara-eine-landschaft-der-sinne-von-piero-lissoni\/#primaryimage\"},\"image\":{\"@id\":\"https:\/\/www.mohd.it\/de\/magazine\/sensory-landscape-im-palazzo-bovara-eine-landschaft-der-sinne-von-piero-lissoni\/#primaryimage\"},\"thumbnailUrl\":\"https:\/\/www.mohd.it\/wp-content\/uploads\/2026\/04\/Elle-Decor-Sensory-Landscape-8.png\",\"datePublished\":\"2026-04-20T16:17:21+00:00\",\"dateModified\":\"2026-04-30T16:01:49+00:00\",\"description\":\"Im Palazzo Bovara interpretiert Sensory Landscape von Piero Lissoni f\u00fcr Elle Decor Italia Design als immersive Erfahrung aus Licht, Landschaft und Materialit\u00e4t.\",\"breadcrumb\":{\"@id\":\"https:\/\/www.mohd.it\/de\/magazine\/sensory-landscape-im-palazzo-bovara-eine-landschaft-der-sinne-von-piero-lissoni\/#breadcrumb\"},\"inLanguage\":\"de\",\"potentialAction\":[{\"@type\":\"ReadAction\",\"target\":[\"https:\/\/www.mohd.it\/de\/magazine\/sensory-landscape-im-palazzo-bovara-eine-landschaft-der-sinne-von-piero-lissoni\/\"]}]},{\"@type\":\"ImageObject\",\"inLanguage\":\"de\",\"@id\":\"https:\/\/www.mohd.it\/de\/magazine\/sensory-landscape-im-palazzo-bovara-eine-landschaft-der-sinne-von-piero-lissoni\/#primaryimage\",\"url\":\"https:\/\/www.mohd.it\/wp-content\/uploads\/2026\/04\/Elle-Decor-Sensory-Landscape-8.png\",\"contentUrl\":\"https:\/\/www.mohd.it\/wp-content\/uploads\/2026\/04\/Elle-Decor-Sensory-Landscape-8.png\",\"width\":1300,\"height\":980,\"caption\":\"Elle Decor Sensory Landscape\"},{\"@type\":\"BreadcrumbList\",\"@id\":\"https:\/\/www.mohd.it\/de\/magazine\/sensory-landscape-im-palazzo-bovara-eine-landschaft-der-sinne-von-piero-lissoni\/#breadcrumb\",\"itemListElement\":[{\"@type\":\"ListItem\",\"position\":1,\"name\":\"Home\",\"item\":\"https:\/\/www.mohd.it\/de\/\"},{\"@type\":\"ListItem\",\"position\":2,\"name\":\"Sensory Landscape im Palazzo Bovara: eine Landschaft der Sinne von Piero Lissoni\"}]},{\"@type\":\"WebSite\",\"@id\":\"https:\/\/www.mohd.it\/de\/#website\",\"url\":\"https:\/\/www.mohd.it\/de\/\",\"name\":\"Mohd\",\"description\":\"\",\"publisher\":{\"@id\":\"https:\/\/www.mohd.it\/de\/#organization\"},\"potentialAction\":[{\"@type\":\"SearchAction\",\"target\":{\"@type\":\"EntryPoint\",\"urlTemplate\":\"https:\/\/www.mohd.it\/de\/?s={search_term_string}\"},\"query-input\":{\"@type\":\"PropertyValueSpecification\",\"valueRequired\":true,\"valueName\":\"search_term_string\"}}],\"inLanguage\":\"de\"},{\"@type\":\"Organization\",\"@id\":\"https:\/\/www.mohd.it\/de\/#organization\",\"name\":\"Mollura & C. SPA\",\"url\":\"https:\/\/www.mohd.it\/de\/\",\"logo\":{\"@type\":\"ImageObject\",\"inLanguage\":\"de\",\"@id\":\"https:\/\/www.mohd.it\/de\/#\/schema\/logo\/image\/\",\"url\":\"https:\/\/www.mohd.it\/wp-content\/uploads\/2020\/09\/mohd-logo.png\",\"contentUrl\":\"https:\/\/www.mohd.it\/wp-content\/uploads\/2020\/09\/mohd-logo.png\",\"width\":600,\"height\":600,\"caption\":\"Mollura & C. SPA\"},\"image\":{\"@id\":\"https:\/\/www.mohd.it\/de\/#\/schema\/logo\/image\/\"},\"sameAs\":[\"https:\/\/www.facebook.com\/mollurahomedesign\",\"https:\/\/x.com\/mohd_homedesign\",\"https:\/\/www.instagram.com\/mohd_homedesign\/\",\"https:\/\/it.linkedin.com\/company\/mohd-mollura-home-design\",\"https:\/\/www.pinterest.it\/mohdhomedesign\/\",\"https:\/\/www.youtube.com\/channel\/UCYLuPff6hq4z_o0GO0w1yaA\"]},{\"@type\":\"Person\",\"@id\":\"https:\/\/www.mohd.it\/de\/#\/schema\/person\/d237bc94bea0bfe5020d1c41b41f6af2\",\"name\":\"Noemi Cris\u00e0\",\"image\":{\"@type\":\"ImageObject\",\"inLanguage\":\"de\",\"@id\":\"https:\/\/www.mohd.it\/de\/#\/schema\/person\/image\/\",\"url\":\"https:\/\/secure.gravatar.com\/avatar\/6f959897d20f7190d0b1a9b0a1518d13?s=96&d=mm&r=g\",\"contentUrl\":\"https:\/\/secure.gravatar.com\/avatar\/6f959897d20f7190d0b1a9b0a1518d13?s=96&d=mm&r=g\",\"caption\":\"Noemi Cris\u00e0\"},\"url\":\"https:\/\/www.mohd.it\/de\/magazine\/author\/noemi\/\"}]}<\/script>\n<!-- \/ Yoast SEO plugin. -->","yoast_head_json":{"title":"Sensory Landscape: Milan Design Week 2026 - Mohd","description":"Im Palazzo Bovara interpretiert Sensory Landscape von Piero Lissoni f\u00fcr Elle Decor Italia Design als immersive Erfahrung aus Licht, Landschaft und Materialit\u00e4t.","robots":{"index":"index","follow":"follow","max-snippet":"max-snippet:-1","max-image-preview":"max-image-preview:large","max-video-preview":"max-video-preview:-1"},"canonical":"https:\/\/www.mohd.it\/de\/magazine\/sensory-landscape-im-palazzo-bovara-eine-landschaft-der-sinne-von-piero-lissoni\/","og_locale":"de_DE","og_type":"article","og_title":"Sensory Landscape: Milan Design Week 2026 - Mohd","og_description":"Im Palazzo Bovara interpretiert Sensory Landscape von Piero Lissoni f\u00fcr Elle Decor Italia Design als immersive Erfahrung aus Licht, Landschaft und Materialit\u00e4t.","og_url":"https:\/\/www.mohd.it\/de\/magazine\/sensory-landscape-im-palazzo-bovara-eine-landschaft-der-sinne-von-piero-lissoni\/","og_site_name":"Mohd","article_publisher":"https:\/\/www.facebook.com\/mollurahomedesign","article_published_time":"2026-04-20T16:17:21+00:00","article_modified_time":"2026-04-30T16:01:49+00:00","og_image":[{"width":1300,"height":980,"url":"https:\/\/www.mohd.it\/wp-content\/uploads\/2026\/04\/Elle-Decor-Sensory-Landscape-8.png","type":"image\/png"}],"author":"Noemi Cris\u00e0","twitter_card":"summary_large_image","twitter_creator":"@mohd_homedesign","twitter_site":"@mohd_homedesign","twitter_misc":{"Verfasst von":"Noemi Cris\u00e0","Gesch\u00e4tzte Lesezeit":"5\u00a0Minuten"},"schema":{"@context":"https:\/\/schema.org","@graph":[{"@type":"Article","@id":"https:\/\/www.mohd.it\/de\/magazine\/sensory-landscape-im-palazzo-bovara-eine-landschaft-der-sinne-von-piero-lissoni\/#article","isPartOf":{"@id":"https:\/\/www.mohd.it\/de\/magazine\/sensory-landscape-im-palazzo-bovara-eine-landschaft-der-sinne-von-piero-lissoni\/"},"author":{"name":"Noemi Cris\u00e0","@id":"https:\/\/www.mohd.it\/de\/#\/schema\/person\/d237bc94bea0bfe5020d1c41b41f6af2"},"headline":"Sensory Landscape im Palazzo Bovara: eine Landschaft der Sinne von Piero Lissoni","datePublished":"2026-04-20T16:17:21+00:00","dateModified":"2026-04-30T16:01:49+00:00","mainEntityOfPage":{"@id":"https:\/\/www.mohd.it\/de\/magazine\/sensory-landscape-im-palazzo-bovara-eine-landschaft-der-sinne-von-piero-lissoni\/"},"wordCount":479,"publisher":{"@id":"https:\/\/www.mohd.it\/de\/#organization"},"image":{"@id":"https:\/\/www.mohd.it\/de\/magazine\/sensory-landscape-im-palazzo-bovara-eine-landschaft-der-sinne-von-piero-lissoni\/#primaryimage"},"thumbnailUrl":"https:\/\/www.mohd.it\/wp-content\/uploads\/2026\/04\/Elle-Decor-Sensory-Landscape-8.png","articleSection":["Design Events"],"inLanguage":"de"},{"@type":"WebPage","@id":"https:\/\/www.mohd.it\/de\/magazine\/sensory-landscape-im-palazzo-bovara-eine-landschaft-der-sinne-von-piero-lissoni\/","url":"https:\/\/www.mohd.it\/de\/magazine\/sensory-landscape-im-palazzo-bovara-eine-landschaft-der-sinne-von-piero-lissoni\/","name":"Sensory Landscape: Milan Design Week 2026 - Mohd","isPartOf":{"@id":"https:\/\/www.mohd.it\/de\/#website"},"primaryImageOfPage":{"@id":"https:\/\/www.mohd.it\/de\/magazine\/sensory-landscape-im-palazzo-bovara-eine-landschaft-der-sinne-von-piero-lissoni\/#primaryimage"},"image":{"@id":"https:\/\/www.mohd.it\/de\/magazine\/sensory-landscape-im-palazzo-bovara-eine-landschaft-der-sinne-von-piero-lissoni\/#primaryimage"},"thumbnailUrl":"https:\/\/www.mohd.it\/wp-content\/uploads\/2026\/04\/Elle-Decor-Sensory-Landscape-8.png","datePublished":"2026-04-20T16:17:21+00:00","dateModified":"2026-04-30T16:01:49+00:00","description":"Im Palazzo Bovara interpretiert Sensory Landscape von Piero Lissoni f\u00fcr Elle Decor Italia Design als immersive Erfahrung aus Licht, Landschaft und Materialit\u00e4t.","breadcrumb":{"@id":"https:\/\/www.mohd.it\/de\/magazine\/sensory-landscape-im-palazzo-bovara-eine-landschaft-der-sinne-von-piero-lissoni\/#breadcrumb"},"inLanguage":"de","potentialAction":[{"@type":"ReadAction","target":["https:\/\/www.mohd.it\/de\/magazine\/sensory-landscape-im-palazzo-bovara-eine-landschaft-der-sinne-von-piero-lissoni\/"]}]},{"@type":"ImageObject","inLanguage":"de","@id":"https:\/\/www.mohd.it\/de\/magazine\/sensory-landscape-im-palazzo-bovara-eine-landschaft-der-sinne-von-piero-lissoni\/#primaryimage","url":"https:\/\/www.mohd.it\/wp-content\/uploads\/2026\/04\/Elle-Decor-Sensory-Landscape-8.png","contentUrl":"https:\/\/www.mohd.it\/wp-content\/uploads\/2026\/04\/Elle-Decor-Sensory-Landscape-8.png","width":1300,"height":980,"caption":"Elle Decor Sensory Landscape"},{"@type":"BreadcrumbList","@id":"https:\/\/www.mohd.it\/de\/magazine\/sensory-landscape-im-palazzo-bovara-eine-landschaft-der-sinne-von-piero-lissoni\/#breadcrumb","itemListElement":[{"@type":"ListItem","position":1,"name":"Home","item":"https:\/\/www.mohd.it\/de\/"},{"@type":"ListItem","position":2,"name":"Sensory Landscape im Palazzo Bovara: eine Landschaft der Sinne von Piero Lissoni"}]},{"@type":"WebSite","@id":"https:\/\/www.mohd.it\/de\/#website","url":"https:\/\/www.mohd.it\/de\/","name":"Mohd","description":"","publisher":{"@id":"https:\/\/www.mohd.it\/de\/#organization"},"potentialAction":[{"@type":"SearchAction","target":{"@type":"EntryPoint","urlTemplate":"https:\/\/www.mohd.it\/de\/?s={search_term_string}"},"query-input":{"@type":"PropertyValueSpecification","valueRequired":true,"valueName":"search_term_string"}}],"inLanguage":"de"},{"@type":"Organization","@id":"https:\/\/www.mohd.it\/de\/#organization","name":"Mollura & C. SPA","url":"https:\/\/www.mohd.it\/de\/","logo":{"@type":"ImageObject","inLanguage":"de","@id":"https:\/\/www.mohd.it\/de\/#\/schema\/logo\/image\/","url":"https:\/\/www.mohd.it\/wp-content\/uploads\/2020\/09\/mohd-logo.png","contentUrl":"https:\/\/www.mohd.it\/wp-content\/uploads\/2020\/09\/mohd-logo.png","width":600,"height":600,"caption":"Mollura & C. SPA"},"image":{"@id":"https:\/\/www.mohd.it\/de\/#\/schema\/logo\/image\/"},"sameAs":["https:\/\/www.facebook.com\/mollurahomedesign","https:\/\/x.com\/mohd_homedesign","https:\/\/www.instagram.com\/mohd_homedesign\/","https:\/\/it.linkedin.com\/company\/mohd-mollura-home-design","https:\/\/www.pinterest.it\/mohdhomedesign\/","https:\/\/www.youtube.com\/channel\/UCYLuPff6hq4z_o0GO0w1yaA"]},{"@type":"Person","@id":"https:\/\/www.mohd.it\/de\/#\/schema\/person\/d237bc94bea0bfe5020d1c41b41f6af2","name":"Noemi Cris\u00e0","image":{"@type":"ImageObject","inLanguage":"de","@id":"https:\/\/www.mohd.it\/de\/#\/schema\/person\/image\/","url":"https:\/\/secure.gravatar.com\/avatar\/6f959897d20f7190d0b1a9b0a1518d13?s=96&d=mm&r=g","contentUrl":"https:\/\/secure.gravatar.com\/avatar\/6f959897d20f7190d0b1a9b0a1518d13?s=96&d=mm&r=g","caption":"Noemi Cris\u00e0"},"url":"https:\/\/www.mohd.it\/de\/magazine\/author\/noemi\/"}]}},"image":"https:\/\/www.mohd.it\/wp-content\/uploads\/2026\/04\/Elle-Decor-Sensory-Landscape-8-800x600.png","category":"Design Events","_links":{"self":[{"href":"https:\/\/www.mohd.it\/de\/wp-json\/wp\/v2\/posts\/118533","targetHints":{"allow":["GET"]}}],"collection":[{"href":"https:\/\/www.mohd.it\/de\/wp-json\/wp\/v2\/posts"}],"about":[{"href":"https:\/\/www.mohd.it\/de\/wp-json\/wp\/v2\/types\/post"}],"author":[{"embeddable":true,"href":"https:\/\/www.mohd.it\/de\/wp-json\/wp\/v2\/users\/18"}],"replies":[{"embeddable":true,"href":"https:\/\/www.mohd.it\/de\/wp-json\/wp\/v2\/comments?post=118533"}],"version-history":[{"count":6,"href":"https:\/\/www.mohd.it\/de\/wp-json\/wp\/v2\/posts\/118533\/revisions"}],"predecessor-version":[{"id":118604,"href":"https:\/\/www.mohd.it\/de\/wp-json\/wp\/v2\/posts\/118533\/revisions\/118604"}],"wp:featuredmedia":[{"embeddable":true,"href":"https:\/\/www.mohd.it\/de\/wp-json\/wp\/v2\/media\/118446"}],"wp:attachment":[{"href":"https:\/\/www.mohd.it\/de\/wp-json\/wp\/v2\/media?parent=118533"}],"wp:term":[{"taxonomy":"category","embeddable":true,"href":"https:\/\/www.mohd.it\/de\/wp-json\/wp\/v2\/categories?post=118533"},{"taxonomy":"post_tag","embeddable":true,"href":"https:\/\/www.mohd.it\/de\/wp-json\/wp\/v2\/tags?post=118533"}],"curies":[{"name":"wp","href":"https:\/\/api.w.org\/{rel}","templated":true}]}}