{"id":118723,"date":"2026-04-23T11:36:06","date_gmt":"2026-04-23T09:36:06","guid":{"rendered":"https:\/\/www.mohd.it\/?p=118723"},"modified":"2026-04-27T17:58:13","modified_gmt":"2026-04-27T15:58:13","slug":"studiopepe-beim-fuorisalone-das-zuhause-wird-zur-landschaft-der-materie","status":"publish","type":"post","link":"https:\/\/www.mohd.it\/de\/magazine\/studiopepe-beim-fuorisalone-das-zuhause-wird-zur-landschaft-der-materie\/","title":{"rendered":"Studiopepe beim Fuorisalone: Das Zuhause wird zur Landschaft der Materie"},"content":{"rendered":"\n<p><strong><a href=\"https:\/\/www.mohd.it\/de\/salone-del-mobile-2026\/\">Interior Reflections<\/a><\/strong> basiert auf einer klaren Idee: das Zuhause nicht als statische Kulisse zu verstehen, sondern als Organismus im st\u00e4ndigen Wandel. In den Mail\u00e4nder R\u00e4umen von <strong>Mohd Officina<\/strong> und <strong>Mohd Turati<\/strong> entwickelt Studiopepe f\u00fcr Mohd ein Projekt, das die Komplexit\u00e4t des h\u00e4uslichen Lebens in den Mittelpunkt stellt \u2013 gepr\u00e4gt von Beziehungen, Erinnerung, Gleichgewicht und sinnlichen Schichten.<\/p>\n\n\n\n<p>Kuratiert von Arianna Lelli Mami und Chiara Di Pinto entfaltet sich die Installation als Weg durch wechselnde Ma\u00dfst\u00e4be, perspektivische Einblicke und miteinander verbundene R\u00e4ume. Jeder Bereich er\u00f6ffnet eine eigene Dimension des Wohnens: intim, gesellig, kontemplativ. Besucher begegnen nicht nur M\u00f6beln und Objekten, sondern einer Abfolge von Atmosph\u00e4ren, die dazu einladen, Raum \u00fcber Wahrnehmung zu lesen.<\/p>\n\n\n\n<figure class=\"wp-block-image size-large\"><img loading=\"lazy\" decoding=\"async\" width=\"1024\" height=\"576\" src=\"https:\/\/www.mohd.it\/wp-content\/uploads\/2026\/04\/Mohd-Interior-Reflections-MDW2026-1024x576.png\" alt=\"Mohd Interior Reflections MDW2026\" class=\"wp-image-118712\" srcset=\"https:\/\/www.mohd.it\/wp-content\/uploads\/2026\/04\/Mohd-Interior-Reflections-MDW2026-1024x576.png 1024w, https:\/\/www.mohd.it\/wp-content\/uploads\/2026\/04\/Mohd-Interior-Reflections-MDW2026-300x169.png 300w, https:\/\/www.mohd.it\/wp-content\/uploads\/2026\/04\/Mohd-Interior-Reflections-MDW2026-768x432.png 768w, https:\/\/www.mohd.it\/wp-content\/uploads\/2026\/04\/Mohd-Interior-Reflections-MDW2026-1536x864.png 1536w, https:\/\/www.mohd.it\/wp-content\/uploads\/2026\/04\/Mohd-Interior-Reflections-MDW2026.png 1920w\" sizes=\"auto, (max-width: 1024px) 100vw, 1024px\" \/><\/figure>\n\n\n\n<p>Im Zentrum des Projekts steht die Materialit\u00e4t. Marmor, Travertin, Holz, taktile Oberfl\u00e4chen und ausgew\u00e4hlte Wandverkleidungen treten in ausgewogene Kompositionen, in denen jede Kombination visuelle Tiefe erzeugt. Materialien dienen nicht als blo\u00dfe Oberfl\u00e4che, sondern als gestalterische Sprache, die Rhythmus, W\u00e4rme und Identit\u00e4t schafft. Layering wird so zu einem erz\u00e4hlerischen Instrument, das den stillen Reichtum zeitgen\u00f6ssischer Interieurs sichtbar macht.<\/p>\n\n\n<div class=\"board\">\n      <div class=\"board-items masonry-grid\">\n      <div class=\"board-item masonry-item\">\n  <div class=\"board-image\" style=\"padding-top:125%\">\n    <img decoding=\"async\" src=\"https:\/\/www.mohd.it\/wp-content\/uploads\/2026\/04\/Mohd-Interior-Reflections-MDW2026-3.png\" \/>\n  <\/div>\n  <\/div>\n<div class=\"board-item masonry-item\">\n  <div class=\"board-image\" style=\"padding-top:125%\">\n    <img decoding=\"async\" src=\"https:\/\/www.mohd.it\/wp-content\/uploads\/2026\/04\/Mohd-Interior-Reflections-MDW2026-6.png\" \/>\n  <\/div>\n  <\/div>\n    <\/div>\n    <\/div>\n\n\n\n<p>Neben der materiellen Dimension er\u00f6ffnet die Spiegelung eine zweite Ebene der Wahrnehmung. Spiegelnde Fl\u00e4chen, Licht und Transparenz vervielfachen Perspektiven und verwandeln das Sichtbare in etwas Bewegliches und Wandelbares. Das Zuhause erscheint als dynamischer Raum, in dem Pr\u00e4senz und Wahrnehmung in stetigem Gleichgewicht koexistieren.<\/p>\n\n\n\n<blockquote class=\"wp-block-quote is-layout-flow wp-block-quote-is-layout-flow\">\n<p>\u201eDas Spiel mit Perspektiven und die Abfolge der R\u00e4ume z\u00e4hlen zu den zentralen Elementen des Projekts, das Interior Design durch Atmosph\u00e4ren und Geschichten erz\u00e4hlt, die in jedem Raum sichtbar werden.\u201c<\/p>\n<\/blockquote>\n\n\n<div class=\"board\">\n      <div class=\"board-items masonry-grid\">\n      <div class=\"board-item masonry-item\">\n  <div class=\"board-image\" style=\"padding-top:125%\">\n    <img decoding=\"async\" src=\"https:\/\/www.mohd.it\/wp-content\/uploads\/2026\/04\/Mohd-Interior-Reflections-MDW2026-1-1.png\" \/>\n  <\/div>\n  <\/div>\n<div class=\"board-item masonry-item\">\n  <div class=\"board-image\" style=\"padding-top:125%\">\n    <img decoding=\"async\" src=\"https:\/\/www.mohd.it\/wp-content\/uploads\/2026\/04\/Mohd-Interior-Reflections-MDW2026-2-1.png\" \/>\n  <\/div>\n  <\/div>\n    <\/div>\n    <\/div>\n\n\n\n<figure class=\"wp-block-image size-large\"><img loading=\"lazy\" decoding=\"async\" width=\"1024\" height=\"576\" src=\"https:\/\/www.mohd.it\/wp-content\/uploads\/2026\/04\/Mohd-Interior-Reflections-MDW2026-9-1024x576.png\" alt=\"Mohd Interior Reflections MDW2026\" class=\"wp-image-119251\" srcset=\"https:\/\/www.mohd.it\/wp-content\/uploads\/2026\/04\/Mohd-Interior-Reflections-MDW2026-9-1024x576.png 1024w, https:\/\/www.mohd.it\/wp-content\/uploads\/2026\/04\/Mohd-Interior-Reflections-MDW2026-9-300x169.png 300w, https:\/\/www.mohd.it\/wp-content\/uploads\/2026\/04\/Mohd-Interior-Reflections-MDW2026-9-768x432.png 768w, https:\/\/www.mohd.it\/wp-content\/uploads\/2026\/04\/Mohd-Interior-Reflections-MDW2026-9-1536x864.png 1536w, https:\/\/www.mohd.it\/wp-content\/uploads\/2026\/04\/Mohd-Interior-Reflections-MDW2026-9.png 1920w\" sizes=\"auto, (max-width: 1024px) 100vw, 1024px\" \/><\/figure>\n\n\n\n<p>Im Unterschied zu fr\u00fcheren Kooperationen zwischen Mohd und Studiopepe betont diese Edition einen h\u00e4uslicheren und intimeren Charakter, n\u00e4her an der Sprache eines realen Zuhauses. Das Ergebnis ist ein anspruchsvolles und zugleich zug\u00e4ngliches Ambiente, in dem Design seine kulturelle Tiefe bewahrt, ohne auf Komfort und die Selbstverst\u00e4ndlichkeit des Alltags zu verzichten.<\/p>\n\n\n<div class=\"board\">\n      <div class=\"board-items masonry-grid\">\n      <div class=\"board-item masonry-item\">\n  <div class=\"board-image\" style=\"padding-top:125%\">\n    <img decoding=\"async\" src=\"https:\/\/www.mohd.it\/wp-content\/uploads\/2026\/04\/Mohd-Interior-Reflections-MDW2026-8.png\" \/>\n  <\/div>\n  <\/div>\n<div class=\"board-item masonry-item\">\n  <div class=\"board-image\" style=\"padding-top:125%\">\n    <img decoding=\"async\" src=\"https:\/\/www.mohd.it\/wp-content\/uploads\/2026\/04\/Mohd-Interior-Reflections-MDW2026-5.png\" \/>\n  <\/div>\n  <\/div>\n    <\/div>\n    <\/div>\n\n\n\n<p>Interior Reflections w\u00e4hrend der Milan Design Week 2026 zu besuchen bedeutet, in eine Erz\u00e4hlung \u00fcber die Gegenwart des Interior Designs einzutreten: eine Einladung, Wohnen als pers\u00f6nliche, \u00fcber Zeit gewachsene Erfahrung zu begreifen, in der Material, Licht und Erinnerung den authentischsten Charakter des h\u00e4uslichen Raums bestimmen.<\/p>\n","protected":false},"excerpt":{"rendered":"<p>Zur Milan Design Week 2026 erforscht die f\u00fcr Mohd entwickelte Installation den h\u00e4uslichen Raum durch Texturen, Perspektiven und Spiegelungen. Eine immersive Erz\u00e4hlung \u00fcber zeitgen\u00f6ssisches Wohnen, gepr\u00e4gt von Materialforschung und fein abgestimmten Atmosph\u00e4ren.<\/p>\n","protected":false},"author":18,"featured_media":118674,"comment_status":"closed","ping_status":"closed","sticky":false,"template":"","format":"standard","meta":{"footnotes":""},"categories":[503],"tags":[],"class_list":["post-118723","post","type-post","status-publish","format-standard","has-post-thumbnail","hentry","category-design-events-de"],"yoast_head":"<!-- This site is optimized with the Yoast SEO plugin v24.0 - https:\/\/yoast.com\/wordpress\/plugins\/seo\/ -->\n<title>Studiopepe beim Fuorisalone: das Zuhause als materielles Projekt - Mohd<\/title>\n<meta name=\"description\" content=\"Zur Milan Design Week 2026 gestaltet Studiopepe f\u00fcr Mohd eine immersive Installation aus Oberfl\u00e4chen, Reflexionen und neuen Formen des Wohnens \u2013 zu erleben beim Fuorisalone.\" \/>\n<meta name=\"robots\" content=\"index, follow, max-snippet:-1, max-image-preview:large, max-video-preview:-1\" \/>\n<link rel=\"canonical\" href=\"https:\/\/www.mohd.it\/de\/magazine\/studiopepe-beim-fuorisalone-das-zuhause-wird-zur-landschaft-der-materie\/\" \/>\n<meta property=\"og:locale\" content=\"de_DE\" \/>\n<meta property=\"og:type\" content=\"article\" \/>\n<meta property=\"og:title\" content=\"Studiopepe beim Fuorisalone: das Zuhause als materielles Projekt - Mohd\" \/>\n<meta property=\"og:description\" content=\"Zur Milan Design Week 2026 gestaltet Studiopepe f\u00fcr Mohd eine immersive Installation aus Oberfl\u00e4chen, Reflexionen und neuen Formen des Wohnens \u2013 zu erleben beim Fuorisalone.\" \/>\n<meta property=\"og:url\" content=\"https:\/\/www.mohd.it\/de\/magazine\/studiopepe-beim-fuorisalone-das-zuhause-wird-zur-landschaft-der-materie\/\" \/>\n<meta property=\"og:site_name\" content=\"Mohd\" \/>\n<meta property=\"article:publisher\" content=\"https:\/\/www.facebook.com\/mollurahomedesign\" \/>\n<meta property=\"article:published_time\" content=\"2026-04-23T09:36:06+00:00\" \/>\n<meta property=\"article:modified_time\" content=\"2026-04-27T15:58:13+00:00\" \/>\n<meta property=\"og:image\" content=\"https:\/\/www.mohd.it\/wp-content\/uploads\/2026\/04\/Mohd-Interior-Reflections-MDW2026-2.png\" \/>\n\t<meta property=\"og:image:width\" content=\"1300\" \/>\n\t<meta property=\"og:image:height\" content=\"980\" \/>\n\t<meta property=\"og:image:type\" content=\"image\/png\" \/>\n<meta name=\"author\" content=\"Noemi Cris\u00e0\" \/>\n<meta name=\"twitter:card\" content=\"summary_large_image\" \/>\n<meta name=\"twitter:creator\" content=\"@mohd_homedesign\" \/>\n<meta name=\"twitter:site\" content=\"@mohd_homedesign\" \/>\n<meta name=\"twitter:label1\" content=\"Verfasst von\" \/>\n\t<meta name=\"twitter:data1\" content=\"Noemi Cris\u00e0\" \/>\n\t<meta name=\"twitter:label2\" content=\"Gesch\u00e4tzte Lesezeit\" \/>\n\t<meta name=\"twitter:data2\" content=\"3\u00a0Minuten\" \/>\n<script type=\"application\/ld+json\" class=\"yoast-schema-graph\">{\"@context\":\"https:\/\/schema.org\",\"@graph\":[{\"@type\":\"Article\",\"@id\":\"https:\/\/www.mohd.it\/de\/magazine\/studiopepe-beim-fuorisalone-das-zuhause-wird-zur-landschaft-der-materie\/#article\",\"isPartOf\":{\"@id\":\"https:\/\/www.mohd.it\/de\/magazine\/studiopepe-beim-fuorisalone-das-zuhause-wird-zur-landschaft-der-materie\/\"},\"author\":{\"name\":\"Noemi Cris\u00e0\",\"@id\":\"https:\/\/www.mohd.it\/de\/#\/schema\/person\/d237bc94bea0bfe5020d1c41b41f6af2\"},\"headline\":\"Studiopepe beim Fuorisalone: Das Zuhause wird zur Landschaft der Materie\",\"datePublished\":\"2026-04-23T09:36:06+00:00\",\"dateModified\":\"2026-04-27T15:58:13+00:00\",\"mainEntityOfPage\":{\"@id\":\"https:\/\/www.mohd.it\/de\/magazine\/studiopepe-beim-fuorisalone-das-zuhause-wird-zur-landschaft-der-materie\/\"},\"wordCount\":382,\"publisher\":{\"@id\":\"https:\/\/www.mohd.it\/de\/#organization\"},\"image\":{\"@id\":\"https:\/\/www.mohd.it\/de\/magazine\/studiopepe-beim-fuorisalone-das-zuhause-wird-zur-landschaft-der-materie\/#primaryimage\"},\"thumbnailUrl\":\"https:\/\/www.mohd.it\/wp-content\/uploads\/2026\/04\/Mohd-Interior-Reflections-MDW2026-2.png\",\"articleSection\":[\"Design Events\"],\"inLanguage\":\"de\"},{\"@type\":\"WebPage\",\"@id\":\"https:\/\/www.mohd.it\/de\/magazine\/studiopepe-beim-fuorisalone-das-zuhause-wird-zur-landschaft-der-materie\/\",\"url\":\"https:\/\/www.mohd.it\/de\/magazine\/studiopepe-beim-fuorisalone-das-zuhause-wird-zur-landschaft-der-materie\/\",\"name\":\"Studiopepe beim Fuorisalone: das Zuhause als materielles Projekt - Mohd\",\"isPartOf\":{\"@id\":\"https:\/\/www.mohd.it\/de\/#website\"},\"primaryImageOfPage\":{\"@id\":\"https:\/\/www.mohd.it\/de\/magazine\/studiopepe-beim-fuorisalone-das-zuhause-wird-zur-landschaft-der-materie\/#primaryimage\"},\"image\":{\"@id\":\"https:\/\/www.mohd.it\/de\/magazine\/studiopepe-beim-fuorisalone-das-zuhause-wird-zur-landschaft-der-materie\/#primaryimage\"},\"thumbnailUrl\":\"https:\/\/www.mohd.it\/wp-content\/uploads\/2026\/04\/Mohd-Interior-Reflections-MDW2026-2.png\",\"datePublished\":\"2026-04-23T09:36:06+00:00\",\"dateModified\":\"2026-04-27T15:58:13+00:00\",\"description\":\"Zur Milan Design Week 2026 gestaltet Studiopepe f\u00fcr Mohd eine immersive Installation aus Oberfl\u00e4chen, Reflexionen und neuen Formen des Wohnens \u2013 zu erleben beim Fuorisalone.\",\"breadcrumb\":{\"@id\":\"https:\/\/www.mohd.it\/de\/magazine\/studiopepe-beim-fuorisalone-das-zuhause-wird-zur-landschaft-der-materie\/#breadcrumb\"},\"inLanguage\":\"de\",\"potentialAction\":[{\"@type\":\"ReadAction\",\"target\":[\"https:\/\/www.mohd.it\/de\/magazine\/studiopepe-beim-fuorisalone-das-zuhause-wird-zur-landschaft-der-materie\/\"]}]},{\"@type\":\"ImageObject\",\"inLanguage\":\"de\",\"@id\":\"https:\/\/www.mohd.it\/de\/magazine\/studiopepe-beim-fuorisalone-das-zuhause-wird-zur-landschaft-der-materie\/#primaryimage\",\"url\":\"https:\/\/www.mohd.it\/wp-content\/uploads\/2026\/04\/Mohd-Interior-Reflections-MDW2026-2.png\",\"contentUrl\":\"https:\/\/www.mohd.it\/wp-content\/uploads\/2026\/04\/Mohd-Interior-Reflections-MDW2026-2.png\",\"width\":1300,\"height\":980,\"caption\":\"Mohd Interior Reflections MDW2026\"},{\"@type\":\"BreadcrumbList\",\"@id\":\"https:\/\/www.mohd.it\/de\/magazine\/studiopepe-beim-fuorisalone-das-zuhause-wird-zur-landschaft-der-materie\/#breadcrumb\",\"itemListElement\":[{\"@type\":\"ListItem\",\"position\":1,\"name\":\"Home\",\"item\":\"https:\/\/www.mohd.it\/de\/\"},{\"@type\":\"ListItem\",\"position\":2,\"name\":\"Studiopepe beim Fuorisalone: Das Zuhause wird zur Landschaft der Materie\"}]},{\"@type\":\"WebSite\",\"@id\":\"https:\/\/www.mohd.it\/de\/#website\",\"url\":\"https:\/\/www.mohd.it\/de\/\",\"name\":\"Mohd\",\"description\":\"\",\"publisher\":{\"@id\":\"https:\/\/www.mohd.it\/de\/#organization\"},\"potentialAction\":[{\"@type\":\"SearchAction\",\"target\":{\"@type\":\"EntryPoint\",\"urlTemplate\":\"https:\/\/www.mohd.it\/de\/?s={search_term_string}\"},\"query-input\":{\"@type\":\"PropertyValueSpecification\",\"valueRequired\":true,\"valueName\":\"search_term_string\"}}],\"inLanguage\":\"de\"},{\"@type\":\"Organization\",\"@id\":\"https:\/\/www.mohd.it\/de\/#organization\",\"name\":\"Mollura & C. SPA\",\"url\":\"https:\/\/www.mohd.it\/de\/\",\"logo\":{\"@type\":\"ImageObject\",\"inLanguage\":\"de\",\"@id\":\"https:\/\/www.mohd.it\/de\/#\/schema\/logo\/image\/\",\"url\":\"https:\/\/www.mohd.it\/wp-content\/uploads\/2020\/09\/mohd-logo.png\",\"contentUrl\":\"https:\/\/www.mohd.it\/wp-content\/uploads\/2020\/09\/mohd-logo.png\",\"width\":600,\"height\":600,\"caption\":\"Mollura & C. SPA\"},\"image\":{\"@id\":\"https:\/\/www.mohd.it\/de\/#\/schema\/logo\/image\/\"},\"sameAs\":[\"https:\/\/www.facebook.com\/mollurahomedesign\",\"https:\/\/x.com\/mohd_homedesign\",\"https:\/\/www.instagram.com\/mohd_homedesign\/\",\"https:\/\/it.linkedin.com\/company\/mohd-mollura-home-design\",\"https:\/\/www.pinterest.it\/mohdhomedesign\/\",\"https:\/\/www.youtube.com\/channel\/UCYLuPff6hq4z_o0GO0w1yaA\"]},{\"@type\":\"Person\",\"@id\":\"https:\/\/www.mohd.it\/de\/#\/schema\/person\/d237bc94bea0bfe5020d1c41b41f6af2\",\"name\":\"Noemi Cris\u00e0\",\"image\":{\"@type\":\"ImageObject\",\"inLanguage\":\"de\",\"@id\":\"https:\/\/www.mohd.it\/de\/#\/schema\/person\/image\/\",\"url\":\"https:\/\/secure.gravatar.com\/avatar\/6f959897d20f7190d0b1a9b0a1518d13?s=96&d=mm&r=g\",\"contentUrl\":\"https:\/\/secure.gravatar.com\/avatar\/6f959897d20f7190d0b1a9b0a1518d13?s=96&d=mm&r=g\",\"caption\":\"Noemi Cris\u00e0\"},\"url\":\"https:\/\/www.mohd.it\/de\/magazine\/author\/noemi\/\"}]}<\/script>\n<!-- \/ Yoast SEO plugin. -->","yoast_head_json":{"title":"Studiopepe beim Fuorisalone: das Zuhause als materielles Projekt - Mohd","description":"Zur Milan Design Week 2026 gestaltet Studiopepe f\u00fcr Mohd eine immersive Installation aus Oberfl\u00e4chen, Reflexionen und neuen Formen des Wohnens \u2013 zu erleben beim Fuorisalone.","robots":{"index":"index","follow":"follow","max-snippet":"max-snippet:-1","max-image-preview":"max-image-preview:large","max-video-preview":"max-video-preview:-1"},"canonical":"https:\/\/www.mohd.it\/de\/magazine\/studiopepe-beim-fuorisalone-das-zuhause-wird-zur-landschaft-der-materie\/","og_locale":"de_DE","og_type":"article","og_title":"Studiopepe beim Fuorisalone: das Zuhause als materielles Projekt - Mohd","og_description":"Zur Milan Design Week 2026 gestaltet Studiopepe f\u00fcr Mohd eine immersive Installation aus Oberfl\u00e4chen, Reflexionen und neuen Formen des Wohnens \u2013 zu erleben beim Fuorisalone.","og_url":"https:\/\/www.mohd.it\/de\/magazine\/studiopepe-beim-fuorisalone-das-zuhause-wird-zur-landschaft-der-materie\/","og_site_name":"Mohd","article_publisher":"https:\/\/www.facebook.com\/mollurahomedesign","article_published_time":"2026-04-23T09:36:06+00:00","article_modified_time":"2026-04-27T15:58:13+00:00","og_image":[{"width":1300,"height":980,"url":"https:\/\/www.mohd.it\/wp-content\/uploads\/2026\/04\/Mohd-Interior-Reflections-MDW2026-2.png","type":"image\/png"}],"author":"Noemi Cris\u00e0","twitter_card":"summary_large_image","twitter_creator":"@mohd_homedesign","twitter_site":"@mohd_homedesign","twitter_misc":{"Verfasst von":"Noemi Cris\u00e0","Gesch\u00e4tzte Lesezeit":"3\u00a0Minuten"},"schema":{"@context":"https:\/\/schema.org","@graph":[{"@type":"Article","@id":"https:\/\/www.mohd.it\/de\/magazine\/studiopepe-beim-fuorisalone-das-zuhause-wird-zur-landschaft-der-materie\/#article","isPartOf":{"@id":"https:\/\/www.mohd.it\/de\/magazine\/studiopepe-beim-fuorisalone-das-zuhause-wird-zur-landschaft-der-materie\/"},"author":{"name":"Noemi Cris\u00e0","@id":"https:\/\/www.mohd.it\/de\/#\/schema\/person\/d237bc94bea0bfe5020d1c41b41f6af2"},"headline":"Studiopepe beim Fuorisalone: Das Zuhause wird zur Landschaft der Materie","datePublished":"2026-04-23T09:36:06+00:00","dateModified":"2026-04-27T15:58:13+00:00","mainEntityOfPage":{"@id":"https:\/\/www.mohd.it\/de\/magazine\/studiopepe-beim-fuorisalone-das-zuhause-wird-zur-landschaft-der-materie\/"},"wordCount":382,"publisher":{"@id":"https:\/\/www.mohd.it\/de\/#organization"},"image":{"@id":"https:\/\/www.mohd.it\/de\/magazine\/studiopepe-beim-fuorisalone-das-zuhause-wird-zur-landschaft-der-materie\/#primaryimage"},"thumbnailUrl":"https:\/\/www.mohd.it\/wp-content\/uploads\/2026\/04\/Mohd-Interior-Reflections-MDW2026-2.png","articleSection":["Design Events"],"inLanguage":"de"},{"@type":"WebPage","@id":"https:\/\/www.mohd.it\/de\/magazine\/studiopepe-beim-fuorisalone-das-zuhause-wird-zur-landschaft-der-materie\/","url":"https:\/\/www.mohd.it\/de\/magazine\/studiopepe-beim-fuorisalone-das-zuhause-wird-zur-landschaft-der-materie\/","name":"Studiopepe beim Fuorisalone: das Zuhause als materielles Projekt - Mohd","isPartOf":{"@id":"https:\/\/www.mohd.it\/de\/#website"},"primaryImageOfPage":{"@id":"https:\/\/www.mohd.it\/de\/magazine\/studiopepe-beim-fuorisalone-das-zuhause-wird-zur-landschaft-der-materie\/#primaryimage"},"image":{"@id":"https:\/\/www.mohd.it\/de\/magazine\/studiopepe-beim-fuorisalone-das-zuhause-wird-zur-landschaft-der-materie\/#primaryimage"},"thumbnailUrl":"https:\/\/www.mohd.it\/wp-content\/uploads\/2026\/04\/Mohd-Interior-Reflections-MDW2026-2.png","datePublished":"2026-04-23T09:36:06+00:00","dateModified":"2026-04-27T15:58:13+00:00","description":"Zur Milan Design Week 2026 gestaltet Studiopepe f\u00fcr Mohd eine immersive Installation aus Oberfl\u00e4chen, Reflexionen und neuen Formen des Wohnens \u2013 zu erleben beim Fuorisalone.","breadcrumb":{"@id":"https:\/\/www.mohd.it\/de\/magazine\/studiopepe-beim-fuorisalone-das-zuhause-wird-zur-landschaft-der-materie\/#breadcrumb"},"inLanguage":"de","potentialAction":[{"@type":"ReadAction","target":["https:\/\/www.mohd.it\/de\/magazine\/studiopepe-beim-fuorisalone-das-zuhause-wird-zur-landschaft-der-materie\/"]}]},{"@type":"ImageObject","inLanguage":"de","@id":"https:\/\/www.mohd.it\/de\/magazine\/studiopepe-beim-fuorisalone-das-zuhause-wird-zur-landschaft-der-materie\/#primaryimage","url":"https:\/\/www.mohd.it\/wp-content\/uploads\/2026\/04\/Mohd-Interior-Reflections-MDW2026-2.png","contentUrl":"https:\/\/www.mohd.it\/wp-content\/uploads\/2026\/04\/Mohd-Interior-Reflections-MDW2026-2.png","width":1300,"height":980,"caption":"Mohd Interior Reflections MDW2026"},{"@type":"BreadcrumbList","@id":"https:\/\/www.mohd.it\/de\/magazine\/studiopepe-beim-fuorisalone-das-zuhause-wird-zur-landschaft-der-materie\/#breadcrumb","itemListElement":[{"@type":"ListItem","position":1,"name":"Home","item":"https:\/\/www.mohd.it\/de\/"},{"@type":"ListItem","position":2,"name":"Studiopepe beim Fuorisalone: Das Zuhause wird zur Landschaft der Materie"}]},{"@type":"WebSite","@id":"https:\/\/www.mohd.it\/de\/#website","url":"https:\/\/www.mohd.it\/de\/","name":"Mohd","description":"","publisher":{"@id":"https:\/\/www.mohd.it\/de\/#organization"},"potentialAction":[{"@type":"SearchAction","target":{"@type":"EntryPoint","urlTemplate":"https:\/\/www.mohd.it\/de\/?s={search_term_string}"},"query-input":{"@type":"PropertyValueSpecification","valueRequired":true,"valueName":"search_term_string"}}],"inLanguage":"de"},{"@type":"Organization","@id":"https:\/\/www.mohd.it\/de\/#organization","name":"Mollura & C. SPA","url":"https:\/\/www.mohd.it\/de\/","logo":{"@type":"ImageObject","inLanguage":"de","@id":"https:\/\/www.mohd.it\/de\/#\/schema\/logo\/image\/","url":"https:\/\/www.mohd.it\/wp-content\/uploads\/2020\/09\/mohd-logo.png","contentUrl":"https:\/\/www.mohd.it\/wp-content\/uploads\/2020\/09\/mohd-logo.png","width":600,"height":600,"caption":"Mollura & C. SPA"},"image":{"@id":"https:\/\/www.mohd.it\/de\/#\/schema\/logo\/image\/"},"sameAs":["https:\/\/www.facebook.com\/mollurahomedesign","https:\/\/x.com\/mohd_homedesign","https:\/\/www.instagram.com\/mohd_homedesign\/","https:\/\/it.linkedin.com\/company\/mohd-mollura-home-design","https:\/\/www.pinterest.it\/mohdhomedesign\/","https:\/\/www.youtube.com\/channel\/UCYLuPff6hq4z_o0GO0w1yaA"]},{"@type":"Person","@id":"https:\/\/www.mohd.it\/de\/#\/schema\/person\/d237bc94bea0bfe5020d1c41b41f6af2","name":"Noemi Cris\u00e0","image":{"@type":"ImageObject","inLanguage":"de","@id":"https:\/\/www.mohd.it\/de\/#\/schema\/person\/image\/","url":"https:\/\/secure.gravatar.com\/avatar\/6f959897d20f7190d0b1a9b0a1518d13?s=96&d=mm&r=g","contentUrl":"https:\/\/secure.gravatar.com\/avatar\/6f959897d20f7190d0b1a9b0a1518d13?s=96&d=mm&r=g","caption":"Noemi Cris\u00e0"},"url":"https:\/\/www.mohd.it\/de\/magazine\/author\/noemi\/"}]}},"image":"https:\/\/www.mohd.it\/wp-content\/uploads\/2026\/04\/Mohd-Interior-Reflections-MDW2026-2-800x600.png","category":"Design Events","_links":{"self":[{"href":"https:\/\/www.mohd.it\/de\/wp-json\/wp\/v2\/posts\/118723","targetHints":{"allow":["GET"]}}],"collection":[{"href":"https:\/\/www.mohd.it\/de\/wp-json\/wp\/v2\/posts"}],"about":[{"href":"https:\/\/www.mohd.it\/de\/wp-json\/wp\/v2\/types\/post"}],"author":[{"embeddable":true,"href":"https:\/\/www.mohd.it\/de\/wp-json\/wp\/v2\/users\/18"}],"replies":[{"embeddable":true,"href":"https:\/\/www.mohd.it\/de\/wp-json\/wp\/v2\/comments?post=118723"}],"version-history":[{"count":7,"href":"https:\/\/www.mohd.it\/de\/wp-json\/wp\/v2\/posts\/118723\/revisions"}],"predecessor-version":[{"id":119277,"href":"https:\/\/www.mohd.it\/de\/wp-json\/wp\/v2\/posts\/118723\/revisions\/119277"}],"wp:featuredmedia":[{"embeddable":true,"href":"https:\/\/www.mohd.it\/de\/wp-json\/wp\/v2\/media\/118674"}],"wp:attachment":[{"href":"https:\/\/www.mohd.it\/de\/wp-json\/wp\/v2\/media?parent=118723"}],"wp:term":[{"taxonomy":"category","embeddable":true,"href":"https:\/\/www.mohd.it\/de\/wp-json\/wp\/v2\/categories?post=118723"},{"taxonomy":"post_tag","embeddable":true,"href":"https:\/\/www.mohd.it\/de\/wp-json\/wp\/v2\/tags?post=118723"}],"curies":[{"name":"wp","href":"https:\/\/api.w.org\/{rel}","templated":true}]}}