{"id":118973,"date":"2026-04-24T14:48:31","date_gmt":"2026-04-24T12:48:31","guid":{"rendered":"https:\/\/www.mohd.it\/?p=118973"},"modified":"2026-04-24T14:48:33","modified_gmt":"2026-04-24T12:48:33","slug":"gallottiradice-70-jahre-glas-materialitaet-und-neue-praesenz","status":"publish","type":"post","link":"https:\/\/www.mohd.it\/de\/magazine\/gallottiradice-70-jahre-glas-materialitaet-und-neue-praesenz\/","title":{"rendered":"Gallotti&amp;Radice: 70 Jahre Glas, Materialit\u00e4t und neue Pr\u00e4senz"},"content":{"rendered":"\n<p>F\u00fcr <strong><a href=\"https:\/\/shopmohd.com\/de\/marken\/gallotti-e-radice.html\">Gallotti&amp;Radice<\/a><\/strong> ist das siebzigj\u00e4hrige Jubil\u00e4um weniger eine Feier als ein Moment der Neuausrichtung. Mit Tales in Glass entfaltet die Marke ihre Erz\u00e4hlung zwischen Messe, Flagship Store und Installation im Palazzo Meli Lupi di Soragna und verkn\u00fcpft Archiv, neue Kollektionen und bisher ungesehene Perspektiven. Glas bleibt der urspr\u00fcngliche Kern, agiert jedoch nicht mehr isoliert: Es tritt in Beziehung zu stark ge\u00e4derten Marmoren, br\u00fcnierten Metallen, weichen Volumen und Oberfl\u00e4chen, die Licht aufnehmen und reflektieren.<\/p>\n\n\n<div class=\"board\">\n      <div class=\"board-items masonry-grid\">\n      <div class=\"board-item masonry-item\">\n  <div class=\"board-image\" style=\"padding-top:125%\">\n    <img decoding=\"async\" src=\"https:\/\/www.mohd.it\/wp-content\/uploads\/2026\/04\/GallottiRadice-MDW2026-1-1.png\" \/>\n  <\/div>\n  <\/div>\n<div class=\"board-item masonry-item\">\n  <div class=\"board-image\" style=\"padding-top:125%\">\n    <img decoding=\"async\" src=\"https:\/\/www.mohd.it\/wp-content\/uploads\/2026\/04\/GallottiRadice-MDW2026-10.png\" \/>\n  <\/div>\n  <\/div>\n    <\/div>\n    <\/div>\n\n\n\n<p>Das Konzept der Design Week zeigt eine klare Richtung. Die R\u00e4ume entstehen aus fein austarierten Spannungen zwischen Dichte und Transparenz, Haptik und Reflexion, Strenge und Atmosph\u00e4re: Steintische gewinnen nahezu architektonische Pr\u00e4senz, lackierte und spiegelnde M\u00f6bel bringen eine leichtere, vibrierende Dimension ein, w\u00e4hrend Polsterm\u00f6bel, Leuchten und dunkle Oberfl\u00e4chen eine anspruchsvolle, umh\u00fcllende Wohnlichkeit definieren, ohne inszeniert zu wirken.<br>Auch wenn es zur\u00fccktritt, bleibt Glas wirksam \u2013 als technisches Ged\u00e4chtnis, als Lichttr\u00e4ger und als formale Grammatik zwischen Vergangenheit und Zukunft.<\/p>\n\n\n<div class=\"board\">\n      <div class=\"board-items masonry-grid\">\n      <div class=\"board-item masonry-item\">\n  <div class=\"board-image\" style=\"padding-top:125%\">\n    <img decoding=\"async\" src=\"https:\/\/www.mohd.it\/wp-content\/uploads\/2026\/04\/GallottiRadice-MDW2026-11.png\" \/>\n  <\/div>\n  <\/div>\n<div class=\"board-item masonry-item\">\n  <div class=\"board-image\" style=\"padding-top:125%\">\n    <img decoding=\"async\" src=\"https:\/\/www.mohd.it\/wp-content\/uploads\/2026\/04\/GallottiRadice-MDW2026-9.png\" \/>\n  <\/div>\n  <\/div>\n<div class=\"board-item masonry-item\">\n  <div class=\"board-image\" style=\"padding-top:125%\">\n    <img decoding=\"async\" src=\"https:\/\/www.mohd.it\/wp-content\/uploads\/2026\/04\/GallottiRadice-MDW2026-5.png\" \/>\n  <\/div>\n  <\/div>\n<div class=\"board-item masonry-item\">\n  <div class=\"board-image\" style=\"padding-top:125%\">\n    <img decoding=\"async\" src=\"https:\/\/www.mohd.it\/wp-content\/uploads\/2026\/04\/GallottiRadice-MDW2026-2.png\" \/>\n  <\/div>\n  <\/div>\n    <\/div>\n    <\/div>\n\n\n\n<p>In den neuen Raumkonzepten von Gallotti&amp;Radice verschwindet Glas nicht, sondern ver\u00e4ndert seine Rolle. Es tritt in Dialog mit mineralischen Oberfl\u00e4chen, warmen Metallen und weichen Volumen und formt Innenr\u00e4ume, in denen Transparenz kein Effekt ist, sondern Ma\u00df f\u00fcr Raum und Licht.<\/p>\n\n\n<div class=\"board\">\n      <div class=\"board-items masonry-grid\">\n      <div class=\"board-item masonry-item\">\n  <div class=\"board-image\" style=\"padding-top:125%\">\n    <img decoding=\"async\" src=\"https:\/\/www.mohd.it\/wp-content\/uploads\/2026\/04\/GallottiRadice-MDW2026-1.png\" \/>\n  <\/div>\n  <\/div>\n<div class=\"board-item masonry-item\">\n  <div class=\"board-image\" style=\"padding-top:125%\">\n    <img decoding=\"async\" src=\"https:\/\/www.mohd.it\/wp-content\/uploads\/2026\/04\/GallottiRadice-MDW2026-4.png\" \/>\n  <\/div>\n  <\/div>\n    <\/div>\n    <\/div>\n\n\n\n<p>Zwischen Messestand, Flagship Store und Jubil\u00e4umsinstallation entwickelt die Marke eine vielschichtige Sprache: materiell, atmosph\u00e4risch, kultiviert. Ein koh\u00e4renter Ansatz, der siebzig Jahre Geschichte ohne Nostalgie neu liest und das Erbe des Glases in eine zeitgem\u00e4\u00dfe Wohnvision \u00fcberf\u00fchrt.<\/p>\n\n\n<div class=\"board\">\n      <div class=\"board-items masonry-grid\">\n      <div class=\"board-item masonry-item\">\n  <div class=\"board-image\" style=\"padding-top:125%\">\n    <img decoding=\"async\" src=\"https:\/\/www.mohd.it\/wp-content\/uploads\/2026\/04\/GallottiRadice-MDW2026-3.png\" \/>\n  <\/div>\n  <\/div>\n<div class=\"board-item masonry-item\">\n  <div class=\"board-image\" style=\"padding-top:125%\">\n    <img decoding=\"async\" src=\"https:\/\/www.mohd.it\/wp-content\/uploads\/2026\/04\/GallottiRadice-MDW2026-6.png\" \/>\n  <\/div>\n  <\/div>\n    <\/div>\n    <\/div>\n","protected":false},"excerpt":{"rendered":"<p>Auf dem Salone del Mobile 2026 und im Mail\u00e4nder Fuorisalone transformiert Gallotti&#038;Radice Glas von einer historischen Signatur zu einem offenen Entwurfsinstrument im Dialog mit Licht, Oberfl\u00e4chen und zeitgen\u00f6ssischer Forschung.<\/p>\n","protected":false},"author":18,"featured_media":118966,"comment_status":"closed","ping_status":"closed","sticky":false,"template":"","format":"standard","meta":{"footnotes":""},"categories":[486,482],"tags":[],"class_list":["post-118973","post","type-post","status-publish","format-standard","has-post-thumbnail","hentry","category-aktuelles","category-marken"],"yoast_head":"<!-- This site is optimized with the Yoast SEO plugin v24.0 - https:\/\/yoast.com\/wordpress\/plugins\/seo\/ -->\n<title>Gallotti&amp;Radice: 70 Jahre Glas und Design - Mohd<\/title>\n<meta name=\"description\" content=\"Auf dem Salone del Mobile 2026 feiert Gallotti&amp;Radice 70 Jahre mit Tales in Glass \u2013 zwischen Neuheiten, Flagship Store und Fuorisalone in Mailand.\" \/>\n<meta name=\"robots\" content=\"index, follow, max-snippet:-1, max-image-preview:large, max-video-preview:-1\" \/>\n<link rel=\"canonical\" href=\"https:\/\/www.mohd.it\/de\/magazine\/gallottiradice-70-jahre-glas-materialitaet-und-neue-praesenz\/\" \/>\n<meta property=\"og:locale\" content=\"de_DE\" \/>\n<meta property=\"og:type\" content=\"article\" \/>\n<meta property=\"og:title\" content=\"Gallotti&amp;Radice: 70 Jahre Glas und Design - Mohd\" \/>\n<meta property=\"og:description\" content=\"Auf dem Salone del Mobile 2026 feiert Gallotti&amp;Radice 70 Jahre mit Tales in Glass \u2013 zwischen Neuheiten, Flagship Store und Fuorisalone in Mailand.\" \/>\n<meta property=\"og:url\" content=\"https:\/\/www.mohd.it\/de\/magazine\/gallottiradice-70-jahre-glas-materialitaet-und-neue-praesenz\/\" \/>\n<meta property=\"og:site_name\" content=\"Mohd\" \/>\n<meta property=\"article:publisher\" content=\"https:\/\/www.facebook.com\/mollurahomedesign\" \/>\n<meta property=\"article:published_time\" content=\"2026-04-24T12:48:31+00:00\" \/>\n<meta property=\"article:modified_time\" content=\"2026-04-24T12:48:33+00:00\" \/>\n<meta property=\"og:image\" content=\"https:\/\/www.mohd.it\/wp-content\/uploads\/2026\/04\/GallottiRadice-MDW2026.png\" \/>\n\t<meta property=\"og:image:width\" content=\"1300\" \/>\n\t<meta property=\"og:image:height\" content=\"980\" \/>\n\t<meta property=\"og:image:type\" content=\"image\/png\" \/>\n<meta name=\"author\" content=\"Noemi Cris\u00e0\" \/>\n<meta name=\"twitter:card\" content=\"summary_large_image\" \/>\n<meta name=\"twitter:creator\" content=\"@mohd_homedesign\" \/>\n<meta name=\"twitter:site\" content=\"@mohd_homedesign\" \/>\n<meta name=\"twitter:label1\" content=\"Verfasst von\" \/>\n\t<meta name=\"twitter:data1\" content=\"Noemi Cris\u00e0\" \/>\n\t<meta name=\"twitter:label2\" content=\"Gesch\u00e4tzte Lesezeit\" \/>\n\t<meta name=\"twitter:data2\" content=\"1\u00a0Minute\" \/>\n<script type=\"application\/ld+json\" class=\"yoast-schema-graph\">{\"@context\":\"https:\/\/schema.org\",\"@graph\":[{\"@type\":\"Article\",\"@id\":\"https:\/\/www.mohd.it\/de\/magazine\/gallottiradice-70-jahre-glas-materialitaet-und-neue-praesenz\/#article\",\"isPartOf\":{\"@id\":\"https:\/\/www.mohd.it\/de\/magazine\/gallottiradice-70-jahre-glas-materialitaet-und-neue-praesenz\/\"},\"author\":{\"name\":\"Noemi Cris\u00e0\",\"@id\":\"https:\/\/www.mohd.it\/de\/#\/schema\/person\/d237bc94bea0bfe5020d1c41b41f6af2\"},\"headline\":\"Gallotti&amp;Radice: 70 Jahre Glas, Materialit\u00e4t und neue Pr\u00e4senz\",\"datePublished\":\"2026-04-24T12:48:31+00:00\",\"dateModified\":\"2026-04-24T12:48:33+00:00\",\"mainEntityOfPage\":{\"@id\":\"https:\/\/www.mohd.it\/de\/magazine\/gallottiradice-70-jahre-glas-materialitaet-und-neue-praesenz\/\"},\"wordCount\":269,\"publisher\":{\"@id\":\"https:\/\/www.mohd.it\/de\/#organization\"},\"image\":{\"@id\":\"https:\/\/www.mohd.it\/de\/magazine\/gallottiradice-70-jahre-glas-materialitaet-und-neue-praesenz\/#primaryimage\"},\"thumbnailUrl\":\"https:\/\/www.mohd.it\/wp-content\/uploads\/2026\/04\/GallottiRadice-MDW2026.png\",\"articleSection\":[\"Aktuelles\",\"Marken\"],\"inLanguage\":\"de\"},{\"@type\":\"WebPage\",\"@id\":\"https:\/\/www.mohd.it\/de\/magazine\/gallottiradice-70-jahre-glas-materialitaet-und-neue-praesenz\/\",\"url\":\"https:\/\/www.mohd.it\/de\/magazine\/gallottiradice-70-jahre-glas-materialitaet-und-neue-praesenz\/\",\"name\":\"Gallotti&Radice: 70 Jahre Glas und Design - Mohd\",\"isPartOf\":{\"@id\":\"https:\/\/www.mohd.it\/de\/#website\"},\"primaryImageOfPage\":{\"@id\":\"https:\/\/www.mohd.it\/de\/magazine\/gallottiradice-70-jahre-glas-materialitaet-und-neue-praesenz\/#primaryimage\"},\"image\":{\"@id\":\"https:\/\/www.mohd.it\/de\/magazine\/gallottiradice-70-jahre-glas-materialitaet-und-neue-praesenz\/#primaryimage\"},\"thumbnailUrl\":\"https:\/\/www.mohd.it\/wp-content\/uploads\/2026\/04\/GallottiRadice-MDW2026.png\",\"datePublished\":\"2026-04-24T12:48:31+00:00\",\"dateModified\":\"2026-04-24T12:48:33+00:00\",\"description\":\"Auf dem Salone del Mobile 2026 feiert Gallotti&Radice 70 Jahre mit Tales in Glass \u2013 zwischen Neuheiten, Flagship Store und Fuorisalone in Mailand.\",\"breadcrumb\":{\"@id\":\"https:\/\/www.mohd.it\/de\/magazine\/gallottiradice-70-jahre-glas-materialitaet-und-neue-praesenz\/#breadcrumb\"},\"inLanguage\":\"de\",\"potentialAction\":[{\"@type\":\"ReadAction\",\"target\":[\"https:\/\/www.mohd.it\/de\/magazine\/gallottiradice-70-jahre-glas-materialitaet-und-neue-praesenz\/\"]}]},{\"@type\":\"ImageObject\",\"inLanguage\":\"de\",\"@id\":\"https:\/\/www.mohd.it\/de\/magazine\/gallottiradice-70-jahre-glas-materialitaet-und-neue-praesenz\/#primaryimage\",\"url\":\"https:\/\/www.mohd.it\/wp-content\/uploads\/2026\/04\/GallottiRadice-MDW2026.png\",\"contentUrl\":\"https:\/\/www.mohd.it\/wp-content\/uploads\/2026\/04\/GallottiRadice-MDW2026.png\",\"width\":1300,\"height\":980,\"caption\":\"Gallotti&Radice MDW2026\"},{\"@type\":\"BreadcrumbList\",\"@id\":\"https:\/\/www.mohd.it\/de\/magazine\/gallottiradice-70-jahre-glas-materialitaet-und-neue-praesenz\/#breadcrumb\",\"itemListElement\":[{\"@type\":\"ListItem\",\"position\":1,\"name\":\"Home\",\"item\":\"https:\/\/www.mohd.it\/de\/\"},{\"@type\":\"ListItem\",\"position\":2,\"name\":\"Gallotti&amp;Radice: 70 Jahre Glas, Materialit\u00e4t und neue Pr\u00e4senz\"}]},{\"@type\":\"WebSite\",\"@id\":\"https:\/\/www.mohd.it\/de\/#website\",\"url\":\"https:\/\/www.mohd.it\/de\/\",\"name\":\"Mohd\",\"description\":\"\",\"publisher\":{\"@id\":\"https:\/\/www.mohd.it\/de\/#organization\"},\"potentialAction\":[{\"@type\":\"SearchAction\",\"target\":{\"@type\":\"EntryPoint\",\"urlTemplate\":\"https:\/\/www.mohd.it\/de\/?s={search_term_string}\"},\"query-input\":{\"@type\":\"PropertyValueSpecification\",\"valueRequired\":true,\"valueName\":\"search_term_string\"}}],\"inLanguage\":\"de\"},{\"@type\":\"Organization\",\"@id\":\"https:\/\/www.mohd.it\/de\/#organization\",\"name\":\"Mollura & C. SPA\",\"url\":\"https:\/\/www.mohd.it\/de\/\",\"logo\":{\"@type\":\"ImageObject\",\"inLanguage\":\"de\",\"@id\":\"https:\/\/www.mohd.it\/de\/#\/schema\/logo\/image\/\",\"url\":\"https:\/\/www.mohd.it\/wp-content\/uploads\/2020\/09\/mohd-logo.png\",\"contentUrl\":\"https:\/\/www.mohd.it\/wp-content\/uploads\/2020\/09\/mohd-logo.png\",\"width\":600,\"height\":600,\"caption\":\"Mollura & C. SPA\"},\"image\":{\"@id\":\"https:\/\/www.mohd.it\/de\/#\/schema\/logo\/image\/\"},\"sameAs\":[\"https:\/\/www.facebook.com\/mollurahomedesign\",\"https:\/\/x.com\/mohd_homedesign\",\"https:\/\/www.instagram.com\/mohd_homedesign\/\",\"https:\/\/it.linkedin.com\/company\/mohd-mollura-home-design\",\"https:\/\/www.pinterest.it\/mohdhomedesign\/\",\"https:\/\/www.youtube.com\/channel\/UCYLuPff6hq4z_o0GO0w1yaA\"]},{\"@type\":\"Person\",\"@id\":\"https:\/\/www.mohd.it\/de\/#\/schema\/person\/d237bc94bea0bfe5020d1c41b41f6af2\",\"name\":\"Noemi Cris\u00e0\",\"image\":{\"@type\":\"ImageObject\",\"inLanguage\":\"de\",\"@id\":\"https:\/\/www.mohd.it\/de\/#\/schema\/person\/image\/\",\"url\":\"https:\/\/secure.gravatar.com\/avatar\/6f959897d20f7190d0b1a9b0a1518d13?s=96&d=mm&r=g\",\"contentUrl\":\"https:\/\/secure.gravatar.com\/avatar\/6f959897d20f7190d0b1a9b0a1518d13?s=96&d=mm&r=g\",\"caption\":\"Noemi Cris\u00e0\"},\"url\":\"https:\/\/www.mohd.it\/de\/magazine\/author\/noemi\/\"}]}<\/script>\n<!-- \/ Yoast SEO plugin. -->","yoast_head_json":{"title":"Gallotti&Radice: 70 Jahre Glas und Design - Mohd","description":"Auf dem Salone del Mobile 2026 feiert Gallotti&Radice 70 Jahre mit Tales in Glass \u2013 zwischen Neuheiten, Flagship Store und Fuorisalone in Mailand.","robots":{"index":"index","follow":"follow","max-snippet":"max-snippet:-1","max-image-preview":"max-image-preview:large","max-video-preview":"max-video-preview:-1"},"canonical":"https:\/\/www.mohd.it\/de\/magazine\/gallottiradice-70-jahre-glas-materialitaet-und-neue-praesenz\/","og_locale":"de_DE","og_type":"article","og_title":"Gallotti&Radice: 70 Jahre Glas und Design - Mohd","og_description":"Auf dem Salone del Mobile 2026 feiert Gallotti&Radice 70 Jahre mit Tales in Glass \u2013 zwischen Neuheiten, Flagship Store und Fuorisalone in Mailand.","og_url":"https:\/\/www.mohd.it\/de\/magazine\/gallottiradice-70-jahre-glas-materialitaet-und-neue-praesenz\/","og_site_name":"Mohd","article_publisher":"https:\/\/www.facebook.com\/mollurahomedesign","article_published_time":"2026-04-24T12:48:31+00:00","article_modified_time":"2026-04-24T12:48:33+00:00","og_image":[{"width":1300,"height":980,"url":"https:\/\/www.mohd.it\/wp-content\/uploads\/2026\/04\/GallottiRadice-MDW2026.png","type":"image\/png"}],"author":"Noemi Cris\u00e0","twitter_card":"summary_large_image","twitter_creator":"@mohd_homedesign","twitter_site":"@mohd_homedesign","twitter_misc":{"Verfasst von":"Noemi Cris\u00e0","Gesch\u00e4tzte Lesezeit":"1\u00a0Minute"},"schema":{"@context":"https:\/\/schema.org","@graph":[{"@type":"Article","@id":"https:\/\/www.mohd.it\/de\/magazine\/gallottiradice-70-jahre-glas-materialitaet-und-neue-praesenz\/#article","isPartOf":{"@id":"https:\/\/www.mohd.it\/de\/magazine\/gallottiradice-70-jahre-glas-materialitaet-und-neue-praesenz\/"},"author":{"name":"Noemi Cris\u00e0","@id":"https:\/\/www.mohd.it\/de\/#\/schema\/person\/d237bc94bea0bfe5020d1c41b41f6af2"},"headline":"Gallotti&amp;Radice: 70 Jahre Glas, Materialit\u00e4t und neue Pr\u00e4senz","datePublished":"2026-04-24T12:48:31+00:00","dateModified":"2026-04-24T12:48:33+00:00","mainEntityOfPage":{"@id":"https:\/\/www.mohd.it\/de\/magazine\/gallottiradice-70-jahre-glas-materialitaet-und-neue-praesenz\/"},"wordCount":269,"publisher":{"@id":"https:\/\/www.mohd.it\/de\/#organization"},"image":{"@id":"https:\/\/www.mohd.it\/de\/magazine\/gallottiradice-70-jahre-glas-materialitaet-und-neue-praesenz\/#primaryimage"},"thumbnailUrl":"https:\/\/www.mohd.it\/wp-content\/uploads\/2026\/04\/GallottiRadice-MDW2026.png","articleSection":["Aktuelles","Marken"],"inLanguage":"de"},{"@type":"WebPage","@id":"https:\/\/www.mohd.it\/de\/magazine\/gallottiradice-70-jahre-glas-materialitaet-und-neue-praesenz\/","url":"https:\/\/www.mohd.it\/de\/magazine\/gallottiradice-70-jahre-glas-materialitaet-und-neue-praesenz\/","name":"Gallotti&Radice: 70 Jahre Glas und Design - Mohd","isPartOf":{"@id":"https:\/\/www.mohd.it\/de\/#website"},"primaryImageOfPage":{"@id":"https:\/\/www.mohd.it\/de\/magazine\/gallottiradice-70-jahre-glas-materialitaet-und-neue-praesenz\/#primaryimage"},"image":{"@id":"https:\/\/www.mohd.it\/de\/magazine\/gallottiradice-70-jahre-glas-materialitaet-und-neue-praesenz\/#primaryimage"},"thumbnailUrl":"https:\/\/www.mohd.it\/wp-content\/uploads\/2026\/04\/GallottiRadice-MDW2026.png","datePublished":"2026-04-24T12:48:31+00:00","dateModified":"2026-04-24T12:48:33+00:00","description":"Auf dem Salone del Mobile 2026 feiert Gallotti&Radice 70 Jahre mit Tales in Glass \u2013 zwischen Neuheiten, Flagship Store und Fuorisalone in Mailand.","breadcrumb":{"@id":"https:\/\/www.mohd.it\/de\/magazine\/gallottiradice-70-jahre-glas-materialitaet-und-neue-praesenz\/#breadcrumb"},"inLanguage":"de","potentialAction":[{"@type":"ReadAction","target":["https:\/\/www.mohd.it\/de\/magazine\/gallottiradice-70-jahre-glas-materialitaet-und-neue-praesenz\/"]}]},{"@type":"ImageObject","inLanguage":"de","@id":"https:\/\/www.mohd.it\/de\/magazine\/gallottiradice-70-jahre-glas-materialitaet-und-neue-praesenz\/#primaryimage","url":"https:\/\/www.mohd.it\/wp-content\/uploads\/2026\/04\/GallottiRadice-MDW2026.png","contentUrl":"https:\/\/www.mohd.it\/wp-content\/uploads\/2026\/04\/GallottiRadice-MDW2026.png","width":1300,"height":980,"caption":"Gallotti&Radice MDW2026"},{"@type":"BreadcrumbList","@id":"https:\/\/www.mohd.it\/de\/magazine\/gallottiradice-70-jahre-glas-materialitaet-und-neue-praesenz\/#breadcrumb","itemListElement":[{"@type":"ListItem","position":1,"name":"Home","item":"https:\/\/www.mohd.it\/de\/"},{"@type":"ListItem","position":2,"name":"Gallotti&amp;Radice: 70 Jahre Glas, Materialit\u00e4t und neue Pr\u00e4senz"}]},{"@type":"WebSite","@id":"https:\/\/www.mohd.it\/de\/#website","url":"https:\/\/www.mohd.it\/de\/","name":"Mohd","description":"","publisher":{"@id":"https:\/\/www.mohd.it\/de\/#organization"},"potentialAction":[{"@type":"SearchAction","target":{"@type":"EntryPoint","urlTemplate":"https:\/\/www.mohd.it\/de\/?s={search_term_string}"},"query-input":{"@type":"PropertyValueSpecification","valueRequired":true,"valueName":"search_term_string"}}],"inLanguage":"de"},{"@type":"Organization","@id":"https:\/\/www.mohd.it\/de\/#organization","name":"Mollura & C. SPA","url":"https:\/\/www.mohd.it\/de\/","logo":{"@type":"ImageObject","inLanguage":"de","@id":"https:\/\/www.mohd.it\/de\/#\/schema\/logo\/image\/","url":"https:\/\/www.mohd.it\/wp-content\/uploads\/2020\/09\/mohd-logo.png","contentUrl":"https:\/\/www.mohd.it\/wp-content\/uploads\/2020\/09\/mohd-logo.png","width":600,"height":600,"caption":"Mollura & C. SPA"},"image":{"@id":"https:\/\/www.mohd.it\/de\/#\/schema\/logo\/image\/"},"sameAs":["https:\/\/www.facebook.com\/mollurahomedesign","https:\/\/x.com\/mohd_homedesign","https:\/\/www.instagram.com\/mohd_homedesign\/","https:\/\/it.linkedin.com\/company\/mohd-mollura-home-design","https:\/\/www.pinterest.it\/mohdhomedesign\/","https:\/\/www.youtube.com\/channel\/UCYLuPff6hq4z_o0GO0w1yaA"]},{"@type":"Person","@id":"https:\/\/www.mohd.it\/de\/#\/schema\/person\/d237bc94bea0bfe5020d1c41b41f6af2","name":"Noemi Cris\u00e0","image":{"@type":"ImageObject","inLanguage":"de","@id":"https:\/\/www.mohd.it\/de\/#\/schema\/person\/image\/","url":"https:\/\/secure.gravatar.com\/avatar\/6f959897d20f7190d0b1a9b0a1518d13?s=96&d=mm&r=g","contentUrl":"https:\/\/secure.gravatar.com\/avatar\/6f959897d20f7190d0b1a9b0a1518d13?s=96&d=mm&r=g","caption":"Noemi Cris\u00e0"},"url":"https:\/\/www.mohd.it\/de\/magazine\/author\/noemi\/"}]}},"image":"https:\/\/www.mohd.it\/wp-content\/uploads\/2026\/04\/GallottiRadice-MDW2026-800x600.png","category":"Aktuelles","_links":{"self":[{"href":"https:\/\/www.mohd.it\/de\/wp-json\/wp\/v2\/posts\/118973","targetHints":{"allow":["GET"]}}],"collection":[{"href":"https:\/\/www.mohd.it\/de\/wp-json\/wp\/v2\/posts"}],"about":[{"href":"https:\/\/www.mohd.it\/de\/wp-json\/wp\/v2\/types\/post"}],"author":[{"embeddable":true,"href":"https:\/\/www.mohd.it\/de\/wp-json\/wp\/v2\/users\/18"}],"replies":[{"embeddable":true,"href":"https:\/\/www.mohd.it\/de\/wp-json\/wp\/v2\/comments?post=118973"}],"version-history":[{"count":6,"href":"https:\/\/www.mohd.it\/de\/wp-json\/wp\/v2\/posts\/118973\/revisions"}],"predecessor-version":[{"id":119016,"href":"https:\/\/www.mohd.it\/de\/wp-json\/wp\/v2\/posts\/118973\/revisions\/119016"}],"wp:featuredmedia":[{"embeddable":true,"href":"https:\/\/www.mohd.it\/de\/wp-json\/wp\/v2\/media\/118966"}],"wp:attachment":[{"href":"https:\/\/www.mohd.it\/de\/wp-json\/wp\/v2\/media?parent=118973"}],"wp:term":[{"taxonomy":"category","embeddable":true,"href":"https:\/\/www.mohd.it\/de\/wp-json\/wp\/v2\/categories?post=118973"},{"taxonomy":"post_tag","embeddable":true,"href":"https:\/\/www.mohd.it\/de\/wp-json\/wp\/v2\/tags?post=118973"}],"curies":[{"name":"wp","href":"https:\/\/api.w.org\/{rel}","templated":true}]}}