{"id":119081,"date":"2026-04-24T15:57:06","date_gmt":"2026-04-24T13:57:06","guid":{"rendered":"https:\/\/www.mohd.it\/?p=119081"},"modified":"2026-04-24T15:57:06","modified_gmt":"2026-04-24T13:57:06","slug":"bb-italia-die-rueckkehr-als-projekt","status":"publish","type":"post","link":"https:\/\/www.mohd.it\/de\/magazine\/bb-italia-die-rueckkehr-als-projekt\/","title":{"rendered":"B&amp;B Italia: Die R\u00fcckkehr als Projekt"},"content":{"rendered":"\n<p>Die R\u00fcckkehr von <strong><a href=\"https:\/\/shopmohd.com\/de\/marken\/beb-italia.html\">B&amp;B Italia<\/a><\/strong> zum Salone del Mobile 2026 ist keine blo\u00dfe Teilnahme, sondern eine klare Positionierung. Der Ausstellungsraum, als kuratorisches Instrument gedacht, verbindet Geschichte und neue Perspektiven.<\/p>\n\n\n\n<div style=\"height:30px\" aria-hidden=\"true\" class=\"wp-block-spacer\"><\/div>\n\n\n\n<p>Die von <strong>Formafantasma<\/strong> gestaltete Inszenierung entfaltet sich als Abfolge von R\u00e4umen, in denen die Produkte nicht isoliert erscheinen, sondern Teil einer \u00fcbergeordneten Erz\u00e4hlung sind. Neue Indoor- und Outdoor-Kollektionen treten in Dialog mit Re-Editionen und archetypischen Entw\u00fcrfen und er\u00f6ffnen einen direkten Austausch zwischen unterschiedlichen Gestaltungsans\u00e4tzen und Zeitebenen.<\/p>\n\n\n\n<p>Zu den Neuheiten z\u00e4hlt der Tisch <strong>Abaco<\/strong> von Ronan Bouroullec, der Gleichgewicht und Proportion in einer reduzierten, fast stillen Pr\u00e4senz untersucht. <\/p>\n\n\n<div class=\"board\">\n      <div class=\"board-items masonry-grid\">\n      <div class=\"board-item masonry-item\">\n  <div class=\"board-image\" style=\"padding-top:125%\">\n    <img decoding=\"async\" src=\"https:\/\/www.mohd.it\/wp-content\/uploads\/2026\/04\/BBItalia-MDW2026.png\" \/>\n  <\/div>\n  <\/div>\n<div class=\"board-item masonry-item\">\n  <div class=\"board-image\" style=\"padding-top:125%\">\n    <img decoding=\"async\" src=\"https:\/\/www.mohd.it\/wp-content\/uploads\/2026\/04\/BBItalia-MDW2026-2.png\" \/>\n  <\/div>\n  <\/div>\n<div class=\"board-item masonry-item\">\n  <div class=\"board-image\" style=\"padding-top:125%\">\n    <img decoding=\"async\" src=\"https:\/\/www.mohd.it\/wp-content\/uploads\/2026\/04\/BBItalia-MDW2026-1.png\" \/>\n  <\/div>\n    \t<p class=\"board-item-caption\">\u00a9 Paul Tahon<\/p>\n  <\/div>\n<div class=\"board-item masonry-item\">\n  <div class=\"board-image\" style=\"padding-top:125%\">\n    <img decoding=\"async\" src=\"https:\/\/www.mohd.it\/wp-content\/uploads\/2026\/04\/BBItalia-MDW2026-3.png\" \/>\n  <\/div>\n    \t<p class=\"board-item-caption\">\u00a9 Paul Tahon<\/p>\n  <\/div>\n    <\/div>\n    <\/div>\n\n\n\n<p>Die Neuauflage des Sessels <strong>Nena<\/strong> von Richard Sapper best\u00e4tigt Leichtigkeit als pr\u00e4zise technische Konstruktion.<\/p>\n\n\n<div class=\"board\">\n      <div class=\"board-items masonry-grid\">\n      <div class=\"board-item masonry-item\">\n  <div class=\"board-image\" style=\"padding-top:125%\">\n    <img decoding=\"async\" src=\"https:\/\/www.mohd.it\/wp-content\/uploads\/2026\/04\/BBItalia-MDW2026-1-1.png\" \/>\n  <\/div>\n  <\/div>\n<div class=\"board-item masonry-item\">\n  <div class=\"board-image\" style=\"padding-top:125%\">\n    <img decoding=\"async\" src=\"https:\/\/www.mohd.it\/wp-content\/uploads\/2026\/04\/BBItalia-MDW2026-3-1.png\" \/>\n  <\/div>\n  <\/div>\n    <\/div>\n    <\/div>\n\n\n\n<p>Daneben macht die Chaiselongue <strong>Moor<\/strong> von Vincent Van Duysen die Richtung des Projekts deutlich: Struktur wird zu einer durchgehenden Geste, zu einer Linie, die den K\u00f6rper tr\u00e4gt und definiert und Komfort in eine architektonische Qualit\u00e4t \u00fcberf\u00fchrt.<\/p>\n\n\n<div class=\"board\">\n      <div class=\"board-items masonry-grid\">\n      <div class=\"board-item masonry-item\">\n  <div class=\"board-image\" style=\"padding-top:125%\">\n    <img decoding=\"async\" src=\"https:\/\/www.mohd.it\/wp-content\/uploads\/2026\/04\/BBItalia-MDW2026-4.png\" \/>\n  <\/div>\n  <\/div>\n<div class=\"board-item masonry-item\">\n  <div class=\"board-image\" style=\"padding-top:125%\">\n    <img decoding=\"async\" src=\"https:\/\/www.mohd.it\/wp-content\/uploads\/2026\/04\/BBItalia-MDW2026-2-1.png\" \/>\n  <\/div>\n  <\/div>\n    <\/div>\n    <\/div>\n\n\n\n<p>Das Projekt setzt sich in der Stadt fort. In der Via Durini er\u00f6ffnet die Ausstellung B&amp;B Italia \u201eBefore &amp; Beyond\u201c, kuratiert von Gianluigi Ricuperati, eine zweite Lesart und spannt einen Bogen \u00fcber sechzig Jahre Geschichte zwischen Archiv und zuk\u00fcnftigen Visionen. Ikonen wie <strong>Up<\/strong>, <strong>Le Bambole<\/strong> und <strong>Diesis<\/strong> fungieren dabei nicht als Referenzen, sondern als Instrumente zur Interpretation der Gegenwart.<br><\/p>\n\n\n\n<p>So inszeniert B&amp;B Italia eine koh\u00e4rente R\u00fcckkehr: nicht nostalgisch, sondern als kritische Neuverortung des eigenen Erbes.<\/p>\n","protected":false},"excerpt":{"rendered":"<p>Nach 25 Jahren kehrt B&#038;B Italia mit einer musealen Inszenierung von Formafantasma zum Salone del Mobile zur\u00fcck und liest sein Archiv durch neue Kollektionen und zeitgen\u00f6ssische Kooperationen neu.<\/p>\n","protected":false},"author":18,"featured_media":119075,"comment_status":"closed","ping_status":"closed","sticky":false,"template":"","format":"standard","meta":{"footnotes":""},"categories":[486,482],"tags":[],"class_list":["post-119081","post","type-post","status-publish","format-standard","has-post-thumbnail","hentry","category-aktuelles","category-marken"],"yoast_head":"<!-- This site is optimized with the Yoast SEO plugin v24.0 - https:\/\/yoast.com\/wordpress\/plugins\/seo\/ -->\n<title>B&amp;B Italia zwischen Salone, Archiv und Vision - Mohd<\/title>\n<meta name=\"description\" content=\"B&amp;B Italia kehrt zum Salone 2026 zur\u00fcck, mit musealer Inszenierung, Before &amp; Beyond in der Via Durini und neuer Lesart des Erbes.\" \/>\n<meta name=\"robots\" content=\"index, follow, max-snippet:-1, max-image-preview:large, max-video-preview:-1\" \/>\n<link rel=\"canonical\" href=\"https:\/\/www.mohd.it\/de\/magazine\/bb-italia-die-rueckkehr-als-projekt\/\" \/>\n<meta property=\"og:locale\" content=\"de_DE\" \/>\n<meta property=\"og:type\" content=\"article\" \/>\n<meta property=\"og:title\" content=\"B&amp;B Italia zwischen Salone, Archiv und Vision - Mohd\" \/>\n<meta property=\"og:description\" content=\"B&amp;B Italia kehrt zum Salone 2026 zur\u00fcck, mit musealer Inszenierung, Before &amp; Beyond in der Via Durini und neuer Lesart des Erbes.\" \/>\n<meta property=\"og:url\" content=\"https:\/\/www.mohd.it\/de\/magazine\/bb-italia-die-rueckkehr-als-projekt\/\" \/>\n<meta property=\"og:site_name\" content=\"Mohd\" \/>\n<meta property=\"article:publisher\" content=\"https:\/\/www.facebook.com\/mollurahomedesign\" \/>\n<meta property=\"article:published_time\" content=\"2026-04-24T13:57:06+00:00\" \/>\n<meta property=\"og:image\" content=\"https:\/\/www.mohd.it\/wp-content\/uploads\/2026\/04\/BBItalia-MDW2026-5.png\" \/>\n\t<meta property=\"og:image:width\" content=\"1300\" \/>\n\t<meta property=\"og:image:height\" content=\"980\" \/>\n\t<meta property=\"og:image:type\" content=\"image\/png\" \/>\n<meta name=\"author\" content=\"Noemi Cris\u00e0\" \/>\n<meta name=\"twitter:card\" content=\"summary_large_image\" \/>\n<meta name=\"twitter:creator\" content=\"@mohd_homedesign\" \/>\n<meta name=\"twitter:site\" content=\"@mohd_homedesign\" \/>\n<meta name=\"twitter:label1\" content=\"Verfasst von\" \/>\n\t<meta name=\"twitter:data1\" content=\"Noemi Cris\u00e0\" \/>\n\t<meta name=\"twitter:label2\" content=\"Gesch\u00e4tzte Lesezeit\" \/>\n\t<meta name=\"twitter:data2\" content=\"1\u00a0Minute\" \/>\n<script type=\"application\/ld+json\" class=\"yoast-schema-graph\">{\"@context\":\"https:\/\/schema.org\",\"@graph\":[{\"@type\":\"Article\",\"@id\":\"https:\/\/www.mohd.it\/de\/magazine\/bb-italia-die-rueckkehr-als-projekt\/#article\",\"isPartOf\":{\"@id\":\"https:\/\/www.mohd.it\/de\/magazine\/bb-italia-die-rueckkehr-als-projekt\/\"},\"author\":{\"name\":\"Noemi Cris\u00e0\",\"@id\":\"https:\/\/www.mohd.it\/de\/#\/schema\/person\/d237bc94bea0bfe5020d1c41b41f6af2\"},\"headline\":\"B&amp;B Italia: Die R\u00fcckkehr als Projekt\",\"datePublished\":\"2026-04-24T13:57:06+00:00\",\"dateModified\":\"2026-04-24T13:57:06+00:00\",\"mainEntityOfPage\":{\"@id\":\"https:\/\/www.mohd.it\/de\/magazine\/bb-italia-die-rueckkehr-als-projekt\/\"},\"wordCount\":254,\"publisher\":{\"@id\":\"https:\/\/www.mohd.it\/de\/#organization\"},\"image\":{\"@id\":\"https:\/\/www.mohd.it\/de\/magazine\/bb-italia-die-rueckkehr-als-projekt\/#primaryimage\"},\"thumbnailUrl\":\"https:\/\/www.mohd.it\/wp-content\/uploads\/2026\/04\/BBItalia-MDW2026-5.png\",\"articleSection\":[\"Aktuelles\",\"Marken\"],\"inLanguage\":\"de\"},{\"@type\":\"WebPage\",\"@id\":\"https:\/\/www.mohd.it\/de\/magazine\/bb-italia-die-rueckkehr-als-projekt\/\",\"url\":\"https:\/\/www.mohd.it\/de\/magazine\/bb-italia-die-rueckkehr-als-projekt\/\",\"name\":\"B&B Italia zwischen Salone, Archiv und Vision - Mohd\",\"isPartOf\":{\"@id\":\"https:\/\/www.mohd.it\/de\/#website\"},\"primaryImageOfPage\":{\"@id\":\"https:\/\/www.mohd.it\/de\/magazine\/bb-italia-die-rueckkehr-als-projekt\/#primaryimage\"},\"image\":{\"@id\":\"https:\/\/www.mohd.it\/de\/magazine\/bb-italia-die-rueckkehr-als-projekt\/#primaryimage\"},\"thumbnailUrl\":\"https:\/\/www.mohd.it\/wp-content\/uploads\/2026\/04\/BBItalia-MDW2026-5.png\",\"datePublished\":\"2026-04-24T13:57:06+00:00\",\"dateModified\":\"2026-04-24T13:57:06+00:00\",\"description\":\"B&B Italia kehrt zum Salone 2026 zur\u00fcck, mit musealer Inszenierung, Before & Beyond in der Via Durini und neuer Lesart des Erbes.\",\"breadcrumb\":{\"@id\":\"https:\/\/www.mohd.it\/de\/magazine\/bb-italia-die-rueckkehr-als-projekt\/#breadcrumb\"},\"inLanguage\":\"de\",\"potentialAction\":[{\"@type\":\"ReadAction\",\"target\":[\"https:\/\/www.mohd.it\/de\/magazine\/bb-italia-die-rueckkehr-als-projekt\/\"]}]},{\"@type\":\"ImageObject\",\"inLanguage\":\"de\",\"@id\":\"https:\/\/www.mohd.it\/de\/magazine\/bb-italia-die-rueckkehr-als-projekt\/#primaryimage\",\"url\":\"https:\/\/www.mohd.it\/wp-content\/uploads\/2026\/04\/BBItalia-MDW2026-5.png\",\"contentUrl\":\"https:\/\/www.mohd.it\/wp-content\/uploads\/2026\/04\/BBItalia-MDW2026-5.png\",\"width\":1300,\"height\":980,\"caption\":\"B&BItalia MDW2026\"},{\"@type\":\"BreadcrumbList\",\"@id\":\"https:\/\/www.mohd.it\/de\/magazine\/bb-italia-die-rueckkehr-als-projekt\/#breadcrumb\",\"itemListElement\":[{\"@type\":\"ListItem\",\"position\":1,\"name\":\"Home\",\"item\":\"https:\/\/www.mohd.it\/de\/\"},{\"@type\":\"ListItem\",\"position\":2,\"name\":\"B&amp;B Italia: Die R\u00fcckkehr als Projekt\"}]},{\"@type\":\"WebSite\",\"@id\":\"https:\/\/www.mohd.it\/de\/#website\",\"url\":\"https:\/\/www.mohd.it\/de\/\",\"name\":\"Mohd\",\"description\":\"\",\"publisher\":{\"@id\":\"https:\/\/www.mohd.it\/de\/#organization\"},\"potentialAction\":[{\"@type\":\"SearchAction\",\"target\":{\"@type\":\"EntryPoint\",\"urlTemplate\":\"https:\/\/www.mohd.it\/de\/?s={search_term_string}\"},\"query-input\":{\"@type\":\"PropertyValueSpecification\",\"valueRequired\":true,\"valueName\":\"search_term_string\"}}],\"inLanguage\":\"de\"},{\"@type\":\"Organization\",\"@id\":\"https:\/\/www.mohd.it\/de\/#organization\",\"name\":\"Mollura & C. SPA\",\"url\":\"https:\/\/www.mohd.it\/de\/\",\"logo\":{\"@type\":\"ImageObject\",\"inLanguage\":\"de\",\"@id\":\"https:\/\/www.mohd.it\/de\/#\/schema\/logo\/image\/\",\"url\":\"https:\/\/www.mohd.it\/wp-content\/uploads\/2020\/09\/mohd-logo.png\",\"contentUrl\":\"https:\/\/www.mohd.it\/wp-content\/uploads\/2020\/09\/mohd-logo.png\",\"width\":600,\"height\":600,\"caption\":\"Mollura & C. SPA\"},\"image\":{\"@id\":\"https:\/\/www.mohd.it\/de\/#\/schema\/logo\/image\/\"},\"sameAs\":[\"https:\/\/www.facebook.com\/mollurahomedesign\",\"https:\/\/x.com\/mohd_homedesign\",\"https:\/\/www.instagram.com\/mohd_homedesign\/\",\"https:\/\/it.linkedin.com\/company\/mohd-mollura-home-design\",\"https:\/\/www.pinterest.it\/mohdhomedesign\/\",\"https:\/\/www.youtube.com\/channel\/UCYLuPff6hq4z_o0GO0w1yaA\"]},{\"@type\":\"Person\",\"@id\":\"https:\/\/www.mohd.it\/de\/#\/schema\/person\/d237bc94bea0bfe5020d1c41b41f6af2\",\"name\":\"Noemi Cris\u00e0\",\"image\":{\"@type\":\"ImageObject\",\"inLanguage\":\"de\",\"@id\":\"https:\/\/www.mohd.it\/de\/#\/schema\/person\/image\/\",\"url\":\"https:\/\/secure.gravatar.com\/avatar\/6f959897d20f7190d0b1a9b0a1518d13?s=96&d=mm&r=g\",\"contentUrl\":\"https:\/\/secure.gravatar.com\/avatar\/6f959897d20f7190d0b1a9b0a1518d13?s=96&d=mm&r=g\",\"caption\":\"Noemi Cris\u00e0\"},\"url\":\"https:\/\/www.mohd.it\/de\/magazine\/author\/noemi\/\"}]}<\/script>\n<!-- \/ Yoast SEO plugin. -->","yoast_head_json":{"title":"B&B Italia zwischen Salone, Archiv und Vision - Mohd","description":"B&B Italia kehrt zum Salone 2026 zur\u00fcck, mit musealer Inszenierung, Before & Beyond in der Via Durini und neuer Lesart des Erbes.","robots":{"index":"index","follow":"follow","max-snippet":"max-snippet:-1","max-image-preview":"max-image-preview:large","max-video-preview":"max-video-preview:-1"},"canonical":"https:\/\/www.mohd.it\/de\/magazine\/bb-italia-die-rueckkehr-als-projekt\/","og_locale":"de_DE","og_type":"article","og_title":"B&B Italia zwischen Salone, Archiv und Vision - Mohd","og_description":"B&B Italia kehrt zum Salone 2026 zur\u00fcck, mit musealer Inszenierung, Before & Beyond in der Via Durini und neuer Lesart des Erbes.","og_url":"https:\/\/www.mohd.it\/de\/magazine\/bb-italia-die-rueckkehr-als-projekt\/","og_site_name":"Mohd","article_publisher":"https:\/\/www.facebook.com\/mollurahomedesign","article_published_time":"2026-04-24T13:57:06+00:00","og_image":[{"width":1300,"height":980,"url":"https:\/\/www.mohd.it\/wp-content\/uploads\/2026\/04\/BBItalia-MDW2026-5.png","type":"image\/png"}],"author":"Noemi Cris\u00e0","twitter_card":"summary_large_image","twitter_creator":"@mohd_homedesign","twitter_site":"@mohd_homedesign","twitter_misc":{"Verfasst von":"Noemi Cris\u00e0","Gesch\u00e4tzte Lesezeit":"1\u00a0Minute"},"schema":{"@context":"https:\/\/schema.org","@graph":[{"@type":"Article","@id":"https:\/\/www.mohd.it\/de\/magazine\/bb-italia-die-rueckkehr-als-projekt\/#article","isPartOf":{"@id":"https:\/\/www.mohd.it\/de\/magazine\/bb-italia-die-rueckkehr-als-projekt\/"},"author":{"name":"Noemi Cris\u00e0","@id":"https:\/\/www.mohd.it\/de\/#\/schema\/person\/d237bc94bea0bfe5020d1c41b41f6af2"},"headline":"B&amp;B Italia: Die R\u00fcckkehr als Projekt","datePublished":"2026-04-24T13:57:06+00:00","dateModified":"2026-04-24T13:57:06+00:00","mainEntityOfPage":{"@id":"https:\/\/www.mohd.it\/de\/magazine\/bb-italia-die-rueckkehr-als-projekt\/"},"wordCount":254,"publisher":{"@id":"https:\/\/www.mohd.it\/de\/#organization"},"image":{"@id":"https:\/\/www.mohd.it\/de\/magazine\/bb-italia-die-rueckkehr-als-projekt\/#primaryimage"},"thumbnailUrl":"https:\/\/www.mohd.it\/wp-content\/uploads\/2026\/04\/BBItalia-MDW2026-5.png","articleSection":["Aktuelles","Marken"],"inLanguage":"de"},{"@type":"WebPage","@id":"https:\/\/www.mohd.it\/de\/magazine\/bb-italia-die-rueckkehr-als-projekt\/","url":"https:\/\/www.mohd.it\/de\/magazine\/bb-italia-die-rueckkehr-als-projekt\/","name":"B&B Italia zwischen Salone, Archiv und Vision - Mohd","isPartOf":{"@id":"https:\/\/www.mohd.it\/de\/#website"},"primaryImageOfPage":{"@id":"https:\/\/www.mohd.it\/de\/magazine\/bb-italia-die-rueckkehr-als-projekt\/#primaryimage"},"image":{"@id":"https:\/\/www.mohd.it\/de\/magazine\/bb-italia-die-rueckkehr-als-projekt\/#primaryimage"},"thumbnailUrl":"https:\/\/www.mohd.it\/wp-content\/uploads\/2026\/04\/BBItalia-MDW2026-5.png","datePublished":"2026-04-24T13:57:06+00:00","dateModified":"2026-04-24T13:57:06+00:00","description":"B&B Italia kehrt zum Salone 2026 zur\u00fcck, mit musealer Inszenierung, Before & Beyond in der Via Durini und neuer Lesart des Erbes.","breadcrumb":{"@id":"https:\/\/www.mohd.it\/de\/magazine\/bb-italia-die-rueckkehr-als-projekt\/#breadcrumb"},"inLanguage":"de","potentialAction":[{"@type":"ReadAction","target":["https:\/\/www.mohd.it\/de\/magazine\/bb-italia-die-rueckkehr-als-projekt\/"]}]},{"@type":"ImageObject","inLanguage":"de","@id":"https:\/\/www.mohd.it\/de\/magazine\/bb-italia-die-rueckkehr-als-projekt\/#primaryimage","url":"https:\/\/www.mohd.it\/wp-content\/uploads\/2026\/04\/BBItalia-MDW2026-5.png","contentUrl":"https:\/\/www.mohd.it\/wp-content\/uploads\/2026\/04\/BBItalia-MDW2026-5.png","width":1300,"height":980,"caption":"B&BItalia MDW2026"},{"@type":"BreadcrumbList","@id":"https:\/\/www.mohd.it\/de\/magazine\/bb-italia-die-rueckkehr-als-projekt\/#breadcrumb","itemListElement":[{"@type":"ListItem","position":1,"name":"Home","item":"https:\/\/www.mohd.it\/de\/"},{"@type":"ListItem","position":2,"name":"B&amp;B Italia: Die R\u00fcckkehr als Projekt"}]},{"@type":"WebSite","@id":"https:\/\/www.mohd.it\/de\/#website","url":"https:\/\/www.mohd.it\/de\/","name":"Mohd","description":"","publisher":{"@id":"https:\/\/www.mohd.it\/de\/#organization"},"potentialAction":[{"@type":"SearchAction","target":{"@type":"EntryPoint","urlTemplate":"https:\/\/www.mohd.it\/de\/?s={search_term_string}"},"query-input":{"@type":"PropertyValueSpecification","valueRequired":true,"valueName":"search_term_string"}}],"inLanguage":"de"},{"@type":"Organization","@id":"https:\/\/www.mohd.it\/de\/#organization","name":"Mollura & C. SPA","url":"https:\/\/www.mohd.it\/de\/","logo":{"@type":"ImageObject","inLanguage":"de","@id":"https:\/\/www.mohd.it\/de\/#\/schema\/logo\/image\/","url":"https:\/\/www.mohd.it\/wp-content\/uploads\/2020\/09\/mohd-logo.png","contentUrl":"https:\/\/www.mohd.it\/wp-content\/uploads\/2020\/09\/mohd-logo.png","width":600,"height":600,"caption":"Mollura & C. SPA"},"image":{"@id":"https:\/\/www.mohd.it\/de\/#\/schema\/logo\/image\/"},"sameAs":["https:\/\/www.facebook.com\/mollurahomedesign","https:\/\/x.com\/mohd_homedesign","https:\/\/www.instagram.com\/mohd_homedesign\/","https:\/\/it.linkedin.com\/company\/mohd-mollura-home-design","https:\/\/www.pinterest.it\/mohdhomedesign\/","https:\/\/www.youtube.com\/channel\/UCYLuPff6hq4z_o0GO0w1yaA"]},{"@type":"Person","@id":"https:\/\/www.mohd.it\/de\/#\/schema\/person\/d237bc94bea0bfe5020d1c41b41f6af2","name":"Noemi Cris\u00e0","image":{"@type":"ImageObject","inLanguage":"de","@id":"https:\/\/www.mohd.it\/de\/#\/schema\/person\/image\/","url":"https:\/\/secure.gravatar.com\/avatar\/6f959897d20f7190d0b1a9b0a1518d13?s=96&d=mm&r=g","contentUrl":"https:\/\/secure.gravatar.com\/avatar\/6f959897d20f7190d0b1a9b0a1518d13?s=96&d=mm&r=g","caption":"Noemi Cris\u00e0"},"url":"https:\/\/www.mohd.it\/de\/magazine\/author\/noemi\/"}]}},"image":"https:\/\/www.mohd.it\/wp-content\/uploads\/2026\/04\/BBItalia-MDW2026-5-800x600.png","category":"Aktuelles","_links":{"self":[{"href":"https:\/\/www.mohd.it\/de\/wp-json\/wp\/v2\/posts\/119081","targetHints":{"allow":["GET"]}}],"collection":[{"href":"https:\/\/www.mohd.it\/de\/wp-json\/wp\/v2\/posts"}],"about":[{"href":"https:\/\/www.mohd.it\/de\/wp-json\/wp\/v2\/types\/post"}],"author":[{"embeddable":true,"href":"https:\/\/www.mohd.it\/de\/wp-json\/wp\/v2\/users\/18"}],"replies":[{"embeddable":true,"href":"https:\/\/www.mohd.it\/de\/wp-json\/wp\/v2\/comments?post=119081"}],"version-history":[{"count":2,"href":"https:\/\/www.mohd.it\/de\/wp-json\/wp\/v2\/posts\/119081\/revisions"}],"predecessor-version":[{"id":119090,"href":"https:\/\/www.mohd.it\/de\/wp-json\/wp\/v2\/posts\/119081\/revisions\/119090"}],"wp:featuredmedia":[{"embeddable":true,"href":"https:\/\/www.mohd.it\/de\/wp-json\/wp\/v2\/media\/119075"}],"wp:attachment":[{"href":"https:\/\/www.mohd.it\/de\/wp-json\/wp\/v2\/media?parent=119081"}],"wp:term":[{"taxonomy":"category","embeddable":true,"href":"https:\/\/www.mohd.it\/de\/wp-json\/wp\/v2\/categories?post=119081"},{"taxonomy":"post_tag","embeddable":true,"href":"https:\/\/www.mohd.it\/de\/wp-json\/wp\/v2\/tags?post=119081"}],"curies":[{"name":"wp","href":"https:\/\/api.w.org\/{rel}","templated":true}]}}