{"id":119152,"date":"2026-04-27T16:14:23","date_gmt":"2026-04-27T14:14:23","guid":{"rendered":"https:\/\/www.mohd.it\/?p=119152"},"modified":"2026-04-27T16:14:23","modified_gmt":"2026-04-27T14:14:23","slug":"poliform-piazza-della-scala-bewohnen","status":"publish","type":"post","link":"https:\/\/www.mohd.it\/de\/magazine\/poliform-piazza-della-scala-bewohnen\/","title":{"rendered":"Poliform: Piazza della Scala bewohnen"},"content":{"rendered":"\n<p>Kein einzelner Ort, sondern ein System. W\u00e4hrend der Design Week 2026 entfaltet <strong><a href=\"https:\/\/shopmohd.com\/de\/marken\/poliform.html\">Poliform<\/a><\/strong> seine Pr\u00e4senz zwischen dem neuen Flagship im kulturellen Zentrum der Stadt und der Installation \u201eMultitude\u201c, und macht Mailand zu einem kontinuierlichen erz\u00e4hlerischen Gef\u00fcge.<\/p>\n\n\n\n<p>Der neue Flagship-Store an der <strong>Piazza della Scala<\/strong> markiert einen entscheidenden Schritt. In einem historischen Geb\u00e4ude gelegen, arbeitet der mehrgeschossige Raum durch Reduktion: nat\u00fcrliche Materialien, pr\u00e4zise gesetzte Volumen, visuelle Bez\u00fcge zur Stadt. Mehr als ein Showroom wird er zu einem Umfeld, das eine eigene Ma\u00dfst\u00e4blichkeit des Wohnens definiert, in dem Wohn-, Ess- und Nachtbereiche in flie\u00dfender Koh\u00e4renz miteinander in Beziehung treten.<\/p>\n\n\n\n<figure class=\"wp-block-image size-large\"><img loading=\"lazy\" decoding=\"async\" width=\"1024\" height=\"576\" src=\"https:\/\/www.mohd.it\/wp-content\/uploads\/2026\/04\/Poliform-MDW2026-Piazza-della-Scala-2-1024x576.png\" alt=\"Poliform MDW2026 Piazza della Scala\" class=\"wp-image-119123\" srcset=\"https:\/\/www.mohd.it\/wp-content\/uploads\/2026\/04\/Poliform-MDW2026-Piazza-della-Scala-2-1024x576.png 1024w, https:\/\/www.mohd.it\/wp-content\/uploads\/2026\/04\/Poliform-MDW2026-Piazza-della-Scala-2-300x169.png 300w, https:\/\/www.mohd.it\/wp-content\/uploads\/2026\/04\/Poliform-MDW2026-Piazza-della-Scala-2-768x432.png 768w, https:\/\/www.mohd.it\/wp-content\/uploads\/2026\/04\/Poliform-MDW2026-Piazza-della-Scala-2-1536x864.png 1536w, https:\/\/www.mohd.it\/wp-content\/uploads\/2026\/04\/Poliform-MDW2026-Piazza-della-Scala-2.png 1920w\" sizes=\"auto, (max-width: 1024px) 100vw, 1024px\" \/><\/figure>\n\n\n<div class=\"board\">\n      <div class=\"board-items masonry-grid\">\n      <div class=\"board-item masonry-item\">\n  <div class=\"board-image\" style=\"padding-top:125%\">\n    <img decoding=\"async\" src=\"https:\/\/www.mohd.it\/wp-content\/uploads\/2026\/04\/Poliform-MDW2026-Piazza-della-Scala.png\" \/>\n  <\/div>\n  <\/div>\n<div class=\"board-item masonry-item\">\n  <div class=\"board-image\" style=\"padding-top:125%\">\n    <img decoding=\"async\" src=\"https:\/\/www.mohd.it\/wp-content\/uploads\/2026\/04\/Poliform-MDW2026-Piazza-della-Scala-1.png\" \/>\n  <\/div>\n  <\/div>\n    <\/div>\n    <\/div>\n\n\n\n<figure class=\"wp-block-image size-large\"><img loading=\"lazy\" decoding=\"async\" width=\"1024\" height=\"576\" src=\"https:\/\/www.mohd.it\/wp-content\/uploads\/2026\/04\/Poliform-MDW2026-Piazza-della-Scala-3-1024x576.png\" alt=\"Poliform MDW2026 Piazza della Scala\" class=\"wp-image-119129\" srcset=\"https:\/\/www.mohd.it\/wp-content\/uploads\/2026\/04\/Poliform-MDW2026-Piazza-della-Scala-3-1024x576.png 1024w, https:\/\/www.mohd.it\/wp-content\/uploads\/2026\/04\/Poliform-MDW2026-Piazza-della-Scala-3-300x169.png 300w, https:\/\/www.mohd.it\/wp-content\/uploads\/2026\/04\/Poliform-MDW2026-Piazza-della-Scala-3-768x432.png 768w, https:\/\/www.mohd.it\/wp-content\/uploads\/2026\/04\/Poliform-MDW2026-Piazza-della-Scala-3-1536x864.png 1536w, https:\/\/www.mohd.it\/wp-content\/uploads\/2026\/04\/Poliform-MDW2026-Piazza-della-Scala-3.png 1920w\" sizes=\"auto, (max-width: 1024px) 100vw, 1024px\" \/><\/figure>\n\n\n\n<p>Nur wenige Minuten entfernt aktiviert der <strong>Palazzo Clerici<\/strong> eine zweite Ebene. Mit \u201eMultitude\u201c, kuratiert von studioutte, verwandelt sich der Innenhof in eine abstrakte Landschaft: Eine rhythmische Abfolge vertikaler Elemente formt eine Art k\u00fcnstlichen Wald, durchzogen von Licht, Reflexionen und dunklen Oberfl\u00e4chen.<br>Die Outdoor-Kollektion erscheint hier als schwebende Pr\u00e4senz, nie vollst\u00e4ndig sichtbar, Teil einer eher wahrnehmungsbezogenen als rein ausstellungsorientierten Erfahrung.<\/p>\n\n\n\n<p>Im Inneren entfaltet sich die Kollektion 2026 als zusammenh\u00e4ngendes Ganzes, mit Beitr\u00e4gen von Jean-Marie Massaud, Emmanuel Gallina, studioutte sowie Yabu Pushelberg.<\/p>\n\n\n\n<figure class=\"wp-block-image size-large\"><img loading=\"lazy\" decoding=\"async\" width=\"1024\" height=\"576\" src=\"https:\/\/www.mohd.it\/wp-content\/uploads\/2026\/04\/Poliform-MDW2026-Palazzo-Clerici-1-1024x576.png\" alt=\"Poliform MDW2026 Palazzo Clerici\" class=\"wp-image-119093\" srcset=\"https:\/\/www.mohd.it\/wp-content\/uploads\/2026\/04\/Poliform-MDW2026-Palazzo-Clerici-1-1024x576.png 1024w, https:\/\/www.mohd.it\/wp-content\/uploads\/2026\/04\/Poliform-MDW2026-Palazzo-Clerici-1-300x169.png 300w, https:\/\/www.mohd.it\/wp-content\/uploads\/2026\/04\/Poliform-MDW2026-Palazzo-Clerici-1-768x432.png 768w, https:\/\/www.mohd.it\/wp-content\/uploads\/2026\/04\/Poliform-MDW2026-Palazzo-Clerici-1-1536x864.png 1536w, https:\/\/www.mohd.it\/wp-content\/uploads\/2026\/04\/Poliform-MDW2026-Palazzo-Clerici-1.png 1920w\" sizes=\"auto, (max-width: 1024px) 100vw, 1024px\" \/><\/figure>\n\n\n<div class=\"board\">\n      <div class=\"board-items masonry-grid\">\n      <div class=\"board-item masonry-item\">\n  <div class=\"board-image\" style=\"padding-top:125%\">\n    <img decoding=\"async\" src=\"https:\/\/www.mohd.it\/wp-content\/uploads\/2026\/04\/Poliform-MDW2026-Palazzo-Clerici.png\" \/>\n  <\/div>\n  <\/div>\n<div class=\"board-item masonry-item\">\n  <div class=\"board-image\" style=\"padding-top:125%\">\n    <img decoding=\"async\" src=\"https:\/\/www.mohd.it\/wp-content\/uploads\/2026\/04\/Poliform-MDW2026-Palazzo-Clerici-3.png\" \/>\n  <\/div>\n  <\/div>\n    <\/div>\n    <\/div>\n\n\n\n<figure class=\"wp-block-image size-large\"><img loading=\"lazy\" decoding=\"async\" width=\"1024\" height=\"576\" src=\"https:\/\/www.mohd.it\/wp-content\/uploads\/2026\/04\/Poliform-MDW2026-Palazzo-Clerici-2-1024x576.png\" alt=\"Poliform MDW2026 Palazzo Clerici\" class=\"wp-image-119099\" srcset=\"https:\/\/www.mohd.it\/wp-content\/uploads\/2026\/04\/Poliform-MDW2026-Palazzo-Clerici-2-1024x576.png 1024w, https:\/\/www.mohd.it\/wp-content\/uploads\/2026\/04\/Poliform-MDW2026-Palazzo-Clerici-2-300x169.png 300w, https:\/\/www.mohd.it\/wp-content\/uploads\/2026\/04\/Poliform-MDW2026-Palazzo-Clerici-2-768x432.png 768w, https:\/\/www.mohd.it\/wp-content\/uploads\/2026\/04\/Poliform-MDW2026-Palazzo-Clerici-2-1536x864.png 1536w, https:\/\/www.mohd.it\/wp-content\/uploads\/2026\/04\/Poliform-MDW2026-Palazzo-Clerici-2.png 1920w\" sizes=\"auto, (max-width: 1024px) 100vw, 1024px\" \/><\/figure>\n\n\n\n<p>Von der K\u00fcche <strong>Harp<\/strong>, die zwischen architektonischer Dimension und allt\u00e4glicher Nutzung oszilliert, \u00fcber den Wohn- und Essbereich mit <strong>Concorde<\/strong> und <strong>Victoria<\/strong> von Emmanuel Gallina bis hin zum Wohnraum, gepr\u00e4gt durch das Sofa <strong>Savoy<\/strong> von Jean-Marie Massaud, entsteht eine gemeinsame gestalterische Sprache aus Proportion, Komfort und formaler Pr\u00e4zision.<br>Die neuen Leuchten von studioutte erweitern diese Vision und f\u00fchren Licht als verbindendes Element zwischen Raum, Material und Atmosph\u00e4re ein. Nachtsysteme wie Senzafine st\u00e4rken diese Idee von Anpassungsf\u00e4higkeit und Koh\u00e4renz.<\/p>\n\n\n\n<p>Zwischen Flagship und Installation entwickelt Poliform so eine einheitliche Vision, in der jeder Raum, jedes Produkt und jede Atmosph\u00e4re dazu beitr\u00e4gt, eine klare Vorstellung von Zeitgenossenschaft zu definieren: reduziert, kontinuierlich und tief mit der Stadt verbunden.<\/p>\n","protected":false},"excerpt":{"rendered":"<p>Zwischen der Piazza della Scala und dem Palazzo Clerici entwickelt Poliform eine verteilte Pr\u00e4senz, die Architektur, Kollektion und Installation zu einer koh\u00e4renten Vision des zeitgen\u00f6ssischen Wohnens verbindet.<\/p>\n","protected":false},"author":18,"featured_media":119145,"comment_status":"closed","ping_status":"closed","sticky":false,"template":"","format":"standard","meta":{"footnotes":""},"categories":[486,482],"tags":[],"class_list":["post-119152","post","type-post","status-publish","format-standard","has-post-thumbnail","hentry","category-aktuelles","category-marken"],"yoast_head":"<!-- This site is optimized with the Yoast SEO plugin v24.0 - https:\/\/yoast.com\/wordpress\/plugins\/seo\/ -->\n<title>Poliform: Piazza della Scala bewohnen - Mohd<\/title>\n<meta name=\"description\" content=\"Im Herzen Mailands wird das neue Poliform Flagship zum Ausgangspunkt einer Erz\u00e4hlung aus Architektur, Interieur und urbaner Vision.\" \/>\n<meta name=\"robots\" content=\"index, follow, max-snippet:-1, max-image-preview:large, max-video-preview:-1\" \/>\n<link rel=\"canonical\" href=\"https:\/\/www.mohd.it\/de\/magazine\/poliform-piazza-della-scala-bewohnen\/\" \/>\n<meta property=\"og:locale\" content=\"de_DE\" \/>\n<meta property=\"og:type\" content=\"article\" \/>\n<meta property=\"og:title\" content=\"Poliform: Piazza della Scala bewohnen - Mohd\" \/>\n<meta property=\"og:description\" content=\"Im Herzen Mailands wird das neue Poliform Flagship zum Ausgangspunkt einer Erz\u00e4hlung aus Architektur, Interieur und urbaner Vision.\" \/>\n<meta property=\"og:url\" content=\"https:\/\/www.mohd.it\/de\/magazine\/poliform-piazza-della-scala-bewohnen\/\" \/>\n<meta property=\"og:site_name\" content=\"Mohd\" \/>\n<meta property=\"article:publisher\" content=\"https:\/\/www.facebook.com\/mollurahomedesign\" \/>\n<meta property=\"article:published_time\" content=\"2026-04-27T14:14:23+00:00\" \/>\n<meta property=\"og:image\" content=\"https:\/\/www.mohd.it\/wp-content\/uploads\/2026\/04\/Poliform-MDW2026.png\" \/>\n\t<meta property=\"og:image:width\" content=\"1300\" \/>\n\t<meta property=\"og:image:height\" content=\"980\" \/>\n\t<meta property=\"og:image:type\" content=\"image\/png\" \/>\n<meta name=\"author\" content=\"Noemi Cris\u00e0\" \/>\n<meta name=\"twitter:card\" content=\"summary_large_image\" \/>\n<meta name=\"twitter:creator\" content=\"@mohd_homedesign\" \/>\n<meta name=\"twitter:site\" content=\"@mohd_homedesign\" \/>\n<meta name=\"twitter:label1\" content=\"Verfasst von\" \/>\n\t<meta name=\"twitter:data1\" content=\"Noemi Cris\u00e0\" \/>\n\t<meta name=\"twitter:label2\" content=\"Gesch\u00e4tzte Lesezeit\" \/>\n\t<meta name=\"twitter:data2\" content=\"1\u00a0Minute\" \/>\n<script type=\"application\/ld+json\" class=\"yoast-schema-graph\">{\"@context\":\"https:\/\/schema.org\",\"@graph\":[{\"@type\":\"Article\",\"@id\":\"https:\/\/www.mohd.it\/de\/magazine\/poliform-piazza-della-scala-bewohnen\/#article\",\"isPartOf\":{\"@id\":\"https:\/\/www.mohd.it\/de\/magazine\/poliform-piazza-della-scala-bewohnen\/\"},\"author\":{\"name\":\"Noemi Cris\u00e0\",\"@id\":\"https:\/\/www.mohd.it\/de\/#\/schema\/person\/d237bc94bea0bfe5020d1c41b41f6af2\"},\"headline\":\"Poliform: Piazza della Scala bewohnen\",\"datePublished\":\"2026-04-27T14:14:23+00:00\",\"dateModified\":\"2026-04-27T14:14:23+00:00\",\"mainEntityOfPage\":{\"@id\":\"https:\/\/www.mohd.it\/de\/magazine\/poliform-piazza-della-scala-bewohnen\/\"},\"wordCount\":322,\"publisher\":{\"@id\":\"https:\/\/www.mohd.it\/de\/#organization\"},\"image\":{\"@id\":\"https:\/\/www.mohd.it\/de\/magazine\/poliform-piazza-della-scala-bewohnen\/#primaryimage\"},\"thumbnailUrl\":\"https:\/\/www.mohd.it\/wp-content\/uploads\/2026\/04\/Poliform-MDW2026.png\",\"articleSection\":[\"Aktuelles\",\"Marken\"],\"inLanguage\":\"de\"},{\"@type\":\"WebPage\",\"@id\":\"https:\/\/www.mohd.it\/de\/magazine\/poliform-piazza-della-scala-bewohnen\/\",\"url\":\"https:\/\/www.mohd.it\/de\/magazine\/poliform-piazza-della-scala-bewohnen\/\",\"name\":\"Poliform: Piazza della Scala bewohnen - Mohd\",\"isPartOf\":{\"@id\":\"https:\/\/www.mohd.it\/de\/#website\"},\"primaryImageOfPage\":{\"@id\":\"https:\/\/www.mohd.it\/de\/magazine\/poliform-piazza-della-scala-bewohnen\/#primaryimage\"},\"image\":{\"@id\":\"https:\/\/www.mohd.it\/de\/magazine\/poliform-piazza-della-scala-bewohnen\/#primaryimage\"},\"thumbnailUrl\":\"https:\/\/www.mohd.it\/wp-content\/uploads\/2026\/04\/Poliform-MDW2026.png\",\"datePublished\":\"2026-04-27T14:14:23+00:00\",\"dateModified\":\"2026-04-27T14:14:23+00:00\",\"description\":\"Im Herzen Mailands wird das neue Poliform Flagship zum Ausgangspunkt einer Erz\u00e4hlung aus Architektur, Interieur und urbaner Vision.\",\"breadcrumb\":{\"@id\":\"https:\/\/www.mohd.it\/de\/magazine\/poliform-piazza-della-scala-bewohnen\/#breadcrumb\"},\"inLanguage\":\"de\",\"potentialAction\":[{\"@type\":\"ReadAction\",\"target\":[\"https:\/\/www.mohd.it\/de\/magazine\/poliform-piazza-della-scala-bewohnen\/\"]}]},{\"@type\":\"ImageObject\",\"inLanguage\":\"de\",\"@id\":\"https:\/\/www.mohd.it\/de\/magazine\/poliform-piazza-della-scala-bewohnen\/#primaryimage\",\"url\":\"https:\/\/www.mohd.it\/wp-content\/uploads\/2026\/04\/Poliform-MDW2026.png\",\"contentUrl\":\"https:\/\/www.mohd.it\/wp-content\/uploads\/2026\/04\/Poliform-MDW2026.png\",\"width\":1300,\"height\":980,\"caption\":\"Poliform MDW2026 Piazza della Scala\"},{\"@type\":\"BreadcrumbList\",\"@id\":\"https:\/\/www.mohd.it\/de\/magazine\/poliform-piazza-della-scala-bewohnen\/#breadcrumb\",\"itemListElement\":[{\"@type\":\"ListItem\",\"position\":1,\"name\":\"Home\",\"item\":\"https:\/\/www.mohd.it\/de\/\"},{\"@type\":\"ListItem\",\"position\":2,\"name\":\"Poliform: Piazza della Scala bewohnen\"}]},{\"@type\":\"WebSite\",\"@id\":\"https:\/\/www.mohd.it\/de\/#website\",\"url\":\"https:\/\/www.mohd.it\/de\/\",\"name\":\"Mohd\",\"description\":\"\",\"publisher\":{\"@id\":\"https:\/\/www.mohd.it\/de\/#organization\"},\"potentialAction\":[{\"@type\":\"SearchAction\",\"target\":{\"@type\":\"EntryPoint\",\"urlTemplate\":\"https:\/\/www.mohd.it\/de\/?s={search_term_string}\"},\"query-input\":{\"@type\":\"PropertyValueSpecification\",\"valueRequired\":true,\"valueName\":\"search_term_string\"}}],\"inLanguage\":\"de\"},{\"@type\":\"Organization\",\"@id\":\"https:\/\/www.mohd.it\/de\/#organization\",\"name\":\"Mollura & C. SPA\",\"url\":\"https:\/\/www.mohd.it\/de\/\",\"logo\":{\"@type\":\"ImageObject\",\"inLanguage\":\"de\",\"@id\":\"https:\/\/www.mohd.it\/de\/#\/schema\/logo\/image\/\",\"url\":\"https:\/\/www.mohd.it\/wp-content\/uploads\/2020\/09\/mohd-logo.png\",\"contentUrl\":\"https:\/\/www.mohd.it\/wp-content\/uploads\/2020\/09\/mohd-logo.png\",\"width\":600,\"height\":600,\"caption\":\"Mollura & C. SPA\"},\"image\":{\"@id\":\"https:\/\/www.mohd.it\/de\/#\/schema\/logo\/image\/\"},\"sameAs\":[\"https:\/\/www.facebook.com\/mollurahomedesign\",\"https:\/\/x.com\/mohd_homedesign\",\"https:\/\/www.instagram.com\/mohd_homedesign\/\",\"https:\/\/it.linkedin.com\/company\/mohd-mollura-home-design\",\"https:\/\/www.pinterest.it\/mohdhomedesign\/\",\"https:\/\/www.youtube.com\/channel\/UCYLuPff6hq4z_o0GO0w1yaA\"]},{\"@type\":\"Person\",\"@id\":\"https:\/\/www.mohd.it\/de\/#\/schema\/person\/d237bc94bea0bfe5020d1c41b41f6af2\",\"name\":\"Noemi Cris\u00e0\",\"image\":{\"@type\":\"ImageObject\",\"inLanguage\":\"de\",\"@id\":\"https:\/\/www.mohd.it\/de\/#\/schema\/person\/image\/\",\"url\":\"https:\/\/secure.gravatar.com\/avatar\/6f959897d20f7190d0b1a9b0a1518d13?s=96&d=mm&r=g\",\"contentUrl\":\"https:\/\/secure.gravatar.com\/avatar\/6f959897d20f7190d0b1a9b0a1518d13?s=96&d=mm&r=g\",\"caption\":\"Noemi Cris\u00e0\"},\"url\":\"https:\/\/www.mohd.it\/de\/magazine\/author\/noemi\/\"}]}<\/script>\n<!-- \/ Yoast SEO plugin. -->","yoast_head_json":{"title":"Poliform: Piazza della Scala bewohnen - Mohd","description":"Im Herzen Mailands wird das neue Poliform Flagship zum Ausgangspunkt einer Erz\u00e4hlung aus Architektur, Interieur und urbaner Vision.","robots":{"index":"index","follow":"follow","max-snippet":"max-snippet:-1","max-image-preview":"max-image-preview:large","max-video-preview":"max-video-preview:-1"},"canonical":"https:\/\/www.mohd.it\/de\/magazine\/poliform-piazza-della-scala-bewohnen\/","og_locale":"de_DE","og_type":"article","og_title":"Poliform: Piazza della Scala bewohnen - Mohd","og_description":"Im Herzen Mailands wird das neue Poliform Flagship zum Ausgangspunkt einer Erz\u00e4hlung aus Architektur, Interieur und urbaner Vision.","og_url":"https:\/\/www.mohd.it\/de\/magazine\/poliform-piazza-della-scala-bewohnen\/","og_site_name":"Mohd","article_publisher":"https:\/\/www.facebook.com\/mollurahomedesign","article_published_time":"2026-04-27T14:14:23+00:00","og_image":[{"width":1300,"height":980,"url":"https:\/\/www.mohd.it\/wp-content\/uploads\/2026\/04\/Poliform-MDW2026.png","type":"image\/png"}],"author":"Noemi Cris\u00e0","twitter_card":"summary_large_image","twitter_creator":"@mohd_homedesign","twitter_site":"@mohd_homedesign","twitter_misc":{"Verfasst von":"Noemi Cris\u00e0","Gesch\u00e4tzte Lesezeit":"1\u00a0Minute"},"schema":{"@context":"https:\/\/schema.org","@graph":[{"@type":"Article","@id":"https:\/\/www.mohd.it\/de\/magazine\/poliform-piazza-della-scala-bewohnen\/#article","isPartOf":{"@id":"https:\/\/www.mohd.it\/de\/magazine\/poliform-piazza-della-scala-bewohnen\/"},"author":{"name":"Noemi Cris\u00e0","@id":"https:\/\/www.mohd.it\/de\/#\/schema\/person\/d237bc94bea0bfe5020d1c41b41f6af2"},"headline":"Poliform: Piazza della Scala bewohnen","datePublished":"2026-04-27T14:14:23+00:00","dateModified":"2026-04-27T14:14:23+00:00","mainEntityOfPage":{"@id":"https:\/\/www.mohd.it\/de\/magazine\/poliform-piazza-della-scala-bewohnen\/"},"wordCount":322,"publisher":{"@id":"https:\/\/www.mohd.it\/de\/#organization"},"image":{"@id":"https:\/\/www.mohd.it\/de\/magazine\/poliform-piazza-della-scala-bewohnen\/#primaryimage"},"thumbnailUrl":"https:\/\/www.mohd.it\/wp-content\/uploads\/2026\/04\/Poliform-MDW2026.png","articleSection":["Aktuelles","Marken"],"inLanguage":"de"},{"@type":"WebPage","@id":"https:\/\/www.mohd.it\/de\/magazine\/poliform-piazza-della-scala-bewohnen\/","url":"https:\/\/www.mohd.it\/de\/magazine\/poliform-piazza-della-scala-bewohnen\/","name":"Poliform: Piazza della Scala bewohnen - Mohd","isPartOf":{"@id":"https:\/\/www.mohd.it\/de\/#website"},"primaryImageOfPage":{"@id":"https:\/\/www.mohd.it\/de\/magazine\/poliform-piazza-della-scala-bewohnen\/#primaryimage"},"image":{"@id":"https:\/\/www.mohd.it\/de\/magazine\/poliform-piazza-della-scala-bewohnen\/#primaryimage"},"thumbnailUrl":"https:\/\/www.mohd.it\/wp-content\/uploads\/2026\/04\/Poliform-MDW2026.png","datePublished":"2026-04-27T14:14:23+00:00","dateModified":"2026-04-27T14:14:23+00:00","description":"Im Herzen Mailands wird das neue Poliform Flagship zum Ausgangspunkt einer Erz\u00e4hlung aus Architektur, Interieur und urbaner Vision.","breadcrumb":{"@id":"https:\/\/www.mohd.it\/de\/magazine\/poliform-piazza-della-scala-bewohnen\/#breadcrumb"},"inLanguage":"de","potentialAction":[{"@type":"ReadAction","target":["https:\/\/www.mohd.it\/de\/magazine\/poliform-piazza-della-scala-bewohnen\/"]}]},{"@type":"ImageObject","inLanguage":"de","@id":"https:\/\/www.mohd.it\/de\/magazine\/poliform-piazza-della-scala-bewohnen\/#primaryimage","url":"https:\/\/www.mohd.it\/wp-content\/uploads\/2026\/04\/Poliform-MDW2026.png","contentUrl":"https:\/\/www.mohd.it\/wp-content\/uploads\/2026\/04\/Poliform-MDW2026.png","width":1300,"height":980,"caption":"Poliform MDW2026 Piazza della Scala"},{"@type":"BreadcrumbList","@id":"https:\/\/www.mohd.it\/de\/magazine\/poliform-piazza-della-scala-bewohnen\/#breadcrumb","itemListElement":[{"@type":"ListItem","position":1,"name":"Home","item":"https:\/\/www.mohd.it\/de\/"},{"@type":"ListItem","position":2,"name":"Poliform: Piazza della Scala bewohnen"}]},{"@type":"WebSite","@id":"https:\/\/www.mohd.it\/de\/#website","url":"https:\/\/www.mohd.it\/de\/","name":"Mohd","description":"","publisher":{"@id":"https:\/\/www.mohd.it\/de\/#organization"},"potentialAction":[{"@type":"SearchAction","target":{"@type":"EntryPoint","urlTemplate":"https:\/\/www.mohd.it\/de\/?s={search_term_string}"},"query-input":{"@type":"PropertyValueSpecification","valueRequired":true,"valueName":"search_term_string"}}],"inLanguage":"de"},{"@type":"Organization","@id":"https:\/\/www.mohd.it\/de\/#organization","name":"Mollura & C. SPA","url":"https:\/\/www.mohd.it\/de\/","logo":{"@type":"ImageObject","inLanguage":"de","@id":"https:\/\/www.mohd.it\/de\/#\/schema\/logo\/image\/","url":"https:\/\/www.mohd.it\/wp-content\/uploads\/2020\/09\/mohd-logo.png","contentUrl":"https:\/\/www.mohd.it\/wp-content\/uploads\/2020\/09\/mohd-logo.png","width":600,"height":600,"caption":"Mollura & C. SPA"},"image":{"@id":"https:\/\/www.mohd.it\/de\/#\/schema\/logo\/image\/"},"sameAs":["https:\/\/www.facebook.com\/mollurahomedesign","https:\/\/x.com\/mohd_homedesign","https:\/\/www.instagram.com\/mohd_homedesign\/","https:\/\/it.linkedin.com\/company\/mohd-mollura-home-design","https:\/\/www.pinterest.it\/mohdhomedesign\/","https:\/\/www.youtube.com\/channel\/UCYLuPff6hq4z_o0GO0w1yaA"]},{"@type":"Person","@id":"https:\/\/www.mohd.it\/de\/#\/schema\/person\/d237bc94bea0bfe5020d1c41b41f6af2","name":"Noemi Cris\u00e0","image":{"@type":"ImageObject","inLanguage":"de","@id":"https:\/\/www.mohd.it\/de\/#\/schema\/person\/image\/","url":"https:\/\/secure.gravatar.com\/avatar\/6f959897d20f7190d0b1a9b0a1518d13?s=96&d=mm&r=g","contentUrl":"https:\/\/secure.gravatar.com\/avatar\/6f959897d20f7190d0b1a9b0a1518d13?s=96&d=mm&r=g","caption":"Noemi Cris\u00e0"},"url":"https:\/\/www.mohd.it\/de\/magazine\/author\/noemi\/"}]}},"image":"https:\/\/www.mohd.it\/wp-content\/uploads\/2026\/04\/Poliform-MDW2026-800x600.png","category":"Aktuelles","_links":{"self":[{"href":"https:\/\/www.mohd.it\/de\/wp-json\/wp\/v2\/posts\/119152","targetHints":{"allow":["GET"]}}],"collection":[{"href":"https:\/\/www.mohd.it\/de\/wp-json\/wp\/v2\/posts"}],"about":[{"href":"https:\/\/www.mohd.it\/de\/wp-json\/wp\/v2\/types\/post"}],"author":[{"embeddable":true,"href":"https:\/\/www.mohd.it\/de\/wp-json\/wp\/v2\/users\/18"}],"replies":[{"embeddable":true,"href":"https:\/\/www.mohd.it\/de\/wp-json\/wp\/v2\/comments?post=119152"}],"version-history":[{"count":4,"href":"https:\/\/www.mohd.it\/de\/wp-json\/wp\/v2\/posts\/119152\/revisions"}],"predecessor-version":[{"id":119170,"href":"https:\/\/www.mohd.it\/de\/wp-json\/wp\/v2\/posts\/119152\/revisions\/119170"}],"wp:featuredmedia":[{"embeddable":true,"href":"https:\/\/www.mohd.it\/de\/wp-json\/wp\/v2\/media\/119145"}],"wp:attachment":[{"href":"https:\/\/www.mohd.it\/de\/wp-json\/wp\/v2\/media?parent=119152"}],"wp:term":[{"taxonomy":"category","embeddable":true,"href":"https:\/\/www.mohd.it\/de\/wp-json\/wp\/v2\/categories?post=119152"},{"taxonomy":"post_tag","embeddable":true,"href":"https:\/\/www.mohd.it\/de\/wp-json\/wp\/v2\/tags?post=119152"}],"curies":[{"name":"wp","href":"https:\/\/api.w.org\/{rel}","templated":true}]}}