{"id":119231,"date":"2026-04-27T17:30:25","date_gmt":"2026-04-27T15:30:25","guid":{"rendered":"https:\/\/www.mohd.it\/?p=119231"},"modified":"2026-04-27T17:30:26","modified_gmt":"2026-04-27T15:30:26","slug":"eine-landschaft-die-man-spuert","status":"publish","type":"post","link":"https:\/\/www.mohd.it\/de\/magazine\/eine-landschaft-die-man-spuert\/","title":{"rendered":"Eine Landschaft, die man sp\u00fcrt"},"content":{"rendered":"\n<p>Corso Venezia 51. Der Palazzo Bovara geh\u00f6rt zu jenen Orten, die Mailand mit stiller Selbstverst\u00e4ndlichkeit bewahrt: eine neoklassizistische Residenz des 19. Jahrhunderts mit Blick auf die alten Stadtmauern, deren piano nobile seit jeher Salons, Gespr\u00e4che und Visionen beherbergte. Seit nunmehr zehn Jahren verwandelt <strong>Elle Decor Italia<\/strong> das Haus w\u00e4hrend der Design Week in ein Labor des Wohnens \u2013 einen Ort, an dem redaktioneller Inhalt zum begehbaren Raum wird.<\/p>\n\n\n\n<figure class=\"wp-block-image size-large\"><img loading=\"lazy\" decoding=\"async\" width=\"1024\" height=\"576\" src=\"https:\/\/www.mohd.it\/wp-content\/uploads\/2026\/04\/Elle-Decor-Sensory-Landscape-Orto-Botanico-1024x576.png\" alt=\"Elle Decor Sensory Landscape Orto Botanico\" class=\"wp-image-119173\" srcset=\"https:\/\/www.mohd.it\/wp-content\/uploads\/2026\/04\/Elle-Decor-Sensory-Landscape-Orto-Botanico-1024x576.png 1024w, https:\/\/www.mohd.it\/wp-content\/uploads\/2026\/04\/Elle-Decor-Sensory-Landscape-Orto-Botanico-300x169.png 300w, https:\/\/www.mohd.it\/wp-content\/uploads\/2026\/04\/Elle-Decor-Sensory-Landscape-Orto-Botanico-768x432.png 768w, https:\/\/www.mohd.it\/wp-content\/uploads\/2026\/04\/Elle-Decor-Sensory-Landscape-Orto-Botanico-1536x864.png 1536w, https:\/\/www.mohd.it\/wp-content\/uploads\/2026\/04\/Elle-Decor-Sensory-Landscape-Orto-Botanico.png 1920w\" sizes=\"auto, (max-width: 1024px) 100vw, 1024px\" \/><\/figure>\n\n\n\n<p>Beim \u00dcberschreiten der Schwelle wartet die erste \u00dcberraschung im Au\u00dfenraum. Der Innenhof empf\u00e4ngt die Besucher mit einer Folge von Outdoor-Lounges und er\u00f6ffnet sofort eine subtile Dichotomie: Man befindet sich im Inneren, gesch\u00fctzt von historischen Mauern und ihrer architektonischen Schwere \u2013 und zugleich im Freien, zwischen M\u00f6beln f\u00fcr das Leben unter offenem Himmel. Antonio Perazzis Landschaftskonzept arbeitet mit dieser ambivalenten Grenze und verwandelt Natur vom Hintergrund zur aktiven Pr\u00e4senz. Eine stille Einf\u00fchrung in das, was folgt.<\/p>\n\n\n\n<figure class=\"wp-block-image size-large\"><img loading=\"lazy\" decoding=\"async\" width=\"1024\" height=\"576\" src=\"https:\/\/www.mohd.it\/wp-content\/uploads\/2026\/04\/Elle-Decor-Sensory-Landscape-Orto-Botanico-1-1024x576.png\" alt=\"Elle Decor Sensory Landscape Orto Botanico\" class=\"wp-image-119185\" srcset=\"https:\/\/www.mohd.it\/wp-content\/uploads\/2026\/04\/Elle-Decor-Sensory-Landscape-Orto-Botanico-1-1024x576.png 1024w, https:\/\/www.mohd.it\/wp-content\/uploads\/2026\/04\/Elle-Decor-Sensory-Landscape-Orto-Botanico-1-300x169.png 300w, https:\/\/www.mohd.it\/wp-content\/uploads\/2026\/04\/Elle-Decor-Sensory-Landscape-Orto-Botanico-1-768x432.png 768w, https:\/\/www.mohd.it\/wp-content\/uploads\/2026\/04\/Elle-Decor-Sensory-Landscape-Orto-Botanico-1-1536x864.png 1536w, https:\/\/www.mohd.it\/wp-content\/uploads\/2026\/04\/Elle-Decor-Sensory-Landscape-Orto-Botanico-1.png 1920w\" sizes=\"auto, (max-width: 1024px) 100vw, 1024px\" \/><\/figure>\n\n\n\n<blockquote class=\"wp-block-quote is-layout-flow wp-block-quote-is-layout-flow\">\n<figure class=\"wp-block-image size-large\"><img loading=\"lazy\" decoding=\"async\" width=\"1024\" height=\"576\" src=\"https:\/\/www.mohd.it\/wp-content\/uploads\/2026\/04\/Elle-Decor-Sensory-Landscape-Orto-Botanico-2-1024x576.png\" alt=\"Elle Decor Sensory Landscape Orto Botanico\" class=\"wp-image-119191\" srcset=\"https:\/\/www.mohd.it\/wp-content\/uploads\/2026\/04\/Elle-Decor-Sensory-Landscape-Orto-Botanico-2-1024x576.png 1024w, https:\/\/www.mohd.it\/wp-content\/uploads\/2026\/04\/Elle-Decor-Sensory-Landscape-Orto-Botanico-2-300x169.png 300w, https:\/\/www.mohd.it\/wp-content\/uploads\/2026\/04\/Elle-Decor-Sensory-Landscape-Orto-Botanico-2-768x432.png 768w, https:\/\/www.mohd.it\/wp-content\/uploads\/2026\/04\/Elle-Decor-Sensory-Landscape-Orto-Botanico-2-1536x864.png 1536w, https:\/\/www.mohd.it\/wp-content\/uploads\/2026\/04\/Elle-Decor-Sensory-Landscape-Orto-Botanico-2.png 1920w\" sizes=\"auto, (max-width: 1024px) 100vw, 1024px\" \/><\/figure>\n\n\n\n<p>\u201eDas Projekt entstand aus dem dringenden Bed\u00fcrfnis, den f\u00fcnf Sinnen wieder ihre zentrale Rolle zur\u00fcckzugeben, die heute oft durch eine digitale Form der Rezeption verdr\u00e4ngt wird, welche Erfahrung auf etwas Beschleunigtes, Passives und von der Realit\u00e4t Getrenntes reduziert.\u201c<\/p>\n<\/blockquote>\n\n\n\n<p>Von Piero Lissoni konzipiert, mit Mohd als Retail-Partner und netsuke studio f\u00fcr die Koordination des Ausstellungskonzepts, entfaltet sich Sensory Landscape als \u00d6kosystem, in dem Klang, Bild, Duft und Sprache ineinandergreifen und den Besucher durch einen emotionalen wie reflektierten Parcours f\u00fchren. Lissonis Vision beruht auf bewusster Reduktion: nicht Mangel an Mitteln, sondern Pr\u00e4zision der Absicht. Was bleibt, ist mit solcher Genauigkeit gesetzt, dass eine Art visuelle Stille entsteht \u2013 eine seltene, heute beinahe subversive Qualit\u00e4t.<\/p>\n\n\n\n<p>Die eigens komponierten Klangwelten von Thomas Umbaca durchziehen die R\u00e4ume wie eine unsichtbare Pr\u00e4senz. Projektionen von fuse* verwandeln Oberfl\u00e4chen in bewegte Landschaften, Material erwacht zum Leben, W\u00e4nde verlieren ihre Funktion als Grenze. Der olfaktorische Beitrag von Giovanna Zucconi entwickelt eine parallele Erz\u00e4hlung, die nicht dem Blick, sondern dem Geruchssinn anvertraut ist: Duft als Sprache, als unwillk\u00fcrliche Erinnerung. Wie Maurice Merleau-Ponty schrieb, bewohnt der K\u00f6rper den Raum nicht nur \u2013 er erlebt ihn. Hier wird diese Philosophie zu Architektur.<\/p>\n\n\n\n<figure class=\"wp-block-image size-large\"><img loading=\"lazy\" decoding=\"async\" width=\"1024\" height=\"576\" src=\"https:\/\/www.mohd.it\/wp-content\/uploads\/2026\/04\/Elle-Decor-Sensory-Landscape-Ars-1024x576.png\" alt=\"Elle Decor Sensory Landscape Ars\" class=\"wp-image-119197\" srcset=\"https:\/\/www.mohd.it\/wp-content\/uploads\/2026\/04\/Elle-Decor-Sensory-Landscape-Ars-1024x576.png 1024w, https:\/\/www.mohd.it\/wp-content\/uploads\/2026\/04\/Elle-Decor-Sensory-Landscape-Ars-300x169.png 300w, https:\/\/www.mohd.it\/wp-content\/uploads\/2026\/04\/Elle-Decor-Sensory-Landscape-Ars-768x432.png 768w, https:\/\/www.mohd.it\/wp-content\/uploads\/2026\/04\/Elle-Decor-Sensory-Landscape-Ars-1536x864.png 1536w, https:\/\/www.mohd.it\/wp-content\/uploads\/2026\/04\/Elle-Decor-Sensory-Landscape-Ars.png 1920w\" sizes=\"auto, (max-width: 1024px) 100vw, 1024px\" \/><\/figure>\n\n\n\n<blockquote class=\"wp-block-quote is-layout-flow wp-block-quote-is-layout-flow\">\n<p>\u201eDas Haus ist unser erstes Universum. Es ist wahrhaft ein Kosmos im vollen Sinne des Wortes.\u201c \u2014 Gaston Bachelard, Poetik des Raumes, 1957<\/p>\n<\/blockquote>\n\n\n\n<p>Perazzis botanisches Projekt mit Pflanzen aus italienischen G\u00e4rtnereien, ausgew\u00e4hlt aufgrund ihrer sensorischen Intensit\u00e4t, durchzieht die gesamte Installation wie ein gr\u00fcner Faden. In Etere wird der Korridor zur Wiese. <\/p>\n\n\n\n<figure class=\"wp-block-image size-large\"><img loading=\"lazy\" decoding=\"async\" width=\"1024\" height=\"576\" src=\"https:\/\/www.mohd.it\/wp-content\/uploads\/2026\/04\/Elle-Decor-Sensory-Landscape-Etere-1024x576.png\" alt=\"Elle Decor Sensory Landscape Etere\" class=\"wp-image-119221\" srcset=\"https:\/\/www.mohd.it\/wp-content\/uploads\/2026\/04\/Elle-Decor-Sensory-Landscape-Etere-1024x576.png 1024w, https:\/\/www.mohd.it\/wp-content\/uploads\/2026\/04\/Elle-Decor-Sensory-Landscape-Etere-300x169.png 300w, https:\/\/www.mohd.it\/wp-content\/uploads\/2026\/04\/Elle-Decor-Sensory-Landscape-Etere-768x432.png 768w, https:\/\/www.mohd.it\/wp-content\/uploads\/2026\/04\/Elle-Decor-Sensory-Landscape-Etere-1536x864.png 1536w, https:\/\/www.mohd.it\/wp-content\/uploads\/2026\/04\/Elle-Decor-Sensory-Landscape-Etere.png 1920w\" sizes=\"auto, (max-width: 1024px) 100vw, 1024px\" \/><\/figure>\n\n\n\n<p>In Sorgente verwandelt sich das Bad in einen Ort der Regeneration in seinem urspr\u00fcnglichsten Sinn: Bachelard h\u00e4tte in diesen R\u00e4umen jene F\u00e4higkeit erkannt, uns \u00fcber den Raum zu uns selbst zur\u00fcckzuf\u00fchren. <\/p>\n\n\n<div class=\"board\">\n      <div class=\"board-items masonry-grid\">\n      <div class=\"board-item masonry-item\">\n  <div class=\"board-image\" style=\"padding-top:125%\">\n    <img decoding=\"async\" src=\"https:\/\/www.mohd.it\/wp-content\/uploads\/2026\/04\/Elle-Decor-Sensory-Landscape-Sorgente.png\" \/>\n  <\/div>\n  <\/div>\n<div class=\"board-item masonry-item\">\n  <div class=\"board-image\" style=\"padding-top:125%\">\n    <img decoding=\"async\" src=\"https:\/\/www.mohd.it\/wp-content\/uploads\/2026\/04\/Elle-Decor-Sensory-Landscape-Sorgente-1.png\" \/>\n  <\/div>\n  <\/div>\n    <\/div>\n    <\/div>\n\n\n\n<p>Im Leseraum begleitet eine von Feltrinelli Editore kuratierte Auswahl an B\u00fcchern die Reflexion; nach Ende der Ausstellung werden die B\u00e4nde f\u00fcr wohlt\u00e4tige Zwecke gespendet, denn jede bedeutende Erz\u00e4hlung verdient es, andernorts weiterzuleben.<\/p>\n\n\n\n<figure class=\"wp-block-image size-large\"><img loading=\"lazy\" decoding=\"async\" width=\"1024\" height=\"576\" src=\"https:\/\/www.mohd.it\/wp-content\/uploads\/2026\/04\/Elle-Decor-Sensory-Landscape-Ex-Libris-1024x576.png\" alt=\"Elle Decor Sensory Landscape Ex Libris\" class=\"wp-image-119215\" srcset=\"https:\/\/www.mohd.it\/wp-content\/uploads\/2026\/04\/Elle-Decor-Sensory-Landscape-Ex-Libris-1024x576.png 1024w, https:\/\/www.mohd.it\/wp-content\/uploads\/2026\/04\/Elle-Decor-Sensory-Landscape-Ex-Libris-300x169.png 300w, https:\/\/www.mohd.it\/wp-content\/uploads\/2026\/04\/Elle-Decor-Sensory-Landscape-Ex-Libris-768x432.png 768w, https:\/\/www.mohd.it\/wp-content\/uploads\/2026\/04\/Elle-Decor-Sensory-Landscape-Ex-Libris-1536x864.png 1536w, https:\/\/www.mohd.it\/wp-content\/uploads\/2026\/04\/Elle-Decor-Sensory-Landscape-Ex-Libris.png 1920w\" sizes=\"auto, (max-width: 1024px) 100vw, 1024px\" \/><\/figure>\n\n\n\n<p>Sensory Landscape ist keine Ausstellung zum blo\u00dfen Betrachten. Es ist ein Weg, den man langsam bewohnt \u2013 wie jemand, der nach langer Zeit wieder beginnt zuzuh\u00f6ren.<\/p>\n\n\n\n<p>Photo credit: Federica Cocciro<\/p>\n","protected":false},"excerpt":{"rendered":"<p>Im Palazzo Bovara nimmt eine stille Rebellion gegen die digitale Entfremdung Gestalt an \u2013 durch Raum, Materialit\u00e4t und Wahrnehmung.<\/p>\n","protected":false},"author":18,"featured_media":119183,"comment_status":"closed","ping_status":"closed","sticky":false,"template":"","format":"standard","meta":{"footnotes":""},"categories":[503],"tags":[],"class_list":["post-119231","post","type-post","status-publish","format-standard","has-post-thumbnail","hentry","category-design-events-de"],"yoast_head":"<!-- This site is optimized with the Yoast SEO plugin v24.0 - https:\/\/yoast.com\/wordpress\/plugins\/seo\/ -->\n<title>Eine Landschaft, die man sp\u00fcrt - Mohd<\/title>\n<meta name=\"description\" content=\"Im Palazzo Bovara wird der Besuch der Installation w\u00e4hrend der Milan Design Week zu einer immersiven Erfahrung aus Raum, Materialit\u00e4t und Wahrnehmung.\" \/>\n<meta name=\"robots\" content=\"index, follow, max-snippet:-1, max-image-preview:large, max-video-preview:-1\" \/>\n<link rel=\"canonical\" href=\"https:\/\/www.mohd.it\/de\/magazine\/eine-landschaft-die-man-spuert\/\" \/>\n<meta property=\"og:locale\" content=\"de_DE\" \/>\n<meta property=\"og:type\" content=\"article\" \/>\n<meta property=\"og:title\" content=\"Eine Landschaft, die man sp\u00fcrt - Mohd\" \/>\n<meta property=\"og:description\" content=\"Im Palazzo Bovara wird der Besuch der Installation w\u00e4hrend der Milan Design Week zu einer immersiven Erfahrung aus Raum, Materialit\u00e4t und Wahrnehmung.\" \/>\n<meta property=\"og:url\" content=\"https:\/\/www.mohd.it\/de\/magazine\/eine-landschaft-die-man-spuert\/\" \/>\n<meta property=\"og:site_name\" content=\"Mohd\" \/>\n<meta property=\"article:publisher\" content=\"https:\/\/www.facebook.com\/mollurahomedesign\" \/>\n<meta property=\"article:published_time\" content=\"2026-04-27T15:30:25+00:00\" \/>\n<meta property=\"article:modified_time\" content=\"2026-04-27T15:30:26+00:00\" \/>\n<meta property=\"og:image\" content=\"https:\/\/www.mohd.it\/wp-content\/uploads\/2026\/04\/Elle-Decor-Sensory-Landscape-Palazzo-Bovara.png\" \/>\n\t<meta property=\"og:image:width\" content=\"1300\" \/>\n\t<meta property=\"og:image:height\" content=\"980\" \/>\n\t<meta property=\"og:image:type\" content=\"image\/png\" \/>\n<meta name=\"author\" content=\"Noemi Cris\u00e0\" \/>\n<meta name=\"twitter:card\" content=\"summary_large_image\" \/>\n<meta name=\"twitter:creator\" content=\"@mohd_homedesign\" \/>\n<meta name=\"twitter:site\" content=\"@mohd_homedesign\" \/>\n<meta name=\"twitter:label1\" content=\"Verfasst von\" \/>\n\t<meta name=\"twitter:data1\" content=\"Noemi Cris\u00e0\" \/>\n\t<meta name=\"twitter:label2\" content=\"Gesch\u00e4tzte Lesezeit\" \/>\n\t<meta name=\"twitter:data2\" content=\"4\u00a0Minuten\" \/>\n<script type=\"application\/ld+json\" class=\"yoast-schema-graph\">{\"@context\":\"https:\/\/schema.org\",\"@graph\":[{\"@type\":\"Article\",\"@id\":\"https:\/\/www.mohd.it\/de\/magazine\/eine-landschaft-die-man-spuert\/#article\",\"isPartOf\":{\"@id\":\"https:\/\/www.mohd.it\/de\/magazine\/eine-landschaft-die-man-spuert\/\"},\"author\":{\"name\":\"Noemi Cris\u00e0\",\"@id\":\"https:\/\/www.mohd.it\/de\/#\/schema\/person\/d237bc94bea0bfe5020d1c41b41f6af2\"},\"headline\":\"Eine Landschaft, die man sp\u00fcrt\",\"datePublished\":\"2026-04-27T15:30:25+00:00\",\"dateModified\":\"2026-04-27T15:30:26+00:00\",\"mainEntityOfPage\":{\"@id\":\"https:\/\/www.mohd.it\/de\/magazine\/eine-landschaft-die-man-spuert\/\"},\"wordCount\":519,\"publisher\":{\"@id\":\"https:\/\/www.mohd.it\/de\/#organization\"},\"image\":{\"@id\":\"https:\/\/www.mohd.it\/de\/magazine\/eine-landschaft-die-man-spuert\/#primaryimage\"},\"thumbnailUrl\":\"https:\/\/www.mohd.it\/wp-content\/uploads\/2026\/04\/Elle-Decor-Sensory-Landscape-Palazzo-Bovara.png\",\"articleSection\":[\"Design Events\"],\"inLanguage\":\"de\"},{\"@type\":\"WebPage\",\"@id\":\"https:\/\/www.mohd.it\/de\/magazine\/eine-landschaft-die-man-spuert\/\",\"url\":\"https:\/\/www.mohd.it\/de\/magazine\/eine-landschaft-die-man-spuert\/\",\"name\":\"Eine Landschaft, die man sp\u00fcrt - Mohd\",\"isPartOf\":{\"@id\":\"https:\/\/www.mohd.it\/de\/#website\"},\"primaryImageOfPage\":{\"@id\":\"https:\/\/www.mohd.it\/de\/magazine\/eine-landschaft-die-man-spuert\/#primaryimage\"},\"image\":{\"@id\":\"https:\/\/www.mohd.it\/de\/magazine\/eine-landschaft-die-man-spuert\/#primaryimage\"},\"thumbnailUrl\":\"https:\/\/www.mohd.it\/wp-content\/uploads\/2026\/04\/Elle-Decor-Sensory-Landscape-Palazzo-Bovara.png\",\"datePublished\":\"2026-04-27T15:30:25+00:00\",\"dateModified\":\"2026-04-27T15:30:26+00:00\",\"description\":\"Im Palazzo Bovara wird der Besuch der Installation w\u00e4hrend der Milan Design Week zu einer immersiven Erfahrung aus Raum, Materialit\u00e4t und Wahrnehmung.\",\"breadcrumb\":{\"@id\":\"https:\/\/www.mohd.it\/de\/magazine\/eine-landschaft-die-man-spuert\/#breadcrumb\"},\"inLanguage\":\"de\",\"potentialAction\":[{\"@type\":\"ReadAction\",\"target\":[\"https:\/\/www.mohd.it\/de\/magazine\/eine-landschaft-die-man-spuert\/\"]}]},{\"@type\":\"ImageObject\",\"inLanguage\":\"de\",\"@id\":\"https:\/\/www.mohd.it\/de\/magazine\/eine-landschaft-die-man-spuert\/#primaryimage\",\"url\":\"https:\/\/www.mohd.it\/wp-content\/uploads\/2026\/04\/Elle-Decor-Sensory-Landscape-Palazzo-Bovara.png\",\"contentUrl\":\"https:\/\/www.mohd.it\/wp-content\/uploads\/2026\/04\/Elle-Decor-Sensory-Landscape-Palazzo-Bovara.png\",\"width\":1300,\"height\":980,\"caption\":\"Elle Decor Sensory Landscape Palazzo Bovara\"},{\"@type\":\"BreadcrumbList\",\"@id\":\"https:\/\/www.mohd.it\/de\/magazine\/eine-landschaft-die-man-spuert\/#breadcrumb\",\"itemListElement\":[{\"@type\":\"ListItem\",\"position\":1,\"name\":\"Home\",\"item\":\"https:\/\/www.mohd.it\/de\/\"},{\"@type\":\"ListItem\",\"position\":2,\"name\":\"Eine Landschaft, die man sp\u00fcrt\"}]},{\"@type\":\"WebSite\",\"@id\":\"https:\/\/www.mohd.it\/de\/#website\",\"url\":\"https:\/\/www.mohd.it\/de\/\",\"name\":\"Mohd\",\"description\":\"\",\"publisher\":{\"@id\":\"https:\/\/www.mohd.it\/de\/#organization\"},\"potentialAction\":[{\"@type\":\"SearchAction\",\"target\":{\"@type\":\"EntryPoint\",\"urlTemplate\":\"https:\/\/www.mohd.it\/de\/?s={search_term_string}\"},\"query-input\":{\"@type\":\"PropertyValueSpecification\",\"valueRequired\":true,\"valueName\":\"search_term_string\"}}],\"inLanguage\":\"de\"},{\"@type\":\"Organization\",\"@id\":\"https:\/\/www.mohd.it\/de\/#organization\",\"name\":\"Mollura & C. SPA\",\"url\":\"https:\/\/www.mohd.it\/de\/\",\"logo\":{\"@type\":\"ImageObject\",\"inLanguage\":\"de\",\"@id\":\"https:\/\/www.mohd.it\/de\/#\/schema\/logo\/image\/\",\"url\":\"https:\/\/www.mohd.it\/wp-content\/uploads\/2020\/09\/mohd-logo.png\",\"contentUrl\":\"https:\/\/www.mohd.it\/wp-content\/uploads\/2020\/09\/mohd-logo.png\",\"width\":600,\"height\":600,\"caption\":\"Mollura & C. SPA\"},\"image\":{\"@id\":\"https:\/\/www.mohd.it\/de\/#\/schema\/logo\/image\/\"},\"sameAs\":[\"https:\/\/www.facebook.com\/mollurahomedesign\",\"https:\/\/x.com\/mohd_homedesign\",\"https:\/\/www.instagram.com\/mohd_homedesign\/\",\"https:\/\/it.linkedin.com\/company\/mohd-mollura-home-design\",\"https:\/\/www.pinterest.it\/mohdhomedesign\/\",\"https:\/\/www.youtube.com\/channel\/UCYLuPff6hq4z_o0GO0w1yaA\"]},{\"@type\":\"Person\",\"@id\":\"https:\/\/www.mohd.it\/de\/#\/schema\/person\/d237bc94bea0bfe5020d1c41b41f6af2\",\"name\":\"Noemi Cris\u00e0\",\"image\":{\"@type\":\"ImageObject\",\"inLanguage\":\"de\",\"@id\":\"https:\/\/www.mohd.it\/de\/#\/schema\/person\/image\/\",\"url\":\"https:\/\/secure.gravatar.com\/avatar\/6f959897d20f7190d0b1a9b0a1518d13?s=96&d=mm&r=g\",\"contentUrl\":\"https:\/\/secure.gravatar.com\/avatar\/6f959897d20f7190d0b1a9b0a1518d13?s=96&d=mm&r=g\",\"caption\":\"Noemi Cris\u00e0\"},\"url\":\"https:\/\/www.mohd.it\/de\/magazine\/author\/noemi\/\"}]}<\/script>\n<!-- \/ Yoast SEO plugin. -->","yoast_head_json":{"title":"Eine Landschaft, die man sp\u00fcrt - Mohd","description":"Im Palazzo Bovara wird der Besuch der Installation w\u00e4hrend der Milan Design Week zu einer immersiven Erfahrung aus Raum, Materialit\u00e4t und Wahrnehmung.","robots":{"index":"index","follow":"follow","max-snippet":"max-snippet:-1","max-image-preview":"max-image-preview:large","max-video-preview":"max-video-preview:-1"},"canonical":"https:\/\/www.mohd.it\/de\/magazine\/eine-landschaft-die-man-spuert\/","og_locale":"de_DE","og_type":"article","og_title":"Eine Landschaft, die man sp\u00fcrt - Mohd","og_description":"Im Palazzo Bovara wird der Besuch der Installation w\u00e4hrend der Milan Design Week zu einer immersiven Erfahrung aus Raum, Materialit\u00e4t und Wahrnehmung.","og_url":"https:\/\/www.mohd.it\/de\/magazine\/eine-landschaft-die-man-spuert\/","og_site_name":"Mohd","article_publisher":"https:\/\/www.facebook.com\/mollurahomedesign","article_published_time":"2026-04-27T15:30:25+00:00","article_modified_time":"2026-04-27T15:30:26+00:00","og_image":[{"width":1300,"height":980,"url":"https:\/\/www.mohd.it\/wp-content\/uploads\/2026\/04\/Elle-Decor-Sensory-Landscape-Palazzo-Bovara.png","type":"image\/png"}],"author":"Noemi Cris\u00e0","twitter_card":"summary_large_image","twitter_creator":"@mohd_homedesign","twitter_site":"@mohd_homedesign","twitter_misc":{"Verfasst von":"Noemi Cris\u00e0","Gesch\u00e4tzte Lesezeit":"4\u00a0Minuten"},"schema":{"@context":"https:\/\/schema.org","@graph":[{"@type":"Article","@id":"https:\/\/www.mohd.it\/de\/magazine\/eine-landschaft-die-man-spuert\/#article","isPartOf":{"@id":"https:\/\/www.mohd.it\/de\/magazine\/eine-landschaft-die-man-spuert\/"},"author":{"name":"Noemi Cris\u00e0","@id":"https:\/\/www.mohd.it\/de\/#\/schema\/person\/d237bc94bea0bfe5020d1c41b41f6af2"},"headline":"Eine Landschaft, die man sp\u00fcrt","datePublished":"2026-04-27T15:30:25+00:00","dateModified":"2026-04-27T15:30:26+00:00","mainEntityOfPage":{"@id":"https:\/\/www.mohd.it\/de\/magazine\/eine-landschaft-die-man-spuert\/"},"wordCount":519,"publisher":{"@id":"https:\/\/www.mohd.it\/de\/#organization"},"image":{"@id":"https:\/\/www.mohd.it\/de\/magazine\/eine-landschaft-die-man-spuert\/#primaryimage"},"thumbnailUrl":"https:\/\/www.mohd.it\/wp-content\/uploads\/2026\/04\/Elle-Decor-Sensory-Landscape-Palazzo-Bovara.png","articleSection":["Design Events"],"inLanguage":"de"},{"@type":"WebPage","@id":"https:\/\/www.mohd.it\/de\/magazine\/eine-landschaft-die-man-spuert\/","url":"https:\/\/www.mohd.it\/de\/magazine\/eine-landschaft-die-man-spuert\/","name":"Eine Landschaft, die man sp\u00fcrt - Mohd","isPartOf":{"@id":"https:\/\/www.mohd.it\/de\/#website"},"primaryImageOfPage":{"@id":"https:\/\/www.mohd.it\/de\/magazine\/eine-landschaft-die-man-spuert\/#primaryimage"},"image":{"@id":"https:\/\/www.mohd.it\/de\/magazine\/eine-landschaft-die-man-spuert\/#primaryimage"},"thumbnailUrl":"https:\/\/www.mohd.it\/wp-content\/uploads\/2026\/04\/Elle-Decor-Sensory-Landscape-Palazzo-Bovara.png","datePublished":"2026-04-27T15:30:25+00:00","dateModified":"2026-04-27T15:30:26+00:00","description":"Im Palazzo Bovara wird der Besuch der Installation w\u00e4hrend der Milan Design Week zu einer immersiven Erfahrung aus Raum, Materialit\u00e4t und Wahrnehmung.","breadcrumb":{"@id":"https:\/\/www.mohd.it\/de\/magazine\/eine-landschaft-die-man-spuert\/#breadcrumb"},"inLanguage":"de","potentialAction":[{"@type":"ReadAction","target":["https:\/\/www.mohd.it\/de\/magazine\/eine-landschaft-die-man-spuert\/"]}]},{"@type":"ImageObject","inLanguage":"de","@id":"https:\/\/www.mohd.it\/de\/magazine\/eine-landschaft-die-man-spuert\/#primaryimage","url":"https:\/\/www.mohd.it\/wp-content\/uploads\/2026\/04\/Elle-Decor-Sensory-Landscape-Palazzo-Bovara.png","contentUrl":"https:\/\/www.mohd.it\/wp-content\/uploads\/2026\/04\/Elle-Decor-Sensory-Landscape-Palazzo-Bovara.png","width":1300,"height":980,"caption":"Elle Decor Sensory Landscape Palazzo Bovara"},{"@type":"BreadcrumbList","@id":"https:\/\/www.mohd.it\/de\/magazine\/eine-landschaft-die-man-spuert\/#breadcrumb","itemListElement":[{"@type":"ListItem","position":1,"name":"Home","item":"https:\/\/www.mohd.it\/de\/"},{"@type":"ListItem","position":2,"name":"Eine Landschaft, die man sp\u00fcrt"}]},{"@type":"WebSite","@id":"https:\/\/www.mohd.it\/de\/#website","url":"https:\/\/www.mohd.it\/de\/","name":"Mohd","description":"","publisher":{"@id":"https:\/\/www.mohd.it\/de\/#organization"},"potentialAction":[{"@type":"SearchAction","target":{"@type":"EntryPoint","urlTemplate":"https:\/\/www.mohd.it\/de\/?s={search_term_string}"},"query-input":{"@type":"PropertyValueSpecification","valueRequired":true,"valueName":"search_term_string"}}],"inLanguage":"de"},{"@type":"Organization","@id":"https:\/\/www.mohd.it\/de\/#organization","name":"Mollura & C. SPA","url":"https:\/\/www.mohd.it\/de\/","logo":{"@type":"ImageObject","inLanguage":"de","@id":"https:\/\/www.mohd.it\/de\/#\/schema\/logo\/image\/","url":"https:\/\/www.mohd.it\/wp-content\/uploads\/2020\/09\/mohd-logo.png","contentUrl":"https:\/\/www.mohd.it\/wp-content\/uploads\/2020\/09\/mohd-logo.png","width":600,"height":600,"caption":"Mollura & C. SPA"},"image":{"@id":"https:\/\/www.mohd.it\/de\/#\/schema\/logo\/image\/"},"sameAs":["https:\/\/www.facebook.com\/mollurahomedesign","https:\/\/x.com\/mohd_homedesign","https:\/\/www.instagram.com\/mohd_homedesign\/","https:\/\/it.linkedin.com\/company\/mohd-mollura-home-design","https:\/\/www.pinterest.it\/mohdhomedesign\/","https:\/\/www.youtube.com\/channel\/UCYLuPff6hq4z_o0GO0w1yaA"]},{"@type":"Person","@id":"https:\/\/www.mohd.it\/de\/#\/schema\/person\/d237bc94bea0bfe5020d1c41b41f6af2","name":"Noemi Cris\u00e0","image":{"@type":"ImageObject","inLanguage":"de","@id":"https:\/\/www.mohd.it\/de\/#\/schema\/person\/image\/","url":"https:\/\/secure.gravatar.com\/avatar\/6f959897d20f7190d0b1a9b0a1518d13?s=96&d=mm&r=g","contentUrl":"https:\/\/secure.gravatar.com\/avatar\/6f959897d20f7190d0b1a9b0a1518d13?s=96&d=mm&r=g","caption":"Noemi Cris\u00e0"},"url":"https:\/\/www.mohd.it\/de\/magazine\/author\/noemi\/"}]}},"image":"https:\/\/www.mohd.it\/wp-content\/uploads\/2026\/04\/Elle-Decor-Sensory-Landscape-Palazzo-Bovara-800x600.png","category":"Design Events","_links":{"self":[{"href":"https:\/\/www.mohd.it\/de\/wp-json\/wp\/v2\/posts\/119231","targetHints":{"allow":["GET"]}}],"collection":[{"href":"https:\/\/www.mohd.it\/de\/wp-json\/wp\/v2\/posts"}],"about":[{"href":"https:\/\/www.mohd.it\/de\/wp-json\/wp\/v2\/types\/post"}],"author":[{"embeddable":true,"href":"https:\/\/www.mohd.it\/de\/wp-json\/wp\/v2\/users\/18"}],"replies":[{"embeddable":true,"href":"https:\/\/www.mohd.it\/de\/wp-json\/wp\/v2\/comments?post=119231"}],"version-history":[{"count":3,"href":"https:\/\/www.mohd.it\/de\/wp-json\/wp\/v2\/posts\/119231\/revisions"}],"predecessor-version":[{"id":119245,"href":"https:\/\/www.mohd.it\/de\/wp-json\/wp\/v2\/posts\/119231\/revisions\/119245"}],"wp:featuredmedia":[{"embeddable":true,"href":"https:\/\/www.mohd.it\/de\/wp-json\/wp\/v2\/media\/119183"}],"wp:attachment":[{"href":"https:\/\/www.mohd.it\/de\/wp-json\/wp\/v2\/media?parent=119231"}],"wp:term":[{"taxonomy":"category","embeddable":true,"href":"https:\/\/www.mohd.it\/de\/wp-json\/wp\/v2\/categories?post=119231"},{"taxonomy":"post_tag","embeddable":true,"href":"https:\/\/www.mohd.it\/de\/wp-json\/wp\/v2\/tags?post=119231"}],"curies":[{"name":"wp","href":"https:\/\/api.w.org\/{rel}","templated":true}]}}