{"id":119377,"date":"2026-04-28T16:05:54","date_gmt":"2026-04-28T14:05:54","guid":{"rendered":"https:\/\/www.mohd.it\/?p=119377"},"modified":"2026-04-28T16:05:55","modified_gmt":"2026-04-28T14:05:55","slug":"sinnlich-materiell-szenografisch-baxters-idee-des-wohnens","status":"publish","type":"post","link":"https:\/\/www.mohd.it\/de\/magazine\/sinnlich-materiell-szenografisch-baxters-idee-des-wohnens\/","title":{"rendered":"Sinnlich, materiell, szenografisch: Baxters Idee des Wohnens"},"content":{"rendered":"\n<p><strong><a href=\"https:\/\/shopmohd.com\/de\/marken\/baxter.html\">Baxter<\/a><\/strong> inszeniert seine Pr\u00e4senz in Mailand \u00fcber unterschiedliche Orte und Formate und verwandelt Stadt und Wohnprojekt in ein einziges erz\u00e4hlerisches System. Die neue Kollektion best\u00e4tigt eine Vision des Wohnens, die sinnlich, materialbetont und zutiefst szenografisch ist.<br>Im <strong>Baxter Cinema<\/strong>, dem Mail\u00e4nder Flagshipstore in einem ehemaligen Multiplexkino der 1970er-Jahre, gestaltet die Marke einen immersiven Parcours, in dem Leder, Marmor, Metalle und gro\u00dfz\u00fcgige Volumen mit der Architektur des Ortes in Dialog treten und den Besuch zu einem emotionalen wie kuratorischen Erlebnis machen.<\/p>\n\n\n<div class=\"board\">\n      <div class=\"board-items masonry-grid\">\n      <div class=\"board-item masonry-item\">\n  <div class=\"board-image\" style=\"padding-top:125%\">\n    <img decoding=\"async\" src=\"https:\/\/www.mohd.it\/wp-content\/uploads\/2026\/04\/Baxter-MDW2026-Baxter-Cinema-2.png\" \/>\n  <\/div>\n  <\/div>\n<div class=\"board-item masonry-item\">\n  <div class=\"board-image\" style=\"padding-top:125%\">\n    <img decoding=\"async\" src=\"https:\/\/www.mohd.it\/wp-content\/uploads\/2026\/04\/Baxter-MDW2026-Baxter-Cinema-4.png\" \/>\n  <\/div>\n  <\/div>\n    <\/div>\n    <\/div>\n\n\n\n<p>Zu den Neuheiten z\u00e4hlt das Sofa <strong>Viktor Soft <\/strong>von Draga &amp; Aurel, eine Weiterentwicklung von Baxters Lounge-Sprache der 1970er-Jahre: Sitzm\u00f6bel mit einladenden Proportionen, weichen Linien und mit schneiderischer Pr\u00e4zision abgestimmtem Komfort. Daneben interpretiert <strong>Chicago<\/strong> von Paola Navone die Bildwelt des urbanen Amerika neu \u2013 mit markanterer, strukturierter Pr\u00e4senz und jener entspannten Eleganz, die die Marke auszeichnet.<\/p>\n\n\n<div class=\"board\">\n      <div class=\"board-items masonry-grid\">\n      <div class=\"board-item masonry-item\">\n  <div class=\"board-image\" style=\"padding-top:125%\">\n    <img decoding=\"async\" src=\"https:\/\/www.mohd.it\/wp-content\/uploads\/2026\/04\/Baxter-MDW2026-Baxter-Cinema-3.png\" \/>\n  <\/div>\n  <\/div>\n<div class=\"board-item masonry-item\">\n  <div class=\"board-image\" style=\"padding-top:125%\">\n    <img decoding=\"async\" src=\"https:\/\/www.mohd.it\/wp-content\/uploads\/2026\/04\/Baxter-MDW2026-Baxter-Cinema-5.png\" \/>\n  <\/div>\n  <\/div>\n<div class=\"board-item masonry-item\">\n  <div class=\"board-image\" style=\"padding-top:125%\">\n    <img decoding=\"async\" src=\"https:\/\/www.mohd.it\/wp-content\/uploads\/2026\/04\/Baxter-MDW2026-Baxter-Cinema.png\" \/>\n  <\/div>\n  <\/div>\n<div class=\"board-item masonry-item\">\n  <div class=\"board-image\" style=\"padding-top:125%\">\n    <img decoding=\"async\" src=\"https:\/\/www.mohd.it\/wp-content\/uploads\/2026\/04\/Baxter-MDW2026-Baxter-Cinema-1.png\" \/>\n  <\/div>\n  <\/div>\n    <\/div>\n    <\/div>\n\n\n\n<p>Das Thema Materialit\u00e4t zeigt sich eindrucksvoll in den <strong>Tile<\/strong> Beistelltischen von Draga &amp; Aurel, deren Oberfl\u00e4chen und Geometrien ein raffiniertes Gleichgewicht zwischen architektonischer Strenge und wohnlicher W\u00e4rme schaffen. Zur\u00fcckhaltender, aber ebenso anspruchsvoll ist <strong>Syd<\/strong> \u2013 ein M\u00f6belst\u00fcck f\u00fcr Audiosysteme, das sich dank pr\u00e4ziser Details und ausgepr\u00e4gter haptischer Sensibilit\u00e4t selbstverst\u00e4ndlich in zeitgen\u00f6ssische R\u00e4ume einf\u00fcgt. Jedes Element ist nicht als Einzelobjekt gedacht, sondern als Teil einer stimmigen Gesamtlandschaft.<\/p>\n\n\n\n<p>Parallel dazu erneuert Baxter auch <strong>Casa sul Lago<\/strong>, ein Projekt, das sich jedes Jahr wandelt und seiner Identit\u00e4t dennoch treu bleibt. Keine blo\u00dfe Produktpr\u00e4sentation, sondern ein Manifesthaus, in dem die Marke vollst\u00e4ndige R\u00e4ume, Atmosph\u00e4ren und Beziehungen zwischen M\u00f6beln, Licht und Architektur gestaltet.<\/p>\n\n\n<div class=\"board\">\n      <div class=\"board-items masonry-grid\">\n      <div class=\"board-item masonry-item\">\n  <div class=\"board-image\" style=\"padding-top:125%\">\n    <img decoding=\"async\" src=\"https:\/\/www.mohd.it\/wp-content\/uploads\/2026\/04\/Baxter-MDW2026-Casa-sul-Lago-1.png\" \/>\n  <\/div>\n  <\/div>\n<div class=\"board-item masonry-item\">\n  <div class=\"board-image\" style=\"padding-top:125%\">\n    <img decoding=\"async\" src=\"https:\/\/www.mohd.it\/wp-content\/uploads\/2026\/04\/Baxter-MDW2026-Casa-sul-Lago.png\" \/>\n  <\/div>\n  <\/div>\n<div class=\"board-item masonry-item\">\n  <div class=\"board-image\" style=\"padding-top:125%\">\n    <img decoding=\"async\" src=\"https:\/\/www.mohd.it\/wp-content\/uploads\/2026\/04\/Baxter-MDW2026-Casa-sul-Lago-3.png\" \/>\n  <\/div>\n  <\/div>\n<div class=\"board-item masonry-item\">\n  <div class=\"board-image\" style=\"padding-top:125%\">\n    <img decoding=\"async\" src=\"https:\/\/www.mohd.it\/wp-content\/uploads\/2026\/04\/Baxter-MDW2026-Casa-sul-Lago-2.png\" \/>\n  <\/div>\n  <\/div>\n    <\/div>\n    <\/div>\n\n\n\n<p>F\u00fcr 2026 erweitert sich diese Vision mit <strong>The Baxter Journey MDW26<\/strong>: Eine historische Mail\u00e4nder Tram wird zu einem immersiven, ma\u00dfgeschneiderten Raum und tr\u00e4gt die Sprache von Baxter in die Stadt und in den Rhythmus der Design Week selbst.<\/p>\n\n\n<div class=\"board\">\n      <div class=\"board-items masonry-grid\">\n      <div class=\"board-item masonry-item\">\n  <div class=\"board-image\" style=\"padding-top:125%\">\n    <img decoding=\"async\" src=\"https:\/\/www.mohd.it\/wp-content\/uploads\/2026\/04\/Baxter-MDW2026-The-Baxter-Journey.png\" \/>\n  <\/div>\n  <\/div>\n<div class=\"board-item masonry-item\">\n  <div class=\"board-image\" style=\"padding-top:125%\">\n    <img decoding=\"async\" src=\"https:\/\/www.mohd.it\/wp-content\/uploads\/2026\/04\/Baxter-MDW2026-The-Baxter-Journey-2.png\" \/>\n  <\/div>\n  <\/div>\n<div class=\"board-item masonry-item\">\n  <div class=\"board-image\" style=\"padding-top:125%\">\n    <img decoding=\"async\" src=\"https:\/\/www.mohd.it\/wp-content\/uploads\/2026\/04\/Baxter-MDW2026-The-Baxter-Journey-1.png\" \/>\n  <\/div>\n  <\/div>\n<div class=\"board-item masonry-item\">\n  <div class=\"board-image\" style=\"padding-top:125%\">\n    <img decoding=\"async\" src=\"https:\/\/www.mohd.it\/wp-content\/uploads\/2026\/04\/Baxter-MDW2026-The-Baxter-Journey-3.png\" \/>\n  <\/div>\n  <\/div>\n    <\/div>\n    <\/div>\n\n\n\n<p>Die neue Kollektion von Baxter versteht sich damit als Stilmanifest: eine Einladung, intensive, anspruchsvolle und von Konventionen freie Interiors zu erleben.<\/p>\n","protected":false},"excerpt":{"rendered":"<p>W\u00e4hrend der Design Week 2026 entwickelt Baxter eine Erz\u00e4hlung zwischen Baxter Cinema, einer st\u00e4dtischen Tram und Casa sul Lago, in der Kollektion und Erlebnis zu einer sinnlichen, fortlaufenden Vision des Wohnens verschmelzen.<\/p>\n","protected":false},"author":18,"featured_media":119370,"comment_status":"closed","ping_status":"closed","sticky":false,"template":"","format":"standard","meta":{"footnotes":""},"categories":[486,503,482],"tags":[],"class_list":["post-119377","post","type-post","status-publish","format-standard","has-post-thumbnail","hentry","category-aktuelles","category-design-events-de","category-marken"],"yoast_head":"<!-- This site is optimized with the Yoast SEO plugin v24.0 - https:\/\/yoast.com\/wordpress\/plugins\/seo\/ -->\n<title>Baxter: eine Reise des Wohnens zwischen Stadt und Design - Mohd<\/title>\n<meta name=\"description\" content=\"Baxter zur Design Week 2026 mit Baxter Cinema, Erlebnis-Tram und Casa sul Lago.\" \/>\n<meta name=\"robots\" content=\"index, follow, max-snippet:-1, max-image-preview:large, max-video-preview:-1\" \/>\n<link rel=\"canonical\" href=\"https:\/\/www.mohd.it\/de\/magazine\/sinnlich-materiell-szenografisch-baxters-idee-des-wohnens\/\" \/>\n<meta property=\"og:locale\" content=\"de_DE\" \/>\n<meta property=\"og:type\" content=\"article\" \/>\n<meta property=\"og:title\" content=\"Baxter: eine Reise des Wohnens zwischen Stadt und Design - Mohd\" \/>\n<meta property=\"og:description\" content=\"Baxter zur Design Week 2026 mit Baxter Cinema, Erlebnis-Tram und Casa sul Lago.\" \/>\n<meta property=\"og:url\" content=\"https:\/\/www.mohd.it\/de\/magazine\/sinnlich-materiell-szenografisch-baxters-idee-des-wohnens\/\" \/>\n<meta property=\"og:site_name\" content=\"Mohd\" \/>\n<meta property=\"article:publisher\" content=\"https:\/\/www.facebook.com\/mollurahomedesign\" \/>\n<meta property=\"article:published_time\" content=\"2026-04-28T14:05:54+00:00\" \/>\n<meta property=\"article:modified_time\" content=\"2026-04-28T14:05:55+00:00\" \/>\n<meta property=\"og:image\" content=\"https:\/\/www.mohd.it\/wp-content\/uploads\/2026\/04\/Baxter-MDW2026.png\" \/>\n\t<meta property=\"og:image:width\" content=\"1300\" \/>\n\t<meta property=\"og:image:height\" content=\"980\" \/>\n\t<meta property=\"og:image:type\" content=\"image\/png\" \/>\n<meta name=\"author\" content=\"Noemi Cris\u00e0\" \/>\n<meta name=\"twitter:card\" content=\"summary_large_image\" \/>\n<meta name=\"twitter:creator\" content=\"@mohd_homedesign\" \/>\n<meta name=\"twitter:site\" content=\"@mohd_homedesign\" \/>\n<meta name=\"twitter:label1\" content=\"Verfasst von\" \/>\n\t<meta name=\"twitter:data1\" content=\"Noemi Cris\u00e0\" \/>\n\t<meta name=\"twitter:label2\" content=\"Gesch\u00e4tzte Lesezeit\" \/>\n\t<meta name=\"twitter:data2\" content=\"1\u00a0Minute\" \/>\n<script type=\"application\/ld+json\" class=\"yoast-schema-graph\">{\"@context\":\"https:\/\/schema.org\",\"@graph\":[{\"@type\":\"Article\",\"@id\":\"https:\/\/www.mohd.it\/de\/magazine\/sinnlich-materiell-szenografisch-baxters-idee-des-wohnens\/#article\",\"isPartOf\":{\"@id\":\"https:\/\/www.mohd.it\/de\/magazine\/sinnlich-materiell-szenografisch-baxters-idee-des-wohnens\/\"},\"author\":{\"name\":\"Noemi Cris\u00e0\",\"@id\":\"https:\/\/www.mohd.it\/de\/#\/schema\/person\/d237bc94bea0bfe5020d1c41b41f6af2\"},\"headline\":\"Sinnlich, materiell, szenografisch: Baxters Idee des Wohnens\",\"datePublished\":\"2026-04-28T14:05:54+00:00\",\"dateModified\":\"2026-04-28T14:05:55+00:00\",\"mainEntityOfPage\":{\"@id\":\"https:\/\/www.mohd.it\/de\/magazine\/sinnlich-materiell-szenografisch-baxters-idee-des-wohnens\/\"},\"wordCount\":342,\"publisher\":{\"@id\":\"https:\/\/www.mohd.it\/de\/#organization\"},\"image\":{\"@id\":\"https:\/\/www.mohd.it\/de\/magazine\/sinnlich-materiell-szenografisch-baxters-idee-des-wohnens\/#primaryimage\"},\"thumbnailUrl\":\"https:\/\/www.mohd.it\/wp-content\/uploads\/2026\/04\/Baxter-MDW2026.png\",\"articleSection\":[\"Aktuelles\",\"Design Events\",\"Marken\"],\"inLanguage\":\"de\"},{\"@type\":\"WebPage\",\"@id\":\"https:\/\/www.mohd.it\/de\/magazine\/sinnlich-materiell-szenografisch-baxters-idee-des-wohnens\/\",\"url\":\"https:\/\/www.mohd.it\/de\/magazine\/sinnlich-materiell-szenografisch-baxters-idee-des-wohnens\/\",\"name\":\"Baxter: eine Reise des Wohnens zwischen Stadt und Design - Mohd\",\"isPartOf\":{\"@id\":\"https:\/\/www.mohd.it\/de\/#website\"},\"primaryImageOfPage\":{\"@id\":\"https:\/\/www.mohd.it\/de\/magazine\/sinnlich-materiell-szenografisch-baxters-idee-des-wohnens\/#primaryimage\"},\"image\":{\"@id\":\"https:\/\/www.mohd.it\/de\/magazine\/sinnlich-materiell-szenografisch-baxters-idee-des-wohnens\/#primaryimage\"},\"thumbnailUrl\":\"https:\/\/www.mohd.it\/wp-content\/uploads\/2026\/04\/Baxter-MDW2026.png\",\"datePublished\":\"2026-04-28T14:05:54+00:00\",\"dateModified\":\"2026-04-28T14:05:55+00:00\",\"description\":\"Baxter zur Design Week 2026 mit Baxter Cinema, Erlebnis-Tram und Casa sul Lago.\",\"breadcrumb\":{\"@id\":\"https:\/\/www.mohd.it\/de\/magazine\/sinnlich-materiell-szenografisch-baxters-idee-des-wohnens\/#breadcrumb\"},\"inLanguage\":\"de\",\"potentialAction\":[{\"@type\":\"ReadAction\",\"target\":[\"https:\/\/www.mohd.it\/de\/magazine\/sinnlich-materiell-szenografisch-baxters-idee-des-wohnens\/\"]}]},{\"@type\":\"ImageObject\",\"inLanguage\":\"de\",\"@id\":\"https:\/\/www.mohd.it\/de\/magazine\/sinnlich-materiell-szenografisch-baxters-idee-des-wohnens\/#primaryimage\",\"url\":\"https:\/\/www.mohd.it\/wp-content\/uploads\/2026\/04\/Baxter-MDW2026.png\",\"contentUrl\":\"https:\/\/www.mohd.it\/wp-content\/uploads\/2026\/04\/Baxter-MDW2026.png\",\"width\":1300,\"height\":980,\"caption\":\"Baxter MDW2026 The Baxter Journey\"},{\"@type\":\"BreadcrumbList\",\"@id\":\"https:\/\/www.mohd.it\/de\/magazine\/sinnlich-materiell-szenografisch-baxters-idee-des-wohnens\/#breadcrumb\",\"itemListElement\":[{\"@type\":\"ListItem\",\"position\":1,\"name\":\"Home\",\"item\":\"https:\/\/www.mohd.it\/de\/\"},{\"@type\":\"ListItem\",\"position\":2,\"name\":\"Sinnlich, materiell, szenografisch: Baxters Idee des Wohnens\"}]},{\"@type\":\"WebSite\",\"@id\":\"https:\/\/www.mohd.it\/de\/#website\",\"url\":\"https:\/\/www.mohd.it\/de\/\",\"name\":\"Mohd\",\"description\":\"\",\"publisher\":{\"@id\":\"https:\/\/www.mohd.it\/de\/#organization\"},\"potentialAction\":[{\"@type\":\"SearchAction\",\"target\":{\"@type\":\"EntryPoint\",\"urlTemplate\":\"https:\/\/www.mohd.it\/de\/?s={search_term_string}\"},\"query-input\":{\"@type\":\"PropertyValueSpecification\",\"valueRequired\":true,\"valueName\":\"search_term_string\"}}],\"inLanguage\":\"de\"},{\"@type\":\"Organization\",\"@id\":\"https:\/\/www.mohd.it\/de\/#organization\",\"name\":\"Mollura & C. SPA\",\"url\":\"https:\/\/www.mohd.it\/de\/\",\"logo\":{\"@type\":\"ImageObject\",\"inLanguage\":\"de\",\"@id\":\"https:\/\/www.mohd.it\/de\/#\/schema\/logo\/image\/\",\"url\":\"https:\/\/www.mohd.it\/wp-content\/uploads\/2020\/09\/mohd-logo.png\",\"contentUrl\":\"https:\/\/www.mohd.it\/wp-content\/uploads\/2020\/09\/mohd-logo.png\",\"width\":600,\"height\":600,\"caption\":\"Mollura & C. SPA\"},\"image\":{\"@id\":\"https:\/\/www.mohd.it\/de\/#\/schema\/logo\/image\/\"},\"sameAs\":[\"https:\/\/www.facebook.com\/mollurahomedesign\",\"https:\/\/x.com\/mohd_homedesign\",\"https:\/\/www.instagram.com\/mohd_homedesign\/\",\"https:\/\/it.linkedin.com\/company\/mohd-mollura-home-design\",\"https:\/\/www.pinterest.it\/mohdhomedesign\/\",\"https:\/\/www.youtube.com\/channel\/UCYLuPff6hq4z_o0GO0w1yaA\"]},{\"@type\":\"Person\",\"@id\":\"https:\/\/www.mohd.it\/de\/#\/schema\/person\/d237bc94bea0bfe5020d1c41b41f6af2\",\"name\":\"Noemi Cris\u00e0\",\"image\":{\"@type\":\"ImageObject\",\"inLanguage\":\"de\",\"@id\":\"https:\/\/www.mohd.it\/de\/#\/schema\/person\/image\/\",\"url\":\"https:\/\/secure.gravatar.com\/avatar\/6f959897d20f7190d0b1a9b0a1518d13?s=96&d=mm&r=g\",\"contentUrl\":\"https:\/\/secure.gravatar.com\/avatar\/6f959897d20f7190d0b1a9b0a1518d13?s=96&d=mm&r=g\",\"caption\":\"Noemi Cris\u00e0\"},\"url\":\"https:\/\/www.mohd.it\/de\/magazine\/author\/noemi\/\"}]}<\/script>\n<!-- \/ Yoast SEO plugin. -->","yoast_head_json":{"title":"Baxter: eine Reise des Wohnens zwischen Stadt und Design - Mohd","description":"Baxter zur Design Week 2026 mit Baxter Cinema, Erlebnis-Tram und Casa sul Lago.","robots":{"index":"index","follow":"follow","max-snippet":"max-snippet:-1","max-image-preview":"max-image-preview:large","max-video-preview":"max-video-preview:-1"},"canonical":"https:\/\/www.mohd.it\/de\/magazine\/sinnlich-materiell-szenografisch-baxters-idee-des-wohnens\/","og_locale":"de_DE","og_type":"article","og_title":"Baxter: eine Reise des Wohnens zwischen Stadt und Design - Mohd","og_description":"Baxter zur Design Week 2026 mit Baxter Cinema, Erlebnis-Tram und Casa sul Lago.","og_url":"https:\/\/www.mohd.it\/de\/magazine\/sinnlich-materiell-szenografisch-baxters-idee-des-wohnens\/","og_site_name":"Mohd","article_publisher":"https:\/\/www.facebook.com\/mollurahomedesign","article_published_time":"2026-04-28T14:05:54+00:00","article_modified_time":"2026-04-28T14:05:55+00:00","og_image":[{"width":1300,"height":980,"url":"https:\/\/www.mohd.it\/wp-content\/uploads\/2026\/04\/Baxter-MDW2026.png","type":"image\/png"}],"author":"Noemi Cris\u00e0","twitter_card":"summary_large_image","twitter_creator":"@mohd_homedesign","twitter_site":"@mohd_homedesign","twitter_misc":{"Verfasst von":"Noemi Cris\u00e0","Gesch\u00e4tzte Lesezeit":"1\u00a0Minute"},"schema":{"@context":"https:\/\/schema.org","@graph":[{"@type":"Article","@id":"https:\/\/www.mohd.it\/de\/magazine\/sinnlich-materiell-szenografisch-baxters-idee-des-wohnens\/#article","isPartOf":{"@id":"https:\/\/www.mohd.it\/de\/magazine\/sinnlich-materiell-szenografisch-baxters-idee-des-wohnens\/"},"author":{"name":"Noemi Cris\u00e0","@id":"https:\/\/www.mohd.it\/de\/#\/schema\/person\/d237bc94bea0bfe5020d1c41b41f6af2"},"headline":"Sinnlich, materiell, szenografisch: Baxters Idee des Wohnens","datePublished":"2026-04-28T14:05:54+00:00","dateModified":"2026-04-28T14:05:55+00:00","mainEntityOfPage":{"@id":"https:\/\/www.mohd.it\/de\/magazine\/sinnlich-materiell-szenografisch-baxters-idee-des-wohnens\/"},"wordCount":342,"publisher":{"@id":"https:\/\/www.mohd.it\/de\/#organization"},"image":{"@id":"https:\/\/www.mohd.it\/de\/magazine\/sinnlich-materiell-szenografisch-baxters-idee-des-wohnens\/#primaryimage"},"thumbnailUrl":"https:\/\/www.mohd.it\/wp-content\/uploads\/2026\/04\/Baxter-MDW2026.png","articleSection":["Aktuelles","Design Events","Marken"],"inLanguage":"de"},{"@type":"WebPage","@id":"https:\/\/www.mohd.it\/de\/magazine\/sinnlich-materiell-szenografisch-baxters-idee-des-wohnens\/","url":"https:\/\/www.mohd.it\/de\/magazine\/sinnlich-materiell-szenografisch-baxters-idee-des-wohnens\/","name":"Baxter: eine Reise des Wohnens zwischen Stadt und Design - Mohd","isPartOf":{"@id":"https:\/\/www.mohd.it\/de\/#website"},"primaryImageOfPage":{"@id":"https:\/\/www.mohd.it\/de\/magazine\/sinnlich-materiell-szenografisch-baxters-idee-des-wohnens\/#primaryimage"},"image":{"@id":"https:\/\/www.mohd.it\/de\/magazine\/sinnlich-materiell-szenografisch-baxters-idee-des-wohnens\/#primaryimage"},"thumbnailUrl":"https:\/\/www.mohd.it\/wp-content\/uploads\/2026\/04\/Baxter-MDW2026.png","datePublished":"2026-04-28T14:05:54+00:00","dateModified":"2026-04-28T14:05:55+00:00","description":"Baxter zur Design Week 2026 mit Baxter Cinema, Erlebnis-Tram und Casa sul Lago.","breadcrumb":{"@id":"https:\/\/www.mohd.it\/de\/magazine\/sinnlich-materiell-szenografisch-baxters-idee-des-wohnens\/#breadcrumb"},"inLanguage":"de","potentialAction":[{"@type":"ReadAction","target":["https:\/\/www.mohd.it\/de\/magazine\/sinnlich-materiell-szenografisch-baxters-idee-des-wohnens\/"]}]},{"@type":"ImageObject","inLanguage":"de","@id":"https:\/\/www.mohd.it\/de\/magazine\/sinnlich-materiell-szenografisch-baxters-idee-des-wohnens\/#primaryimage","url":"https:\/\/www.mohd.it\/wp-content\/uploads\/2026\/04\/Baxter-MDW2026.png","contentUrl":"https:\/\/www.mohd.it\/wp-content\/uploads\/2026\/04\/Baxter-MDW2026.png","width":1300,"height":980,"caption":"Baxter MDW2026 The Baxter Journey"},{"@type":"BreadcrumbList","@id":"https:\/\/www.mohd.it\/de\/magazine\/sinnlich-materiell-szenografisch-baxters-idee-des-wohnens\/#breadcrumb","itemListElement":[{"@type":"ListItem","position":1,"name":"Home","item":"https:\/\/www.mohd.it\/de\/"},{"@type":"ListItem","position":2,"name":"Sinnlich, materiell, szenografisch: Baxters Idee des Wohnens"}]},{"@type":"WebSite","@id":"https:\/\/www.mohd.it\/de\/#website","url":"https:\/\/www.mohd.it\/de\/","name":"Mohd","description":"","publisher":{"@id":"https:\/\/www.mohd.it\/de\/#organization"},"potentialAction":[{"@type":"SearchAction","target":{"@type":"EntryPoint","urlTemplate":"https:\/\/www.mohd.it\/de\/?s={search_term_string}"},"query-input":{"@type":"PropertyValueSpecification","valueRequired":true,"valueName":"search_term_string"}}],"inLanguage":"de"},{"@type":"Organization","@id":"https:\/\/www.mohd.it\/de\/#organization","name":"Mollura & C. SPA","url":"https:\/\/www.mohd.it\/de\/","logo":{"@type":"ImageObject","inLanguage":"de","@id":"https:\/\/www.mohd.it\/de\/#\/schema\/logo\/image\/","url":"https:\/\/www.mohd.it\/wp-content\/uploads\/2020\/09\/mohd-logo.png","contentUrl":"https:\/\/www.mohd.it\/wp-content\/uploads\/2020\/09\/mohd-logo.png","width":600,"height":600,"caption":"Mollura & C. SPA"},"image":{"@id":"https:\/\/www.mohd.it\/de\/#\/schema\/logo\/image\/"},"sameAs":["https:\/\/www.facebook.com\/mollurahomedesign","https:\/\/x.com\/mohd_homedesign","https:\/\/www.instagram.com\/mohd_homedesign\/","https:\/\/it.linkedin.com\/company\/mohd-mollura-home-design","https:\/\/www.pinterest.it\/mohdhomedesign\/","https:\/\/www.youtube.com\/channel\/UCYLuPff6hq4z_o0GO0w1yaA"]},{"@type":"Person","@id":"https:\/\/www.mohd.it\/de\/#\/schema\/person\/d237bc94bea0bfe5020d1c41b41f6af2","name":"Noemi Cris\u00e0","image":{"@type":"ImageObject","inLanguage":"de","@id":"https:\/\/www.mohd.it\/de\/#\/schema\/person\/image\/","url":"https:\/\/secure.gravatar.com\/avatar\/6f959897d20f7190d0b1a9b0a1518d13?s=96&d=mm&r=g","contentUrl":"https:\/\/secure.gravatar.com\/avatar\/6f959897d20f7190d0b1a9b0a1518d13?s=96&d=mm&r=g","caption":"Noemi Cris\u00e0"},"url":"https:\/\/www.mohd.it\/de\/magazine\/author\/noemi\/"}]}},"image":"https:\/\/www.mohd.it\/wp-content\/uploads\/2026\/04\/Baxter-MDW2026-800x600.png","category":"Aktuelles","_links":{"self":[{"href":"https:\/\/www.mohd.it\/de\/wp-json\/wp\/v2\/posts\/119377","targetHints":{"allow":["GET"]}}],"collection":[{"href":"https:\/\/www.mohd.it\/de\/wp-json\/wp\/v2\/posts"}],"about":[{"href":"https:\/\/www.mohd.it\/de\/wp-json\/wp\/v2\/types\/post"}],"author":[{"embeddable":true,"href":"https:\/\/www.mohd.it\/de\/wp-json\/wp\/v2\/users\/18"}],"replies":[{"embeddable":true,"href":"https:\/\/www.mohd.it\/de\/wp-json\/wp\/v2\/comments?post=119377"}],"version-history":[{"count":2,"href":"https:\/\/www.mohd.it\/de\/wp-json\/wp\/v2\/posts\/119377\/revisions"}],"predecessor-version":[{"id":119386,"href":"https:\/\/www.mohd.it\/de\/wp-json\/wp\/v2\/posts\/119377\/revisions\/119386"}],"wp:featuredmedia":[{"embeddable":true,"href":"https:\/\/www.mohd.it\/de\/wp-json\/wp\/v2\/media\/119370"}],"wp:attachment":[{"href":"https:\/\/www.mohd.it\/de\/wp-json\/wp\/v2\/media?parent=119377"}],"wp:term":[{"taxonomy":"category","embeddable":true,"href":"https:\/\/www.mohd.it\/de\/wp-json\/wp\/v2\/categories?post=119377"},{"taxonomy":"post_tag","embeddable":true,"href":"https:\/\/www.mohd.it\/de\/wp-json\/wp\/v2\/tags?post=119377"}],"curies":[{"name":"wp","href":"https:\/\/api.w.org\/{rel}","templated":true}]}}