{"id":119473,"date":"2026-04-29T12:55:52","date_gmt":"2026-04-29T10:55:52","guid":{"rendered":"https:\/\/www.mohd.it\/?p=119473"},"modified":"2026-04-29T12:55:54","modified_gmt":"2026-04-29T10:55:54","slug":"mohd-officina-milano-gubis-zuhause-waehrend-der-milan-design-week","status":"publish","type":"post","link":"https:\/\/www.mohd.it\/de\/magazine\/mohd-officina-milano-gubis-zuhause-waehrend-der-milan-design-week\/","title":{"rendered":"Mohd Officina Milano: Gubis Zuhause w\u00e4hrend der Milan Design Week"},"content":{"rendered":"\n<p>W\u00e4hrend der Design Week erfindet sich Mailand jedes Jahr neu: Neue Orte \u00f6ffnen ihre T\u00fcren, bislang unbekannte Adressen zirkulieren unter Kennern, und der Stadtplan ver\u00e4ndert sich innerhalb weniger Tage. Doch inmitten dieser st\u00e4ndigen Bewegung gibt es Orte, zu denen man mit der Selbstverst\u00e4ndlichkeit eines vertrauten Ziels zur\u00fcckkehrt. Via Macchi 82 ist einer davon. Mohd Officina Milano besitzt jene seltene Qualit\u00e4t, sich nicht jede Saison neu inszenieren zu m\u00fcssen: Der Raum empf\u00e4ngt, l\u00e4sst die Inhalte sprechen und \u00fcberrascht Jahr f\u00fcr Jahr, ohne seine Identit\u00e4t zu verraten.<\/p>\n\n\n\n<p>Schon beim Eintreten vermittelt ein gro\u00dfz\u00fcgiges, unmittelbares Licht dem Raum eine unerwartete Offenheit. Es ist die unverwechselbare Handschrift von <strong><a href=\"https:\/\/shopmohd.com\/de\/marken\/gubi.html\">Gubi<\/a><\/strong>, der d\u00e4nischen Marke, die 1967 von Gubi Olsen und seiner Frau Lisbeth gegr\u00fcndet wurde und bis heute einer unver\u00e4nderten Philosophie folgt: zeitloses skandinavisches Design, in dem nordische Eleganz, Handwerkskunst und Alltagstauglichkeit kompromisslos zusammenfinden. Rechts empf\u00e4ngt das Gubi-Team die G\u00e4ste zum Fr\u00fchst\u00fcck: An drei verschiedenen Vormittagen verwandelte sich der Ort in eine B\u00fchne echter Gespr\u00e4che, zu denen Architekten, Interior Designer, Unternehmer und Freunde der Marke eingeladen waren, um Materialien \u2013 von Stein bis Rattan \u2013 und die Bedeutung jeder gestalterischen Entscheidung zu entdecken.<\/p>\n\n\n<div class=\"board\">\n      <div class=\"board-items masonry-grid\">\n      <div class=\"board-item masonry-item\">\n  <div class=\"board-product\" style=\"padding-top:125%\">\n    <img decoding=\"async\" src=\"https:\/\/www.mohd.it\/wp-content\/uploads\/2026\/04\/Mohd-Officina-Milano-MDW2026-Gubi-Pacha.png\" \/>\n    <div class=\"content\">\n      <span class=\"brand\">Gubi<\/span>      <span class=\"name\">Kollektion Pacha<\/span>\n    <\/div>\n    <div class=\"actions\">\n              <a href=\"https:\/\/shopmohd.com\/de\/marken\/gubi\/pacha.html\" class=\"button\">Acquista<\/a>\n            \t\t          <\/div>\n  <\/div>\n    <\/div>\n<div class=\"board-item masonry-item\">\n  <div class=\"board-product\" style=\"padding-top:125%\">\n    <img decoding=\"async\" src=\"https:\/\/www.mohd.it\/wp-content\/uploads\/2026\/04\/Mohd-Officina-Milano-MDW2026-Gubi-Pacha-Mohd-Edition-Tiger-Mountain.png\" \/>\n    <div class=\"content\">\n      <span class=\"brand\">Gubi<\/span>      <span class=\"name\">Pacha Lounge-Sessel &#8211; Tiger Mountain 001 \/ Limited Edition<\/span>\n    <\/div>\n    <div class=\"actions\">\n              <a href=\"https:\/\/shopmohd.com\/de\/pacha-lounge-sessel-tiger-mountain-001-limited-edition.html\" class=\"button\">Acquista<\/a>\n            \t\t          <\/div>\n  <\/div>\n    <\/div>\n    <\/div>\n    <\/div>\n\n\n\n<blockquote class=\"wp-block-quote is-layout-flow wp-block-quote-is-layout-flow\">\n<p>\u201eW\u00e4hrend der Design Week veranstalten wir drei Breakfast Workshops, um zu zeigen, wie Gubi mit Materialien arbeitet. Es ist eine konkrete Gelegenheit f\u00fcr Architekten und Interior Designer, unseren Ansatz wirklich zu verstehen: von Stein bis Rattan bis hin zur handwerklichen Komplexit\u00e4t hinter jedem einzelnen St\u00fcck.\u201c<br>\u2014 Emma, Head of Europe South &amp; Benelux, Gubi<\/p>\n<\/blockquote>\n\n\n\n<p>Der r\u00e4umliche Parcours entfaltet sich dynamisch in unterschiedlichen Settings und f\u00fchrt rasch zum ersten Schl\u00fcsselst\u00fcck: P3 und P3S, 1964 vom italienischen Architekten Tito Agnoli f\u00fcr Bonacina 1889 entworfen und heute durch die Zusammenarbeit zwischen Gubi und der traditionsreichen italienischen Manufaktur neu aufgelegt. Zwei Ikonen der Nachkriegszeit, den originalen Archivzeichnungen treu und zugleich f\u00fcr die Gegenwart weitergedacht: nun auch in synthetischem Rattan f\u00fcr den Au\u00dfenbereich erh\u00e4ltlich, wetterbest\u00e4ndig, bringen sie den P3 erstmals nach drau\u00dfen und machen den P3S zum ersten Lounge Chair von Gubi. Jedes St\u00fcck ist einzigartig: feine Abweichungen der Handarbeit werden zum sichtbaren Zeichen eines Prozesses, der sich nicht industriell reproduzieren l\u00e4sst \u2013 und es auch nicht will.<\/p>\n\n\n<div class=\"board\">\n      <div class=\"board-items masonry-grid\">\n      <div class=\"board-item masonry-item\">\n  <div class=\"spotted-image\">\n    <span class=\"img-spacer\" style=\"padding-top: 125%;\">\n      <img decoding=\"async\" src=\"https:\/\/www.mohd.it\/wp-content\/uploads\/2026\/04\/Mohd-Officina-Milano-MDW2026-Gubi-P3-e-P3S.png\" \/>\n    <\/span>\n                <span class=\"product small\">\n        <span class=\"point\" style=\"top: 58.074074074074%; left: 20%;\"><\/span>\n                <div class=\"product-board-card\">\n          <div class=\"content\">\n            <span class=\"brand\">Gubi<\/span>            <span class=\"name\">P3<\/span>\n            <div class=\"actions\">\n                              <a href=\"https:\/\/shopmohd.com\/de\/p3-lounge-sessel.html\" class=\"button\">Acquista<\/a>\n                            \t\t\t \t \t\t\t              <\/div>\n          <\/div>\n        <\/div>\n      <\/span>\n                  <span class=\"product small\">\n        <span class=\"point\" style=\"top: 52.592592592593%; left: 89.074074074074%;\"><\/span>\n                <div class=\"product-board-card\">\n          <div class=\"content\">\n            <span class=\"brand\">Gubi<\/span>            <span class=\"name\">P3S<\/span>\n            <div class=\"actions\">\n                              <a href=\"https:\/\/shopmohd.com\/de\/p3s-chaise-longue.html\" class=\"button\">Acquista<\/a>\n                            \t\t\t \t \t\t\t              <\/div>\n          <\/div>\n        <\/div>\n      <\/span>\n        <\/div>\n  <\/div>\n<div class=\"board-item masonry-item\">\n  <div class=\"board-image\" style=\"padding-top:125%\">\n    <img decoding=\"async\" src=\"https:\/\/www.mohd.it\/wp-content\/uploads\/2026\/04\/Mohd-Officina-Milano-MDW2026-Gubi-P3.png\" \/>\n  <\/div>\n  <\/div>\n    <\/div>\n    <\/div>\n\n\n\n<blockquote class=\"wp-block-quote is-layout-flow wp-block-quote-is-layout-flow\">\n<p>\u201eP3 und P3S sind Archivst\u00fccke von Tito Agnoli, urspr\u00fcnglich f\u00fcr Bonacina entworfen. In diesem Jahr haben wir sie f\u00fcr den Innen- und Au\u00dfenbereich neu zum Leben erweckt \u2013 mit gr\u00f6\u00dfter Aufmerksamkeit f\u00fcr die handwerkliche Qualit\u00e4t des Rattans. Es ist ein Dialog zwischen Italien und D\u00e4nemark, der heute vollkommen stimmig wirkt.\u201c<br>\u2014 Alberto Del Prete, Senior Designer &amp; Product Developer, Gubi<\/p>\n<\/blockquote>\n\n\n\n<p>F\u00fcr die Installation Interior Reflections bei Mohd entschied sich Studiopepe daf\u00fcr, die Gubi-Kollektion mit St\u00fccken anderer Marken zu verweben \u2013 eine Geste, die ihre Vision eher \u00fcber Bilder als \u00fcber Worte erz\u00e4hlt. Der Basket Lounge Chair mit seinem Stahlgestell und handgeflochtenem Rattan tritt in Dialog mit dem Elogio Sofa von Tobia und Afra Scarpa, das f\u00fcnfzig Jahre nach seiner Entstehung von Gubi neu aufgelegt wurde: dieselbe modulare Architektur von 1974, pr\u00e4zise Geometrien und Bez\u00fcge, bereichert durch die neuen Stoffe Reales und Fustagno. Zwei Objekte aus unterschiedlichen Zeiten existieren nebeneinander, als h\u00e4tten sie immer schon zusammengeh\u00f6rt.<\/p>\n\n\n\n<figure class=\"wp-block-image size-large\"><img loading=\"lazy\" decoding=\"async\" width=\"1024\" height=\"576\" src=\"https:\/\/www.mohd.it\/wp-content\/uploads\/2026\/04\/Mohd-Officina-Milano-MDW2026-Gubi-Elogio-1024x576.png\" alt=\"Mohd Officina Milano MDW2026 Gubi Elogio\" class=\"wp-image-119423\" srcset=\"https:\/\/www.mohd.it\/wp-content\/uploads\/2026\/04\/Mohd-Officina-Milano-MDW2026-Gubi-Elogio-1024x576.png 1024w, https:\/\/www.mohd.it\/wp-content\/uploads\/2026\/04\/Mohd-Officina-Milano-MDW2026-Gubi-Elogio-300x169.png 300w, https:\/\/www.mohd.it\/wp-content\/uploads\/2026\/04\/Mohd-Officina-Milano-MDW2026-Gubi-Elogio-768x432.png 768w, https:\/\/www.mohd.it\/wp-content\/uploads\/2026\/04\/Mohd-Officina-Milano-MDW2026-Gubi-Elogio-1536x864.png 1536w, https:\/\/www.mohd.it\/wp-content\/uploads\/2026\/04\/Mohd-Officina-Milano-MDW2026-Gubi-Elogio.png 1920w\" sizes=\"auto, (max-width: 1024px) 100vw, 1024px\" \/><\/figure>\n\n\n<div class=\"board\">\n      <div class=\"board-items masonry-grid\">\n      <div class=\"board-item masonry-item\">\n  <div class=\"board-image\" style=\"padding-top:125%\">\n    <img decoding=\"async\" src=\"https:\/\/www.mohd.it\/wp-content\/uploads\/2026\/04\/Mohd-Officina-Milano-MDW2026-Gubi-Epic.png\" \/>\n  <\/div>\n  <\/div>\n<div class=\"board-item masonry-item\">\n  <div class=\"board-product\" style=\"padding-top:125%\">\n    <img decoding=\"async\" src=\"https:\/\/www.mohd.it\/wp-content\/uploads\/2026\/04\/Mohd-Officina-Milano-MDW2026-Gubi-Elogio-1.png\" \/>\n    <div class=\"content\">\n      <span class=\"brand\">Gubi<\/span>      <span class=\"name\">Elogio<\/span>\n    <\/div>\n    <div class=\"actions\">\n              <a href=\"https:\/\/shopmohd.com\/de\/elogio-4-sitzer-sofa.html\" class=\"button\">Acquista<\/a>\n            \t\t          <\/div>\n  <\/div>\n    <\/div>\n    <\/div>\n    <\/div>\n\n\n\n<p>Genau darin liegt die tiefere Bedeutung von Interior Reflections: ein Raum, in dem Oberfl\u00e4chen, Spiegelungen und Kontraste ineinandergreifen und die vielschichtige Komplexit\u00e4t des zeitgen\u00f6ssischen Wohnens sichtbar machen. Material wird zur Sprache. Das Sichtbare tritt in Dialog mit dem Reflektierten. Keine blo\u00dfe Installation, sondern ein Blick auf das h\u00e4usliche Interieur, der Aufmerksamkeit verlangt \u2013 und verdient.<\/p>\n\n\n\n<p>Beim Verlassen der Via Macchi 82 bleibt das Gef\u00fchl, einen Ort durchquert zu haben, der etwas zu sagen hatte und es mit Zur\u00fcckhaltung formulierte. Und eine Frage bleibt offen: In einer Branche, die unabl\u00e4ssig Neues produziert \u2013 wie mutig und notwendig ist es, zu einem Entwurf von 1964 zur\u00fcckzukehren, ihn zu studieren, zu respektieren und in die Gegenwart zu holen, ohne ihn zu verraten? Agnolis Rattan ist keine Nostalgie. Es beweist, dass manche Entw\u00fcrfe bereits alles in sich tragen, was sie brauchen. Vielleicht besteht die Aufgabe des Designs nicht immer darin zu erfinden, sondern zu erkennen, was keiner Verbesserung bedarf \u2013 nur eines tieferen Verst\u00e4ndnisses.<\/p>\n","protected":false},"excerpt":{"rendered":"<p>Von Tito Agnolis P3 bis zum Elogio Sofa von Afra und Tobia Scarpa bringt die d\u00e4nische Marke in die Via Macchi 82 eine Kollektion, die den Begriff des Neuen selbst hinterfragt.<\/p>\n","protected":false},"author":18,"featured_media":119403,"comment_status":"closed","ping_status":"closed","sticky":false,"template":"","format":"standard","meta":{"footnotes":""},"categories":[503],"tags":[],"class_list":["post-119473","post","type-post","status-publish","format-standard","has-post-thumbnail","hentry","category-design-events-de"],"yoast_head":"<!-- This site is optimized with the Yoast SEO plugin v24.0 - https:\/\/yoast.com\/wordpress\/plugins\/seo\/ -->\n<title>Mohd Officina Milano: Gubis Zuhause zur Design Week - Mohd<\/title>\n<meta name=\"description\" content=\"Von Tito Agnoli bis Scarpa pr\u00e4sentiert Gubi in der Mohd Officina Milano ikonische Neuauflagen, Materialit\u00e4t und neue Perspektiven des Wohnens.\" \/>\n<meta name=\"robots\" content=\"index, follow, max-snippet:-1, max-image-preview:large, max-video-preview:-1\" \/>\n<link rel=\"canonical\" href=\"https:\/\/www.mohd.it\/de\/magazine\/mohd-officina-milano-gubis-zuhause-waehrend-der-milan-design-week\/\" \/>\n<meta property=\"og:locale\" content=\"de_DE\" \/>\n<meta property=\"og:type\" content=\"article\" \/>\n<meta property=\"og:title\" content=\"Mohd Officina Milano: Gubis Zuhause zur Design Week - Mohd\" \/>\n<meta property=\"og:description\" content=\"Von Tito Agnoli bis Scarpa pr\u00e4sentiert Gubi in der Mohd Officina Milano ikonische Neuauflagen, Materialit\u00e4t und neue Perspektiven des Wohnens.\" \/>\n<meta property=\"og:url\" content=\"https:\/\/www.mohd.it\/de\/magazine\/mohd-officina-milano-gubis-zuhause-waehrend-der-milan-design-week\/\" \/>\n<meta property=\"og:site_name\" content=\"Mohd\" \/>\n<meta property=\"article:publisher\" content=\"https:\/\/www.facebook.com\/mollurahomedesign\" \/>\n<meta property=\"article:published_time\" content=\"2026-04-29T10:55:52+00:00\" \/>\n<meta property=\"article:modified_time\" content=\"2026-04-29T10:55:54+00:00\" \/>\n<meta property=\"og:image\" content=\"https:\/\/www.mohd.it\/wp-content\/uploads\/2026\/04\/Mohd-Officina-Milano-MDW2026-Gubi.png\" \/>\n\t<meta property=\"og:image:width\" content=\"1300\" \/>\n\t<meta property=\"og:image:height\" content=\"980\" \/>\n\t<meta property=\"og:image:type\" content=\"image\/png\" \/>\n<meta name=\"author\" content=\"Noemi Cris\u00e0\" \/>\n<meta name=\"twitter:card\" content=\"summary_large_image\" \/>\n<meta name=\"twitter:creator\" content=\"@mohd_homedesign\" \/>\n<meta name=\"twitter:site\" content=\"@mohd_homedesign\" \/>\n<meta name=\"twitter:label1\" content=\"Verfasst von\" \/>\n\t<meta name=\"twitter:data1\" content=\"Noemi Cris\u00e0\" \/>\n\t<meta name=\"twitter:label2\" content=\"Gesch\u00e4tzte Lesezeit\" \/>\n\t<meta name=\"twitter:data2\" content=\"1\u00a0Minute\" \/>\n<script type=\"application\/ld+json\" class=\"yoast-schema-graph\">{\"@context\":\"https:\/\/schema.org\",\"@graph\":[{\"@type\":\"Article\",\"@id\":\"https:\/\/www.mohd.it\/de\/magazine\/mohd-officina-milano-gubis-zuhause-waehrend-der-milan-design-week\/#article\",\"isPartOf\":{\"@id\":\"https:\/\/www.mohd.it\/de\/magazine\/mohd-officina-milano-gubis-zuhause-waehrend-der-milan-design-week\/\"},\"author\":{\"name\":\"Noemi Cris\u00e0\",\"@id\":\"https:\/\/www.mohd.it\/de\/#\/schema\/person\/d237bc94bea0bfe5020d1c41b41f6af2\"},\"headline\":\"Mohd Officina Milano: Gubis Zuhause w\u00e4hrend der Milan Design Week\",\"datePublished\":\"2026-04-29T10:55:52+00:00\",\"dateModified\":\"2026-04-29T10:55:54+00:00\",\"mainEntityOfPage\":{\"@id\":\"https:\/\/www.mohd.it\/de\/magazine\/mohd-officina-milano-gubis-zuhause-waehrend-der-milan-design-week\/\"},\"wordCount\":731,\"publisher\":{\"@id\":\"https:\/\/www.mohd.it\/de\/#organization\"},\"image\":{\"@id\":\"https:\/\/www.mohd.it\/de\/magazine\/mohd-officina-milano-gubis-zuhause-waehrend-der-milan-design-week\/#primaryimage\"},\"thumbnailUrl\":\"https:\/\/www.mohd.it\/wp-content\/uploads\/2026\/04\/Mohd-Officina-Milano-MDW2026-Gubi.png\",\"articleSection\":[\"Design Events\"],\"inLanguage\":\"de\"},{\"@type\":\"WebPage\",\"@id\":\"https:\/\/www.mohd.it\/de\/magazine\/mohd-officina-milano-gubis-zuhause-waehrend-der-milan-design-week\/\",\"url\":\"https:\/\/www.mohd.it\/de\/magazine\/mohd-officina-milano-gubis-zuhause-waehrend-der-milan-design-week\/\",\"name\":\"Mohd Officina Milano: Gubis Zuhause zur Design Week - Mohd\",\"isPartOf\":{\"@id\":\"https:\/\/www.mohd.it\/de\/#website\"},\"primaryImageOfPage\":{\"@id\":\"https:\/\/www.mohd.it\/de\/magazine\/mohd-officina-milano-gubis-zuhause-waehrend-der-milan-design-week\/#primaryimage\"},\"image\":{\"@id\":\"https:\/\/www.mohd.it\/de\/magazine\/mohd-officina-milano-gubis-zuhause-waehrend-der-milan-design-week\/#primaryimage\"},\"thumbnailUrl\":\"https:\/\/www.mohd.it\/wp-content\/uploads\/2026\/04\/Mohd-Officina-Milano-MDW2026-Gubi.png\",\"datePublished\":\"2026-04-29T10:55:52+00:00\",\"dateModified\":\"2026-04-29T10:55:54+00:00\",\"description\":\"Von Tito Agnoli bis Scarpa pr\u00e4sentiert Gubi in der Mohd Officina Milano ikonische Neuauflagen, Materialit\u00e4t und neue Perspektiven des Wohnens.\",\"breadcrumb\":{\"@id\":\"https:\/\/www.mohd.it\/de\/magazine\/mohd-officina-milano-gubis-zuhause-waehrend-der-milan-design-week\/#breadcrumb\"},\"inLanguage\":\"de\",\"potentialAction\":[{\"@type\":\"ReadAction\",\"target\":[\"https:\/\/www.mohd.it\/de\/magazine\/mohd-officina-milano-gubis-zuhause-waehrend-der-milan-design-week\/\"]}]},{\"@type\":\"ImageObject\",\"inLanguage\":\"de\",\"@id\":\"https:\/\/www.mohd.it\/de\/magazine\/mohd-officina-milano-gubis-zuhause-waehrend-der-milan-design-week\/#primaryimage\",\"url\":\"https:\/\/www.mohd.it\/wp-content\/uploads\/2026\/04\/Mohd-Officina-Milano-MDW2026-Gubi.png\",\"contentUrl\":\"https:\/\/www.mohd.it\/wp-content\/uploads\/2026\/04\/Mohd-Officina-Milano-MDW2026-Gubi.png\",\"width\":1300,\"height\":980,\"caption\":\"Mohd Officina Milano MDW2026 Gubi\"},{\"@type\":\"BreadcrumbList\",\"@id\":\"https:\/\/www.mohd.it\/de\/magazine\/mohd-officina-milano-gubis-zuhause-waehrend-der-milan-design-week\/#breadcrumb\",\"itemListElement\":[{\"@type\":\"ListItem\",\"position\":1,\"name\":\"Home\",\"item\":\"https:\/\/www.mohd.it\/de\/\"},{\"@type\":\"ListItem\",\"position\":2,\"name\":\"Mohd Officina Milano: Gubis Zuhause w\u00e4hrend der Milan Design Week\"}]},{\"@type\":\"WebSite\",\"@id\":\"https:\/\/www.mohd.it\/de\/#website\",\"url\":\"https:\/\/www.mohd.it\/de\/\",\"name\":\"Mohd\",\"description\":\"\",\"publisher\":{\"@id\":\"https:\/\/www.mohd.it\/de\/#organization\"},\"potentialAction\":[{\"@type\":\"SearchAction\",\"target\":{\"@type\":\"EntryPoint\",\"urlTemplate\":\"https:\/\/www.mohd.it\/de\/?s={search_term_string}\"},\"query-input\":{\"@type\":\"PropertyValueSpecification\",\"valueRequired\":true,\"valueName\":\"search_term_string\"}}],\"inLanguage\":\"de\"},{\"@type\":\"Organization\",\"@id\":\"https:\/\/www.mohd.it\/de\/#organization\",\"name\":\"Mollura & C. SPA\",\"url\":\"https:\/\/www.mohd.it\/de\/\",\"logo\":{\"@type\":\"ImageObject\",\"inLanguage\":\"de\",\"@id\":\"https:\/\/www.mohd.it\/de\/#\/schema\/logo\/image\/\",\"url\":\"https:\/\/www.mohd.it\/wp-content\/uploads\/2020\/09\/mohd-logo.png\",\"contentUrl\":\"https:\/\/www.mohd.it\/wp-content\/uploads\/2020\/09\/mohd-logo.png\",\"width\":600,\"height\":600,\"caption\":\"Mollura & C. SPA\"},\"image\":{\"@id\":\"https:\/\/www.mohd.it\/de\/#\/schema\/logo\/image\/\"},\"sameAs\":[\"https:\/\/www.facebook.com\/mollurahomedesign\",\"https:\/\/x.com\/mohd_homedesign\",\"https:\/\/www.instagram.com\/mohd_homedesign\/\",\"https:\/\/it.linkedin.com\/company\/mohd-mollura-home-design\",\"https:\/\/www.pinterest.it\/mohdhomedesign\/\",\"https:\/\/www.youtube.com\/channel\/UCYLuPff6hq4z_o0GO0w1yaA\"]},{\"@type\":\"Person\",\"@id\":\"https:\/\/www.mohd.it\/de\/#\/schema\/person\/d237bc94bea0bfe5020d1c41b41f6af2\",\"name\":\"Noemi Cris\u00e0\",\"image\":{\"@type\":\"ImageObject\",\"inLanguage\":\"de\",\"@id\":\"https:\/\/www.mohd.it\/de\/#\/schema\/person\/image\/\",\"url\":\"https:\/\/secure.gravatar.com\/avatar\/6f959897d20f7190d0b1a9b0a1518d13?s=96&d=mm&r=g\",\"contentUrl\":\"https:\/\/secure.gravatar.com\/avatar\/6f959897d20f7190d0b1a9b0a1518d13?s=96&d=mm&r=g\",\"caption\":\"Noemi Cris\u00e0\"},\"url\":\"https:\/\/www.mohd.it\/de\/magazine\/author\/noemi\/\"}]}<\/script>\n<!-- \/ Yoast SEO plugin. -->","yoast_head_json":{"title":"Mohd Officina Milano: Gubis Zuhause zur Design Week - Mohd","description":"Von Tito Agnoli bis Scarpa pr\u00e4sentiert Gubi in der Mohd Officina Milano ikonische Neuauflagen, Materialit\u00e4t und neue Perspektiven des Wohnens.","robots":{"index":"index","follow":"follow","max-snippet":"max-snippet:-1","max-image-preview":"max-image-preview:large","max-video-preview":"max-video-preview:-1"},"canonical":"https:\/\/www.mohd.it\/de\/magazine\/mohd-officina-milano-gubis-zuhause-waehrend-der-milan-design-week\/","og_locale":"de_DE","og_type":"article","og_title":"Mohd Officina Milano: Gubis Zuhause zur Design Week - Mohd","og_description":"Von Tito Agnoli bis Scarpa pr\u00e4sentiert Gubi in der Mohd Officina Milano ikonische Neuauflagen, Materialit\u00e4t und neue Perspektiven des Wohnens.","og_url":"https:\/\/www.mohd.it\/de\/magazine\/mohd-officina-milano-gubis-zuhause-waehrend-der-milan-design-week\/","og_site_name":"Mohd","article_publisher":"https:\/\/www.facebook.com\/mollurahomedesign","article_published_time":"2026-04-29T10:55:52+00:00","article_modified_time":"2026-04-29T10:55:54+00:00","og_image":[{"width":1300,"height":980,"url":"https:\/\/www.mohd.it\/wp-content\/uploads\/2026\/04\/Mohd-Officina-Milano-MDW2026-Gubi.png","type":"image\/png"}],"author":"Noemi Cris\u00e0","twitter_card":"summary_large_image","twitter_creator":"@mohd_homedesign","twitter_site":"@mohd_homedesign","twitter_misc":{"Verfasst von":"Noemi Cris\u00e0","Gesch\u00e4tzte Lesezeit":"1\u00a0Minute"},"schema":{"@context":"https:\/\/schema.org","@graph":[{"@type":"Article","@id":"https:\/\/www.mohd.it\/de\/magazine\/mohd-officina-milano-gubis-zuhause-waehrend-der-milan-design-week\/#article","isPartOf":{"@id":"https:\/\/www.mohd.it\/de\/magazine\/mohd-officina-milano-gubis-zuhause-waehrend-der-milan-design-week\/"},"author":{"name":"Noemi Cris\u00e0","@id":"https:\/\/www.mohd.it\/de\/#\/schema\/person\/d237bc94bea0bfe5020d1c41b41f6af2"},"headline":"Mohd Officina Milano: Gubis Zuhause w\u00e4hrend der Milan Design Week","datePublished":"2026-04-29T10:55:52+00:00","dateModified":"2026-04-29T10:55:54+00:00","mainEntityOfPage":{"@id":"https:\/\/www.mohd.it\/de\/magazine\/mohd-officina-milano-gubis-zuhause-waehrend-der-milan-design-week\/"},"wordCount":731,"publisher":{"@id":"https:\/\/www.mohd.it\/de\/#organization"},"image":{"@id":"https:\/\/www.mohd.it\/de\/magazine\/mohd-officina-milano-gubis-zuhause-waehrend-der-milan-design-week\/#primaryimage"},"thumbnailUrl":"https:\/\/www.mohd.it\/wp-content\/uploads\/2026\/04\/Mohd-Officina-Milano-MDW2026-Gubi.png","articleSection":["Design Events"],"inLanguage":"de"},{"@type":"WebPage","@id":"https:\/\/www.mohd.it\/de\/magazine\/mohd-officina-milano-gubis-zuhause-waehrend-der-milan-design-week\/","url":"https:\/\/www.mohd.it\/de\/magazine\/mohd-officina-milano-gubis-zuhause-waehrend-der-milan-design-week\/","name":"Mohd Officina Milano: Gubis Zuhause zur Design Week - Mohd","isPartOf":{"@id":"https:\/\/www.mohd.it\/de\/#website"},"primaryImageOfPage":{"@id":"https:\/\/www.mohd.it\/de\/magazine\/mohd-officina-milano-gubis-zuhause-waehrend-der-milan-design-week\/#primaryimage"},"image":{"@id":"https:\/\/www.mohd.it\/de\/magazine\/mohd-officina-milano-gubis-zuhause-waehrend-der-milan-design-week\/#primaryimage"},"thumbnailUrl":"https:\/\/www.mohd.it\/wp-content\/uploads\/2026\/04\/Mohd-Officina-Milano-MDW2026-Gubi.png","datePublished":"2026-04-29T10:55:52+00:00","dateModified":"2026-04-29T10:55:54+00:00","description":"Von Tito Agnoli bis Scarpa pr\u00e4sentiert Gubi in der Mohd Officina Milano ikonische Neuauflagen, Materialit\u00e4t und neue Perspektiven des Wohnens.","breadcrumb":{"@id":"https:\/\/www.mohd.it\/de\/magazine\/mohd-officina-milano-gubis-zuhause-waehrend-der-milan-design-week\/#breadcrumb"},"inLanguage":"de","potentialAction":[{"@type":"ReadAction","target":["https:\/\/www.mohd.it\/de\/magazine\/mohd-officina-milano-gubis-zuhause-waehrend-der-milan-design-week\/"]}]},{"@type":"ImageObject","inLanguage":"de","@id":"https:\/\/www.mohd.it\/de\/magazine\/mohd-officina-milano-gubis-zuhause-waehrend-der-milan-design-week\/#primaryimage","url":"https:\/\/www.mohd.it\/wp-content\/uploads\/2026\/04\/Mohd-Officina-Milano-MDW2026-Gubi.png","contentUrl":"https:\/\/www.mohd.it\/wp-content\/uploads\/2026\/04\/Mohd-Officina-Milano-MDW2026-Gubi.png","width":1300,"height":980,"caption":"Mohd Officina Milano MDW2026 Gubi"},{"@type":"BreadcrumbList","@id":"https:\/\/www.mohd.it\/de\/magazine\/mohd-officina-milano-gubis-zuhause-waehrend-der-milan-design-week\/#breadcrumb","itemListElement":[{"@type":"ListItem","position":1,"name":"Home","item":"https:\/\/www.mohd.it\/de\/"},{"@type":"ListItem","position":2,"name":"Mohd Officina Milano: Gubis Zuhause w\u00e4hrend der Milan Design Week"}]},{"@type":"WebSite","@id":"https:\/\/www.mohd.it\/de\/#website","url":"https:\/\/www.mohd.it\/de\/","name":"Mohd","description":"","publisher":{"@id":"https:\/\/www.mohd.it\/de\/#organization"},"potentialAction":[{"@type":"SearchAction","target":{"@type":"EntryPoint","urlTemplate":"https:\/\/www.mohd.it\/de\/?s={search_term_string}"},"query-input":{"@type":"PropertyValueSpecification","valueRequired":true,"valueName":"search_term_string"}}],"inLanguage":"de"},{"@type":"Organization","@id":"https:\/\/www.mohd.it\/de\/#organization","name":"Mollura & C. SPA","url":"https:\/\/www.mohd.it\/de\/","logo":{"@type":"ImageObject","inLanguage":"de","@id":"https:\/\/www.mohd.it\/de\/#\/schema\/logo\/image\/","url":"https:\/\/www.mohd.it\/wp-content\/uploads\/2020\/09\/mohd-logo.png","contentUrl":"https:\/\/www.mohd.it\/wp-content\/uploads\/2020\/09\/mohd-logo.png","width":600,"height":600,"caption":"Mollura & C. SPA"},"image":{"@id":"https:\/\/www.mohd.it\/de\/#\/schema\/logo\/image\/"},"sameAs":["https:\/\/www.facebook.com\/mollurahomedesign","https:\/\/x.com\/mohd_homedesign","https:\/\/www.instagram.com\/mohd_homedesign\/","https:\/\/it.linkedin.com\/company\/mohd-mollura-home-design","https:\/\/www.pinterest.it\/mohdhomedesign\/","https:\/\/www.youtube.com\/channel\/UCYLuPff6hq4z_o0GO0w1yaA"]},{"@type":"Person","@id":"https:\/\/www.mohd.it\/de\/#\/schema\/person\/d237bc94bea0bfe5020d1c41b41f6af2","name":"Noemi Cris\u00e0","image":{"@type":"ImageObject","inLanguage":"de","@id":"https:\/\/www.mohd.it\/de\/#\/schema\/person\/image\/","url":"https:\/\/secure.gravatar.com\/avatar\/6f959897d20f7190d0b1a9b0a1518d13?s=96&d=mm&r=g","contentUrl":"https:\/\/secure.gravatar.com\/avatar\/6f959897d20f7190d0b1a9b0a1518d13?s=96&d=mm&r=g","caption":"Noemi Cris\u00e0"},"url":"https:\/\/www.mohd.it\/de\/magazine\/author\/noemi\/"}]}},"image":"https:\/\/www.mohd.it\/wp-content\/uploads\/2026\/04\/Mohd-Officina-Milano-MDW2026-Gubi-800x600.png","category":"Design Events","_links":{"self":[{"href":"https:\/\/www.mohd.it\/de\/wp-json\/wp\/v2\/posts\/119473","targetHints":{"allow":["GET"]}}],"collection":[{"href":"https:\/\/www.mohd.it\/de\/wp-json\/wp\/v2\/posts"}],"about":[{"href":"https:\/\/www.mohd.it\/de\/wp-json\/wp\/v2\/types\/post"}],"author":[{"embeddable":true,"href":"https:\/\/www.mohd.it\/de\/wp-json\/wp\/v2\/users\/18"}],"replies":[{"embeddable":true,"href":"https:\/\/www.mohd.it\/de\/wp-json\/wp\/v2\/comments?post=119473"}],"version-history":[{"count":8,"href":"https:\/\/www.mohd.it\/de\/wp-json\/wp\/v2\/posts\/119473\/revisions"}],"predecessor-version":[{"id":119491,"href":"https:\/\/www.mohd.it\/de\/wp-json\/wp\/v2\/posts\/119473\/revisions\/119491"}],"wp:featuredmedia":[{"embeddable":true,"href":"https:\/\/www.mohd.it\/de\/wp-json\/wp\/v2\/media\/119403"}],"wp:attachment":[{"href":"https:\/\/www.mohd.it\/de\/wp-json\/wp\/v2\/media?parent=119473"}],"wp:term":[{"taxonomy":"category","embeddable":true,"href":"https:\/\/www.mohd.it\/de\/wp-json\/wp\/v2\/categories?post=119473"},{"taxonomy":"post_tag","embeddable":true,"href":"https:\/\/www.mohd.it\/de\/wp-json\/wp\/v2\/tags?post=119473"}],"curies":[{"name":"wp","href":"https:\/\/api.w.org\/{rel}","templated":true}]}}