{"id":119626,"date":"2026-05-03T10:00:00","date_gmt":"2026-05-03T08:00:00","guid":{"rendered":"https:\/\/www.mohd.it\/?p=119626"},"modified":"2026-05-03T10:00:10","modified_gmt":"2026-05-03T08:00:10","slug":"moltenic-la-quieta-eleganza-del-contemporaneo","status":"publish","type":"post","link":"https:\/\/www.mohd.it\/de\/magazine\/moltenic-la-quieta-eleganza-del-contemporaneo\/","title":{"rendered":"Molteni&amp;C: die stille Eleganz der Gegenwart"},"content":{"rendered":"\n<p>Zur Milan Design Week 2026 inszeniert <strong><a href=\"https:\/\/shopmohd.com\/de\/marken\/molteni-e-c.html\">Molteni&amp;C<\/a><\/strong> eine Pr\u00e4senz in zwei komplement\u00e4ren Szenarien. Einerseits beherbergt der <strong>Palazzo Molteni<\/strong> die neue Indoor-Kollektion in einer Abfolge intimer und pr\u00e4zise komponierter R\u00e4ume. Andererseits pr\u00e4sentiert <strong>Responsive Nature<\/strong> in der Via Senato 14, kuratiert von Elisa Ossino, die Outdoor-Kollektion in einem immersiven Parcours aus Landschaft, Materialit\u00e4t und gestalteter Natur.<\/p>\n\n\n\n<figure class=\"wp-block-image size-large\"><img loading=\"lazy\" decoding=\"async\" width=\"1024\" height=\"576\" src=\"https:\/\/www.mohd.it\/wp-content\/uploads\/2026\/04\/MolteniC-MDW2026-Palazzo-Molteni-1024x576.png\" alt=\"Molteni&amp;C MDW2026 Palazzo Molteni Julian\" class=\"wp-image-119523\" srcset=\"https:\/\/www.mohd.it\/wp-content\/uploads\/2026\/04\/MolteniC-MDW2026-Palazzo-Molteni-1024x576.png 1024w, https:\/\/www.mohd.it\/wp-content\/uploads\/2026\/04\/MolteniC-MDW2026-Palazzo-Molteni-300x169.png 300w, https:\/\/www.mohd.it\/wp-content\/uploads\/2026\/04\/MolteniC-MDW2026-Palazzo-Molteni-768x432.png 768w, https:\/\/www.mohd.it\/wp-content\/uploads\/2026\/04\/MolteniC-MDW2026-Palazzo-Molteni-1536x864.png 1536w, https:\/\/www.mohd.it\/wp-content\/uploads\/2026\/04\/MolteniC-MDW2026-Palazzo-Molteni.png 1920w\" sizes=\"auto, (max-width: 1024px) 100vw, 1024px\" \/><\/figure>\n\n\n\n<p>Unter der kreativen Leitung von Vincent Van Duysen steht die Kollektion 2026 f\u00fcr Weichheit, Balance und stille Pr\u00e4senz: gro\u00dfz\u00fcgige und zugleich pr\u00e4zise Formen, skulptural und klar proportioniert, geschaffen f\u00fcr zeitgen\u00f6ssische R\u00e4ume mit nat\u00fcrlicher Selbstverst\u00e4ndlichkeit.<\/p>\n\n\n\n<p>Zu den Indoor-Neuheiten z\u00e4hlt <strong>Julian<\/strong>, ein neues Sitzsystem von Van Duysen. Modular und einladend, versteht es sich als bewohnbare Skulptur, gepr\u00e4gt von kontrastierenden Konturen, die den Blick f\u00fchren und die Konstruktion sichtbar machen. Die Konfigurationen reichen von kompakten L\u00f6sungen bis zu gro\u00dfz\u00fcgigen, geselligen Arrangements und bewahren stets Ruhe und Komfort.<\/p>\n\n\n<div class=\"board\">\n      <div class=\"board-items masonry-grid\">\n      <div class=\"board-item masonry-item\">\n  <div class=\"board-image\" style=\"padding-top:125%\">\n    <img decoding=\"async\" src=\"https:\/\/www.mohd.it\/wp-content\/uploads\/2026\/04\/MolteniC-MDW2026-Palazzo-Molteni-Julian.png\" \/>\n  <\/div>\n  <\/div>\n<div class=\"board-item masonry-item\">\n  <div class=\"board-product\" style=\"padding-top:125%\">\n    <img decoding=\"async\" src=\"https:\/\/www.mohd.it\/wp-content\/uploads\/2026\/04\/MolteniC-MDW2026-Palazzo-Molteni-Julian-1.png\" \/>\n    <div class=\"content\">\n      <span class=\"brand\">Molteni&#038;C<\/span>      <span class=\"name\">Julian<\/span>\n    <\/div>\n    <div class=\"actions\">\n              <a href=\"https:\/\/shopmohd.com\/de\/julian-modulares-sofa.html\" class=\"button\">Acquista<\/a>\n            \t\t          <\/div>\n  <\/div>\n    <\/div>\n    <\/div>\n    <\/div>\n\n\n\n<p>Daneben interpretiert der Sessel <strong>Corsetto<\/strong> von Cristi\u00e1n Mohaded Komfort durch volle, umh\u00fcllende Volumen, zusammengehalten von einem Ledergurt, der die Silhouette definiert. Das Zusammenspiel von Stoff und Leder verleiht dem Objekt eine taktile und skulpturale Pr\u00e4senz.<\/p>\n\n\n\n<p>Mit <strong>Bosco<\/strong> \u00fcbertr\u00e4gt Naoto Fukasawa die toskanische Landschaft in einen weichen, beruhigenden Sessel mit gerundeten Linien, die zur Ruhe einladen.<\/p>\n\n\n<div class=\"board\">\n      <div class=\"board-items masonry-grid\">\n      <div class=\"board-item masonry-item\">\n  <div class=\"board-product\" style=\"padding-top:125%\">\n    <img decoding=\"async\" src=\"https:\/\/www.mohd.it\/wp-content\/uploads\/2026\/04\/MolteniC-MDW2026-Palazzo-Molteni-Corsetto.png\" \/>\n    <div class=\"content\">\n      <span class=\"brand\">Molteni&#038;C<\/span>      <span class=\"name\">Corsetto<\/span>\n    <\/div>\n    <div class=\"actions\">\n              <a href=\"https:\/\/shopmohd.com\/de\/corsetto-sessel.html\" class=\"button\">Acquista<\/a>\n            \t\t          <\/div>\n  <\/div>\n    <\/div>\n<div class=\"board-item masonry-item\">\n  <div class=\"board-product\" style=\"padding-top:125%\">\n    <img decoding=\"async\" src=\"https:\/\/www.mohd.it\/wp-content\/uploads\/2026\/04\/MolteniC-MDW2026-Palazzo-Molteni-Bosco.png\" \/>\n    <div class=\"content\">\n      <span class=\"brand\">Molteni&#038;C<\/span>      <span class=\"name\">Bosco<\/span>\n    <\/div>\n    <div class=\"actions\">\n              <a href=\"https:\/\/shopmohd.com\/de\/bosco-sessel.html\" class=\"button\">Acquista<\/a>\n            \t\t          <\/div>\n  <\/div>\n    <\/div>\n    <\/div>\n    <\/div>\n\n\n\n<p>Im <strong>Palazzo Molteni<\/strong>, w\u00e4hrend der Design Week nur auf Einladung ge\u00f6ffnet, entfaltet sich die neue Indoor Collection in intimen und fein austarierten R\u00e4umen, in denen Wohnbereiche, Schranksysteme und Accessoires einen kontinuierlichen Dialog zwischen Licht, Material und Form schaffen. Eine diskrete Raffinesse durchzieht die Interiors und erinnert an Art D\u00e9co eher als Haltung denn als Stil.<\/p>\n\n\n\n<p>In der Via Senato 14 beherbergt <strong>Responsive Nature<\/strong>, eine Installation von Elisa Ossino Studio, die Outdoor-Kollektion. Sechs botanische Landschaften zwischen fantastischen Szenarien und nat\u00fcrlichen Umgebungen untersuchen das Verh\u00e4ltnis von Entwurf und Natur, menschlichem Eingriff und organischer Spontaneit\u00e4t. Ein immersives Erlebnis, das die Idee des Zuhauses \u00fcber klassische Grenzen hinaus erweitert.<\/p>\n\n\n\n<figure class=\"wp-block-image size-large\"><img loading=\"lazy\" decoding=\"async\" width=\"1024\" height=\"576\" src=\"https:\/\/www.mohd.it\/wp-content\/uploads\/2026\/04\/MolteniC-MDW2026-Responsive-Nature-1-1024x576.png\" alt=\"Molteni&amp;C MDW2026 Responsive Nature\" class=\"wp-image-119529\" srcset=\"https:\/\/www.mohd.it\/wp-content\/uploads\/2026\/04\/MolteniC-MDW2026-Responsive-Nature-1-1024x576.png 1024w, https:\/\/www.mohd.it\/wp-content\/uploads\/2026\/04\/MolteniC-MDW2026-Responsive-Nature-1-300x169.png 300w, https:\/\/www.mohd.it\/wp-content\/uploads\/2026\/04\/MolteniC-MDW2026-Responsive-Nature-1-768x432.png 768w, https:\/\/www.mohd.it\/wp-content\/uploads\/2026\/04\/MolteniC-MDW2026-Responsive-Nature-1-1536x864.png 1536w, https:\/\/www.mohd.it\/wp-content\/uploads\/2026\/04\/MolteniC-MDW2026-Responsive-Nature-1.png 1920w\" sizes=\"auto, (max-width: 1024px) 100vw, 1024px\" \/><\/figure>\n\n\n<div class=\"board\">\n      <div class=\"board-items masonry-grid\">\n      <div class=\"board-item masonry-item\">\n  <div class=\"board-product\" style=\"padding-top:125%\">\n    <img decoding=\"async\" src=\"https:\/\/www.mohd.it\/wp-content\/uploads\/2026\/04\/MolteniC-MDW2026-Responsive-Nature-2.png\" \/>\n    <div class=\"content\">\n      <span class=\"brand\">Molteni&#038;C<\/span>      <span class=\"name\">Kollektion Soleva<\/span>\n    <\/div>\n    <div class=\"actions\">\n              <a href=\"https:\/\/shopmohd.com\/de\/marken\/molteni-e-c\/soleva.html\" class=\"button\">Acquista<\/a>\n            \t\t          <\/div>\n  <\/div>\n    <\/div>\n<div class=\"board-item masonry-item\">\n  <div class=\"board-image\" style=\"padding-top:125%\">\n    <img decoding=\"async\" src=\"https:\/\/www.mohd.it\/wp-content\/uploads\/2026\/04\/MolteniC-MDW2026-Responsive-Nature-5.png\" \/>\n  <\/div>\n  <\/div>\n    <\/div>\n    <\/div>\n\n\n\n<p>Der Entwurf von Molteni&amp;C f\u00fcr 2026 best\u00e4tigt eine klare Haltung: essenziell und zugleich warm, streng und dennoch einladend, f\u00e4hig, Innen- und Au\u00dfenbereiche in einer einzigen zeitgen\u00f6ssischen Sprache zu vereinen.<\/p>\n\n\n<div class=\"board\">\n      <div class=\"board-items masonry-grid\">\n      <div class=\"board-item masonry-item\">\n  <div class=\"board-image\" style=\"padding-top:125%\">\n    <img decoding=\"async\" src=\"https:\/\/www.mohd.it\/wp-content\/uploads\/2026\/04\/MolteniC-MDW2026-Responsive-Nature-3.png\" \/>\n  <\/div>\n  <\/div>\n<div class=\"board-item masonry-item\">\n  <div class=\"board-product\" style=\"padding-top:125%\">\n    <img decoding=\"async\" src=\"https:\/\/www.mohd.it\/wp-content\/uploads\/2026\/04\/MolteniC-MDW2026-Responsive-Nature-6.png\" \/>\n    <div class=\"content\">\n      <span class=\"brand\">Molteni&#038;C<\/span>      <span class=\"name\">Kollektion Pantalica<\/span>\n    <\/div>\n    <div class=\"actions\">\n              <a href=\"https:\/\/shopmohd.com\/de\/marken\/molteni-e-c\/pantalica.html\" class=\"button\">Acquista<\/a>\n            \t\t          <\/div>\n  <\/div>\n    <\/div>\n<div class=\"board-item masonry-item\">\n  <div class=\"board-product\" style=\"padding-top:125%\">\n    <img decoding=\"async\" src=\"https:\/\/www.mohd.it\/wp-content\/uploads\/2026\/04\/MolteniC-MDW2026-Responsive-Nature-4.png\" \/>\n    <div class=\"content\">\n      <span class=\"brand\">Molteni&#038;C<\/span>      <span class=\"name\">D.154.2 Outdoor<\/span>\n    <\/div>\n    <div class=\"actions\">\n              <a href=\"https:\/\/shopmohd.com\/de\/d-1542-outdoor-sessel.html\" class=\"button\">Acquista<\/a>\n            \t\t          <\/div>\n  <\/div>\n    <\/div>\n<div class=\"board-item masonry-item\">\n  <div class=\"board-product\" style=\"padding-top:125%\">\n    <img decoding=\"async\" src=\"https:\/\/www.mohd.it\/wp-content\/uploads\/2026\/04\/MolteniC-MDW2026-Responsive-Nature-7.png\" \/>\n    <div class=\"content\">\n      <span class=\"brand\">Molteni&#038;C<\/span>      <span class=\"name\">D.150.5 Outdoor Chaise Longue<\/span>\n    <\/div>\n    <div class=\"actions\">\n              <a href=\"https:\/\/shopmohd.com\/de\/d1505-outdoor-chaise-longue.html\" class=\"button\">Acquista<\/a>\n            \t\t          <\/div>\n  <\/div>\n    <\/div>\n    <\/div>\n    <\/div>\n","protected":false},"excerpt":{"rendered":"<p>W\u00e4hrend der Milan Design Week 2026 entfaltet Molteni&#038;C seine Erz\u00e4hlung zwischen Palazzo Molteni und Via Senato 14 mit der neuen Indoor-Kollektion und Responsive Nature, wo Interiors, Outdoor-Bereiche und Installationen eine einheitliche zeitgen\u00f6ssische Sprache ausdr\u00fccken.<\/p>\n","protected":false},"author":18,"featured_media":119575,"comment_status":"closed","ping_status":"closed","sticky":false,"template":"","format":"standard","meta":{"footnotes":""},"categories":[486,482],"tags":[],"class_list":["post-119626","post","type-post","status-publish","format-standard","has-post-thumbnail","hentry","category-aktuelles","category-marken"],"yoast_head":"<!-- This site is optimized with the Yoast SEO plugin v24.0 - https:\/\/yoast.com\/wordpress\/plugins\/seo\/ -->\n<title>Molteni&amp;C 2026: neue Kollektion und Milan Design Week - Mohd<\/title>\n<meta name=\"description\" content=\"Molteni&amp;C pr\u00e4sentiert zur Milan Design Week 2026 Julian, Corsetto, Bosco, Palazzo Molteni und Responsive Nature zwischen Indoor- und Outdoor-Welten.\" \/>\n<meta name=\"robots\" content=\"index, follow, max-snippet:-1, max-image-preview:large, max-video-preview:-1\" \/>\n<link rel=\"canonical\" href=\"https:\/\/www.mohd.it\/de\/magazine\/moltenic-la-quieta-eleganza-del-contemporaneo\/\" \/>\n<meta property=\"og:locale\" content=\"de_DE\" \/>\n<meta property=\"og:type\" content=\"article\" \/>\n<meta property=\"og:title\" content=\"Molteni&amp;C 2026: neue Kollektion und Milan Design Week - Mohd\" \/>\n<meta property=\"og:description\" content=\"Molteni&amp;C pr\u00e4sentiert zur Milan Design Week 2026 Julian, Corsetto, Bosco, Palazzo Molteni und Responsive Nature zwischen Indoor- und Outdoor-Welten.\" \/>\n<meta property=\"og:url\" content=\"https:\/\/www.mohd.it\/de\/magazine\/moltenic-la-quieta-eleganza-del-contemporaneo\/\" \/>\n<meta property=\"og:site_name\" content=\"Mohd\" \/>\n<meta property=\"article:publisher\" content=\"https:\/\/www.facebook.com\/mollurahomedesign\" \/>\n<meta property=\"article:published_time\" content=\"2026-05-03T08:00:00+00:00\" \/>\n<meta property=\"article:modified_time\" content=\"2026-05-03T08:00:10+00:00\" \/>\n<meta property=\"og:image\" content=\"https:\/\/www.mohd.it\/wp-content\/uploads\/2026\/04\/MolteniC-MDW2026-Responsive-Nature.png\" \/>\n\t<meta property=\"og:image:width\" content=\"1300\" \/>\n\t<meta property=\"og:image:height\" content=\"980\" \/>\n\t<meta property=\"og:image:type\" content=\"image\/png\" \/>\n<meta name=\"author\" content=\"Noemi Cris\u00e0\" \/>\n<meta name=\"twitter:card\" content=\"summary_large_image\" \/>\n<meta name=\"twitter:creator\" content=\"@mohd_homedesign\" \/>\n<meta name=\"twitter:site\" content=\"@mohd_homedesign\" \/>\n<meta name=\"twitter:label1\" content=\"Verfasst von\" \/>\n\t<meta name=\"twitter:data1\" content=\"Noemi Cris\u00e0\" \/>\n\t<meta name=\"twitter:label2\" content=\"Gesch\u00e4tzte Lesezeit\" \/>\n\t<meta name=\"twitter:data2\" content=\"3\u00a0Minuten\" \/>\n<script type=\"application\/ld+json\" class=\"yoast-schema-graph\">{\"@context\":\"https:\/\/schema.org\",\"@graph\":[{\"@type\":\"Article\",\"@id\":\"https:\/\/www.mohd.it\/de\/magazine\/moltenic-la-quieta-eleganza-del-contemporaneo\/#article\",\"isPartOf\":{\"@id\":\"https:\/\/www.mohd.it\/de\/magazine\/moltenic-la-quieta-eleganza-del-contemporaneo\/\"},\"author\":{\"name\":\"Noemi Cris\u00e0\",\"@id\":\"https:\/\/www.mohd.it\/de\/#\/schema\/person\/d237bc94bea0bfe5020d1c41b41f6af2\"},\"headline\":\"Molteni&amp;C: die stille Eleganz der Gegenwart\",\"datePublished\":\"2026-05-03T08:00:00+00:00\",\"dateModified\":\"2026-05-03T08:00:10+00:00\",\"mainEntityOfPage\":{\"@id\":\"https:\/\/www.mohd.it\/de\/magazine\/moltenic-la-quieta-eleganza-del-contemporaneo\/\"},\"wordCount\":372,\"publisher\":{\"@id\":\"https:\/\/www.mohd.it\/de\/#organization\"},\"image\":{\"@id\":\"https:\/\/www.mohd.it\/de\/magazine\/moltenic-la-quieta-eleganza-del-contemporaneo\/#primaryimage\"},\"thumbnailUrl\":\"https:\/\/www.mohd.it\/wp-content\/uploads\/2026\/04\/MolteniC-MDW2026-Responsive-Nature.png\",\"articleSection\":[\"Aktuelles\",\"Marken\"],\"inLanguage\":\"de\"},{\"@type\":\"WebPage\",\"@id\":\"https:\/\/www.mohd.it\/de\/magazine\/moltenic-la-quieta-eleganza-del-contemporaneo\/\",\"url\":\"https:\/\/www.mohd.it\/de\/magazine\/moltenic-la-quieta-eleganza-del-contemporaneo\/\",\"name\":\"Molteni&C 2026: neue Kollektion und Milan Design Week - Mohd\",\"isPartOf\":{\"@id\":\"https:\/\/www.mohd.it\/de\/#website\"},\"primaryImageOfPage\":{\"@id\":\"https:\/\/www.mohd.it\/de\/magazine\/moltenic-la-quieta-eleganza-del-contemporaneo\/#primaryimage\"},\"image\":{\"@id\":\"https:\/\/www.mohd.it\/de\/magazine\/moltenic-la-quieta-eleganza-del-contemporaneo\/#primaryimage\"},\"thumbnailUrl\":\"https:\/\/www.mohd.it\/wp-content\/uploads\/2026\/04\/MolteniC-MDW2026-Responsive-Nature.png\",\"datePublished\":\"2026-05-03T08:00:00+00:00\",\"dateModified\":\"2026-05-03T08:00:10+00:00\",\"description\":\"Molteni&C pr\u00e4sentiert zur Milan Design Week 2026 Julian, Corsetto, Bosco, Palazzo Molteni und Responsive Nature zwischen Indoor- und Outdoor-Welten.\",\"breadcrumb\":{\"@id\":\"https:\/\/www.mohd.it\/de\/magazine\/moltenic-la-quieta-eleganza-del-contemporaneo\/#breadcrumb\"},\"inLanguage\":\"de\",\"potentialAction\":[{\"@type\":\"ReadAction\",\"target\":[\"https:\/\/www.mohd.it\/de\/magazine\/moltenic-la-quieta-eleganza-del-contemporaneo\/\"]}]},{\"@type\":\"ImageObject\",\"inLanguage\":\"de\",\"@id\":\"https:\/\/www.mohd.it\/de\/magazine\/moltenic-la-quieta-eleganza-del-contemporaneo\/#primaryimage\",\"url\":\"https:\/\/www.mohd.it\/wp-content\/uploads\/2026\/04\/MolteniC-MDW2026-Responsive-Nature.png\",\"contentUrl\":\"https:\/\/www.mohd.it\/wp-content\/uploads\/2026\/04\/MolteniC-MDW2026-Responsive-Nature.png\",\"width\":1300,\"height\":980,\"caption\":\"Molteni&C MDW2026 Responsive Nature\"},{\"@type\":\"BreadcrumbList\",\"@id\":\"https:\/\/www.mohd.it\/de\/magazine\/moltenic-la-quieta-eleganza-del-contemporaneo\/#breadcrumb\",\"itemListElement\":[{\"@type\":\"ListItem\",\"position\":1,\"name\":\"Home\",\"item\":\"https:\/\/www.mohd.it\/de\/\"},{\"@type\":\"ListItem\",\"position\":2,\"name\":\"Molteni&amp;C: die stille Eleganz der Gegenwart\"}]},{\"@type\":\"WebSite\",\"@id\":\"https:\/\/www.mohd.it\/de\/#website\",\"url\":\"https:\/\/www.mohd.it\/de\/\",\"name\":\"Mohd\",\"description\":\"\",\"publisher\":{\"@id\":\"https:\/\/www.mohd.it\/de\/#organization\"},\"potentialAction\":[{\"@type\":\"SearchAction\",\"target\":{\"@type\":\"EntryPoint\",\"urlTemplate\":\"https:\/\/www.mohd.it\/de\/?s={search_term_string}\"},\"query-input\":{\"@type\":\"PropertyValueSpecification\",\"valueRequired\":true,\"valueName\":\"search_term_string\"}}],\"inLanguage\":\"de\"},{\"@type\":\"Organization\",\"@id\":\"https:\/\/www.mohd.it\/de\/#organization\",\"name\":\"Mollura & C. SPA\",\"url\":\"https:\/\/www.mohd.it\/de\/\",\"logo\":{\"@type\":\"ImageObject\",\"inLanguage\":\"de\",\"@id\":\"https:\/\/www.mohd.it\/de\/#\/schema\/logo\/image\/\",\"url\":\"https:\/\/www.mohd.it\/wp-content\/uploads\/2020\/09\/mohd-logo.png\",\"contentUrl\":\"https:\/\/www.mohd.it\/wp-content\/uploads\/2020\/09\/mohd-logo.png\",\"width\":600,\"height\":600,\"caption\":\"Mollura & C. SPA\"},\"image\":{\"@id\":\"https:\/\/www.mohd.it\/de\/#\/schema\/logo\/image\/\"},\"sameAs\":[\"https:\/\/www.facebook.com\/mollurahomedesign\",\"https:\/\/x.com\/mohd_homedesign\",\"https:\/\/www.instagram.com\/mohd_homedesign\/\",\"https:\/\/it.linkedin.com\/company\/mohd-mollura-home-design\",\"https:\/\/www.pinterest.it\/mohdhomedesign\/\",\"https:\/\/www.youtube.com\/channel\/UCYLuPff6hq4z_o0GO0w1yaA\"]},{\"@type\":\"Person\",\"@id\":\"https:\/\/www.mohd.it\/de\/#\/schema\/person\/d237bc94bea0bfe5020d1c41b41f6af2\",\"name\":\"Noemi Cris\u00e0\",\"image\":{\"@type\":\"ImageObject\",\"inLanguage\":\"de\",\"@id\":\"https:\/\/www.mohd.it\/de\/#\/schema\/person\/image\/\",\"url\":\"https:\/\/secure.gravatar.com\/avatar\/6f959897d20f7190d0b1a9b0a1518d13?s=96&d=mm&r=g\",\"contentUrl\":\"https:\/\/secure.gravatar.com\/avatar\/6f959897d20f7190d0b1a9b0a1518d13?s=96&d=mm&r=g\",\"caption\":\"Noemi Cris\u00e0\"},\"url\":\"https:\/\/www.mohd.it\/de\/magazine\/author\/noemi\/\"}]}<\/script>\n<!-- \/ Yoast SEO plugin. -->","yoast_head_json":{"title":"Molteni&C 2026: neue Kollektion und Milan Design Week - Mohd","description":"Molteni&C pr\u00e4sentiert zur Milan Design Week 2026 Julian, Corsetto, Bosco, Palazzo Molteni und Responsive Nature zwischen Indoor- und Outdoor-Welten.","robots":{"index":"index","follow":"follow","max-snippet":"max-snippet:-1","max-image-preview":"max-image-preview:large","max-video-preview":"max-video-preview:-1"},"canonical":"https:\/\/www.mohd.it\/de\/magazine\/moltenic-la-quieta-eleganza-del-contemporaneo\/","og_locale":"de_DE","og_type":"article","og_title":"Molteni&C 2026: neue Kollektion und Milan Design Week - Mohd","og_description":"Molteni&C pr\u00e4sentiert zur Milan Design Week 2026 Julian, Corsetto, Bosco, Palazzo Molteni und Responsive Nature zwischen Indoor- und Outdoor-Welten.","og_url":"https:\/\/www.mohd.it\/de\/magazine\/moltenic-la-quieta-eleganza-del-contemporaneo\/","og_site_name":"Mohd","article_publisher":"https:\/\/www.facebook.com\/mollurahomedesign","article_published_time":"2026-05-03T08:00:00+00:00","article_modified_time":"2026-05-03T08:00:10+00:00","og_image":[{"width":1300,"height":980,"url":"https:\/\/www.mohd.it\/wp-content\/uploads\/2026\/04\/MolteniC-MDW2026-Responsive-Nature.png","type":"image\/png"}],"author":"Noemi Cris\u00e0","twitter_card":"summary_large_image","twitter_creator":"@mohd_homedesign","twitter_site":"@mohd_homedesign","twitter_misc":{"Verfasst von":"Noemi Cris\u00e0","Gesch\u00e4tzte Lesezeit":"3\u00a0Minuten"},"schema":{"@context":"https:\/\/schema.org","@graph":[{"@type":"Article","@id":"https:\/\/www.mohd.it\/de\/magazine\/moltenic-la-quieta-eleganza-del-contemporaneo\/#article","isPartOf":{"@id":"https:\/\/www.mohd.it\/de\/magazine\/moltenic-la-quieta-eleganza-del-contemporaneo\/"},"author":{"name":"Noemi Cris\u00e0","@id":"https:\/\/www.mohd.it\/de\/#\/schema\/person\/d237bc94bea0bfe5020d1c41b41f6af2"},"headline":"Molteni&amp;C: die stille Eleganz der Gegenwart","datePublished":"2026-05-03T08:00:00+00:00","dateModified":"2026-05-03T08:00:10+00:00","mainEntityOfPage":{"@id":"https:\/\/www.mohd.it\/de\/magazine\/moltenic-la-quieta-eleganza-del-contemporaneo\/"},"wordCount":372,"publisher":{"@id":"https:\/\/www.mohd.it\/de\/#organization"},"image":{"@id":"https:\/\/www.mohd.it\/de\/magazine\/moltenic-la-quieta-eleganza-del-contemporaneo\/#primaryimage"},"thumbnailUrl":"https:\/\/www.mohd.it\/wp-content\/uploads\/2026\/04\/MolteniC-MDW2026-Responsive-Nature.png","articleSection":["Aktuelles","Marken"],"inLanguage":"de"},{"@type":"WebPage","@id":"https:\/\/www.mohd.it\/de\/magazine\/moltenic-la-quieta-eleganza-del-contemporaneo\/","url":"https:\/\/www.mohd.it\/de\/magazine\/moltenic-la-quieta-eleganza-del-contemporaneo\/","name":"Molteni&C 2026: neue Kollektion und Milan Design Week - Mohd","isPartOf":{"@id":"https:\/\/www.mohd.it\/de\/#website"},"primaryImageOfPage":{"@id":"https:\/\/www.mohd.it\/de\/magazine\/moltenic-la-quieta-eleganza-del-contemporaneo\/#primaryimage"},"image":{"@id":"https:\/\/www.mohd.it\/de\/magazine\/moltenic-la-quieta-eleganza-del-contemporaneo\/#primaryimage"},"thumbnailUrl":"https:\/\/www.mohd.it\/wp-content\/uploads\/2026\/04\/MolteniC-MDW2026-Responsive-Nature.png","datePublished":"2026-05-03T08:00:00+00:00","dateModified":"2026-05-03T08:00:10+00:00","description":"Molteni&C pr\u00e4sentiert zur Milan Design Week 2026 Julian, Corsetto, Bosco, Palazzo Molteni und Responsive Nature zwischen Indoor- und Outdoor-Welten.","breadcrumb":{"@id":"https:\/\/www.mohd.it\/de\/magazine\/moltenic-la-quieta-eleganza-del-contemporaneo\/#breadcrumb"},"inLanguage":"de","potentialAction":[{"@type":"ReadAction","target":["https:\/\/www.mohd.it\/de\/magazine\/moltenic-la-quieta-eleganza-del-contemporaneo\/"]}]},{"@type":"ImageObject","inLanguage":"de","@id":"https:\/\/www.mohd.it\/de\/magazine\/moltenic-la-quieta-eleganza-del-contemporaneo\/#primaryimage","url":"https:\/\/www.mohd.it\/wp-content\/uploads\/2026\/04\/MolteniC-MDW2026-Responsive-Nature.png","contentUrl":"https:\/\/www.mohd.it\/wp-content\/uploads\/2026\/04\/MolteniC-MDW2026-Responsive-Nature.png","width":1300,"height":980,"caption":"Molteni&C MDW2026 Responsive Nature"},{"@type":"BreadcrumbList","@id":"https:\/\/www.mohd.it\/de\/magazine\/moltenic-la-quieta-eleganza-del-contemporaneo\/#breadcrumb","itemListElement":[{"@type":"ListItem","position":1,"name":"Home","item":"https:\/\/www.mohd.it\/de\/"},{"@type":"ListItem","position":2,"name":"Molteni&amp;C: die stille Eleganz der Gegenwart"}]},{"@type":"WebSite","@id":"https:\/\/www.mohd.it\/de\/#website","url":"https:\/\/www.mohd.it\/de\/","name":"Mohd","description":"","publisher":{"@id":"https:\/\/www.mohd.it\/de\/#organization"},"potentialAction":[{"@type":"SearchAction","target":{"@type":"EntryPoint","urlTemplate":"https:\/\/www.mohd.it\/de\/?s={search_term_string}"},"query-input":{"@type":"PropertyValueSpecification","valueRequired":true,"valueName":"search_term_string"}}],"inLanguage":"de"},{"@type":"Organization","@id":"https:\/\/www.mohd.it\/de\/#organization","name":"Mollura & C. SPA","url":"https:\/\/www.mohd.it\/de\/","logo":{"@type":"ImageObject","inLanguage":"de","@id":"https:\/\/www.mohd.it\/de\/#\/schema\/logo\/image\/","url":"https:\/\/www.mohd.it\/wp-content\/uploads\/2020\/09\/mohd-logo.png","contentUrl":"https:\/\/www.mohd.it\/wp-content\/uploads\/2020\/09\/mohd-logo.png","width":600,"height":600,"caption":"Mollura & C. SPA"},"image":{"@id":"https:\/\/www.mohd.it\/de\/#\/schema\/logo\/image\/"},"sameAs":["https:\/\/www.facebook.com\/mollurahomedesign","https:\/\/x.com\/mohd_homedesign","https:\/\/www.instagram.com\/mohd_homedesign\/","https:\/\/it.linkedin.com\/company\/mohd-mollura-home-design","https:\/\/www.pinterest.it\/mohdhomedesign\/","https:\/\/www.youtube.com\/channel\/UCYLuPff6hq4z_o0GO0w1yaA"]},{"@type":"Person","@id":"https:\/\/www.mohd.it\/de\/#\/schema\/person\/d237bc94bea0bfe5020d1c41b41f6af2","name":"Noemi Cris\u00e0","image":{"@type":"ImageObject","inLanguage":"de","@id":"https:\/\/www.mohd.it\/de\/#\/schema\/person\/image\/","url":"https:\/\/secure.gravatar.com\/avatar\/6f959897d20f7190d0b1a9b0a1518d13?s=96&d=mm&r=g","contentUrl":"https:\/\/secure.gravatar.com\/avatar\/6f959897d20f7190d0b1a9b0a1518d13?s=96&d=mm&r=g","caption":"Noemi Cris\u00e0"},"url":"https:\/\/www.mohd.it\/de\/magazine\/author\/noemi\/"}]}},"image":"https:\/\/www.mohd.it\/wp-content\/uploads\/2026\/04\/MolteniC-MDW2026-Responsive-Nature-800x600.png","category":"Aktuelles","_links":{"self":[{"href":"https:\/\/www.mohd.it\/de\/wp-json\/wp\/v2\/posts\/119626","targetHints":{"allow":["GET"]}}],"collection":[{"href":"https:\/\/www.mohd.it\/de\/wp-json\/wp\/v2\/posts"}],"about":[{"href":"https:\/\/www.mohd.it\/de\/wp-json\/wp\/v2\/types\/post"}],"author":[{"embeddable":true,"href":"https:\/\/www.mohd.it\/de\/wp-json\/wp\/v2\/users\/18"}],"replies":[{"embeddable":true,"href":"https:\/\/www.mohd.it\/de\/wp-json\/wp\/v2\/comments?post=119626"}],"version-history":[{"count":9,"href":"https:\/\/www.mohd.it\/de\/wp-json\/wp\/v2\/posts\/119626\/revisions"}],"predecessor-version":[{"id":119647,"href":"https:\/\/www.mohd.it\/de\/wp-json\/wp\/v2\/posts\/119626\/revisions\/119647"}],"wp:featuredmedia":[{"embeddable":true,"href":"https:\/\/www.mohd.it\/de\/wp-json\/wp\/v2\/media\/119575"}],"wp:attachment":[{"href":"https:\/\/www.mohd.it\/de\/wp-json\/wp\/v2\/media?parent=119626"}],"wp:term":[{"taxonomy":"category","embeddable":true,"href":"https:\/\/www.mohd.it\/de\/wp-json\/wp\/v2\/categories?post=119626"},{"taxonomy":"post_tag","embeddable":true,"href":"https:\/\/www.mohd.it\/de\/wp-json\/wp\/v2\/tags?post=119626"}],"curies":[{"name":"wp","href":"https:\/\/api.w.org\/{rel}","templated":true}]}}