{"id":119874,"date":"2026-05-04T17:13:47","date_gmt":"2026-05-04T15:13:47","guid":{"rendered":"https:\/\/www.mohd.it\/?p=119874"},"modified":"2026-05-05T15:37:19","modified_gmt":"2026-05-05T13:37:19","slug":"mohd-officina-milano-interior-reflections-party-design-als-gemeinsame-erfahrung","status":"publish","type":"post","link":"https:\/\/www.mohd.it\/de\/magazine\/mohd-officina-milano-interior-reflections-party-design-als-gemeinsame-erfahrung\/","title":{"rendered":"Mohd Officina Milano: Interior Reflections Party, Design als gemeinsame Erfahrung"},"content":{"rendered":"\n<p>Die Milan Design Week 2026 endet in der <strong>Mohd Officina Milano<\/strong> mit einem Moment, der \u00fcber die reine Feier hinausgeht: eine Synthese aus Visionen, Begegnungen und Sprachen. Das Konzept <strong>Interior Reflections<\/strong>, das sich \u00fcber die gesamte Woche entwickelt hat, erreicht im finalen Abend seine intensivste Form.<\/p>\n\n\n\n<p>Der Raum in der Via Mauro Macchi wird zu einem Ort der Beziehung: Oberfl\u00e4chen, Licht und Materialien formen eine vielschichtige h\u00e4usliche Landschaft, in der sich das Projekt mit feinen Wahrnehmungen und neuen Bewegungsformen im Raum auseinandersetzt. Keine tempor\u00e4re Inszenierung, sondern ein lebendiges Umfeld, das bleibt und sich \u00fcber die Zeit hinweg neu aktivieren l\u00e4sst.<\/p>\n\n\n<div class=\"board\">\n      <div class=\"board-items masonry-grid\">\n      <div class=\"board-item masonry-item\">\n  <div class=\"board-image\" style=\"padding-top:125%\">\n    <img decoding=\"async\" src=\"https:\/\/www.mohd.it\/wp-content\/uploads\/2026\/04\/Mohd-Interior-Reflections-MDW2026-3.png\" \/>\n  <\/div>\n  <\/div>\n<div class=\"board-item masonry-item\">\n  <div class=\"board-image\" style=\"padding-top:125%\">\n    <img decoding=\"async\" src=\"https:\/\/www.mohd.it\/wp-content\/uploads\/2026\/04\/Mohd-Interior-Reflections-MDW2026-6.png\" \/>\n  <\/div>\n  <\/div>\n    <\/div>\n    <\/div>\n\n\n\n<figure class=\"wp-block-image size-large\"><img loading=\"lazy\" decoding=\"async\" width=\"1024\" height=\"683\" src=\"https:\/\/www.mohd.it\/wp-content\/uploads\/2026\/05\/Interior-Reflections-Party-10-1024x683.png\" alt=\"Interior Reflections Party Mohd Officina Milano MDW2026\" class=\"wp-image-119861\" srcset=\"https:\/\/www.mohd.it\/wp-content\/uploads\/2026\/05\/Interior-Reflections-Party-10-1024x683.png 1024w, https:\/\/www.mohd.it\/wp-content\/uploads\/2026\/05\/Interior-Reflections-Party-10-300x200.png 300w, https:\/\/www.mohd.it\/wp-content\/uploads\/2026\/05\/Interior-Reflections-Party-10-768x512.png 768w, https:\/\/www.mohd.it\/wp-content\/uploads\/2026\/05\/Interior-Reflections-Party-10-1536x1024.png 1536w, https:\/\/www.mohd.it\/wp-content\/uploads\/2026\/05\/Interior-Reflections-Party-10.png 1920w\" sizes=\"auto, (max-width: 1024px) 100vw, 1024px\" \/><\/figure>\n\n\n<div class=\"board\">\n      <div class=\"board-items masonry-grid\">\n      <div class=\"board-item masonry-item\">\n  <div class=\"board-image\" style=\"padding-top:125%\">\n    <img decoding=\"async\" src=\"https:\/\/www.mohd.it\/wp-content\/uploads\/2026\/05\/Mohd-Officina-Milano-MDW2026.png\" \/>\n  <\/div>\n  <\/div>\n<div class=\"board-item masonry-item\">\n  <div class=\"board-image\" style=\"padding-top:125%\">\n    <img decoding=\"async\" src=\"https:\/\/www.mohd.it\/wp-content\/uploads\/2026\/04\/Mohd-Interior-Reflections-MDW2026-1-1.png\" \/>\n  <\/div>\n  <\/div>\n    <\/div>\n    <\/div>\n\n\n\n<p>Die Pr\u00e4senz von<strong> Tom Dixon <\/strong>mit einer Live-Performance, die Klang und Atmosph\u00e4re verbindet, f\u00fcgt eine zus\u00e4tzliche Dimension hinzu: Design verl\u00e4sst die Statik, wird Rhythmus und gemeinsame Erfahrung. Die Veranstaltung vereint Marken, Visionen und Sprachen in einer einzigen Entwicklungslinie und best\u00e4tigt Mohd als kuratorische Plattform, die System und Forschung zusammenf\u00fchrt.<\/p>\n\n\n\n<figure class=\"wp-block-image size-large\"><img loading=\"lazy\" decoding=\"async\" width=\"1024\" height=\"683\" src=\"https:\/\/www.mohd.it\/wp-content\/uploads\/2026\/05\/Interior-Reflections-Party-1024x683.png\" alt=\"Interior Reflections Party Mohd Officina Milano MDW2026 Tom Dixon\" class=\"wp-image-119691\" srcset=\"https:\/\/www.mohd.it\/wp-content\/uploads\/2026\/05\/Interior-Reflections-Party-1024x683.png 1024w, https:\/\/www.mohd.it\/wp-content\/uploads\/2026\/05\/Interior-Reflections-Party-300x200.png 300w, https:\/\/www.mohd.it\/wp-content\/uploads\/2026\/05\/Interior-Reflections-Party-768x512.png 768w, https:\/\/www.mohd.it\/wp-content\/uploads\/2026\/05\/Interior-Reflections-Party-1536x1024.png 1536w, https:\/\/www.mohd.it\/wp-content\/uploads\/2026\/05\/Interior-Reflections-Party.png 1920w\" sizes=\"auto, (max-width: 1024px) 100vw, 1024px\" \/><\/figure>\n\n\n<div class=\"board\">\n      <div class=\"board-items masonry-grid\">\n      <div class=\"board-item masonry-item\">\n  <div class=\"board-image\" style=\"padding-top:66.666666666667%\">\n    <img decoding=\"async\" src=\"https:\/\/www.mohd.it\/wp-content\/uploads\/2026\/05\/4-interior-reflections-party.png\" \/>\n  <\/div>\n  <\/div>\n<div class=\"board-item masonry-item\">\n  <div class=\"board-image\" style=\"padding-top:66.666666666667%\">\n    <img decoding=\"async\" src=\"https:\/\/www.mohd.it\/wp-content\/uploads\/2026\/05\/3-interior-reflections-party.png\" \/>\n  <\/div>\n  <\/div>\n    <\/div>\n    <\/div>\n\n\n\n<p>Ein lebendiger, vibrierender Abschlussabend, der kein Ende setzt, sondern neu startet. Die Installation Interior Reflections, kuratiert von Studiopepe, bleibt in der Mohd Officina Milano, Via Mauro Macchi 82, w\u00e4hrend der regul\u00e4ren \u00d6ffnungszeiten zug\u00e4nglich. Mailand bleibt der Ausgangspunkt.<\/p>\n\n\n\n<figure class=\"wp-block-image size-large\"><img loading=\"lazy\" decoding=\"async\" width=\"1024\" height=\"683\" src=\"https:\/\/www.mohd.it\/wp-content\/uploads\/2026\/05\/2-interior-reflections-party-1024x683.png\" alt=\"Interior Reflections Party Mohd Officina Milano MDW2026\" class=\"wp-image-119781\" srcset=\"https:\/\/www.mohd.it\/wp-content\/uploads\/2026\/05\/2-interior-reflections-party-1024x683.png 1024w, https:\/\/www.mohd.it\/wp-content\/uploads\/2026\/05\/2-interior-reflections-party-300x200.png 300w, https:\/\/www.mohd.it\/wp-content\/uploads\/2026\/05\/2-interior-reflections-party-768x512.png 768w, https:\/\/www.mohd.it\/wp-content\/uploads\/2026\/05\/2-interior-reflections-party-1536x1024.png 1536w, https:\/\/www.mohd.it\/wp-content\/uploads\/2026\/05\/2-interior-reflections-party.png 1920w\" sizes=\"auto, (max-width: 1024px) 100vw, 1024px\" \/><\/figure>\n\n\n<div class=\"board\">\n      <div class=\"board-items masonry-grid\">\n      <div class=\"board-item masonry-item\">\n  <div class=\"board-image\" style=\"padding-top:66.666666666667%\">\n    <img decoding=\"async\" src=\"https:\/\/www.mohd.it\/wp-content\/uploads\/2026\/05\/1-interior-reflections-party.png\" \/>\n  <\/div>\n  <\/div>\n<div class=\"board-item masonry-item\">\n  <div class=\"board-image\" style=\"padding-top:66.666666666667%\">\n    <img decoding=\"async\" src=\"https:\/\/www.mohd.it\/wp-content\/uploads\/2026\/05\/12-interior-reflections-party.png\" \/>\n  <\/div>\n  <\/div>\n    <\/div>\n    <\/div>\n\n\n\n<figure class=\"wp-block-image size-large\"><img loading=\"lazy\" decoding=\"async\" width=\"1024\" height=\"683\" src=\"https:\/\/www.mohd.it\/wp-content\/uploads\/2026\/05\/10-interior-reflections-party-1024x683.png\" alt=\"Interior Reflections Party Mohd Officina Milano MDW2026 Chiara Ferragni\" class=\"wp-image-119829\" srcset=\"https:\/\/www.mohd.it\/wp-content\/uploads\/2026\/05\/10-interior-reflections-party-1024x683.png 1024w, https:\/\/www.mohd.it\/wp-content\/uploads\/2026\/05\/10-interior-reflections-party-300x200.png 300w, https:\/\/www.mohd.it\/wp-content\/uploads\/2026\/05\/10-interior-reflections-party-768x512.png 768w, https:\/\/www.mohd.it\/wp-content\/uploads\/2026\/05\/10-interior-reflections-party-1536x1024.png 1536w, https:\/\/www.mohd.it\/wp-content\/uploads\/2026\/05\/10-interior-reflections-party.png 1920w\" sizes=\"auto, (max-width: 1024px) 100vw, 1024px\" \/><\/figure>\n\n\n<div class=\"board\">\n      <div class=\"board-items masonry-grid\">\n      <div class=\"board-item masonry-item\">\n  <div class=\"board-image\" style=\"padding-top:66.666666666667%\">\n    <img decoding=\"async\" src=\"https:\/\/www.mohd.it\/wp-content\/uploads\/2026\/05\/11-interior-reflections-party.png\" \/>\n  <\/div>\n  <\/div>\n<div class=\"board-item masonry-item\">\n  <div class=\"board-image\" style=\"padding-top:66.666666666667%\">\n    <img decoding=\"async\" src=\"https:\/\/www.mohd.it\/wp-content\/uploads\/2026\/05\/14-interior-reflections-party.png\" \/>\n  <\/div>\n  <\/div>\n    <\/div>\n    <\/div>\n\n\n\n<figure class=\"wp-block-image size-large\"><img loading=\"lazy\" decoding=\"async\" width=\"1024\" height=\"683\" src=\"https:\/\/www.mohd.it\/wp-content\/uploads\/2026\/05\/7-interior-reflections-party-1024x683.png\" alt=\"Interior Reflections Party Mohd Officina Milano MDW2026\" class=\"wp-image-119811\" srcset=\"https:\/\/www.mohd.it\/wp-content\/uploads\/2026\/05\/7-interior-reflections-party-1024x683.png 1024w, https:\/\/www.mohd.it\/wp-content\/uploads\/2026\/05\/7-interior-reflections-party-300x200.png 300w, https:\/\/www.mohd.it\/wp-content\/uploads\/2026\/05\/7-interior-reflections-party-768x512.png 768w, https:\/\/www.mohd.it\/wp-content\/uploads\/2026\/05\/7-interior-reflections-party-1536x1024.png 1536w, https:\/\/www.mohd.it\/wp-content\/uploads\/2026\/05\/7-interior-reflections-party.png 1920w\" sizes=\"auto, (max-width: 1024px) 100vw, 1024px\" \/><\/figure>\n\n\n<div class=\"board\">\n      <div class=\"board-items masonry-grid\">\n      <div class=\"board-item masonry-item\">\n  <div class=\"board-image\" style=\"padding-top:66.666666666667%\">\n    <img decoding=\"async\" src=\"https:\/\/www.mohd.it\/wp-content\/uploads\/2026\/05\/8-interior-reflections-party.png\" \/>\n  <\/div>\n  <\/div>\n<div class=\"board-item masonry-item\">\n  <div class=\"board-image\" style=\"padding-top:66.666666666667%\">\n    <img decoding=\"async\" src=\"https:\/\/www.mohd.it\/wp-content\/uploads\/2026\/05\/6-interior-reflections-party.png\" \/>\n  <\/div>\n  <\/div>\n    <\/div>\n    <\/div>\n\n\n\n<figure class=\"wp-block-image size-large\"><img loading=\"lazy\" decoding=\"async\" width=\"1024\" height=\"683\" src=\"https:\/\/www.mohd.it\/wp-content\/uploads\/2026\/05\/5-interior-reflections-party-1024x683.png\" alt=\"Interior Reflections Party Mohd Officina Milano MDW2026 Tom Dixon\" class=\"wp-image-119799\" srcset=\"https:\/\/www.mohd.it\/wp-content\/uploads\/2026\/05\/5-interior-reflections-party-1024x683.png 1024w, https:\/\/www.mohd.it\/wp-content\/uploads\/2026\/05\/5-interior-reflections-party-300x200.png 300w, https:\/\/www.mohd.it\/wp-content\/uploads\/2026\/05\/5-interior-reflections-party-768x512.png 768w, https:\/\/www.mohd.it\/wp-content\/uploads\/2026\/05\/5-interior-reflections-party-1536x1024.png 1536w, https:\/\/www.mohd.it\/wp-content\/uploads\/2026\/05\/5-interior-reflections-party.png 1920w\" sizes=\"auto, (max-width: 1024px) 100vw, 1024px\" \/><\/figure>\n","protected":false},"excerpt":{"rendered":"<p>Ein Abschlussevent, das Erfahrung in aktive Erinnerung verwandelt \u2013 zwischen Material, Klang und Beziehungen.<\/p>\n","protected":false},"author":18,"featured_media":119719,"comment_status":"closed","ping_status":"closed","sticky":false,"template":"","format":"standard","meta":{"footnotes":""},"categories":[503],"tags":[],"class_list":["post-119874","post","type-post","status-publish","format-standard","has-post-thumbnail","hentry","category-design-events-de"],"yoast_head":"<!-- This site is optimized with the Yoast SEO plugin v24.0 - https:\/\/yoast.com\/wordpress\/plugins\/seo\/ -->\n<title>Mohd Officina Milano: Interior Reflections Party - Mohd<\/title>\n<meta name=\"description\" content=\"Abschlussevent in der Mohd Officina Milano zur Design Week 2026: Interior Reflections mit Tom Dixon.\" \/>\n<meta name=\"robots\" content=\"index, follow, max-snippet:-1, max-image-preview:large, max-video-preview:-1\" \/>\n<link rel=\"canonical\" href=\"https:\/\/www.mohd.it\/de\/magazine\/mohd-officina-milano-interior-reflections-party-design-als-gemeinsame-erfahrung\/\" \/>\n<meta property=\"og:locale\" content=\"de_DE\" \/>\n<meta property=\"og:type\" content=\"article\" \/>\n<meta property=\"og:title\" content=\"Mohd Officina Milano: Interior Reflections Party - Mohd\" \/>\n<meta property=\"og:description\" content=\"Abschlussevent in der Mohd Officina Milano zur Design Week 2026: Interior Reflections mit Tom Dixon.\" \/>\n<meta property=\"og:url\" content=\"https:\/\/www.mohd.it\/de\/magazine\/mohd-officina-milano-interior-reflections-party-design-als-gemeinsame-erfahrung\/\" \/>\n<meta property=\"og:site_name\" content=\"Mohd\" \/>\n<meta property=\"article:publisher\" content=\"https:\/\/www.facebook.com\/mollurahomedesign\" \/>\n<meta property=\"article:published_time\" content=\"2026-05-04T15:13:47+00:00\" \/>\n<meta property=\"article:modified_time\" content=\"2026-05-05T13:37:19+00:00\" \/>\n<meta property=\"og:image\" content=\"https:\/\/www.mohd.it\/wp-content\/uploads\/2026\/05\/Interior-Reflections-Party-6.png\" \/>\n\t<meta property=\"og:image:width\" content=\"1300\" \/>\n\t<meta property=\"og:image:height\" content=\"980\" \/>\n\t<meta property=\"og:image:type\" content=\"image\/png\" \/>\n<meta name=\"author\" content=\"Noemi Cris\u00e0\" \/>\n<meta name=\"twitter:card\" content=\"summary_large_image\" \/>\n<meta name=\"twitter:creator\" content=\"@mohd_homedesign\" \/>\n<meta name=\"twitter:site\" content=\"@mohd_homedesign\" \/>\n<meta name=\"twitter:label1\" content=\"Verfasst von\" \/>\n\t<meta name=\"twitter:data1\" content=\"Noemi Cris\u00e0\" \/>\n\t<meta name=\"twitter:label2\" content=\"Gesch\u00e4tzte Lesezeit\" \/>\n\t<meta name=\"twitter:data2\" content=\"3\u00a0Minuten\" \/>\n<script type=\"application\/ld+json\" class=\"yoast-schema-graph\">{\"@context\":\"https:\/\/schema.org\",\"@graph\":[{\"@type\":\"Article\",\"@id\":\"https:\/\/www.mohd.it\/de\/magazine\/mohd-officina-milano-interior-reflections-party-design-als-gemeinsame-erfahrung\/#article\",\"isPartOf\":{\"@id\":\"https:\/\/www.mohd.it\/de\/magazine\/mohd-officina-milano-interior-reflections-party-design-als-gemeinsame-erfahrung\/\"},\"author\":{\"name\":\"Noemi Cris\u00e0\",\"@id\":\"https:\/\/www.mohd.it\/de\/#\/schema\/person\/d237bc94bea0bfe5020d1c41b41f6af2\"},\"headline\":\"Mohd Officina Milano: Interior Reflections Party, Design als gemeinsame Erfahrung\",\"datePublished\":\"2026-05-04T15:13:47+00:00\",\"dateModified\":\"2026-05-05T13:37:19+00:00\",\"mainEntityOfPage\":{\"@id\":\"https:\/\/www.mohd.it\/de\/magazine\/mohd-officina-milano-interior-reflections-party-design-als-gemeinsame-erfahrung\/\"},\"wordCount\":208,\"publisher\":{\"@id\":\"https:\/\/www.mohd.it\/de\/#organization\"},\"image\":{\"@id\":\"https:\/\/www.mohd.it\/de\/magazine\/mohd-officina-milano-interior-reflections-party-design-als-gemeinsame-erfahrung\/#primaryimage\"},\"thumbnailUrl\":\"https:\/\/www.mohd.it\/wp-content\/uploads\/2026\/05\/Interior-Reflections-Party-6.png\",\"articleSection\":[\"Design Events\"],\"inLanguage\":\"de\"},{\"@type\":\"WebPage\",\"@id\":\"https:\/\/www.mohd.it\/de\/magazine\/mohd-officina-milano-interior-reflections-party-design-als-gemeinsame-erfahrung\/\",\"url\":\"https:\/\/www.mohd.it\/de\/magazine\/mohd-officina-milano-interior-reflections-party-design-als-gemeinsame-erfahrung\/\",\"name\":\"Mohd Officina Milano: Interior Reflections Party - Mohd\",\"isPartOf\":{\"@id\":\"https:\/\/www.mohd.it\/de\/#website\"},\"primaryImageOfPage\":{\"@id\":\"https:\/\/www.mohd.it\/de\/magazine\/mohd-officina-milano-interior-reflections-party-design-als-gemeinsame-erfahrung\/#primaryimage\"},\"image\":{\"@id\":\"https:\/\/www.mohd.it\/de\/magazine\/mohd-officina-milano-interior-reflections-party-design-als-gemeinsame-erfahrung\/#primaryimage\"},\"thumbnailUrl\":\"https:\/\/www.mohd.it\/wp-content\/uploads\/2026\/05\/Interior-Reflections-Party-6.png\",\"datePublished\":\"2026-05-04T15:13:47+00:00\",\"dateModified\":\"2026-05-05T13:37:19+00:00\",\"description\":\"Abschlussevent in der Mohd Officina Milano zur Design Week 2026: Interior Reflections mit Tom Dixon.\",\"breadcrumb\":{\"@id\":\"https:\/\/www.mohd.it\/de\/magazine\/mohd-officina-milano-interior-reflections-party-design-als-gemeinsame-erfahrung\/#breadcrumb\"},\"inLanguage\":\"de\",\"potentialAction\":[{\"@type\":\"ReadAction\",\"target\":[\"https:\/\/www.mohd.it\/de\/magazine\/mohd-officina-milano-interior-reflections-party-design-als-gemeinsame-erfahrung\/\"]}]},{\"@type\":\"ImageObject\",\"inLanguage\":\"de\",\"@id\":\"https:\/\/www.mohd.it\/de\/magazine\/mohd-officina-milano-interior-reflections-party-design-als-gemeinsame-erfahrung\/#primaryimage\",\"url\":\"https:\/\/www.mohd.it\/wp-content\/uploads\/2026\/05\/Interior-Reflections-Party-6.png\",\"contentUrl\":\"https:\/\/www.mohd.it\/wp-content\/uploads\/2026\/05\/Interior-Reflections-Party-6.png\",\"width\":1300,\"height\":980,\"caption\":\"Interior Reflections Party\"},{\"@type\":\"BreadcrumbList\",\"@id\":\"https:\/\/www.mohd.it\/de\/magazine\/mohd-officina-milano-interior-reflections-party-design-als-gemeinsame-erfahrung\/#breadcrumb\",\"itemListElement\":[{\"@type\":\"ListItem\",\"position\":1,\"name\":\"Home\",\"item\":\"https:\/\/www.mohd.it\/de\/\"},{\"@type\":\"ListItem\",\"position\":2,\"name\":\"Mohd Officina Milano: Interior Reflections Party, Design als gemeinsame Erfahrung\"}]},{\"@type\":\"WebSite\",\"@id\":\"https:\/\/www.mohd.it\/de\/#website\",\"url\":\"https:\/\/www.mohd.it\/de\/\",\"name\":\"Mohd\",\"description\":\"\",\"publisher\":{\"@id\":\"https:\/\/www.mohd.it\/de\/#organization\"},\"potentialAction\":[{\"@type\":\"SearchAction\",\"target\":{\"@type\":\"EntryPoint\",\"urlTemplate\":\"https:\/\/www.mohd.it\/de\/?s={search_term_string}\"},\"query-input\":{\"@type\":\"PropertyValueSpecification\",\"valueRequired\":true,\"valueName\":\"search_term_string\"}}],\"inLanguage\":\"de\"},{\"@type\":\"Organization\",\"@id\":\"https:\/\/www.mohd.it\/de\/#organization\",\"name\":\"Mollura & C. SPA\",\"url\":\"https:\/\/www.mohd.it\/de\/\",\"logo\":{\"@type\":\"ImageObject\",\"inLanguage\":\"de\",\"@id\":\"https:\/\/www.mohd.it\/de\/#\/schema\/logo\/image\/\",\"url\":\"https:\/\/www.mohd.it\/wp-content\/uploads\/2020\/09\/mohd-logo.png\",\"contentUrl\":\"https:\/\/www.mohd.it\/wp-content\/uploads\/2020\/09\/mohd-logo.png\",\"width\":600,\"height\":600,\"caption\":\"Mollura & C. SPA\"},\"image\":{\"@id\":\"https:\/\/www.mohd.it\/de\/#\/schema\/logo\/image\/\"},\"sameAs\":[\"https:\/\/www.facebook.com\/mollurahomedesign\",\"https:\/\/x.com\/mohd_homedesign\",\"https:\/\/www.instagram.com\/mohd_homedesign\/\",\"https:\/\/it.linkedin.com\/company\/mohd-mollura-home-design\",\"https:\/\/www.pinterest.it\/mohdhomedesign\/\",\"https:\/\/www.youtube.com\/channel\/UCYLuPff6hq4z_o0GO0w1yaA\"]},{\"@type\":\"Person\",\"@id\":\"https:\/\/www.mohd.it\/de\/#\/schema\/person\/d237bc94bea0bfe5020d1c41b41f6af2\",\"name\":\"Noemi Cris\u00e0\",\"image\":{\"@type\":\"ImageObject\",\"inLanguage\":\"de\",\"@id\":\"https:\/\/www.mohd.it\/de\/#\/schema\/person\/image\/\",\"url\":\"https:\/\/secure.gravatar.com\/avatar\/6f959897d20f7190d0b1a9b0a1518d13?s=96&d=mm&r=g\",\"contentUrl\":\"https:\/\/secure.gravatar.com\/avatar\/6f959897d20f7190d0b1a9b0a1518d13?s=96&d=mm&r=g\",\"caption\":\"Noemi Cris\u00e0\"},\"url\":\"https:\/\/www.mohd.it\/de\/magazine\/author\/noemi\/\"}]}<\/script>\n<!-- \/ Yoast SEO plugin. -->","yoast_head_json":{"title":"Mohd Officina Milano: Interior Reflections Party - Mohd","description":"Abschlussevent in der Mohd Officina Milano zur Design Week 2026: Interior Reflections mit Tom Dixon.","robots":{"index":"index","follow":"follow","max-snippet":"max-snippet:-1","max-image-preview":"max-image-preview:large","max-video-preview":"max-video-preview:-1"},"canonical":"https:\/\/www.mohd.it\/de\/magazine\/mohd-officina-milano-interior-reflections-party-design-als-gemeinsame-erfahrung\/","og_locale":"de_DE","og_type":"article","og_title":"Mohd Officina Milano: Interior Reflections Party - Mohd","og_description":"Abschlussevent in der Mohd Officina Milano zur Design Week 2026: Interior Reflections mit Tom Dixon.","og_url":"https:\/\/www.mohd.it\/de\/magazine\/mohd-officina-milano-interior-reflections-party-design-als-gemeinsame-erfahrung\/","og_site_name":"Mohd","article_publisher":"https:\/\/www.facebook.com\/mollurahomedesign","article_published_time":"2026-05-04T15:13:47+00:00","article_modified_time":"2026-05-05T13:37:19+00:00","og_image":[{"width":1300,"height":980,"url":"https:\/\/www.mohd.it\/wp-content\/uploads\/2026\/05\/Interior-Reflections-Party-6.png","type":"image\/png"}],"author":"Noemi Cris\u00e0","twitter_card":"summary_large_image","twitter_creator":"@mohd_homedesign","twitter_site":"@mohd_homedesign","twitter_misc":{"Verfasst von":"Noemi Cris\u00e0","Gesch\u00e4tzte Lesezeit":"3\u00a0Minuten"},"schema":{"@context":"https:\/\/schema.org","@graph":[{"@type":"Article","@id":"https:\/\/www.mohd.it\/de\/magazine\/mohd-officina-milano-interior-reflections-party-design-als-gemeinsame-erfahrung\/#article","isPartOf":{"@id":"https:\/\/www.mohd.it\/de\/magazine\/mohd-officina-milano-interior-reflections-party-design-als-gemeinsame-erfahrung\/"},"author":{"name":"Noemi Cris\u00e0","@id":"https:\/\/www.mohd.it\/de\/#\/schema\/person\/d237bc94bea0bfe5020d1c41b41f6af2"},"headline":"Mohd Officina Milano: Interior Reflections Party, Design als gemeinsame Erfahrung","datePublished":"2026-05-04T15:13:47+00:00","dateModified":"2026-05-05T13:37:19+00:00","mainEntityOfPage":{"@id":"https:\/\/www.mohd.it\/de\/magazine\/mohd-officina-milano-interior-reflections-party-design-als-gemeinsame-erfahrung\/"},"wordCount":208,"publisher":{"@id":"https:\/\/www.mohd.it\/de\/#organization"},"image":{"@id":"https:\/\/www.mohd.it\/de\/magazine\/mohd-officina-milano-interior-reflections-party-design-als-gemeinsame-erfahrung\/#primaryimage"},"thumbnailUrl":"https:\/\/www.mohd.it\/wp-content\/uploads\/2026\/05\/Interior-Reflections-Party-6.png","articleSection":["Design Events"],"inLanguage":"de"},{"@type":"WebPage","@id":"https:\/\/www.mohd.it\/de\/magazine\/mohd-officina-milano-interior-reflections-party-design-als-gemeinsame-erfahrung\/","url":"https:\/\/www.mohd.it\/de\/magazine\/mohd-officina-milano-interior-reflections-party-design-als-gemeinsame-erfahrung\/","name":"Mohd Officina Milano: Interior Reflections Party - Mohd","isPartOf":{"@id":"https:\/\/www.mohd.it\/de\/#website"},"primaryImageOfPage":{"@id":"https:\/\/www.mohd.it\/de\/magazine\/mohd-officina-milano-interior-reflections-party-design-als-gemeinsame-erfahrung\/#primaryimage"},"image":{"@id":"https:\/\/www.mohd.it\/de\/magazine\/mohd-officina-milano-interior-reflections-party-design-als-gemeinsame-erfahrung\/#primaryimage"},"thumbnailUrl":"https:\/\/www.mohd.it\/wp-content\/uploads\/2026\/05\/Interior-Reflections-Party-6.png","datePublished":"2026-05-04T15:13:47+00:00","dateModified":"2026-05-05T13:37:19+00:00","description":"Abschlussevent in der Mohd Officina Milano zur Design Week 2026: Interior Reflections mit Tom Dixon.","breadcrumb":{"@id":"https:\/\/www.mohd.it\/de\/magazine\/mohd-officina-milano-interior-reflections-party-design-als-gemeinsame-erfahrung\/#breadcrumb"},"inLanguage":"de","potentialAction":[{"@type":"ReadAction","target":["https:\/\/www.mohd.it\/de\/magazine\/mohd-officina-milano-interior-reflections-party-design-als-gemeinsame-erfahrung\/"]}]},{"@type":"ImageObject","inLanguage":"de","@id":"https:\/\/www.mohd.it\/de\/magazine\/mohd-officina-milano-interior-reflections-party-design-als-gemeinsame-erfahrung\/#primaryimage","url":"https:\/\/www.mohd.it\/wp-content\/uploads\/2026\/05\/Interior-Reflections-Party-6.png","contentUrl":"https:\/\/www.mohd.it\/wp-content\/uploads\/2026\/05\/Interior-Reflections-Party-6.png","width":1300,"height":980,"caption":"Interior Reflections Party"},{"@type":"BreadcrumbList","@id":"https:\/\/www.mohd.it\/de\/magazine\/mohd-officina-milano-interior-reflections-party-design-als-gemeinsame-erfahrung\/#breadcrumb","itemListElement":[{"@type":"ListItem","position":1,"name":"Home","item":"https:\/\/www.mohd.it\/de\/"},{"@type":"ListItem","position":2,"name":"Mohd Officina Milano: Interior Reflections Party, Design als gemeinsame Erfahrung"}]},{"@type":"WebSite","@id":"https:\/\/www.mohd.it\/de\/#website","url":"https:\/\/www.mohd.it\/de\/","name":"Mohd","description":"","publisher":{"@id":"https:\/\/www.mohd.it\/de\/#organization"},"potentialAction":[{"@type":"SearchAction","target":{"@type":"EntryPoint","urlTemplate":"https:\/\/www.mohd.it\/de\/?s={search_term_string}"},"query-input":{"@type":"PropertyValueSpecification","valueRequired":true,"valueName":"search_term_string"}}],"inLanguage":"de"},{"@type":"Organization","@id":"https:\/\/www.mohd.it\/de\/#organization","name":"Mollura & C. SPA","url":"https:\/\/www.mohd.it\/de\/","logo":{"@type":"ImageObject","inLanguage":"de","@id":"https:\/\/www.mohd.it\/de\/#\/schema\/logo\/image\/","url":"https:\/\/www.mohd.it\/wp-content\/uploads\/2020\/09\/mohd-logo.png","contentUrl":"https:\/\/www.mohd.it\/wp-content\/uploads\/2020\/09\/mohd-logo.png","width":600,"height":600,"caption":"Mollura & C. SPA"},"image":{"@id":"https:\/\/www.mohd.it\/de\/#\/schema\/logo\/image\/"},"sameAs":["https:\/\/www.facebook.com\/mollurahomedesign","https:\/\/x.com\/mohd_homedesign","https:\/\/www.instagram.com\/mohd_homedesign\/","https:\/\/it.linkedin.com\/company\/mohd-mollura-home-design","https:\/\/www.pinterest.it\/mohdhomedesign\/","https:\/\/www.youtube.com\/channel\/UCYLuPff6hq4z_o0GO0w1yaA"]},{"@type":"Person","@id":"https:\/\/www.mohd.it\/de\/#\/schema\/person\/d237bc94bea0bfe5020d1c41b41f6af2","name":"Noemi Cris\u00e0","image":{"@type":"ImageObject","inLanguage":"de","@id":"https:\/\/www.mohd.it\/de\/#\/schema\/person\/image\/","url":"https:\/\/secure.gravatar.com\/avatar\/6f959897d20f7190d0b1a9b0a1518d13?s=96&d=mm&r=g","contentUrl":"https:\/\/secure.gravatar.com\/avatar\/6f959897d20f7190d0b1a9b0a1518d13?s=96&d=mm&r=g","caption":"Noemi Cris\u00e0"},"url":"https:\/\/www.mohd.it\/de\/magazine\/author\/noemi\/"}]}},"image":"https:\/\/www.mohd.it\/wp-content\/uploads\/2026\/05\/Interior-Reflections-Party-6-800x600.png","category":"Design Events","_links":{"self":[{"href":"https:\/\/www.mohd.it\/de\/wp-json\/wp\/v2\/posts\/119874","targetHints":{"allow":["GET"]}}],"collection":[{"href":"https:\/\/www.mohd.it\/de\/wp-json\/wp\/v2\/posts"}],"about":[{"href":"https:\/\/www.mohd.it\/de\/wp-json\/wp\/v2\/types\/post"}],"author":[{"embeddable":true,"href":"https:\/\/www.mohd.it\/de\/wp-json\/wp\/v2\/users\/18"}],"replies":[{"embeddable":true,"href":"https:\/\/www.mohd.it\/de\/wp-json\/wp\/v2\/comments?post=119874"}],"version-history":[{"count":3,"href":"https:\/\/www.mohd.it\/de\/wp-json\/wp\/v2\/posts\/119874\/revisions"}],"predecessor-version":[{"id":119904,"href":"https:\/\/www.mohd.it\/de\/wp-json\/wp\/v2\/posts\/119874\/revisions\/119904"}],"wp:featuredmedia":[{"embeddable":true,"href":"https:\/\/www.mohd.it\/de\/wp-json\/wp\/v2\/media\/119719"}],"wp:attachment":[{"href":"https:\/\/www.mohd.it\/de\/wp-json\/wp\/v2\/media?parent=119874"}],"wp:term":[{"taxonomy":"category","embeddable":true,"href":"https:\/\/www.mohd.it\/de\/wp-json\/wp\/v2\/categories?post=119874"},{"taxonomy":"post_tag","embeddable":true,"href":"https:\/\/www.mohd.it\/de\/wp-json\/wp\/v2\/tags?post=119874"}],"curies":[{"name":"wp","href":"https:\/\/api.w.org\/{rel}","templated":true}]}}