{"id":120043,"date":"2026-05-05T17:08:28","date_gmt":"2026-05-05T15:08:28","guid":{"rendered":"https:\/\/www.mohd.it\/?p=120043"},"modified":"2026-05-05T17:08:29","modified_gmt":"2026-05-05T15:08:29","slug":"artemide-2026-licht-als-entwurfssprache","status":"publish","type":"post","link":"https:\/\/www.mohd.it\/de\/magazine\/artemide-2026-licht-als-entwurfssprache\/","title":{"rendered":"Artemide 2026: Licht als Entwurfssprache"},"content":{"rendered":"\n<p>F\u00fcr <strong><a href=\"https:\/\/shopmohd.com\/de\/marken\/artemide.html\">Artemide<\/a><\/strong> ist Licht kein additives Element, sondern ein Instrument zur Konstruktion von Raum. Zur Milan Design Week 2026 er\u00f6ffnet die Marke ein neues Kapitel, in dem technologische Forschung und materielle Sensibilit\u00e4t in einer koh\u00e4renten, vielschichtigen Vision zusammenfinden \u2013 zwischen Produkt und Installation.<\/p>\n\n\n\n<p>Die <strong><a href=\"https:\/\/shopmohd.com\/de\/marken\/artemide\/neuheiten.html\">Kollektion 2026<\/a><\/strong> untersucht das Verh\u00e4ltnis zwischen technischer Pr\u00e4zision und sensorischer Ausdruckskraft. Mit der Tischleuchte <strong>Boltons<\/strong> von Herzog &amp; de Meuron wird Glas zum Feld optischer Forschung: Eine transparente Struktur integriert eine Linse, die den Lichtstrahl auf einen beweglichen Reflektor lenkt und so eine feine Steuerung durch minimale Gesten erm\u00f6glicht. Das Ergebnis ist ein Objekt, in dem sich Licht vervielfacht und die Wahrnehmung der Form kontinuierlich neu definiert.<\/p>\n\n\n<div class=\"board\">\n      <div class=\"board-items masonry-grid\">\n      <div class=\"board-item masonry-item\">\n  <div class=\"board-image\" style=\"padding-top:125%\">\n    <img decoding=\"async\" src=\"https:\/\/www.mohd.it\/wp-content\/uploads\/2026\/05\/Artemide-MDW2026-Boltons.png\" \/>\n  <\/div>\n  <\/div>\n<div class=\"board-item masonry-item\">\n  <div class=\"board-product\" style=\"padding-top:125%\">\n    <img decoding=\"async\" src=\"https:\/\/www.mohd.it\/wp-content\/uploads\/2026\/05\/Artemide-MDW2026-Boltons-1.png\" \/>\n    <div class=\"content\">\n      <span class=\"brand\">Artemide<\/span>      <span class=\"name\">Boltons<\/span>\n    <\/div>\n    <div class=\"actions\">\n              <a href=\"https:\/\/shopmohd.com\/de\/boltons-tischlampe.html\" class=\"button\">Acquista<\/a>\n            \t\t          <\/div>\n  <\/div>\n    <\/div>\n    <\/div>\n    <\/div>\n\n\n\n<p>Die Wandleuchte <strong>Ulrich und Diotima<\/strong> von Carlotta de Bevilacqua arbeitet mit dem Spannungsverh\u00e4ltnis zwischen geometrischer Strenge und materieller Unvorhersehbarkeit. Craquel\u00e9-Glas, durchzogen von Mikrobr\u00fcchen, transformiert das Licht in eine vibrierende, dynamische Pr\u00e4senz, w\u00e4hrend die integrierte LED-Technologie zur\u00fccktritt und eine pr\u00e4zise, essentielle Form sichtbar macht.<\/p>\n\n\n\n<figure class=\"wp-block-image size-large\"><img loading=\"lazy\" decoding=\"async\" width=\"1024\" height=\"576\" src=\"https:\/\/www.mohd.it\/wp-content\/uploads\/2026\/05\/Artemide-MDW2026-Ulrich-und-Diotima-2-1024x576.png\" alt=\"Artemide MDW2026 Ulrich und Diotima\" class=\"wp-image-119973\" srcset=\"https:\/\/www.mohd.it\/wp-content\/uploads\/2026\/05\/Artemide-MDW2026-Ulrich-und-Diotima-2-1024x576.png 1024w, https:\/\/www.mohd.it\/wp-content\/uploads\/2026\/05\/Artemide-MDW2026-Ulrich-und-Diotima-2-300x169.png 300w, https:\/\/www.mohd.it\/wp-content\/uploads\/2026\/05\/Artemide-MDW2026-Ulrich-und-Diotima-2-768x432.png 768w, https:\/\/www.mohd.it\/wp-content\/uploads\/2026\/05\/Artemide-MDW2026-Ulrich-und-Diotima-2-1536x864.png 1536w, https:\/\/www.mohd.it\/wp-content\/uploads\/2026\/05\/Artemide-MDW2026-Ulrich-und-Diotima-2.png 1920w\" sizes=\"auto, (max-width: 1024px) 100vw, 1024px\" \/><\/figure>\n\n\n<div class=\"board\">\n      <div class=\"board-items masonry-grid\">\n      <div class=\"board-item masonry-item\">\n  <div class=\"board-product\" style=\"padding-top:125%\">\n    <img decoding=\"async\" src=\"https:\/\/www.mohd.it\/wp-content\/uploads\/2026\/05\/Artemide-MDW2026-Ulrich-und-Diotima-1.png\" \/>\n    <div class=\"content\">\n      <span class=\"brand\">Artemide<\/span>      <span class=\"name\">Ulrich und Diotima<\/span>\n    <\/div>\n    <div class=\"actions\">\n              <a href=\"https:\/\/shopmohd.com\/de\/ulrich-und-diotima-wandleuchte.html\" class=\"button\">Acquista<\/a>\n            \t\t          <\/div>\n  <\/div>\n    <\/div>\n<div class=\"board-item masonry-item\">\n  <div class=\"board-product\" style=\"padding-top:125%\">\n    <img decoding=\"async\" src=\"https:\/\/www.mohd.it\/wp-content\/uploads\/2026\/05\/Artemide-MDW2026-Ulrich-und-Diotima.png\" \/>\n    <div class=\"content\">\n      <span class=\"brand\">Artemide<\/span>      <span class=\"name\">Ulrich L und Diotima<\/span>\n    <\/div>\n    <div class=\"actions\">\n              <a href=\"https:\/\/shopmohd.com\/de\/ulrich-l-und-diotima-wandleuchte.html\" class=\"button\">Acquista<\/a>\n            \t\t          <\/div>\n  <\/div>\n    <\/div>\n    <\/div>\n    <\/div>\n\n\n\n<p>Die Forschung erweitert sich auf die Farbe mit der <strong>Ruby Red Collection<\/strong>, in der ein neuer, intensiver Ton bekannte Ikonen wie <strong>Nesso<\/strong>, <strong>Dal\u00f9 <\/strong>und <strong>Tolomeo<\/strong> <strong>Micro<\/strong> neu interpretiert. Farbe wird nicht als Oberfl\u00e4che eingesetzt, sondern als strukturelles Element, das die Wahrnehmung ver\u00e4ndert und die Beziehung zwischen Licht und Raum intensiviert.<\/p>\n\n\n\n<figure class=\"wp-block-image size-large\"><img loading=\"lazy\" decoding=\"async\" width=\"1024\" height=\"576\" src=\"https:\/\/www.mohd.it\/wp-content\/uploads\/2026\/05\/Artemide-MDW2026-Ruby-Red-Collection-1024x576.png\" alt=\"Artemide MDW2026 Ruby Red Collection\" class=\"wp-image-119955\" srcset=\"https:\/\/www.mohd.it\/wp-content\/uploads\/2026\/05\/Artemide-MDW2026-Ruby-Red-Collection-1024x576.png 1024w, https:\/\/www.mohd.it\/wp-content\/uploads\/2026\/05\/Artemide-MDW2026-Ruby-Red-Collection-300x169.png 300w, https:\/\/www.mohd.it\/wp-content\/uploads\/2026\/05\/Artemide-MDW2026-Ruby-Red-Collection-768x432.png 768w, https:\/\/www.mohd.it\/wp-content\/uploads\/2026\/05\/Artemide-MDW2026-Ruby-Red-Collection-1536x864.png 1536w, https:\/\/www.mohd.it\/wp-content\/uploads\/2026\/05\/Artemide-MDW2026-Ruby-Red-Collection.png 1920w\" sizes=\"auto, (max-width: 1024px) 100vw, 1024px\" \/><\/figure>\n\n\n<div class=\"board\">\n      <div class=\"board-items masonry-grid\">\n      <div class=\"board-item masonry-item\">\n  <div class=\"board-product\" style=\"padding-top:125%\">\n    <img decoding=\"async\" src=\"https:\/\/www.mohd.it\/wp-content\/uploads\/2026\/05\/Artemide-MDW2026-Ruby-Red-Collection-Nessino.png\" \/>\n    <div class=\"content\">\n      <span class=\"brand\">Artemide<\/span>      <span class=\"name\">Nessino &#8211; Ruby Red Collection<\/span>\n    <\/div>\n    <div class=\"actions\">\n              <a href=\"https:\/\/shopmohd.com\/de\/nessino-tischleuchte-ruby-red-collection.html\" class=\"button\">Acquista<\/a>\n            \t\t          <\/div>\n  <\/div>\n    <\/div>\n<div class=\"board-item masonry-item\">\n  <div class=\"board-product\" style=\"padding-top:125%\">\n    <img decoding=\"async\" src=\"https:\/\/www.mohd.it\/wp-content\/uploads\/2026\/05\/Artemide-MDW2026-Ruby-Red-Collection-Tolomeo.png\" \/>\n    <div class=\"content\">\n      <span class=\"brand\">Artemide<\/span>      <span class=\"name\">Tolomeo Micro &#8211; Ruby Red Collection<\/span>\n    <\/div>\n    <div class=\"actions\">\n              <a href=\"https:\/\/shopmohd.com\/de\/tolomeo-micro-tischleuchte-ruby-red-collection.html\" class=\"button\">Acquista<\/a>\n            \t\t          <\/div>\n  <\/div>\n      \t<p class=\"board-item-caption\">Credits: Pezzo di Studio<\/p>\n  <\/div>\n<div class=\"board-item masonry-item\">\n  <div class=\"board-product\" style=\"padding-top:125%\">\n    <img decoding=\"async\" src=\"https:\/\/www.mohd.it\/wp-content\/uploads\/2026\/05\/Artemide-MDW2026-Teti.png\" \/>\n    <div class=\"content\">\n      <span class=\"brand\">Artemide<\/span>      <span class=\"name\">Teti &#8211; Ruby Red Collection<\/span>\n    <\/div>\n    <div class=\"actions\">\n              <a href=\"https:\/\/shopmohd.com\/de\/teti-wand-deckenleuchte-ruby-red-collection.html\" class=\"button\">Acquista<\/a>\n            \t\t          <\/div>\n  <\/div>\n      \t<p class=\"board-item-caption\">Ph. Federico Villa<\/p>\n  <\/div>\n<div class=\"board-item masonry-item\">\n  <div class=\"board-product\" style=\"padding-top:125%\">\n    <img decoding=\"async\" src=\"https:\/\/www.mohd.it\/wp-content\/uploads\/2026\/05\/Artemide-MDW2026-Dalu.png\" \/>\n    <div class=\"content\">\n      <span class=\"brand\">Artemide<\/span>      <span class=\"name\">Dal\u00f9 &#8211; Ruby Red Collection<\/span>\n    <\/div>\n    <div class=\"actions\">\n              <a href=\"https:\/\/shopmohd.com\/de\/dalu-tischleuchte-ruby-red-collection.html\" class=\"button\">Acquista<\/a>\n            \t\t          <\/div>\n  <\/div>\n    <\/div>\n    <\/div>\n    <\/div>\n\n\n\n<p>W\u00e4hrend der Design Week erweitert Artemide seine Erz\u00e4hlung \u00fcber das Produkt hinaus. Mit <strong>Light Knot Progression<\/strong>, entwickelt mit BIG \u2013 Bjarke Ingels Group f\u00fcr INTERNI, wird Licht zu Architektur. In den R\u00e4umen der Universit\u00e0 degli Studi di Milano entfaltet sich eine Abfolge leuchtender Knoten entlang von elf B\u00f6gen und \u00fcbersetzt den Entwurfsprozess in eine kontinuierliche visuelle Progression.<\/p>\n\n\n<div class=\"board\">\n      <div class=\"board-items masonry-grid\">\n      <div class=\"board-item masonry-item\">\n  <div class=\"board-image\" style=\"padding-top:125%\">\n    <img decoding=\"async\" src=\"https:\/\/www.mohd.it\/wp-content\/uploads\/2026\/05\/Artemide-MDW2026-Light-Knot-Progression.png\" \/>\n  <\/div>\n    \t<p class=\"board-item-caption\">Ph. Michele Nastasi<\/p>\n  <\/div>\n<div class=\"board-item masonry-item\">\n  <div class=\"board-image\" style=\"padding-top:125%\">\n    <img decoding=\"async\" src=\"https:\/\/www.mohd.it\/wp-content\/uploads\/2026\/05\/Artemide-MDW2026-Light-Knot-Progression-1.png\" \/>\n  <\/div>\n    \t<p class=\"board-item-caption\">Ph. Michele Nastasi<\/p>\n  <\/div>\n    <\/div>\n    <\/div>\n\n\n\n<p>Parallel dazu bot der Flagship-Store in Corso Monforte eine konzentriertere Perspektive, in der die neuen Kollektionen in ihrer formalen und materiellen Pr\u00e4zision pr\u00e4sentiert wurden. Hier trat das Projekt in den Dialog mit dem h\u00e4uslichen Raum und bewahrte die Spannung zwischen technischer Innovation und Wahrnehmungsqualit\u00e4t.<\/p>\n\n\n\n<figure class=\"wp-block-image size-large\"><img loading=\"lazy\" decoding=\"async\" width=\"1024\" height=\"576\" src=\"https:\/\/www.mohd.it\/wp-content\/uploads\/2026\/05\/Artemide-MDW2026-Corso-Monforte-1024x576.png\" alt=\"Artemide MDW2026 Corso Monforte\" class=\"wp-image-119985\" srcset=\"https:\/\/www.mohd.it\/wp-content\/uploads\/2026\/05\/Artemide-MDW2026-Corso-Monforte-1024x576.png 1024w, https:\/\/www.mohd.it\/wp-content\/uploads\/2026\/05\/Artemide-MDW2026-Corso-Monforte-300x169.png 300w, https:\/\/www.mohd.it\/wp-content\/uploads\/2026\/05\/Artemide-MDW2026-Corso-Monforte-768x432.png 768w, https:\/\/www.mohd.it\/wp-content\/uploads\/2026\/05\/Artemide-MDW2026-Corso-Monforte-1536x864.png 1536w, https:\/\/www.mohd.it\/wp-content\/uploads\/2026\/05\/Artemide-MDW2026-Corso-Monforte.png 1920w\" sizes=\"auto, (max-width: 1024px) 100vw, 1024px\" \/><\/figure>\n\n\n\n<p>Zwischen urbanen Installationen und neuen Kollektionen entwickelt Artemide ein koh\u00e4rentes Narrativ, in dem Licht als Entwurfssprache wirkt. Nicht mehr blo\u00dfe Funktion, sondern ein Element, das Disziplinen verbindet, Atmosph\u00e4ren definiert und neue Formen des Wohnens pr\u00e4gt.<\/p>\n","protected":false},"excerpt":{"rendered":"<p>Mit neuen Kollektionen und immersiven Installationen definiert Artemide zur Milan Design Week 2026 die Rolle des Lichts neu und macht es zum verbindenden Element zwischen Material, Raum und Wahrnehmung.<\/p>\n","protected":false},"author":18,"featured_media":119953,"comment_status":"closed","ping_status":"closed","sticky":false,"template":"","format":"standard","meta":{"footnotes":""},"categories":[486,482],"tags":[],"class_list":["post-120043","post","type-post","status-publish","format-standard","has-post-thumbnail","hentry","category-aktuelles","category-marken"],"yoast_head":"<!-- This site is optimized with the Yoast SEO plugin v24.0 - https:\/\/yoast.com\/wordpress\/plugins\/seo\/ -->\n<title>Artemide 2026: Licht als Entwurfssprache - Mohd<\/title>\n<meta name=\"description\" content=\"Zur Milan Design Week 2026 pr\u00e4sentiert Artemide neue Kollektionen und Installationen, in denen Licht zum gestalterischen Medium zwischen Material und Wahrnehmung wird.\" \/>\n<meta name=\"robots\" content=\"index, follow, max-snippet:-1, max-image-preview:large, max-video-preview:-1\" \/>\n<link rel=\"canonical\" href=\"https:\/\/www.mohd.it\/de\/magazine\/artemide-2026-licht-als-entwurfssprache\/\" \/>\n<meta property=\"og:locale\" content=\"de_DE\" \/>\n<meta property=\"og:type\" content=\"article\" \/>\n<meta property=\"og:title\" content=\"Artemide 2026: Licht als Entwurfssprache - Mohd\" \/>\n<meta property=\"og:description\" content=\"Zur Milan Design Week 2026 pr\u00e4sentiert Artemide neue Kollektionen und Installationen, in denen Licht zum gestalterischen Medium zwischen Material und Wahrnehmung wird.\" \/>\n<meta property=\"og:url\" content=\"https:\/\/www.mohd.it\/de\/magazine\/artemide-2026-licht-als-entwurfssprache\/\" \/>\n<meta property=\"og:site_name\" content=\"Mohd\" \/>\n<meta property=\"article:publisher\" content=\"https:\/\/www.facebook.com\/mollurahomedesign\" \/>\n<meta property=\"article:published_time\" content=\"2026-05-05T15:08:28+00:00\" \/>\n<meta property=\"article:modified_time\" content=\"2026-05-05T15:08:29+00:00\" \/>\n<meta property=\"og:image\" content=\"https:\/\/www.mohd.it\/wp-content\/uploads\/2026\/05\/Artemide-MDW2026-Ruby-Red-Collection-1.png\" \/>\n\t<meta property=\"og:image:width\" content=\"1300\" \/>\n\t<meta property=\"og:image:height\" content=\"980\" \/>\n\t<meta property=\"og:image:type\" content=\"image\/png\" \/>\n<meta name=\"author\" content=\"Noemi Cris\u00e0\" \/>\n<meta name=\"twitter:card\" content=\"summary_large_image\" \/>\n<meta name=\"twitter:creator\" content=\"@mohd_homedesign\" \/>\n<meta name=\"twitter:site\" content=\"@mohd_homedesign\" \/>\n<meta name=\"twitter:label1\" content=\"Verfasst von\" \/>\n\t<meta name=\"twitter:data1\" content=\"Noemi Cris\u00e0\" \/>\n\t<meta name=\"twitter:label2\" content=\"Gesch\u00e4tzte Lesezeit\" \/>\n\t<meta name=\"twitter:data2\" content=\"1\u00a0Minute\" \/>\n<script type=\"application\/ld+json\" class=\"yoast-schema-graph\">{\"@context\":\"https:\/\/schema.org\",\"@graph\":[{\"@type\":\"Article\",\"@id\":\"https:\/\/www.mohd.it\/de\/magazine\/artemide-2026-licht-als-entwurfssprache\/#article\",\"isPartOf\":{\"@id\":\"https:\/\/www.mohd.it\/de\/magazine\/artemide-2026-licht-als-entwurfssprache\/\"},\"author\":{\"name\":\"Noemi Cris\u00e0\",\"@id\":\"https:\/\/www.mohd.it\/de\/#\/schema\/person\/d237bc94bea0bfe5020d1c41b41f6af2\"},\"headline\":\"Artemide 2026: Licht als Entwurfssprache\",\"datePublished\":\"2026-05-05T15:08:28+00:00\",\"dateModified\":\"2026-05-05T15:08:29+00:00\",\"mainEntityOfPage\":{\"@id\":\"https:\/\/www.mohd.it\/de\/magazine\/artemide-2026-licht-als-entwurfssprache\/\"},\"wordCount\":369,\"publisher\":{\"@id\":\"https:\/\/www.mohd.it\/de\/#organization\"},\"image\":{\"@id\":\"https:\/\/www.mohd.it\/de\/magazine\/artemide-2026-licht-als-entwurfssprache\/#primaryimage\"},\"thumbnailUrl\":\"https:\/\/www.mohd.it\/wp-content\/uploads\/2026\/05\/Artemide-MDW2026-Ruby-Red-Collection-1.png\",\"articleSection\":[\"Aktuelles\",\"Marken\"],\"inLanguage\":\"de\"},{\"@type\":\"WebPage\",\"@id\":\"https:\/\/www.mohd.it\/de\/magazine\/artemide-2026-licht-als-entwurfssprache\/\",\"url\":\"https:\/\/www.mohd.it\/de\/magazine\/artemide-2026-licht-als-entwurfssprache\/\",\"name\":\"Artemide 2026: Licht als Entwurfssprache - Mohd\",\"isPartOf\":{\"@id\":\"https:\/\/www.mohd.it\/de\/#website\"},\"primaryImageOfPage\":{\"@id\":\"https:\/\/www.mohd.it\/de\/magazine\/artemide-2026-licht-als-entwurfssprache\/#primaryimage\"},\"image\":{\"@id\":\"https:\/\/www.mohd.it\/de\/magazine\/artemide-2026-licht-als-entwurfssprache\/#primaryimage\"},\"thumbnailUrl\":\"https:\/\/www.mohd.it\/wp-content\/uploads\/2026\/05\/Artemide-MDW2026-Ruby-Red-Collection-1.png\",\"datePublished\":\"2026-05-05T15:08:28+00:00\",\"dateModified\":\"2026-05-05T15:08:29+00:00\",\"description\":\"Zur Milan Design Week 2026 pr\u00e4sentiert Artemide neue Kollektionen und Installationen, in denen Licht zum gestalterischen Medium zwischen Material und Wahrnehmung wird.\",\"breadcrumb\":{\"@id\":\"https:\/\/www.mohd.it\/de\/magazine\/artemide-2026-licht-als-entwurfssprache\/#breadcrumb\"},\"inLanguage\":\"de\",\"potentialAction\":[{\"@type\":\"ReadAction\",\"target\":[\"https:\/\/www.mohd.it\/de\/magazine\/artemide-2026-licht-als-entwurfssprache\/\"]}]},{\"@type\":\"ImageObject\",\"inLanguage\":\"de\",\"@id\":\"https:\/\/www.mohd.it\/de\/magazine\/artemide-2026-licht-als-entwurfssprache\/#primaryimage\",\"url\":\"https:\/\/www.mohd.it\/wp-content\/uploads\/2026\/05\/Artemide-MDW2026-Ruby-Red-Collection-1.png\",\"contentUrl\":\"https:\/\/www.mohd.it\/wp-content\/uploads\/2026\/05\/Artemide-MDW2026-Ruby-Red-Collection-1.png\",\"width\":1300,\"height\":980,\"caption\":\"Artemide MDW2026 Ruby Red Collection\"},{\"@type\":\"BreadcrumbList\",\"@id\":\"https:\/\/www.mohd.it\/de\/magazine\/artemide-2026-licht-als-entwurfssprache\/#breadcrumb\",\"itemListElement\":[{\"@type\":\"ListItem\",\"position\":1,\"name\":\"Home\",\"item\":\"https:\/\/www.mohd.it\/de\/\"},{\"@type\":\"ListItem\",\"position\":2,\"name\":\"Artemide 2026: Licht als Entwurfssprache\"}]},{\"@type\":\"WebSite\",\"@id\":\"https:\/\/www.mohd.it\/de\/#website\",\"url\":\"https:\/\/www.mohd.it\/de\/\",\"name\":\"Mohd\",\"description\":\"\",\"publisher\":{\"@id\":\"https:\/\/www.mohd.it\/de\/#organization\"},\"potentialAction\":[{\"@type\":\"SearchAction\",\"target\":{\"@type\":\"EntryPoint\",\"urlTemplate\":\"https:\/\/www.mohd.it\/de\/?s={search_term_string}\"},\"query-input\":{\"@type\":\"PropertyValueSpecification\",\"valueRequired\":true,\"valueName\":\"search_term_string\"}}],\"inLanguage\":\"de\"},{\"@type\":\"Organization\",\"@id\":\"https:\/\/www.mohd.it\/de\/#organization\",\"name\":\"Mollura & C. SPA\",\"url\":\"https:\/\/www.mohd.it\/de\/\",\"logo\":{\"@type\":\"ImageObject\",\"inLanguage\":\"de\",\"@id\":\"https:\/\/www.mohd.it\/de\/#\/schema\/logo\/image\/\",\"url\":\"https:\/\/www.mohd.it\/wp-content\/uploads\/2020\/09\/mohd-logo.png\",\"contentUrl\":\"https:\/\/www.mohd.it\/wp-content\/uploads\/2020\/09\/mohd-logo.png\",\"width\":600,\"height\":600,\"caption\":\"Mollura & C. SPA\"},\"image\":{\"@id\":\"https:\/\/www.mohd.it\/de\/#\/schema\/logo\/image\/\"},\"sameAs\":[\"https:\/\/www.facebook.com\/mollurahomedesign\",\"https:\/\/x.com\/mohd_homedesign\",\"https:\/\/www.instagram.com\/mohd_homedesign\/\",\"https:\/\/it.linkedin.com\/company\/mohd-mollura-home-design\",\"https:\/\/www.pinterest.it\/mohdhomedesign\/\",\"https:\/\/www.youtube.com\/channel\/UCYLuPff6hq4z_o0GO0w1yaA\"]},{\"@type\":\"Person\",\"@id\":\"https:\/\/www.mohd.it\/de\/#\/schema\/person\/d237bc94bea0bfe5020d1c41b41f6af2\",\"name\":\"Noemi Cris\u00e0\",\"image\":{\"@type\":\"ImageObject\",\"inLanguage\":\"de\",\"@id\":\"https:\/\/www.mohd.it\/de\/#\/schema\/person\/image\/\",\"url\":\"https:\/\/secure.gravatar.com\/avatar\/6f959897d20f7190d0b1a9b0a1518d13?s=96&d=mm&r=g\",\"contentUrl\":\"https:\/\/secure.gravatar.com\/avatar\/6f959897d20f7190d0b1a9b0a1518d13?s=96&d=mm&r=g\",\"caption\":\"Noemi Cris\u00e0\"},\"url\":\"https:\/\/www.mohd.it\/de\/magazine\/author\/noemi\/\"}]}<\/script>\n<!-- \/ Yoast SEO plugin. -->","yoast_head_json":{"title":"Artemide 2026: Licht als Entwurfssprache - Mohd","description":"Zur Milan Design Week 2026 pr\u00e4sentiert Artemide neue Kollektionen und Installationen, in denen Licht zum gestalterischen Medium zwischen Material und Wahrnehmung wird.","robots":{"index":"index","follow":"follow","max-snippet":"max-snippet:-1","max-image-preview":"max-image-preview:large","max-video-preview":"max-video-preview:-1"},"canonical":"https:\/\/www.mohd.it\/de\/magazine\/artemide-2026-licht-als-entwurfssprache\/","og_locale":"de_DE","og_type":"article","og_title":"Artemide 2026: Licht als Entwurfssprache - Mohd","og_description":"Zur Milan Design Week 2026 pr\u00e4sentiert Artemide neue Kollektionen und Installationen, in denen Licht zum gestalterischen Medium zwischen Material und Wahrnehmung wird.","og_url":"https:\/\/www.mohd.it\/de\/magazine\/artemide-2026-licht-als-entwurfssprache\/","og_site_name":"Mohd","article_publisher":"https:\/\/www.facebook.com\/mollurahomedesign","article_published_time":"2026-05-05T15:08:28+00:00","article_modified_time":"2026-05-05T15:08:29+00:00","og_image":[{"width":1300,"height":980,"url":"https:\/\/www.mohd.it\/wp-content\/uploads\/2026\/05\/Artemide-MDW2026-Ruby-Red-Collection-1.png","type":"image\/png"}],"author":"Noemi Cris\u00e0","twitter_card":"summary_large_image","twitter_creator":"@mohd_homedesign","twitter_site":"@mohd_homedesign","twitter_misc":{"Verfasst von":"Noemi Cris\u00e0","Gesch\u00e4tzte Lesezeit":"1\u00a0Minute"},"schema":{"@context":"https:\/\/schema.org","@graph":[{"@type":"Article","@id":"https:\/\/www.mohd.it\/de\/magazine\/artemide-2026-licht-als-entwurfssprache\/#article","isPartOf":{"@id":"https:\/\/www.mohd.it\/de\/magazine\/artemide-2026-licht-als-entwurfssprache\/"},"author":{"name":"Noemi Cris\u00e0","@id":"https:\/\/www.mohd.it\/de\/#\/schema\/person\/d237bc94bea0bfe5020d1c41b41f6af2"},"headline":"Artemide 2026: Licht als Entwurfssprache","datePublished":"2026-05-05T15:08:28+00:00","dateModified":"2026-05-05T15:08:29+00:00","mainEntityOfPage":{"@id":"https:\/\/www.mohd.it\/de\/magazine\/artemide-2026-licht-als-entwurfssprache\/"},"wordCount":369,"publisher":{"@id":"https:\/\/www.mohd.it\/de\/#organization"},"image":{"@id":"https:\/\/www.mohd.it\/de\/magazine\/artemide-2026-licht-als-entwurfssprache\/#primaryimage"},"thumbnailUrl":"https:\/\/www.mohd.it\/wp-content\/uploads\/2026\/05\/Artemide-MDW2026-Ruby-Red-Collection-1.png","articleSection":["Aktuelles","Marken"],"inLanguage":"de"},{"@type":"WebPage","@id":"https:\/\/www.mohd.it\/de\/magazine\/artemide-2026-licht-als-entwurfssprache\/","url":"https:\/\/www.mohd.it\/de\/magazine\/artemide-2026-licht-als-entwurfssprache\/","name":"Artemide 2026: Licht als Entwurfssprache - Mohd","isPartOf":{"@id":"https:\/\/www.mohd.it\/de\/#website"},"primaryImageOfPage":{"@id":"https:\/\/www.mohd.it\/de\/magazine\/artemide-2026-licht-als-entwurfssprache\/#primaryimage"},"image":{"@id":"https:\/\/www.mohd.it\/de\/magazine\/artemide-2026-licht-als-entwurfssprache\/#primaryimage"},"thumbnailUrl":"https:\/\/www.mohd.it\/wp-content\/uploads\/2026\/05\/Artemide-MDW2026-Ruby-Red-Collection-1.png","datePublished":"2026-05-05T15:08:28+00:00","dateModified":"2026-05-05T15:08:29+00:00","description":"Zur Milan Design Week 2026 pr\u00e4sentiert Artemide neue Kollektionen und Installationen, in denen Licht zum gestalterischen Medium zwischen Material und Wahrnehmung wird.","breadcrumb":{"@id":"https:\/\/www.mohd.it\/de\/magazine\/artemide-2026-licht-als-entwurfssprache\/#breadcrumb"},"inLanguage":"de","potentialAction":[{"@type":"ReadAction","target":["https:\/\/www.mohd.it\/de\/magazine\/artemide-2026-licht-als-entwurfssprache\/"]}]},{"@type":"ImageObject","inLanguage":"de","@id":"https:\/\/www.mohd.it\/de\/magazine\/artemide-2026-licht-als-entwurfssprache\/#primaryimage","url":"https:\/\/www.mohd.it\/wp-content\/uploads\/2026\/05\/Artemide-MDW2026-Ruby-Red-Collection-1.png","contentUrl":"https:\/\/www.mohd.it\/wp-content\/uploads\/2026\/05\/Artemide-MDW2026-Ruby-Red-Collection-1.png","width":1300,"height":980,"caption":"Artemide MDW2026 Ruby Red Collection"},{"@type":"BreadcrumbList","@id":"https:\/\/www.mohd.it\/de\/magazine\/artemide-2026-licht-als-entwurfssprache\/#breadcrumb","itemListElement":[{"@type":"ListItem","position":1,"name":"Home","item":"https:\/\/www.mohd.it\/de\/"},{"@type":"ListItem","position":2,"name":"Artemide 2026: Licht als Entwurfssprache"}]},{"@type":"WebSite","@id":"https:\/\/www.mohd.it\/de\/#website","url":"https:\/\/www.mohd.it\/de\/","name":"Mohd","description":"","publisher":{"@id":"https:\/\/www.mohd.it\/de\/#organization"},"potentialAction":[{"@type":"SearchAction","target":{"@type":"EntryPoint","urlTemplate":"https:\/\/www.mohd.it\/de\/?s={search_term_string}"},"query-input":{"@type":"PropertyValueSpecification","valueRequired":true,"valueName":"search_term_string"}}],"inLanguage":"de"},{"@type":"Organization","@id":"https:\/\/www.mohd.it\/de\/#organization","name":"Mollura & C. SPA","url":"https:\/\/www.mohd.it\/de\/","logo":{"@type":"ImageObject","inLanguage":"de","@id":"https:\/\/www.mohd.it\/de\/#\/schema\/logo\/image\/","url":"https:\/\/www.mohd.it\/wp-content\/uploads\/2020\/09\/mohd-logo.png","contentUrl":"https:\/\/www.mohd.it\/wp-content\/uploads\/2020\/09\/mohd-logo.png","width":600,"height":600,"caption":"Mollura & C. SPA"},"image":{"@id":"https:\/\/www.mohd.it\/de\/#\/schema\/logo\/image\/"},"sameAs":["https:\/\/www.facebook.com\/mollurahomedesign","https:\/\/x.com\/mohd_homedesign","https:\/\/www.instagram.com\/mohd_homedesign\/","https:\/\/it.linkedin.com\/company\/mohd-mollura-home-design","https:\/\/www.pinterest.it\/mohdhomedesign\/","https:\/\/www.youtube.com\/channel\/UCYLuPff6hq4z_o0GO0w1yaA"]},{"@type":"Person","@id":"https:\/\/www.mohd.it\/de\/#\/schema\/person\/d237bc94bea0bfe5020d1c41b41f6af2","name":"Noemi Cris\u00e0","image":{"@type":"ImageObject","inLanguage":"de","@id":"https:\/\/www.mohd.it\/de\/#\/schema\/person\/image\/","url":"https:\/\/secure.gravatar.com\/avatar\/6f959897d20f7190d0b1a9b0a1518d13?s=96&d=mm&r=g","contentUrl":"https:\/\/secure.gravatar.com\/avatar\/6f959897d20f7190d0b1a9b0a1518d13?s=96&d=mm&r=g","caption":"Noemi Cris\u00e0"},"url":"https:\/\/www.mohd.it\/de\/magazine\/author\/noemi\/"}]}},"image":"https:\/\/www.mohd.it\/wp-content\/uploads\/2026\/05\/Artemide-MDW2026-Ruby-Red-Collection-1-800x600.png","category":"Aktuelles","_links":{"self":[{"href":"https:\/\/www.mohd.it\/de\/wp-json\/wp\/v2\/posts\/120043","targetHints":{"allow":["GET"]}}],"collection":[{"href":"https:\/\/www.mohd.it\/de\/wp-json\/wp\/v2\/posts"}],"about":[{"href":"https:\/\/www.mohd.it\/de\/wp-json\/wp\/v2\/types\/post"}],"author":[{"embeddable":true,"href":"https:\/\/www.mohd.it\/de\/wp-json\/wp\/v2\/users\/18"}],"replies":[{"embeddable":true,"href":"https:\/\/www.mohd.it\/de\/wp-json\/wp\/v2\/comments?post=120043"}],"version-history":[{"count":5,"href":"https:\/\/www.mohd.it\/de\/wp-json\/wp\/v2\/posts\/120043\/revisions"}],"predecessor-version":[{"id":120062,"href":"https:\/\/www.mohd.it\/de\/wp-json\/wp\/v2\/posts\/120043\/revisions\/120062"}],"wp:featuredmedia":[{"embeddable":true,"href":"https:\/\/www.mohd.it\/de\/wp-json\/wp\/v2\/media\/119953"}],"wp:attachment":[{"href":"https:\/\/www.mohd.it\/de\/wp-json\/wp\/v2\/media?parent=120043"}],"wp:term":[{"taxonomy":"category","embeddable":true,"href":"https:\/\/www.mohd.it\/de\/wp-json\/wp\/v2\/categories?post=120043"},{"taxonomy":"post_tag","embeddable":true,"href":"https:\/\/www.mohd.it\/de\/wp-json\/wp\/v2\/tags?post=120043"}],"curies":[{"name":"wp","href":"https:\/\/api.w.org\/{rel}","templated":true}]}}