{"id":120228,"date":"2026-05-06T09:37:49","date_gmt":"2026-05-06T07:37:49","guid":{"rendered":"https:\/\/www.mohd.it\/?p=120228"},"modified":"2026-05-06T09:37:50","modified_gmt":"2026-05-06T07:37:50","slug":"redduo-galleria-das-haus-als-ausstellung","status":"publish","type":"post","link":"https:\/\/www.mohd.it\/de\/magazine\/redduo-galleria-das-haus-als-ausstellung\/","title":{"rendered":"RedDuo Galleria, das Haus als Ausstellung"},"content":{"rendered":"\n<p>W\u00e4hrend der Milan Design Week 2026 arbeitet Mohd mit <strong>RedDuo Studio<\/strong> im Rahmen der RedDuo Galleria zusammen, einem Projekt, das das private Wohnhaus von Fabiola Di Virgilio und Andrea Rosso im Herzen von Porta Genova in eine tempor\u00e4re Galerie transformiert.<\/p>\n\n\n<div class=\"board\">\n      <div class=\"board-items masonry-grid\">\n      <div class=\"board-item masonry-item\">\n  <div class=\"board-image\" style=\"padding-top:125%\">\n    <img decoding=\"async\" src=\"https:\/\/www.mohd.it\/wp-content\/uploads\/2026\/05\/RedDuo-MDW2026.png\" \/>\n  <\/div>\n  <\/div>\n<div class=\"board-item masonry-item\">\n  <div class=\"board-image\" style=\"padding-top:125%\">\n    <img decoding=\"async\" src=\"https:\/\/www.mohd.it\/wp-content\/uploads\/2026\/05\/RedDuo-MDW2026-3.png\" \/>\n  <\/div>\n  <\/div>\n    <\/div>\n    <\/div>\n\n\n\n<p>Eine Zusammenarbeit, die eine kuratorische Haltung in einen intimen Wohnraum \u00fcberf\u00fchrt, in dem Design, Materialit\u00e4t und Wahrnehmung eine konzentrierte, sinnliche Erfahrung erzeugen.<\/p>\n\n\n\n<p>Das von RedDuo Studio entwickelte Projekt, mit Set Design von Laura Tocchet, vereint ma\u00dfgefertigte Elemente, nat\u00fcrliche Materialien und ausgew\u00e4hlte Kooperationen zu einer essentiellen Formensprache zwischen Strenge und materieller Sensibilit\u00e4t. Mohd wird Teil dieser Erz\u00e4hlung und tr\u00e4gt aktiv zu einem gemeinsamen gestalterischen \u00d6kosystem bei.<\/p>\n\n\n<div class=\"board\">\n      <div class=\"board-items masonry-grid\">\n      <div class=\"board-item masonry-item\">\n  <div class=\"board-image\" style=\"padding-top:125%\">\n    <img decoding=\"async\" src=\"https:\/\/www.mohd.it\/wp-content\/uploads\/2026\/05\/RedDuo-MDW2026-5.png\" \/>\n  <\/div>\n  <\/div>\n<div class=\"board-item masonry-item\">\n  <div class=\"board-image\" style=\"padding-top:125%\">\n    <img decoding=\"async\" src=\"https:\/\/www.mohd.it\/wp-content\/uploads\/2026\/05\/RedDuo-MDW2026-2.png\" \/>\n  <\/div>\n  <\/div>\n<div class=\"board-item masonry-item\">\n  <div class=\"board-image\" style=\"padding-top:125%\">\n    <img decoding=\"async\" src=\"https:\/\/www.mohd.it\/wp-content\/uploads\/2026\/05\/RedDuo-MDW2026-1.png\" \/>\n  <\/div>\n  <\/div>\n<div class=\"board-item masonry-item\">\n  <div class=\"board-image\" style=\"padding-top:125%\">\n    <img decoding=\"async\" src=\"https:\/\/www.mohd.it\/wp-content\/uploads\/2026\/05\/RedDuo-MDW2026-4.png\" \/>\n  <\/div>\n  <\/div>\n    <\/div>\n    <\/div>\n\n\n\n<p>W\u00e4hrend der Milan Design Week ausschlie\u00dflich nach Terminvereinbarung zug\u00e4nglich, positioniert sich die RedDuo Galleria als alternative Destination im Kontext des Fuorisalone \u2013 ein konzentrierter Ort, an dem Design in einer intimeren Dimension erfahrbar wird.<\/p>\n\n\n\n<p>Photo credit: Giulio Ghirardi<\/p>\n","protected":false},"excerpt":{"rendered":"<p>Ein Wohnraum, der sich als Ausstellungsort neu aktiviert \u2013 zwischen Intimit\u00e4t und Wahrnehmung.<\/p>\n","protected":false},"author":18,"featured_media":120189,"comment_status":"closed","ping_status":"closed","sticky":false,"template":"","format":"standard","meta":{"footnotes":""},"categories":[503],"tags":[],"class_list":["post-120228","post","type-post","status-publish","format-standard","has-post-thumbnail","hentry","category-design-events-de"],"yoast_head":"<!-- This site is optimized with the Yoast SEO plugin v24.0 - https:\/\/yoast.com\/wordpress\/plugins\/seo\/ -->\n<title>RedDuo Galleria: Design und Wohnraum - Mohd<\/title>\n<meta name=\"description\" content=\"Mohd beteiligt sich an der RedDuo Galleria in Mailand: ein Wohnhaus wird w\u00e4hrend der Design Week 2026 zur tempor\u00e4ren Galerie.\" \/>\n<meta name=\"robots\" content=\"index, follow, max-snippet:-1, max-image-preview:large, max-video-preview:-1\" \/>\n<link rel=\"canonical\" href=\"https:\/\/www.mohd.it\/de\/magazine\/redduo-galleria-das-haus-als-ausstellung\/\" \/>\n<meta property=\"og:locale\" content=\"de_DE\" \/>\n<meta property=\"og:type\" content=\"article\" \/>\n<meta property=\"og:title\" content=\"RedDuo Galleria: Design und Wohnraum - Mohd\" \/>\n<meta property=\"og:description\" content=\"Mohd beteiligt sich an der RedDuo Galleria in Mailand: ein Wohnhaus wird w\u00e4hrend der Design Week 2026 zur tempor\u00e4ren Galerie.\" \/>\n<meta property=\"og:url\" content=\"https:\/\/www.mohd.it\/de\/magazine\/redduo-galleria-das-haus-als-ausstellung\/\" \/>\n<meta property=\"og:site_name\" content=\"Mohd\" \/>\n<meta property=\"article:publisher\" content=\"https:\/\/www.facebook.com\/mollurahomedesign\" \/>\n<meta property=\"article:published_time\" content=\"2026-05-06T07:37:49+00:00\" \/>\n<meta property=\"article:modified_time\" content=\"2026-05-06T07:37:50+00:00\" \/>\n<meta property=\"og:image\" content=\"https:\/\/www.mohd.it\/wp-content\/uploads\/2026\/05\/RedDuo-MDW2026-6.png\" \/>\n\t<meta property=\"og:image:width\" content=\"1300\" \/>\n\t<meta property=\"og:image:height\" content=\"980\" \/>\n\t<meta property=\"og:image:type\" content=\"image\/png\" \/>\n<meta name=\"author\" content=\"Noemi Cris\u00e0\" \/>\n<meta name=\"twitter:card\" content=\"summary_large_image\" \/>\n<meta name=\"twitter:creator\" content=\"@mohd_homedesign\" \/>\n<meta name=\"twitter:site\" content=\"@mohd_homedesign\" \/>\n<meta name=\"twitter:label1\" content=\"Verfasst von\" \/>\n\t<meta name=\"twitter:data1\" content=\"Noemi Cris\u00e0\" \/>\n\t<meta name=\"twitter:label2\" content=\"Gesch\u00e4tzte Lesezeit\" \/>\n\t<meta name=\"twitter:data2\" content=\"1\u00a0Minute\" \/>\n<script type=\"application\/ld+json\" class=\"yoast-schema-graph\">{\"@context\":\"https:\/\/schema.org\",\"@graph\":[{\"@type\":\"Article\",\"@id\":\"https:\/\/www.mohd.it\/de\/magazine\/redduo-galleria-das-haus-als-ausstellung\/#article\",\"isPartOf\":{\"@id\":\"https:\/\/www.mohd.it\/de\/magazine\/redduo-galleria-das-haus-als-ausstellung\/\"},\"author\":{\"name\":\"Noemi Cris\u00e0\",\"@id\":\"https:\/\/www.mohd.it\/de\/#\/schema\/person\/d237bc94bea0bfe5020d1c41b41f6af2\"},\"headline\":\"RedDuo Galleria, das Haus als Ausstellung\",\"datePublished\":\"2026-05-06T07:37:49+00:00\",\"dateModified\":\"2026-05-06T07:37:50+00:00\",\"mainEntityOfPage\":{\"@id\":\"https:\/\/www.mohd.it\/de\/magazine\/redduo-galleria-das-haus-als-ausstellung\/\"},\"wordCount\":160,\"publisher\":{\"@id\":\"https:\/\/www.mohd.it\/de\/#organization\"},\"image\":{\"@id\":\"https:\/\/www.mohd.it\/de\/magazine\/redduo-galleria-das-haus-als-ausstellung\/#primaryimage\"},\"thumbnailUrl\":\"https:\/\/www.mohd.it\/wp-content\/uploads\/2026\/05\/RedDuo-MDW2026-6.png\",\"articleSection\":[\"Design Events\"],\"inLanguage\":\"de\"},{\"@type\":\"WebPage\",\"@id\":\"https:\/\/www.mohd.it\/de\/magazine\/redduo-galleria-das-haus-als-ausstellung\/\",\"url\":\"https:\/\/www.mohd.it\/de\/magazine\/redduo-galleria-das-haus-als-ausstellung\/\",\"name\":\"RedDuo Galleria: Design und Wohnraum - Mohd\",\"isPartOf\":{\"@id\":\"https:\/\/www.mohd.it\/de\/#website\"},\"primaryImageOfPage\":{\"@id\":\"https:\/\/www.mohd.it\/de\/magazine\/redduo-galleria-das-haus-als-ausstellung\/#primaryimage\"},\"image\":{\"@id\":\"https:\/\/www.mohd.it\/de\/magazine\/redduo-galleria-das-haus-als-ausstellung\/#primaryimage\"},\"thumbnailUrl\":\"https:\/\/www.mohd.it\/wp-content\/uploads\/2026\/05\/RedDuo-MDW2026-6.png\",\"datePublished\":\"2026-05-06T07:37:49+00:00\",\"dateModified\":\"2026-05-06T07:37:50+00:00\",\"description\":\"Mohd beteiligt sich an der RedDuo Galleria in Mailand: ein Wohnhaus wird w\u00e4hrend der Design Week 2026 zur tempor\u00e4ren Galerie.\",\"breadcrumb\":{\"@id\":\"https:\/\/www.mohd.it\/de\/magazine\/redduo-galleria-das-haus-als-ausstellung\/#breadcrumb\"},\"inLanguage\":\"de\",\"potentialAction\":[{\"@type\":\"ReadAction\",\"target\":[\"https:\/\/www.mohd.it\/de\/magazine\/redduo-galleria-das-haus-als-ausstellung\/\"]}]},{\"@type\":\"ImageObject\",\"inLanguage\":\"de\",\"@id\":\"https:\/\/www.mohd.it\/de\/magazine\/redduo-galleria-das-haus-als-ausstellung\/#primaryimage\",\"url\":\"https:\/\/www.mohd.it\/wp-content\/uploads\/2026\/05\/RedDuo-MDW2026-6.png\",\"contentUrl\":\"https:\/\/www.mohd.it\/wp-content\/uploads\/2026\/05\/RedDuo-MDW2026-6.png\",\"width\":1300,\"height\":980,\"caption\":\"RedDuo MDW2026\"},{\"@type\":\"BreadcrumbList\",\"@id\":\"https:\/\/www.mohd.it\/de\/magazine\/redduo-galleria-das-haus-als-ausstellung\/#breadcrumb\",\"itemListElement\":[{\"@type\":\"ListItem\",\"position\":1,\"name\":\"Home\",\"item\":\"https:\/\/www.mohd.it\/de\/\"},{\"@type\":\"ListItem\",\"position\":2,\"name\":\"RedDuo Galleria, das Haus als Ausstellung\"}]},{\"@type\":\"WebSite\",\"@id\":\"https:\/\/www.mohd.it\/de\/#website\",\"url\":\"https:\/\/www.mohd.it\/de\/\",\"name\":\"Mohd\",\"description\":\"\",\"publisher\":{\"@id\":\"https:\/\/www.mohd.it\/de\/#organization\"},\"potentialAction\":[{\"@type\":\"SearchAction\",\"target\":{\"@type\":\"EntryPoint\",\"urlTemplate\":\"https:\/\/www.mohd.it\/de\/?s={search_term_string}\"},\"query-input\":{\"@type\":\"PropertyValueSpecification\",\"valueRequired\":true,\"valueName\":\"search_term_string\"}}],\"inLanguage\":\"de\"},{\"@type\":\"Organization\",\"@id\":\"https:\/\/www.mohd.it\/de\/#organization\",\"name\":\"Mollura & C. SPA\",\"url\":\"https:\/\/www.mohd.it\/de\/\",\"logo\":{\"@type\":\"ImageObject\",\"inLanguage\":\"de\",\"@id\":\"https:\/\/www.mohd.it\/de\/#\/schema\/logo\/image\/\",\"url\":\"https:\/\/www.mohd.it\/wp-content\/uploads\/2020\/09\/mohd-logo.png\",\"contentUrl\":\"https:\/\/www.mohd.it\/wp-content\/uploads\/2020\/09\/mohd-logo.png\",\"width\":600,\"height\":600,\"caption\":\"Mollura & C. SPA\"},\"image\":{\"@id\":\"https:\/\/www.mohd.it\/de\/#\/schema\/logo\/image\/\"},\"sameAs\":[\"https:\/\/www.facebook.com\/mollurahomedesign\",\"https:\/\/x.com\/mohd_homedesign\",\"https:\/\/www.instagram.com\/mohd_homedesign\/\",\"https:\/\/it.linkedin.com\/company\/mohd-mollura-home-design\",\"https:\/\/www.pinterest.it\/mohdhomedesign\/\",\"https:\/\/www.youtube.com\/channel\/UCYLuPff6hq4z_o0GO0w1yaA\"]},{\"@type\":\"Person\",\"@id\":\"https:\/\/www.mohd.it\/de\/#\/schema\/person\/d237bc94bea0bfe5020d1c41b41f6af2\",\"name\":\"Noemi Cris\u00e0\",\"image\":{\"@type\":\"ImageObject\",\"inLanguage\":\"de\",\"@id\":\"https:\/\/www.mohd.it\/de\/#\/schema\/person\/image\/\",\"url\":\"https:\/\/secure.gravatar.com\/avatar\/6f959897d20f7190d0b1a9b0a1518d13?s=96&d=mm&r=g\",\"contentUrl\":\"https:\/\/secure.gravatar.com\/avatar\/6f959897d20f7190d0b1a9b0a1518d13?s=96&d=mm&r=g\",\"caption\":\"Noemi Cris\u00e0\"},\"url\":\"https:\/\/www.mohd.it\/de\/magazine\/author\/noemi\/\"}]}<\/script>\n<!-- \/ Yoast SEO plugin. -->","yoast_head_json":{"title":"RedDuo Galleria: Design und Wohnraum - Mohd","description":"Mohd beteiligt sich an der RedDuo Galleria in Mailand: ein Wohnhaus wird w\u00e4hrend der Design Week 2026 zur tempor\u00e4ren Galerie.","robots":{"index":"index","follow":"follow","max-snippet":"max-snippet:-1","max-image-preview":"max-image-preview:large","max-video-preview":"max-video-preview:-1"},"canonical":"https:\/\/www.mohd.it\/de\/magazine\/redduo-galleria-das-haus-als-ausstellung\/","og_locale":"de_DE","og_type":"article","og_title":"RedDuo Galleria: Design und Wohnraum - Mohd","og_description":"Mohd beteiligt sich an der RedDuo Galleria in Mailand: ein Wohnhaus wird w\u00e4hrend der Design Week 2026 zur tempor\u00e4ren Galerie.","og_url":"https:\/\/www.mohd.it\/de\/magazine\/redduo-galleria-das-haus-als-ausstellung\/","og_site_name":"Mohd","article_publisher":"https:\/\/www.facebook.com\/mollurahomedesign","article_published_time":"2026-05-06T07:37:49+00:00","article_modified_time":"2026-05-06T07:37:50+00:00","og_image":[{"width":1300,"height":980,"url":"https:\/\/www.mohd.it\/wp-content\/uploads\/2026\/05\/RedDuo-MDW2026-6.png","type":"image\/png"}],"author":"Noemi Cris\u00e0","twitter_card":"summary_large_image","twitter_creator":"@mohd_homedesign","twitter_site":"@mohd_homedesign","twitter_misc":{"Verfasst von":"Noemi Cris\u00e0","Gesch\u00e4tzte Lesezeit":"1\u00a0Minute"},"schema":{"@context":"https:\/\/schema.org","@graph":[{"@type":"Article","@id":"https:\/\/www.mohd.it\/de\/magazine\/redduo-galleria-das-haus-als-ausstellung\/#article","isPartOf":{"@id":"https:\/\/www.mohd.it\/de\/magazine\/redduo-galleria-das-haus-als-ausstellung\/"},"author":{"name":"Noemi Cris\u00e0","@id":"https:\/\/www.mohd.it\/de\/#\/schema\/person\/d237bc94bea0bfe5020d1c41b41f6af2"},"headline":"RedDuo Galleria, das Haus als Ausstellung","datePublished":"2026-05-06T07:37:49+00:00","dateModified":"2026-05-06T07:37:50+00:00","mainEntityOfPage":{"@id":"https:\/\/www.mohd.it\/de\/magazine\/redduo-galleria-das-haus-als-ausstellung\/"},"wordCount":160,"publisher":{"@id":"https:\/\/www.mohd.it\/de\/#organization"},"image":{"@id":"https:\/\/www.mohd.it\/de\/magazine\/redduo-galleria-das-haus-als-ausstellung\/#primaryimage"},"thumbnailUrl":"https:\/\/www.mohd.it\/wp-content\/uploads\/2026\/05\/RedDuo-MDW2026-6.png","articleSection":["Design Events"],"inLanguage":"de"},{"@type":"WebPage","@id":"https:\/\/www.mohd.it\/de\/magazine\/redduo-galleria-das-haus-als-ausstellung\/","url":"https:\/\/www.mohd.it\/de\/magazine\/redduo-galleria-das-haus-als-ausstellung\/","name":"RedDuo Galleria: Design und Wohnraum - Mohd","isPartOf":{"@id":"https:\/\/www.mohd.it\/de\/#website"},"primaryImageOfPage":{"@id":"https:\/\/www.mohd.it\/de\/magazine\/redduo-galleria-das-haus-als-ausstellung\/#primaryimage"},"image":{"@id":"https:\/\/www.mohd.it\/de\/magazine\/redduo-galleria-das-haus-als-ausstellung\/#primaryimage"},"thumbnailUrl":"https:\/\/www.mohd.it\/wp-content\/uploads\/2026\/05\/RedDuo-MDW2026-6.png","datePublished":"2026-05-06T07:37:49+00:00","dateModified":"2026-05-06T07:37:50+00:00","description":"Mohd beteiligt sich an der RedDuo Galleria in Mailand: ein Wohnhaus wird w\u00e4hrend der Design Week 2026 zur tempor\u00e4ren Galerie.","breadcrumb":{"@id":"https:\/\/www.mohd.it\/de\/magazine\/redduo-galleria-das-haus-als-ausstellung\/#breadcrumb"},"inLanguage":"de","potentialAction":[{"@type":"ReadAction","target":["https:\/\/www.mohd.it\/de\/magazine\/redduo-galleria-das-haus-als-ausstellung\/"]}]},{"@type":"ImageObject","inLanguage":"de","@id":"https:\/\/www.mohd.it\/de\/magazine\/redduo-galleria-das-haus-als-ausstellung\/#primaryimage","url":"https:\/\/www.mohd.it\/wp-content\/uploads\/2026\/05\/RedDuo-MDW2026-6.png","contentUrl":"https:\/\/www.mohd.it\/wp-content\/uploads\/2026\/05\/RedDuo-MDW2026-6.png","width":1300,"height":980,"caption":"RedDuo MDW2026"},{"@type":"BreadcrumbList","@id":"https:\/\/www.mohd.it\/de\/magazine\/redduo-galleria-das-haus-als-ausstellung\/#breadcrumb","itemListElement":[{"@type":"ListItem","position":1,"name":"Home","item":"https:\/\/www.mohd.it\/de\/"},{"@type":"ListItem","position":2,"name":"RedDuo Galleria, das Haus als Ausstellung"}]},{"@type":"WebSite","@id":"https:\/\/www.mohd.it\/de\/#website","url":"https:\/\/www.mohd.it\/de\/","name":"Mohd","description":"","publisher":{"@id":"https:\/\/www.mohd.it\/de\/#organization"},"potentialAction":[{"@type":"SearchAction","target":{"@type":"EntryPoint","urlTemplate":"https:\/\/www.mohd.it\/de\/?s={search_term_string}"},"query-input":{"@type":"PropertyValueSpecification","valueRequired":true,"valueName":"search_term_string"}}],"inLanguage":"de"},{"@type":"Organization","@id":"https:\/\/www.mohd.it\/de\/#organization","name":"Mollura & C. SPA","url":"https:\/\/www.mohd.it\/de\/","logo":{"@type":"ImageObject","inLanguage":"de","@id":"https:\/\/www.mohd.it\/de\/#\/schema\/logo\/image\/","url":"https:\/\/www.mohd.it\/wp-content\/uploads\/2020\/09\/mohd-logo.png","contentUrl":"https:\/\/www.mohd.it\/wp-content\/uploads\/2020\/09\/mohd-logo.png","width":600,"height":600,"caption":"Mollura & C. SPA"},"image":{"@id":"https:\/\/www.mohd.it\/de\/#\/schema\/logo\/image\/"},"sameAs":["https:\/\/www.facebook.com\/mollurahomedesign","https:\/\/x.com\/mohd_homedesign","https:\/\/www.instagram.com\/mohd_homedesign\/","https:\/\/it.linkedin.com\/company\/mohd-mollura-home-design","https:\/\/www.pinterest.it\/mohdhomedesign\/","https:\/\/www.youtube.com\/channel\/UCYLuPff6hq4z_o0GO0w1yaA"]},{"@type":"Person","@id":"https:\/\/www.mohd.it\/de\/#\/schema\/person\/d237bc94bea0bfe5020d1c41b41f6af2","name":"Noemi Cris\u00e0","image":{"@type":"ImageObject","inLanguage":"de","@id":"https:\/\/www.mohd.it\/de\/#\/schema\/person\/image\/","url":"https:\/\/secure.gravatar.com\/avatar\/6f959897d20f7190d0b1a9b0a1518d13?s=96&d=mm&r=g","contentUrl":"https:\/\/secure.gravatar.com\/avatar\/6f959897d20f7190d0b1a9b0a1518d13?s=96&d=mm&r=g","caption":"Noemi Cris\u00e0"},"url":"https:\/\/www.mohd.it\/de\/magazine\/author\/noemi\/"}]}},"image":"https:\/\/www.mohd.it\/wp-content\/uploads\/2026\/05\/RedDuo-MDW2026-6-800x600.png","category":"Design Events","_links":{"self":[{"href":"https:\/\/www.mohd.it\/de\/wp-json\/wp\/v2\/posts\/120228","targetHints":{"allow":["GET"]}}],"collection":[{"href":"https:\/\/www.mohd.it\/de\/wp-json\/wp\/v2\/posts"}],"about":[{"href":"https:\/\/www.mohd.it\/de\/wp-json\/wp\/v2\/types\/post"}],"author":[{"embeddable":true,"href":"https:\/\/www.mohd.it\/de\/wp-json\/wp\/v2\/users\/18"}],"replies":[{"embeddable":true,"href":"https:\/\/www.mohd.it\/de\/wp-json\/wp\/v2\/comments?post=120228"}],"version-history":[{"count":2,"href":"https:\/\/www.mohd.it\/de\/wp-json\/wp\/v2\/posts\/120228\/revisions"}],"predecessor-version":[{"id":120237,"href":"https:\/\/www.mohd.it\/de\/wp-json\/wp\/v2\/posts\/120228\/revisions\/120237"}],"wp:featuredmedia":[{"embeddable":true,"href":"https:\/\/www.mohd.it\/de\/wp-json\/wp\/v2\/media\/120189"}],"wp:attachment":[{"href":"https:\/\/www.mohd.it\/de\/wp-json\/wp\/v2\/media?parent=120228"}],"wp:term":[{"taxonomy":"category","embeddable":true,"href":"https:\/\/www.mohd.it\/de\/wp-json\/wp\/v2\/categories?post=120228"},{"taxonomy":"post_tag","embeddable":true,"href":"https:\/\/www.mohd.it\/de\/wp-json\/wp\/v2\/tags?post=120228"}],"curies":[{"name":"wp","href":"https:\/\/api.w.org\/{rel}","templated":true}]}}