{"id":120488,"date":"2026-05-07T11:04:59","date_gmt":"2026-05-07T09:04:59","guid":{"rendered":"https:\/\/www.mohd.it\/?p=120488"},"modified":"2026-05-07T11:04:59","modified_gmt":"2026-05-07T09:04:59","slug":"flos-licht-als-atmosphaere-materie-und-kreative-geste","status":"publish","type":"post","link":"https:\/\/www.mohd.it\/de\/magazine\/flos-licht-als-atmosphaere-materie-und-kreative-geste\/","title":{"rendered":"Flos: Licht als Atmosph\u00e4re, Materie und kreative Geste"},"content":{"rendered":"\n<p>W\u00e4hrend der Milan Design Week 2026 \u00f6ffnet <strong><a href=\"https:\/\/shopmohd.com\/de\/marken\/flos.html\">Flos<\/a><\/strong> seine R\u00e4ume am Corso Monforte f\u00fcr zwei komplement\u00e4re Visionen von Licht. Im Professional Space erscheint Nocturne von Konstantin Grcic als reduziertes, stilles System; im Flagship Store nimmt Maap von Erwan Bouroullec in Sound of Chaos Gestalt an, einer multimedialen Installation, die den \u00dcbergang von Ordnung zu lebendiger Materie erz\u00e4hlt.<\/p>\n\n\n\n<p><strong>Nocturne<\/strong> entsteht aus der Idee eines n\u00e4chtlichen Lichts: sanft, atmosph\u00e4risch und f\u00e4hig, direktes wie indirektes Licht mit der Zur\u00fcckhaltung einer beinahe mondhaften Pr\u00e4senz auszustrahlen. Das modulare System verbindet hei\u00df geformtes Borosilikatglas, Aluminium und Low-Glare-Technologie und umfasst Steh-, Wand- und Pendelleuchten mit konischen oder halbkugelf\u00f6rmigen Diffusoren.<\/p>\n\n\n<div class=\"board\">\n      <div class=\"board-items masonry-grid\">\n      <div class=\"board-item masonry-item\">\n  <div class=\"board-image\" style=\"padding-top:125%\">\n    <img decoding=\"async\" src=\"https:\/\/www.mohd.it\/wp-content\/uploads\/2026\/05\/Flos-MDW2026-Nocturne-Konstantin-Grcic-7.png\" \/>\n  <\/div>\n  <\/div>\n<div class=\"board-item masonry-item\">\n  <div class=\"board-product\" style=\"padding-top:125%\">\n    <img decoding=\"async\" src=\"https:\/\/www.mohd.it\/wp-content\/uploads\/2026\/05\/Flos-MDW2026-Nocturne-Konstantin-Grcic-6.png\" \/>\n    <div class=\"content\">\n      <span class=\"brand\">Flos<\/span>      <span class=\"name\">Kollektion Nocturne Flos<\/span>\n    <\/div>\n    <div class=\"actions\">\n              <a href=\"https:\/\/shopmohd.com\/de\/marken\/flos\/nocturne.html\" class=\"button\">Acquista<\/a>\n            \t\t          <\/div>\n  <\/div>\n    <\/div>\n    <\/div>\n    <\/div>\n\n\n\n<p>F\u00fcr seine Installation bezieht sich Grcic auf die Schlussszene von 2001: Odyssee im Weltraum und verwandelt den leuchtenden Boden des Films in ein Ausstellungsinstrument. Ein Raster aus wei\u00dfen Paneelen durchzieht den Showroom und versetzt die Objekte in eine ambivalente Dimension, mehr imaginiert als real. In dieser stillen Landschaft beleuchtet Nocturne nicht nur: Die Kollektion definiert eine Wahrnehmungssituation.<\/p>\n\n\n\n<figure class=\"wp-block-image size-large\"><img loading=\"lazy\" decoding=\"async\" width=\"1024\" height=\"576\" src=\"https:\/\/www.mohd.it\/wp-content\/uploads\/2026\/05\/Flos-MDW2026-Nocturne-Konstantin-Grcic-1024x576.png\" alt=\"Flos MDW2026 Nocturne Konstantin Grcic\" class=\"wp-image-120313\" srcset=\"https:\/\/www.mohd.it\/wp-content\/uploads\/2026\/05\/Flos-MDW2026-Nocturne-Konstantin-Grcic-1024x576.png 1024w, https:\/\/www.mohd.it\/wp-content\/uploads\/2026\/05\/Flos-MDW2026-Nocturne-Konstantin-Grcic-300x169.png 300w, https:\/\/www.mohd.it\/wp-content\/uploads\/2026\/05\/Flos-MDW2026-Nocturne-Konstantin-Grcic-768x432.png 768w, https:\/\/www.mohd.it\/wp-content\/uploads\/2026\/05\/Flos-MDW2026-Nocturne-Konstantin-Grcic-1536x864.png 1536w, https:\/\/www.mohd.it\/wp-content\/uploads\/2026\/05\/Flos-MDW2026-Nocturne-Konstantin-Grcic.png 1920w\" sizes=\"auto, (max-width: 1024px) 100vw, 1024px\" \/><\/figure>\n\n\n<div class=\"board\">\n      <div class=\"board-items masonry-grid\">\n      <div class=\"board-item masonry-item\">\n  <div class=\"board-image\" style=\"padding-top:125%\">\n    <img decoding=\"async\" src=\"https:\/\/www.mohd.it\/wp-content\/uploads\/2026\/05\/Flos-MDW2026-Nocturne-Konstantin-Grcic-2.png\" \/>\n  <\/div>\n  <\/div>\n<div class=\"board-item masonry-item\">\n  <div class=\"board-image\" style=\"padding-top:125%\">\n    <img decoding=\"async\" src=\"https:\/\/www.mohd.it\/wp-content\/uploads\/2026\/05\/Flos-MDW2026-Nocturne-Konstantin-Grcic-4.png\" \/>\n  <\/div>\n  <\/div>\n    <\/div>\n    <\/div>\n\n\n\n<figure class=\"wp-block-image size-large\"><img loading=\"lazy\" decoding=\"async\" width=\"1024\" height=\"576\" src=\"https:\/\/www.mohd.it\/wp-content\/uploads\/2026\/05\/Flos-MDW2026-Nocturne-Konstantin-Grcic-1-1024x576.png\" alt=\"Flos MDW2026 Nocturne Konstantin Grcic\" class=\"wp-image-120265\" srcset=\"https:\/\/www.mohd.it\/wp-content\/uploads\/2026\/05\/Flos-MDW2026-Nocturne-Konstantin-Grcic-1-1024x576.png 1024w, https:\/\/www.mohd.it\/wp-content\/uploads\/2026\/05\/Flos-MDW2026-Nocturne-Konstantin-Grcic-1-300x169.png 300w, https:\/\/www.mohd.it\/wp-content\/uploads\/2026\/05\/Flos-MDW2026-Nocturne-Konstantin-Grcic-1-768x432.png 768w, https:\/\/www.mohd.it\/wp-content\/uploads\/2026\/05\/Flos-MDW2026-Nocturne-Konstantin-Grcic-1-1536x864.png 1536w, https:\/\/www.mohd.it\/wp-content\/uploads\/2026\/05\/Flos-MDW2026-Nocturne-Konstantin-Grcic-1.png 1920w\" sizes=\"auto, (max-width: 1024px) 100vw, 1024px\" \/><\/figure>\n\n\n<div class=\"board\">\n      <div class=\"board-items masonry-grid\">\n      <div class=\"board-item masonry-item\">\n  <div class=\"board-image\" style=\"padding-top:125%\">\n    <img decoding=\"async\" src=\"https:\/\/www.mohd.it\/wp-content\/uploads\/2026\/05\/Flos-MDW2026-Nocturne-Konstantin-Grcic-3.png\" \/>\n  <\/div>\n  <\/div>\n<div class=\"board-item masonry-item\">\n  <div class=\"board-image\" style=\"padding-top:125%\">\n    <img decoding=\"async\" src=\"https:\/\/www.mohd.it\/wp-content\/uploads\/2026\/05\/Flos-MDW2026-Nocturne-Konstantin-Grcic-5.png\" \/>\n  <\/div>\n  <\/div>\n    <\/div>\n    <\/div>\n\n\n\n<p><strong>Maap<\/strong> folgt einem entgegengesetzten Impuls. Die Wandleuchte von Erwan Bouroullec besteht aus einer ultraleichten, papier\u00e4hnlichen Faser, die magnetisch an einer leuchtenden Tr\u00e4gerstruktur befestigt ist. Zerknittert und von Hand geformt, nimmt die Oberfl\u00e4che organische, unwiederholbare Formen an und verwandelt jede Konfiguration in eine Lichtlandschaft.<\/p>\n\n\n<div class=\"board\">\n      <div class=\"board-items masonry-grid\">\n      <div class=\"board-item masonry-item\">\n  <div class=\"board-image\" style=\"padding-top:125%\">\n    <img decoding=\"async\" src=\"https:\/\/www.mohd.it\/wp-content\/uploads\/2026\/05\/Flos-Maap-Erwan-Bouroullec-Euroluce-2025-1.png\" \/>\n  <\/div>\n  <\/div>\n<div class=\"board-item masonry-item\">\n  <div class=\"board-product\" style=\"padding-top:125%\">\n    <img decoding=\"async\" src=\"https:\/\/www.mohd.it\/wp-content\/uploads\/2026\/05\/Flos-Maap-Erwan-Bouroullec-Euroluce-2025.png\" \/>\n    <div class=\"content\">\n      <span class=\"brand\">Flos<\/span>      <span class=\"name\">Maap<\/span>\n    <\/div>\n    <div class=\"actions\">\n              <a href=\"https:\/\/shopmohd.com\/de\/maap-wandleuchte.html\" class=\"button\">Acquista<\/a>\n            \t\t          <\/div>\n  <\/div>\n    <\/div>\n    <\/div>\n    <\/div>\n\n\n\n<p>Mit Sound of Chaos \u00fcberf\u00fchrt Bouroullec diese Energie in einen Raum aus Klang, Bildern und visuellen Schichtungen. Chaos ist hier keine Unordnung, sondern der Ursprung der Form: eine freie Spannung, die im Gestus ihr Gleichgewicht findet. Zwischen der schwebenden Pr\u00e4zision von Nocturne und der taktilen Unvorhersehbarkeit von Maap best\u00e4tigt Flos Licht als kulturelle Materie, die den Raum bewohnt und seine Wahrnehmung tiefgreifend ver\u00e4ndert.<\/p>\n\n\n\n<figure class=\"wp-block-image size-large\"><img loading=\"lazy\" decoding=\"async\" width=\"1024\" height=\"576\" src=\"https:\/\/www.mohd.it\/wp-content\/uploads\/2026\/05\/Flos-MDW2026-Sound-of-Chaos-Maap-Erwan-Bouroullec-1024x576.png\" alt=\"Flos MDW2026 Sound of Chaos Maap Erwan Bouroullec\" class=\"wp-image-120331\" srcset=\"https:\/\/www.mohd.it\/wp-content\/uploads\/2026\/05\/Flos-MDW2026-Sound-of-Chaos-Maap-Erwan-Bouroullec-1024x576.png 1024w, https:\/\/www.mohd.it\/wp-content\/uploads\/2026\/05\/Flos-MDW2026-Sound-of-Chaos-Maap-Erwan-Bouroullec-300x169.png 300w, https:\/\/www.mohd.it\/wp-content\/uploads\/2026\/05\/Flos-MDW2026-Sound-of-Chaos-Maap-Erwan-Bouroullec-768x432.png 768w, https:\/\/www.mohd.it\/wp-content\/uploads\/2026\/05\/Flos-MDW2026-Sound-of-Chaos-Maap-Erwan-Bouroullec-1536x864.png 1536w, https:\/\/www.mohd.it\/wp-content\/uploads\/2026\/05\/Flos-MDW2026-Sound-of-Chaos-Maap-Erwan-Bouroullec.png 1920w\" sizes=\"auto, (max-width: 1024px) 100vw, 1024px\" \/><\/figure>\n\n\n<div class=\"board\">\n      <div class=\"board-items masonry-grid\">\n      <div class=\"board-item masonry-item\">\n  <div class=\"board-image\" style=\"padding-top:125%\">\n    <img decoding=\"async\" src=\"https:\/\/www.mohd.it\/wp-content\/uploads\/2026\/05\/Flos-MDW2026-Sound-of-Chaos-Maap-Erwan-Bouroullec-1.png\" \/>\n  <\/div>\n  <\/div>\n<div class=\"board-item masonry-item\">\n  <div class=\"board-image\" style=\"padding-top:125%\">\n    <img decoding=\"async\" src=\"https:\/\/www.mohd.it\/wp-content\/uploads\/2026\/05\/Flos-MDW2026-Sound-of-Chaos-Maap-Erwan-Bouroullec-2.png\" \/>\n  <\/div>\n  <\/div>\n    <\/div>\n    <\/div>\n","protected":false},"excerpt":{"rendered":"<p>Fuorisalone: Flos \u00fcbertr\u00e4gt Konstantin Grcic und Erwan Bouroullec zwei Installationen, die Nocturne und Maap in immersive Erfahrungen verwandeln \u2013 zwischen Atmosph\u00e4re, Materie und kreativer Geste.<\/p>\n","protected":false},"author":18,"featured_media":120311,"comment_status":"closed","ping_status":"closed","sticky":false,"template":"","format":"standard","meta":{"footnotes":""},"categories":[482],"tags":[],"class_list":["post-120488","post","type-post","status-publish","format-standard","has-post-thumbnail","hentry","category-marken"],"yoast_head":"<!-- This site is optimized with the Yoast SEO plugin v24.0 - https:\/\/yoast.com\/wordpress\/plugins\/seo\/ -->\n<title>Flos: Licht, Materie und Geste - Mohd<\/title>\n<meta name=\"description\" content=\"Flos pr\u00e4sentiert zur Design Week 2026 Nocturne von Grcic und Maap von Bouroullec in immersiven Installationen aus Licht und Materie.\" \/>\n<meta name=\"robots\" content=\"index, follow, max-snippet:-1, max-image-preview:large, max-video-preview:-1\" \/>\n<link rel=\"canonical\" href=\"https:\/\/www.mohd.it\/de\/magazine\/flos-licht-als-atmosphaere-materie-und-kreative-geste\/\" \/>\n<meta property=\"og:locale\" content=\"de_DE\" \/>\n<meta property=\"og:type\" content=\"article\" \/>\n<meta property=\"og:title\" content=\"Flos: Licht, Materie und Geste - Mohd\" \/>\n<meta property=\"og:description\" content=\"Flos pr\u00e4sentiert zur Design Week 2026 Nocturne von Grcic und Maap von Bouroullec in immersiven Installationen aus Licht und Materie.\" \/>\n<meta property=\"og:url\" content=\"https:\/\/www.mohd.it\/de\/magazine\/flos-licht-als-atmosphaere-materie-und-kreative-geste\/\" \/>\n<meta property=\"og:site_name\" content=\"Mohd\" \/>\n<meta property=\"article:publisher\" content=\"https:\/\/www.facebook.com\/mollurahomedesign\" \/>\n<meta property=\"article:published_time\" content=\"2026-05-07T09:04:59+00:00\" \/>\n<meta property=\"og:image\" content=\"https:\/\/www.mohd.it\/wp-content\/uploads\/2026\/05\/Flos-MDW2026-Nocturne-Konstantin-Grcic-8.png\" \/>\n\t<meta property=\"og:image:width\" content=\"1300\" \/>\n\t<meta property=\"og:image:height\" content=\"980\" \/>\n\t<meta property=\"og:image:type\" content=\"image\/png\" \/>\n<meta name=\"author\" content=\"Noemi Cris\u00e0\" \/>\n<meta name=\"twitter:card\" content=\"summary_large_image\" \/>\n<meta name=\"twitter:creator\" content=\"@mohd_homedesign\" \/>\n<meta name=\"twitter:site\" content=\"@mohd_homedesign\" \/>\n<meta name=\"twitter:label1\" content=\"Verfasst von\" \/>\n\t<meta name=\"twitter:data1\" content=\"Noemi Cris\u00e0\" \/>\n\t<meta name=\"twitter:label2\" content=\"Gesch\u00e4tzte Lesezeit\" \/>\n\t<meta name=\"twitter:data2\" content=\"1\u00a0Minute\" \/>\n<script type=\"application\/ld+json\" class=\"yoast-schema-graph\">{\"@context\":\"https:\/\/schema.org\",\"@graph\":[{\"@type\":\"Article\",\"@id\":\"https:\/\/www.mohd.it\/de\/magazine\/flos-licht-als-atmosphaere-materie-und-kreative-geste\/#article\",\"isPartOf\":{\"@id\":\"https:\/\/www.mohd.it\/de\/magazine\/flos-licht-als-atmosphaere-materie-und-kreative-geste\/\"},\"author\":{\"name\":\"Noemi Cris\u00e0\",\"@id\":\"https:\/\/www.mohd.it\/de\/#\/schema\/person\/d237bc94bea0bfe5020d1c41b41f6af2\"},\"headline\":\"Flos: Licht als Atmosph\u00e4re, Materie und kreative Geste\",\"datePublished\":\"2026-05-07T09:04:59+00:00\",\"dateModified\":\"2026-05-07T09:04:59+00:00\",\"mainEntityOfPage\":{\"@id\":\"https:\/\/www.mohd.it\/de\/magazine\/flos-licht-als-atmosphaere-materie-und-kreative-geste\/\"},\"wordCount\":292,\"publisher\":{\"@id\":\"https:\/\/www.mohd.it\/de\/#organization\"},\"image\":{\"@id\":\"https:\/\/www.mohd.it\/de\/magazine\/flos-licht-als-atmosphaere-materie-und-kreative-geste\/#primaryimage\"},\"thumbnailUrl\":\"https:\/\/www.mohd.it\/wp-content\/uploads\/2026\/05\/Flos-MDW2026-Nocturne-Konstantin-Grcic-8.png\",\"articleSection\":[\"Marken\"],\"inLanguage\":\"de\"},{\"@type\":\"WebPage\",\"@id\":\"https:\/\/www.mohd.it\/de\/magazine\/flos-licht-als-atmosphaere-materie-und-kreative-geste\/\",\"url\":\"https:\/\/www.mohd.it\/de\/magazine\/flos-licht-als-atmosphaere-materie-und-kreative-geste\/\",\"name\":\"Flos: Licht, Materie und Geste - Mohd\",\"isPartOf\":{\"@id\":\"https:\/\/www.mohd.it\/de\/#website\"},\"primaryImageOfPage\":{\"@id\":\"https:\/\/www.mohd.it\/de\/magazine\/flos-licht-als-atmosphaere-materie-und-kreative-geste\/#primaryimage\"},\"image\":{\"@id\":\"https:\/\/www.mohd.it\/de\/magazine\/flos-licht-als-atmosphaere-materie-und-kreative-geste\/#primaryimage\"},\"thumbnailUrl\":\"https:\/\/www.mohd.it\/wp-content\/uploads\/2026\/05\/Flos-MDW2026-Nocturne-Konstantin-Grcic-8.png\",\"datePublished\":\"2026-05-07T09:04:59+00:00\",\"dateModified\":\"2026-05-07T09:04:59+00:00\",\"description\":\"Flos pr\u00e4sentiert zur Design Week 2026 Nocturne von Grcic und Maap von Bouroullec in immersiven Installationen aus Licht und Materie.\",\"breadcrumb\":{\"@id\":\"https:\/\/www.mohd.it\/de\/magazine\/flos-licht-als-atmosphaere-materie-und-kreative-geste\/#breadcrumb\"},\"inLanguage\":\"de\",\"potentialAction\":[{\"@type\":\"ReadAction\",\"target\":[\"https:\/\/www.mohd.it\/de\/magazine\/flos-licht-als-atmosphaere-materie-und-kreative-geste\/\"]}]},{\"@type\":\"ImageObject\",\"inLanguage\":\"de\",\"@id\":\"https:\/\/www.mohd.it\/de\/magazine\/flos-licht-als-atmosphaere-materie-und-kreative-geste\/#primaryimage\",\"url\":\"https:\/\/www.mohd.it\/wp-content\/uploads\/2026\/05\/Flos-MDW2026-Nocturne-Konstantin-Grcic-8.png\",\"contentUrl\":\"https:\/\/www.mohd.it\/wp-content\/uploads\/2026\/05\/Flos-MDW2026-Nocturne-Konstantin-Grcic-8.png\",\"width\":1300,\"height\":980,\"caption\":\"Flos MDW2026 Nocturne Konstantin Grcic\"},{\"@type\":\"BreadcrumbList\",\"@id\":\"https:\/\/www.mohd.it\/de\/magazine\/flos-licht-als-atmosphaere-materie-und-kreative-geste\/#breadcrumb\",\"itemListElement\":[{\"@type\":\"ListItem\",\"position\":1,\"name\":\"Home\",\"item\":\"https:\/\/www.mohd.it\/de\/\"},{\"@type\":\"ListItem\",\"position\":2,\"name\":\"Flos: Licht als Atmosph\u00e4re, Materie und kreative Geste\"}]},{\"@type\":\"WebSite\",\"@id\":\"https:\/\/www.mohd.it\/de\/#website\",\"url\":\"https:\/\/www.mohd.it\/de\/\",\"name\":\"Mohd\",\"description\":\"\",\"publisher\":{\"@id\":\"https:\/\/www.mohd.it\/de\/#organization\"},\"potentialAction\":[{\"@type\":\"SearchAction\",\"target\":{\"@type\":\"EntryPoint\",\"urlTemplate\":\"https:\/\/www.mohd.it\/de\/?s={search_term_string}\"},\"query-input\":{\"@type\":\"PropertyValueSpecification\",\"valueRequired\":true,\"valueName\":\"search_term_string\"}}],\"inLanguage\":\"de\"},{\"@type\":\"Organization\",\"@id\":\"https:\/\/www.mohd.it\/de\/#organization\",\"name\":\"Mollura & C. SPA\",\"url\":\"https:\/\/www.mohd.it\/de\/\",\"logo\":{\"@type\":\"ImageObject\",\"inLanguage\":\"de\",\"@id\":\"https:\/\/www.mohd.it\/de\/#\/schema\/logo\/image\/\",\"url\":\"https:\/\/www.mohd.it\/wp-content\/uploads\/2020\/09\/mohd-logo.png\",\"contentUrl\":\"https:\/\/www.mohd.it\/wp-content\/uploads\/2020\/09\/mohd-logo.png\",\"width\":600,\"height\":600,\"caption\":\"Mollura & C. SPA\"},\"image\":{\"@id\":\"https:\/\/www.mohd.it\/de\/#\/schema\/logo\/image\/\"},\"sameAs\":[\"https:\/\/www.facebook.com\/mollurahomedesign\",\"https:\/\/x.com\/mohd_homedesign\",\"https:\/\/www.instagram.com\/mohd_homedesign\/\",\"https:\/\/it.linkedin.com\/company\/mohd-mollura-home-design\",\"https:\/\/www.pinterest.it\/mohdhomedesign\/\",\"https:\/\/www.youtube.com\/channel\/UCYLuPff6hq4z_o0GO0w1yaA\"]},{\"@type\":\"Person\",\"@id\":\"https:\/\/www.mohd.it\/de\/#\/schema\/person\/d237bc94bea0bfe5020d1c41b41f6af2\",\"name\":\"Noemi Cris\u00e0\",\"image\":{\"@type\":\"ImageObject\",\"inLanguage\":\"de\",\"@id\":\"https:\/\/www.mohd.it\/de\/#\/schema\/person\/image\/\",\"url\":\"https:\/\/secure.gravatar.com\/avatar\/6f959897d20f7190d0b1a9b0a1518d13?s=96&d=mm&r=g\",\"contentUrl\":\"https:\/\/secure.gravatar.com\/avatar\/6f959897d20f7190d0b1a9b0a1518d13?s=96&d=mm&r=g\",\"caption\":\"Noemi Cris\u00e0\"},\"url\":\"https:\/\/www.mohd.it\/de\/magazine\/author\/noemi\/\"}]}<\/script>\n<!-- \/ Yoast SEO plugin. -->","yoast_head_json":{"title":"Flos: Licht, Materie und Geste - Mohd","description":"Flos pr\u00e4sentiert zur Design Week 2026 Nocturne von Grcic und Maap von Bouroullec in immersiven Installationen aus Licht und Materie.","robots":{"index":"index","follow":"follow","max-snippet":"max-snippet:-1","max-image-preview":"max-image-preview:large","max-video-preview":"max-video-preview:-1"},"canonical":"https:\/\/www.mohd.it\/de\/magazine\/flos-licht-als-atmosphaere-materie-und-kreative-geste\/","og_locale":"de_DE","og_type":"article","og_title":"Flos: Licht, Materie und Geste - Mohd","og_description":"Flos pr\u00e4sentiert zur Design Week 2026 Nocturne von Grcic und Maap von Bouroullec in immersiven Installationen aus Licht und Materie.","og_url":"https:\/\/www.mohd.it\/de\/magazine\/flos-licht-als-atmosphaere-materie-und-kreative-geste\/","og_site_name":"Mohd","article_publisher":"https:\/\/www.facebook.com\/mollurahomedesign","article_published_time":"2026-05-07T09:04:59+00:00","og_image":[{"width":1300,"height":980,"url":"https:\/\/www.mohd.it\/wp-content\/uploads\/2026\/05\/Flos-MDW2026-Nocturne-Konstantin-Grcic-8.png","type":"image\/png"}],"author":"Noemi Cris\u00e0","twitter_card":"summary_large_image","twitter_creator":"@mohd_homedesign","twitter_site":"@mohd_homedesign","twitter_misc":{"Verfasst von":"Noemi Cris\u00e0","Gesch\u00e4tzte Lesezeit":"1\u00a0Minute"},"schema":{"@context":"https:\/\/schema.org","@graph":[{"@type":"Article","@id":"https:\/\/www.mohd.it\/de\/magazine\/flos-licht-als-atmosphaere-materie-und-kreative-geste\/#article","isPartOf":{"@id":"https:\/\/www.mohd.it\/de\/magazine\/flos-licht-als-atmosphaere-materie-und-kreative-geste\/"},"author":{"name":"Noemi Cris\u00e0","@id":"https:\/\/www.mohd.it\/de\/#\/schema\/person\/d237bc94bea0bfe5020d1c41b41f6af2"},"headline":"Flos: Licht als Atmosph\u00e4re, Materie und kreative Geste","datePublished":"2026-05-07T09:04:59+00:00","dateModified":"2026-05-07T09:04:59+00:00","mainEntityOfPage":{"@id":"https:\/\/www.mohd.it\/de\/magazine\/flos-licht-als-atmosphaere-materie-und-kreative-geste\/"},"wordCount":292,"publisher":{"@id":"https:\/\/www.mohd.it\/de\/#organization"},"image":{"@id":"https:\/\/www.mohd.it\/de\/magazine\/flos-licht-als-atmosphaere-materie-und-kreative-geste\/#primaryimage"},"thumbnailUrl":"https:\/\/www.mohd.it\/wp-content\/uploads\/2026\/05\/Flos-MDW2026-Nocturne-Konstantin-Grcic-8.png","articleSection":["Marken"],"inLanguage":"de"},{"@type":"WebPage","@id":"https:\/\/www.mohd.it\/de\/magazine\/flos-licht-als-atmosphaere-materie-und-kreative-geste\/","url":"https:\/\/www.mohd.it\/de\/magazine\/flos-licht-als-atmosphaere-materie-und-kreative-geste\/","name":"Flos: Licht, Materie und Geste - Mohd","isPartOf":{"@id":"https:\/\/www.mohd.it\/de\/#website"},"primaryImageOfPage":{"@id":"https:\/\/www.mohd.it\/de\/magazine\/flos-licht-als-atmosphaere-materie-und-kreative-geste\/#primaryimage"},"image":{"@id":"https:\/\/www.mohd.it\/de\/magazine\/flos-licht-als-atmosphaere-materie-und-kreative-geste\/#primaryimage"},"thumbnailUrl":"https:\/\/www.mohd.it\/wp-content\/uploads\/2026\/05\/Flos-MDW2026-Nocturne-Konstantin-Grcic-8.png","datePublished":"2026-05-07T09:04:59+00:00","dateModified":"2026-05-07T09:04:59+00:00","description":"Flos pr\u00e4sentiert zur Design Week 2026 Nocturne von Grcic und Maap von Bouroullec in immersiven Installationen aus Licht und Materie.","breadcrumb":{"@id":"https:\/\/www.mohd.it\/de\/magazine\/flos-licht-als-atmosphaere-materie-und-kreative-geste\/#breadcrumb"},"inLanguage":"de","potentialAction":[{"@type":"ReadAction","target":["https:\/\/www.mohd.it\/de\/magazine\/flos-licht-als-atmosphaere-materie-und-kreative-geste\/"]}]},{"@type":"ImageObject","inLanguage":"de","@id":"https:\/\/www.mohd.it\/de\/magazine\/flos-licht-als-atmosphaere-materie-und-kreative-geste\/#primaryimage","url":"https:\/\/www.mohd.it\/wp-content\/uploads\/2026\/05\/Flos-MDW2026-Nocturne-Konstantin-Grcic-8.png","contentUrl":"https:\/\/www.mohd.it\/wp-content\/uploads\/2026\/05\/Flos-MDW2026-Nocturne-Konstantin-Grcic-8.png","width":1300,"height":980,"caption":"Flos MDW2026 Nocturne Konstantin Grcic"},{"@type":"BreadcrumbList","@id":"https:\/\/www.mohd.it\/de\/magazine\/flos-licht-als-atmosphaere-materie-und-kreative-geste\/#breadcrumb","itemListElement":[{"@type":"ListItem","position":1,"name":"Home","item":"https:\/\/www.mohd.it\/de\/"},{"@type":"ListItem","position":2,"name":"Flos: Licht als Atmosph\u00e4re, Materie und kreative Geste"}]},{"@type":"WebSite","@id":"https:\/\/www.mohd.it\/de\/#website","url":"https:\/\/www.mohd.it\/de\/","name":"Mohd","description":"","publisher":{"@id":"https:\/\/www.mohd.it\/de\/#organization"},"potentialAction":[{"@type":"SearchAction","target":{"@type":"EntryPoint","urlTemplate":"https:\/\/www.mohd.it\/de\/?s={search_term_string}"},"query-input":{"@type":"PropertyValueSpecification","valueRequired":true,"valueName":"search_term_string"}}],"inLanguage":"de"},{"@type":"Organization","@id":"https:\/\/www.mohd.it\/de\/#organization","name":"Mollura & C. SPA","url":"https:\/\/www.mohd.it\/de\/","logo":{"@type":"ImageObject","inLanguage":"de","@id":"https:\/\/www.mohd.it\/de\/#\/schema\/logo\/image\/","url":"https:\/\/www.mohd.it\/wp-content\/uploads\/2020\/09\/mohd-logo.png","contentUrl":"https:\/\/www.mohd.it\/wp-content\/uploads\/2020\/09\/mohd-logo.png","width":600,"height":600,"caption":"Mollura & C. SPA"},"image":{"@id":"https:\/\/www.mohd.it\/de\/#\/schema\/logo\/image\/"},"sameAs":["https:\/\/www.facebook.com\/mollurahomedesign","https:\/\/x.com\/mohd_homedesign","https:\/\/www.instagram.com\/mohd_homedesign\/","https:\/\/it.linkedin.com\/company\/mohd-mollura-home-design","https:\/\/www.pinterest.it\/mohdhomedesign\/","https:\/\/www.youtube.com\/channel\/UCYLuPff6hq4z_o0GO0w1yaA"]},{"@type":"Person","@id":"https:\/\/www.mohd.it\/de\/#\/schema\/person\/d237bc94bea0bfe5020d1c41b41f6af2","name":"Noemi Cris\u00e0","image":{"@type":"ImageObject","inLanguage":"de","@id":"https:\/\/www.mohd.it\/de\/#\/schema\/person\/image\/","url":"https:\/\/secure.gravatar.com\/avatar\/6f959897d20f7190d0b1a9b0a1518d13?s=96&d=mm&r=g","contentUrl":"https:\/\/secure.gravatar.com\/avatar\/6f959897d20f7190d0b1a9b0a1518d13?s=96&d=mm&r=g","caption":"Noemi Cris\u00e0"},"url":"https:\/\/www.mohd.it\/de\/magazine\/author\/noemi\/"}]}},"image":"https:\/\/www.mohd.it\/wp-content\/uploads\/2026\/05\/Flos-MDW2026-Nocturne-Konstantin-Grcic-8-800x600.png","category":"Marken","_links":{"self":[{"href":"https:\/\/www.mohd.it\/de\/wp-json\/wp\/v2\/posts\/120488","targetHints":{"allow":["GET"]}}],"collection":[{"href":"https:\/\/www.mohd.it\/de\/wp-json\/wp\/v2\/posts"}],"about":[{"href":"https:\/\/www.mohd.it\/de\/wp-json\/wp\/v2\/types\/post"}],"author":[{"embeddable":true,"href":"https:\/\/www.mohd.it\/de\/wp-json\/wp\/v2\/users\/18"}],"replies":[{"embeddable":true,"href":"https:\/\/www.mohd.it\/de\/wp-json\/wp\/v2\/comments?post=120488"}],"version-history":[{"count":4,"href":"https:\/\/www.mohd.it\/de\/wp-json\/wp\/v2\/posts\/120488\/revisions"}],"predecessor-version":[{"id":120502,"href":"https:\/\/www.mohd.it\/de\/wp-json\/wp\/v2\/posts\/120488\/revisions\/120502"}],"wp:featuredmedia":[{"embeddable":true,"href":"https:\/\/www.mohd.it\/de\/wp-json\/wp\/v2\/media\/120311"}],"wp:attachment":[{"href":"https:\/\/www.mohd.it\/de\/wp-json\/wp\/v2\/media?parent=120488"}],"wp:term":[{"taxonomy":"category","embeddable":true,"href":"https:\/\/www.mohd.it\/de\/wp-json\/wp\/v2\/categories?post=120488"},{"taxonomy":"post_tag","embeddable":true,"href":"https:\/\/www.mohd.it\/de\/wp-json\/wp\/v2\/tags?post=120488"}],"curies":[{"name":"wp","href":"https:\/\/api.w.org\/{rel}","templated":true}]}}