{"id":121212,"date":"2026-05-19T11:28:10","date_gmt":"2026-05-19T09:28:10","guid":{"rendered":"https:\/\/www.mohd.it\/?p=121212"},"modified":"2026-05-20T12:28:30","modified_gmt":"2026-05-20T10:28:30","slug":"davide-groppi-auf-der-milan-design-week-2026-licht-als-essentielle-praesenz","status":"publish","type":"post","link":"https:\/\/www.mohd.it\/de\/magazine\/davide-groppi-auf-der-milan-design-week-2026-licht-als-essentielle-praesenz\/","title":{"rendered":"Davide Groppi auf der Milan Design Week 2026: Licht als essentielle Pr\u00e4senz"},"content":{"rendered":"\n<p><strong><a href=\"https:\/\/shopmohd.com\/de\/marken\/davide-groppi.html\">Davide Groppi <\/a><\/strong>setzt seine Forschung rund um ein Lichtkonzept fort, das sich vom Objekt l\u00f6st und zu Atmosph\u00e4re und Wahrnehmung wird. Die neuen Entw\u00fcrfe bewegen sich zwischen Innen- und Au\u00dfenraum mit einer reduzierten Sprache, in der Technik, Emotion und Wesentlichkeit ein pr\u00e4zises Gleichgewicht finden.<\/p>\n\n\n\n<p><strong>Calma<\/strong> interpretiert die Tischleuchte als kompaktes, zur\u00fcckhaltendes Lichtobjekt, das den Alltag begleitet, ohne sich aufzudr\u00e4ngen. Die Pendelversion <strong>Calma S<\/strong>. \u00fcbertr\u00e4gt dieselbe Leichtigkeit in den architektonischen Raum, w\u00e4hrend die Variante <strong>UP&amp;DOWN<\/strong> mit einer doppelten Lichtabgabe nach oben und unten arbeitet und so Oberfl\u00e4chen, Schatten und Proportionen definiert.<\/p>\n\n\n<div class=\"board\">\n      <div class=\"board-items masonry-grid\">\n      <div class=\"board-item masonry-item\">\n  <div class=\"board-product\" style=\"padding-top:125%\">\n    <img decoding=\"async\" src=\"https:\/\/www.mohd.it\/wp-content\/uploads\/2026\/05\/Davide-Groppi-MDW2026-Calma-s.png\" \/>\n    <div class=\"content\">\n      <span class=\"brand\">Davide Groppi<\/span>      <span class=\"name\">Calma S H\u00e4ngelampe<\/span>\n    <\/div>\n    <div class=\"actions\">\n              <a href=\"https:\/\/shopmohd.com\/de\/calma-s-hangelampe.html\" class=\"button\">Acquista<\/a>\n            \t\t          <\/div>\n  <\/div>\n    <\/div>\n<div class=\"board-item masonry-item\">\n  <div class=\"board-product\" style=\"padding-top:125%\">\n    <img decoding=\"async\" src=\"https:\/\/www.mohd.it\/wp-content\/uploads\/2026\/05\/Davide-Groppi-MDW2026-Calma.png\" \/>\n    <div class=\"content\">\n      <span class=\"brand\">Davide Groppi<\/span>      <span class=\"name\">Calma T Tischleuchte<\/span>\n    <\/div>\n    <div class=\"actions\">\n              <a href=\"https:\/\/shopmohd.com\/de\/calma-t-tischleuchte.html\" class=\"button\">Acquista<\/a>\n            \t\t          <\/div>\n  <\/div>\n    <\/div>\n    <\/div>\n    <\/div>\n\n\n\n<p><strong>Miss 25<\/strong> f\u00fchrt diese formale Reduktion mit einer nahezu grafischen Pendelleuchte fort, deren weiches und kontrolliertes Licht mit der Architektur in Dialog tritt.<\/p>\n\n\n\n<p>Technischer und flexibler zeigt sich <strong>Carroponte<\/strong>, ein modulares Lichtsystem f\u00fcr Wohn- und Objektbereiche mit klarer visueller Pr\u00e4senz. <\/p>\n\n\n<div class=\"board\">\n      <div class=\"board-items masonry-grid\">\n      <div class=\"board-item masonry-item\">\n  <div class=\"board-product\" style=\"padding-top:125%\">\n    <img decoding=\"async\" src=\"https:\/\/www.mohd.it\/wp-content\/uploads\/2026\/05\/Davide-Groppi-MDW2026-Miss-25.png\" \/>\n    <div class=\"content\">\n      <span class=\"brand\">Davide Groppi<\/span>      <span class=\"name\">Miss 25 H\u00e4ngelampe<\/span>\n    <\/div>\n    <div class=\"actions\">\n              <a href=\"https:\/\/shopmohd.com\/de\/miss-25-hangelampe.html\" class=\"button\">Acquista<\/a>\n            \t\t          <\/div>\n  <\/div>\n    <\/div>\n<div class=\"board-item masonry-item\">\n  <div class=\"board-product\" style=\"padding-top:125%\">\n    <img decoding=\"async\" src=\"https:\/\/www.mohd.it\/wp-content\/uploads\/2026\/05\/Davide-Groppi-MDW2026-Carroponte.png\" \/>\n    <div class=\"content\">\n      <span class=\"brand\">Davide Groppi<\/span>      <span class=\"name\">Carroponte Beleuchtungssystem<\/span>\n    <\/div>\n    <div class=\"actions\">\n              <a href=\"https:\/\/shopmohd.com\/de\/carroponte-beleuchtungssystem.html\" class=\"button\">Acquista<\/a>\n            \t\t          <\/div>\n  <\/div>\n    <\/div>\n    <\/div>\n    <\/div>\n\n\n\n<p>Auch <strong>D13 PL<\/strong> \/ <strong>D13 S<\/strong> folgt dieser Idee: ein direktes Lichtsystem f\u00fcr Decke oder Pendelmontage, gepr\u00e4gt von Lichtpr\u00e4zision und linearer Kontinuit\u00e4t.<\/p>\n\n\n\n<p>Mit <strong>Ipe Bollard<\/strong>, <strong>Ipe P<\/strong> und <strong>OcchiOlinO<\/strong> \u00f6ffnet sich die Kollektion schlie\u00dflich dem Outdoor-Bereich. Erstere interpretieren Au\u00dfenlicht durch essentielle Geometrien und eine zur\u00fcckhaltende Pr\u00e4senz in der Landschaft. OcchiOlinO, eine Outdoor-Stehleuchte, bringt gerichtetes Licht auf Wege, Terrassen und G\u00e4rten.<\/p>\n\n\n<div class=\"board\">\n      <div class=\"board-items masonry-grid\">\n      <div class=\"board-item masonry-item\">\n  <div class=\"board-product\" style=\"padding-top:125%\">\n    <img decoding=\"async\" src=\"https:\/\/www.mohd.it\/wp-content\/uploads\/2026\/05\/Davide-Groppi-MDW2026-1.png\" \/>\n    <div class=\"content\">\n      <span class=\"brand\">Davide Groppi<\/span>      <span class=\"name\">D13 PL Deckenleuchte<\/span>\n    <\/div>\n    <div class=\"actions\">\n              <a href=\"https:\/\/shopmohd.com\/de\/d13-pl-deckenleuchte.html\" class=\"button\">Acquista<\/a>\n            \t\t          <\/div>\n  <\/div>\n    <\/div>\n<div class=\"board-item masonry-item\">\n  <div class=\"board-product\" style=\"padding-top:125%\">\n    <img decoding=\"async\" src=\"https:\/\/www.mohd.it\/wp-content\/uploads\/2026\/05\/Davide-Groppi-MDW2026-Ipe-Bollard.png\" \/>\n    <div class=\"content\">\n      <span class=\"brand\">Davide Groppi<\/span>      <span class=\"name\">Ipe Bollard Au\u00dfenlampe<\/span>\n    <\/div>\n    <div class=\"actions\">\n              <a href=\"https:\/\/shopmohd.com\/de\/ipe-bollard-aussenlampe.html\" class=\"button\">Acquista<\/a>\n            \t\t          <\/div>\n  <\/div>\n    <\/div>\n<div class=\"board-item masonry-item\">\n  <div class=\"board-image\" style=\"padding-top:125%\">\n    <img decoding=\"async\" src=\"https:\/\/www.mohd.it\/wp-content\/uploads\/2026\/05\/Davide-Groppi-MDW2026-OcchiOlinO-1.png\" \/>\n  <\/div>\n  <\/div>\n<div class=\"board-item masonry-item\">\n  <div class=\"board-product\" style=\"padding-top:125%\">\n    <img decoding=\"async\" src=\"https:\/\/www.mohd.it\/wp-content\/uploads\/2026\/05\/Davide-Groppi-MDW2026-OcchiOlinO-2.png\" \/>\n    <div class=\"content\">\n      <span class=\"brand\">Davide Groppi<\/span>      <span class=\"name\">OcchiOlinO Au\u00dfenlampe<\/span>\n    <\/div>\n    <div class=\"actions\">\n              <a href=\"https:\/\/shopmohd.com\/de\/occhiolino-aussenlampe.html\" class=\"button\">Acquista<\/a>\n            \t\t          <\/div>\n  <\/div>\n    <\/div>\n    <\/div>\n    <\/div>\n","protected":false},"excerpt":{"rendered":"<p>Zwischen Pendelleuchten, modularen Systemen und Outdoor-Leuchten pr\u00e4sentiert Davide Groppi eine Kollektion, die Licht als diskrete Geste, unsichtbare Architektur und Beziehung zum Raum interpretiert.<\/p>\n","protected":false},"author":18,"featured_media":121197,"comment_status":"closed","ping_status":"closed","sticky":false,"template":"","format":"standard","meta":{"footnotes":""},"categories":[486],"tags":[],"class_list":["post-121212","post","type-post","status-publish","format-standard","has-post-thumbnail","hentry","category-aktuelles"],"yoast_head":"<!-- This site is optimized with the Yoast SEO plugin v24.0 - https:\/\/yoast.com\/wordpress\/plugins\/seo\/ -->\n<title>Davide Groppi: Neuheiten der Milan Design Week 2026 - Mohd<\/title>\n<meta name=\"description\" content=\"Zur Milan Design Week 2026 pr\u00e4sentiert Davide Groppi neue Leuchten und Lichtsysteme zwischen Reduktion, technischer Pr\u00e4zision und Atmosph\u00e4re.\" \/>\n<meta name=\"robots\" content=\"index, follow, max-snippet:-1, max-image-preview:large, max-video-preview:-1\" \/>\n<link rel=\"canonical\" href=\"https:\/\/www.mohd.it\/de\/magazine\/davide-groppi-auf-der-milan-design-week-2026-licht-als-essentielle-praesenz\/\" \/>\n<meta property=\"og:locale\" content=\"de_DE\" \/>\n<meta property=\"og:type\" content=\"article\" \/>\n<meta property=\"og:title\" content=\"Davide Groppi: Neuheiten der Milan Design Week 2026 - Mohd\" \/>\n<meta property=\"og:description\" content=\"Zur Milan Design Week 2026 pr\u00e4sentiert Davide Groppi neue Leuchten und Lichtsysteme zwischen Reduktion, technischer Pr\u00e4zision und Atmosph\u00e4re.\" \/>\n<meta property=\"og:url\" content=\"https:\/\/www.mohd.it\/de\/magazine\/davide-groppi-auf-der-milan-design-week-2026-licht-als-essentielle-praesenz\/\" \/>\n<meta property=\"og:site_name\" content=\"Mohd\" \/>\n<meta property=\"article:publisher\" content=\"https:\/\/www.facebook.com\/mollurahomedesign\" \/>\n<meta property=\"article:published_time\" content=\"2026-05-19T09:28:10+00:00\" \/>\n<meta property=\"article:modified_time\" content=\"2026-05-20T10:28:30+00:00\" \/>\n<meta property=\"og:image\" content=\"https:\/\/www.mohd.it\/wp-content\/uploads\/2026\/05\/Davide-Groppi-MDW2026-OcchiOlinO.png\" \/>\n\t<meta property=\"og:image:width\" content=\"1300\" \/>\n\t<meta property=\"og:image:height\" content=\"980\" \/>\n\t<meta property=\"og:image:type\" content=\"image\/png\" \/>\n<meta name=\"author\" content=\"Noemi Cris\u00e0\" \/>\n<meta name=\"twitter:card\" content=\"summary_large_image\" \/>\n<meta name=\"twitter:creator\" content=\"@mohd_homedesign\" \/>\n<meta name=\"twitter:site\" content=\"@mohd_homedesign\" \/>\n<meta name=\"twitter:label1\" content=\"Verfasst von\" \/>\n\t<meta name=\"twitter:data1\" content=\"Noemi Cris\u00e0\" \/>\n\t<meta name=\"twitter:label2\" content=\"Gesch\u00e4tzte Lesezeit\" \/>\n\t<meta name=\"twitter:data2\" content=\"2\u00a0Minuten\" \/>\n<script type=\"application\/ld+json\" class=\"yoast-schema-graph\">{\"@context\":\"https:\/\/schema.org\",\"@graph\":[{\"@type\":\"Article\",\"@id\":\"https:\/\/www.mohd.it\/de\/magazine\/davide-groppi-auf-der-milan-design-week-2026-licht-als-essentielle-praesenz\/#article\",\"isPartOf\":{\"@id\":\"https:\/\/www.mohd.it\/de\/magazine\/davide-groppi-auf-der-milan-design-week-2026-licht-als-essentielle-praesenz\/\"},\"author\":{\"name\":\"Noemi Cris\u00e0\",\"@id\":\"https:\/\/www.mohd.it\/de\/#\/schema\/person\/d237bc94bea0bfe5020d1c41b41f6af2\"},\"headline\":\"Davide Groppi auf der Milan Design Week 2026: Licht als essentielle Pr\u00e4senz\",\"datePublished\":\"2026-05-19T09:28:10+00:00\",\"dateModified\":\"2026-05-20T10:28:30+00:00\",\"mainEntityOfPage\":{\"@id\":\"https:\/\/www.mohd.it\/de\/magazine\/davide-groppi-auf-der-milan-design-week-2026-licht-als-essentielle-praesenz\/\"},\"wordCount\":224,\"publisher\":{\"@id\":\"https:\/\/www.mohd.it\/de\/#organization\"},\"image\":{\"@id\":\"https:\/\/www.mohd.it\/de\/magazine\/davide-groppi-auf-der-milan-design-week-2026-licht-als-essentielle-praesenz\/#primaryimage\"},\"thumbnailUrl\":\"https:\/\/www.mohd.it\/wp-content\/uploads\/2026\/05\/Davide-Groppi-MDW2026-OcchiOlinO.png\",\"articleSection\":[\"Aktuelles\"],\"inLanguage\":\"de\"},{\"@type\":\"WebPage\",\"@id\":\"https:\/\/www.mohd.it\/de\/magazine\/davide-groppi-auf-der-milan-design-week-2026-licht-als-essentielle-praesenz\/\",\"url\":\"https:\/\/www.mohd.it\/de\/magazine\/davide-groppi-auf-der-milan-design-week-2026-licht-als-essentielle-praesenz\/\",\"name\":\"Davide Groppi: Neuheiten der Milan Design Week 2026 - Mohd\",\"isPartOf\":{\"@id\":\"https:\/\/www.mohd.it\/de\/#website\"},\"primaryImageOfPage\":{\"@id\":\"https:\/\/www.mohd.it\/de\/magazine\/davide-groppi-auf-der-milan-design-week-2026-licht-als-essentielle-praesenz\/#primaryimage\"},\"image\":{\"@id\":\"https:\/\/www.mohd.it\/de\/magazine\/davide-groppi-auf-der-milan-design-week-2026-licht-als-essentielle-praesenz\/#primaryimage\"},\"thumbnailUrl\":\"https:\/\/www.mohd.it\/wp-content\/uploads\/2026\/05\/Davide-Groppi-MDW2026-OcchiOlinO.png\",\"datePublished\":\"2026-05-19T09:28:10+00:00\",\"dateModified\":\"2026-05-20T10:28:30+00:00\",\"description\":\"Zur Milan Design Week 2026 pr\u00e4sentiert Davide Groppi neue Leuchten und Lichtsysteme zwischen Reduktion, technischer Pr\u00e4zision und Atmosph\u00e4re.\",\"breadcrumb\":{\"@id\":\"https:\/\/www.mohd.it\/de\/magazine\/davide-groppi-auf-der-milan-design-week-2026-licht-als-essentielle-praesenz\/#breadcrumb\"},\"inLanguage\":\"de\",\"potentialAction\":[{\"@type\":\"ReadAction\",\"target\":[\"https:\/\/www.mohd.it\/de\/magazine\/davide-groppi-auf-der-milan-design-week-2026-licht-als-essentielle-praesenz\/\"]}]},{\"@type\":\"ImageObject\",\"inLanguage\":\"de\",\"@id\":\"https:\/\/www.mohd.it\/de\/magazine\/davide-groppi-auf-der-milan-design-week-2026-licht-als-essentielle-praesenz\/#primaryimage\",\"url\":\"https:\/\/www.mohd.it\/wp-content\/uploads\/2026\/05\/Davide-Groppi-MDW2026-OcchiOlinO.png\",\"contentUrl\":\"https:\/\/www.mohd.it\/wp-content\/uploads\/2026\/05\/Davide-Groppi-MDW2026-OcchiOlinO.png\",\"width\":1300,\"height\":980,\"caption\":\"Davide Groppi MDW2026 OcchiOlinO\"},{\"@type\":\"BreadcrumbList\",\"@id\":\"https:\/\/www.mohd.it\/de\/magazine\/davide-groppi-auf-der-milan-design-week-2026-licht-als-essentielle-praesenz\/#breadcrumb\",\"itemListElement\":[{\"@type\":\"ListItem\",\"position\":1,\"name\":\"Home\",\"item\":\"https:\/\/www.mohd.it\/de\/\"},{\"@type\":\"ListItem\",\"position\":2,\"name\":\"Davide Groppi auf der Milan Design Week 2026: Licht als essentielle Pr\u00e4senz\"}]},{\"@type\":\"WebSite\",\"@id\":\"https:\/\/www.mohd.it\/de\/#website\",\"url\":\"https:\/\/www.mohd.it\/de\/\",\"name\":\"Mohd\",\"description\":\"\",\"publisher\":{\"@id\":\"https:\/\/www.mohd.it\/de\/#organization\"},\"potentialAction\":[{\"@type\":\"SearchAction\",\"target\":{\"@type\":\"EntryPoint\",\"urlTemplate\":\"https:\/\/www.mohd.it\/de\/?s={search_term_string}\"},\"query-input\":{\"@type\":\"PropertyValueSpecification\",\"valueRequired\":true,\"valueName\":\"search_term_string\"}}],\"inLanguage\":\"de\"},{\"@type\":\"Organization\",\"@id\":\"https:\/\/www.mohd.it\/de\/#organization\",\"name\":\"Mollura & C. SPA\",\"url\":\"https:\/\/www.mohd.it\/de\/\",\"logo\":{\"@type\":\"ImageObject\",\"inLanguage\":\"de\",\"@id\":\"https:\/\/www.mohd.it\/de\/#\/schema\/logo\/image\/\",\"url\":\"https:\/\/www.mohd.it\/wp-content\/uploads\/2020\/09\/mohd-logo.png\",\"contentUrl\":\"https:\/\/www.mohd.it\/wp-content\/uploads\/2020\/09\/mohd-logo.png\",\"width\":600,\"height\":600,\"caption\":\"Mollura & C. SPA\"},\"image\":{\"@id\":\"https:\/\/www.mohd.it\/de\/#\/schema\/logo\/image\/\"},\"sameAs\":[\"https:\/\/www.facebook.com\/mollurahomedesign\",\"https:\/\/x.com\/mohd_homedesign\",\"https:\/\/www.instagram.com\/mohd_homedesign\/\",\"https:\/\/it.linkedin.com\/company\/mohd-mollura-home-design\",\"https:\/\/www.pinterest.it\/mohdhomedesign\/\",\"https:\/\/www.youtube.com\/channel\/UCYLuPff6hq4z_o0GO0w1yaA\"]},{\"@type\":\"Person\",\"@id\":\"https:\/\/www.mohd.it\/de\/#\/schema\/person\/d237bc94bea0bfe5020d1c41b41f6af2\",\"name\":\"Noemi Cris\u00e0\",\"image\":{\"@type\":\"ImageObject\",\"inLanguage\":\"de\",\"@id\":\"https:\/\/www.mohd.it\/de\/#\/schema\/person\/image\/\",\"url\":\"https:\/\/secure.gravatar.com\/avatar\/6f959897d20f7190d0b1a9b0a1518d13?s=96&d=mm&r=g\",\"contentUrl\":\"https:\/\/secure.gravatar.com\/avatar\/6f959897d20f7190d0b1a9b0a1518d13?s=96&d=mm&r=g\",\"caption\":\"Noemi Cris\u00e0\"},\"url\":\"https:\/\/www.mohd.it\/de\/magazine\/author\/noemi\/\"}]}<\/script>\n<!-- \/ Yoast SEO plugin. -->","yoast_head_json":{"title":"Davide Groppi: Neuheiten der Milan Design Week 2026 - Mohd","description":"Zur Milan Design Week 2026 pr\u00e4sentiert Davide Groppi neue Leuchten und Lichtsysteme zwischen Reduktion, technischer Pr\u00e4zision und Atmosph\u00e4re.","robots":{"index":"index","follow":"follow","max-snippet":"max-snippet:-1","max-image-preview":"max-image-preview:large","max-video-preview":"max-video-preview:-1"},"canonical":"https:\/\/www.mohd.it\/de\/magazine\/davide-groppi-auf-der-milan-design-week-2026-licht-als-essentielle-praesenz\/","og_locale":"de_DE","og_type":"article","og_title":"Davide Groppi: Neuheiten der Milan Design Week 2026 - Mohd","og_description":"Zur Milan Design Week 2026 pr\u00e4sentiert Davide Groppi neue Leuchten und Lichtsysteme zwischen Reduktion, technischer Pr\u00e4zision und Atmosph\u00e4re.","og_url":"https:\/\/www.mohd.it\/de\/magazine\/davide-groppi-auf-der-milan-design-week-2026-licht-als-essentielle-praesenz\/","og_site_name":"Mohd","article_publisher":"https:\/\/www.facebook.com\/mollurahomedesign","article_published_time":"2026-05-19T09:28:10+00:00","article_modified_time":"2026-05-20T10:28:30+00:00","og_image":[{"width":1300,"height":980,"url":"https:\/\/www.mohd.it\/wp-content\/uploads\/2026\/05\/Davide-Groppi-MDW2026-OcchiOlinO.png","type":"image\/png"}],"author":"Noemi Cris\u00e0","twitter_card":"summary_large_image","twitter_creator":"@mohd_homedesign","twitter_site":"@mohd_homedesign","twitter_misc":{"Verfasst von":"Noemi Cris\u00e0","Gesch\u00e4tzte Lesezeit":"2\u00a0Minuten"},"schema":{"@context":"https:\/\/schema.org","@graph":[{"@type":"Article","@id":"https:\/\/www.mohd.it\/de\/magazine\/davide-groppi-auf-der-milan-design-week-2026-licht-als-essentielle-praesenz\/#article","isPartOf":{"@id":"https:\/\/www.mohd.it\/de\/magazine\/davide-groppi-auf-der-milan-design-week-2026-licht-als-essentielle-praesenz\/"},"author":{"name":"Noemi Cris\u00e0","@id":"https:\/\/www.mohd.it\/de\/#\/schema\/person\/d237bc94bea0bfe5020d1c41b41f6af2"},"headline":"Davide Groppi auf der Milan Design Week 2026: Licht als essentielle Pr\u00e4senz","datePublished":"2026-05-19T09:28:10+00:00","dateModified":"2026-05-20T10:28:30+00:00","mainEntityOfPage":{"@id":"https:\/\/www.mohd.it\/de\/magazine\/davide-groppi-auf-der-milan-design-week-2026-licht-als-essentielle-praesenz\/"},"wordCount":224,"publisher":{"@id":"https:\/\/www.mohd.it\/de\/#organization"},"image":{"@id":"https:\/\/www.mohd.it\/de\/magazine\/davide-groppi-auf-der-milan-design-week-2026-licht-als-essentielle-praesenz\/#primaryimage"},"thumbnailUrl":"https:\/\/www.mohd.it\/wp-content\/uploads\/2026\/05\/Davide-Groppi-MDW2026-OcchiOlinO.png","articleSection":["Aktuelles"],"inLanguage":"de"},{"@type":"WebPage","@id":"https:\/\/www.mohd.it\/de\/magazine\/davide-groppi-auf-der-milan-design-week-2026-licht-als-essentielle-praesenz\/","url":"https:\/\/www.mohd.it\/de\/magazine\/davide-groppi-auf-der-milan-design-week-2026-licht-als-essentielle-praesenz\/","name":"Davide Groppi: Neuheiten der Milan Design Week 2026 - Mohd","isPartOf":{"@id":"https:\/\/www.mohd.it\/de\/#website"},"primaryImageOfPage":{"@id":"https:\/\/www.mohd.it\/de\/magazine\/davide-groppi-auf-der-milan-design-week-2026-licht-als-essentielle-praesenz\/#primaryimage"},"image":{"@id":"https:\/\/www.mohd.it\/de\/magazine\/davide-groppi-auf-der-milan-design-week-2026-licht-als-essentielle-praesenz\/#primaryimage"},"thumbnailUrl":"https:\/\/www.mohd.it\/wp-content\/uploads\/2026\/05\/Davide-Groppi-MDW2026-OcchiOlinO.png","datePublished":"2026-05-19T09:28:10+00:00","dateModified":"2026-05-20T10:28:30+00:00","description":"Zur Milan Design Week 2026 pr\u00e4sentiert Davide Groppi neue Leuchten und Lichtsysteme zwischen Reduktion, technischer Pr\u00e4zision und Atmosph\u00e4re.","breadcrumb":{"@id":"https:\/\/www.mohd.it\/de\/magazine\/davide-groppi-auf-der-milan-design-week-2026-licht-als-essentielle-praesenz\/#breadcrumb"},"inLanguage":"de","potentialAction":[{"@type":"ReadAction","target":["https:\/\/www.mohd.it\/de\/magazine\/davide-groppi-auf-der-milan-design-week-2026-licht-als-essentielle-praesenz\/"]}]},{"@type":"ImageObject","inLanguage":"de","@id":"https:\/\/www.mohd.it\/de\/magazine\/davide-groppi-auf-der-milan-design-week-2026-licht-als-essentielle-praesenz\/#primaryimage","url":"https:\/\/www.mohd.it\/wp-content\/uploads\/2026\/05\/Davide-Groppi-MDW2026-OcchiOlinO.png","contentUrl":"https:\/\/www.mohd.it\/wp-content\/uploads\/2026\/05\/Davide-Groppi-MDW2026-OcchiOlinO.png","width":1300,"height":980,"caption":"Davide Groppi MDW2026 OcchiOlinO"},{"@type":"BreadcrumbList","@id":"https:\/\/www.mohd.it\/de\/magazine\/davide-groppi-auf-der-milan-design-week-2026-licht-als-essentielle-praesenz\/#breadcrumb","itemListElement":[{"@type":"ListItem","position":1,"name":"Home","item":"https:\/\/www.mohd.it\/de\/"},{"@type":"ListItem","position":2,"name":"Davide Groppi auf der Milan Design Week 2026: Licht als essentielle Pr\u00e4senz"}]},{"@type":"WebSite","@id":"https:\/\/www.mohd.it\/de\/#website","url":"https:\/\/www.mohd.it\/de\/","name":"Mohd","description":"","publisher":{"@id":"https:\/\/www.mohd.it\/de\/#organization"},"potentialAction":[{"@type":"SearchAction","target":{"@type":"EntryPoint","urlTemplate":"https:\/\/www.mohd.it\/de\/?s={search_term_string}"},"query-input":{"@type":"PropertyValueSpecification","valueRequired":true,"valueName":"search_term_string"}}],"inLanguage":"de"},{"@type":"Organization","@id":"https:\/\/www.mohd.it\/de\/#organization","name":"Mollura & C. SPA","url":"https:\/\/www.mohd.it\/de\/","logo":{"@type":"ImageObject","inLanguage":"de","@id":"https:\/\/www.mohd.it\/de\/#\/schema\/logo\/image\/","url":"https:\/\/www.mohd.it\/wp-content\/uploads\/2020\/09\/mohd-logo.png","contentUrl":"https:\/\/www.mohd.it\/wp-content\/uploads\/2020\/09\/mohd-logo.png","width":600,"height":600,"caption":"Mollura & C. SPA"},"image":{"@id":"https:\/\/www.mohd.it\/de\/#\/schema\/logo\/image\/"},"sameAs":["https:\/\/www.facebook.com\/mollurahomedesign","https:\/\/x.com\/mohd_homedesign","https:\/\/www.instagram.com\/mohd_homedesign\/","https:\/\/it.linkedin.com\/company\/mohd-mollura-home-design","https:\/\/www.pinterest.it\/mohdhomedesign\/","https:\/\/www.youtube.com\/channel\/UCYLuPff6hq4z_o0GO0w1yaA"]},{"@type":"Person","@id":"https:\/\/www.mohd.it\/de\/#\/schema\/person\/d237bc94bea0bfe5020d1c41b41f6af2","name":"Noemi Cris\u00e0","image":{"@type":"ImageObject","inLanguage":"de","@id":"https:\/\/www.mohd.it\/de\/#\/schema\/person\/image\/","url":"https:\/\/secure.gravatar.com\/avatar\/6f959897d20f7190d0b1a9b0a1518d13?s=96&d=mm&r=g","contentUrl":"https:\/\/secure.gravatar.com\/avatar\/6f959897d20f7190d0b1a9b0a1518d13?s=96&d=mm&r=g","caption":"Noemi Cris\u00e0"},"url":"https:\/\/www.mohd.it\/de\/magazine\/author\/noemi\/"}]}},"image":"https:\/\/www.mohd.it\/wp-content\/uploads\/2026\/05\/Davide-Groppi-MDW2026-OcchiOlinO-800x600.png","category":"Aktuelles","_links":{"self":[{"href":"https:\/\/www.mohd.it\/de\/wp-json\/wp\/v2\/posts\/121212","targetHints":{"allow":["GET"]}}],"collection":[{"href":"https:\/\/www.mohd.it\/de\/wp-json\/wp\/v2\/posts"}],"about":[{"href":"https:\/\/www.mohd.it\/de\/wp-json\/wp\/v2\/types\/post"}],"author":[{"embeddable":true,"href":"https:\/\/www.mohd.it\/de\/wp-json\/wp\/v2\/users\/18"}],"replies":[{"embeddable":true,"href":"https:\/\/www.mohd.it\/de\/wp-json\/wp\/v2\/comments?post=121212"}],"version-history":[{"count":11,"href":"https:\/\/www.mohd.it\/de\/wp-json\/wp\/v2\/posts\/121212\/revisions"}],"predecessor-version":[{"id":121265,"href":"https:\/\/www.mohd.it\/de\/wp-json\/wp\/v2\/posts\/121212\/revisions\/121265"}],"wp:featuredmedia":[{"embeddable":true,"href":"https:\/\/www.mohd.it\/de\/wp-json\/wp\/v2\/media\/121197"}],"wp:attachment":[{"href":"https:\/\/www.mohd.it\/de\/wp-json\/wp\/v2\/media?parent=121212"}],"wp:term":[{"taxonomy":"category","embeddable":true,"href":"https:\/\/www.mohd.it\/de\/wp-json\/wp\/v2\/categories?post=121212"},{"taxonomy":"post_tag","embeddable":true,"href":"https:\/\/www.mohd.it\/de\/wp-json\/wp\/v2\/tags?post=121212"}],"curies":[{"name":"wp","href":"https:\/\/api.w.org\/{rel}","templated":true}]}}