{"id":121466,"date":"2026-05-21T15:40:56","date_gmt":"2026-05-21T13:40:56","guid":{"rendered":"https:\/\/www.mohd.it\/?p=121466"},"modified":"2026-05-21T15:40:57","modified_gmt":"2026-05-21T13:40:57","slug":"talenti-definiert-den-innenraum-neu-zwischen-komfort-materialitaet-und-wohnlicher-harmonie","status":"publish","type":"post","link":"https:\/\/www.mohd.it\/de\/magazine\/talenti-definiert-den-innenraum-neu-zwischen-komfort-materialitaet-und-wohnlicher-harmonie\/","title":{"rendered":"Talenti definiert den Innenraum neu \u2013 zwischen Komfort, Materialit\u00e4t und wohnlicher Harmonie"},"content":{"rendered":"\n<p>Modulare Sofas, Sessel, Tische und Einrichtungselemente definieren eine neue Idee des Wohnens: flie\u00dfend, elegant und gepr\u00e4gt von weichen Proportionen, haptischen Oberfl\u00e4chen und raffinierten Details.<br>Mit der Home Collection bringt <strong><a href=\"https:\/\/shopmohd.com\/de\/marken\/talenti.html\">Talenti<\/a><\/strong> eine von Ludovica Serafini + Roberto Palomba kuratierte Designvision in den Innenraum, die auf Kontinuit\u00e4t, Komfort und Materialforschung basiert. Ein Einrichtungssystem, in dem jedes Element mit dem Raum in Dialog tritt, um harmonische, einladende Interieurs mit starker Ausdruckskraft zu schaffen.<\/p>\n\n\n\n<figure class=\"wp-block-image size-large\"><img loading=\"lazy\" decoding=\"async\" width=\"1024\" height=\"576\" src=\"https:\/\/www.mohd.it\/wp-content\/uploads\/2026\/05\/Talenti-Alma-Collection-1024x576.png\" alt=\"Talenti Alma Collection\" class=\"wp-image-121419\" srcset=\"https:\/\/www.mohd.it\/wp-content\/uploads\/2026\/05\/Talenti-Alma-Collection-1024x576.png 1024w, https:\/\/www.mohd.it\/wp-content\/uploads\/2026\/05\/Talenti-Alma-Collection-300x169.png 300w, https:\/\/www.mohd.it\/wp-content\/uploads\/2026\/05\/Talenti-Alma-Collection-768x432.png 768w, https:\/\/www.mohd.it\/wp-content\/uploads\/2026\/05\/Talenti-Alma-Collection-1536x864.png 1536w, https:\/\/www.mohd.it\/wp-content\/uploads\/2026\/05\/Talenti-Alma-Collection.png 1920w\" sizes=\"auto, (max-width: 1024px) 100vw, 1024px\" \/><\/figure>\n\n\n\n<p>Im Wohnbereich interpretiert das modulare Sofa <strong>Alma<\/strong> den Wohnraum als flie\u00dfende und einladende Umgebung. Seine weichen, umh\u00fcllenden Linien und die klaren, scheinbar schwebenden Volumen verwandeln Komfort in Architektur. Erg\u00e4nzt wird Alma durch die Sessel <strong>Grace<\/strong> und <strong>Panama<\/strong>, die zwei unterschiedliche Vorstellungen zeitgen\u00f6ssischer Eleganz verk\u00f6rpern: zur\u00fcckhaltend und lichtvoll die eine, materiell und skulptural die andere. Der Couchtisch <strong>Hydra<\/strong> mit seiner runden Platte und der gegliederten Basis vervollst\u00e4ndigt die Komposition und definiert das Zentrum des Wohnbereichs mit einer diskreten, aber markanten Pr\u00e4senz.<\/p>\n\n\n<div class=\"board\">\n      <div class=\"board-items masonry-grid\">\n      <div class=\"board-item masonry-item\">\n  <div class=\"board-product\" style=\"padding-top:125%\">\n    <img decoding=\"async\" src=\"https:\/\/www.mohd.it\/wp-content\/uploads\/2026\/05\/Talenti-Alma-Sofa.png\" \/>\n    <div class=\"content\">\n      <span class=\"brand\">Talenti<\/span>      <span class=\"name\">Alma Sofa Schr\u00e4g<\/span>\n    <\/div>\n    <div class=\"actions\">\n              <a href=\"https:\/\/shopmohd.com\/de\/alma-sofa-schrag-dx-indoor.html\" class=\"button\">Acquista<\/a>\n            \t\t          <\/div>\n  <\/div>\n    <\/div>\n<div class=\"board-item masonry-item\">\n  <div class=\"board-product\" style=\"padding-top:125%\">\n    <img decoding=\"async\" src=\"https:\/\/www.mohd.it\/wp-content\/uploads\/2026\/05\/Talenti-Grace-Armchair.png\" \/>\n    <div class=\"content\">\n      <span class=\"brand\">Talenti<\/span>      <span class=\"name\">Grace Sessel<\/span>\n    <\/div>\n    <div class=\"actions\">\n              <a href=\"https:\/\/shopmohd.com\/de\/grace-sessel-indoor.html\" class=\"button\">Acquista<\/a>\n            \t\t          <\/div>\n  <\/div>\n    <\/div>\n<div class=\"board-item masonry-item\">\n  <div class=\"board-product\" style=\"padding-top:125%\">\n    <img decoding=\"async\" src=\"https:\/\/www.mohd.it\/wp-content\/uploads\/2026\/05\/Talenti-Hydra-Coffee-Table.png\" \/>\n    <div class=\"content\">\n      <span class=\"brand\">Talenti<\/span>      <span class=\"name\">Hydra Couchtisch<\/span>\n    <\/div>\n    <div class=\"actions\">\n              <a href=\"https:\/\/shopmohd.com\/de\/hydra-couchtisch-indoor.html\" class=\"button\">Acquista<\/a>\n            \t\t          <\/div>\n  <\/div>\n    <\/div>\n<div class=\"board-item masonry-item\">\n  <div class=\"board-product\" style=\"padding-top:125%\">\n    <img decoding=\"async\" src=\"https:\/\/www.mohd.it\/wp-content\/uploads\/2026\/05\/Talenti-Alma-Armchair.png\" \/>\n    <div class=\"content\">\n      <span class=\"brand\">Talenti<\/span>      <span class=\"name\">Panama Sessel<\/span>\n    <\/div>\n    <div class=\"actions\">\n              <a href=\"https:\/\/shopmohd.com\/de\/panama-sessel-indoor.html\" class=\"button\">Acquista<\/a>\n            \t\t          <\/div>\n  <\/div>\n    <\/div>\n    <\/div>\n    <\/div>\n\n\n\n<p>Im Essbereich schaffen der Tisch <strong>Salinas<\/strong> und der Dining-Sessel <strong>Alicia<\/strong> ein raffiniertes Gleichgewicht zwischen formaler Strenge und nat\u00fcrlicher Leichtigkeit.<\/p>\n\n\n\n<figure class=\"wp-block-image size-large\"><img loading=\"lazy\" decoding=\"async\" width=\"1024\" height=\"576\" src=\"https:\/\/www.mohd.it\/wp-content\/uploads\/2026\/05\/Talenti-Salinas-Table-1024x576.png\" alt=\"Talenti Salinas Table\" class=\"wp-image-121455\" srcset=\"https:\/\/www.mohd.it\/wp-content\/uploads\/2026\/05\/Talenti-Salinas-Table-1024x576.png 1024w, https:\/\/www.mohd.it\/wp-content\/uploads\/2026\/05\/Talenti-Salinas-Table-300x169.png 300w, https:\/\/www.mohd.it\/wp-content\/uploads\/2026\/05\/Talenti-Salinas-Table-768x432.png 768w, https:\/\/www.mohd.it\/wp-content\/uploads\/2026\/05\/Talenti-Salinas-Table-1536x864.png 1536w, https:\/\/www.mohd.it\/wp-content\/uploads\/2026\/05\/Talenti-Salinas-Table.png 1920w\" sizes=\"auto, (max-width: 1024px) 100vw, 1024px\" \/><\/figure>\n\n\n\n<p>Salinas interpretiert das zeitgen\u00f6ssische Dining \u00fcber klare Proportionen und starke Materialit\u00e4t: Die Platte aus Marmor, Lack oder Furnier tritt in Dialog mit einer geometrischen, architektonischen Basis und macht den Tisch zum Mittelpunkt des Raumes. Alicia erg\u00e4nzt das Ensemble mit weicheren Linien, einladendem Komfort sowie Bez\u00fcgen aus Stoff oder Leder.<\/p>\n\n\n<div class=\"board\">\n      <div class=\"board-items masonry-grid\">\n      <div class=\"board-item masonry-item\">\n  <div class=\"board-product\" style=\"padding-top:125%\">\n    <img decoding=\"async\" src=\"https:\/\/www.mohd.it\/wp-content\/uploads\/2026\/05\/Talenti-Salinas-Table-1.png\" \/>\n    <div class=\"content\">\n      <span class=\"brand\">Talenti<\/span>      <span class=\"name\">Salinas Esstisch &#8211; Marmorplatte \/ Holzbeine<\/span>\n    <\/div>\n    <div class=\"actions\">\n              <a href=\"https:\/\/shopmohd.com\/de\/salinas-esstisch-marmorplatte-holzbeine-indoor.html\" class=\"button\">Acquista<\/a>\n            \t\t          <\/div>\n  <\/div>\n    <\/div>\n<div class=\"board-item masonry-item\">\n  <div class=\"board-product\" style=\"padding-top:125%\">\n    <img decoding=\"async\" src=\"https:\/\/www.mohd.it\/wp-content\/uploads\/2026\/05\/Talenti-Alicia-Armchair.png\" \/>\n    <div class=\"content\">\n      <span class=\"brand\">Talenti<\/span>      <span class=\"name\">Alicia Sessel Lackiert<\/span>\n    <\/div>\n    <div class=\"actions\">\n              <a href=\"https:\/\/shopmohd.com\/de\/alicia-sessel-lackiert-indoor.html\" class=\"button\">Acquista<\/a>\n            \t\t          <\/div>\n  <\/div>\n    <\/div>\n<div class=\"board-item masonry-item\">\n  <div class=\"board-product\" style=\"padding-top:125%\">\n    <img decoding=\"async\" src=\"https:\/\/www.mohd.it\/wp-content\/uploads\/2026\/05\/Talenti-Alicia-Dining-Chair.png\" \/>\n    <div class=\"content\">\n      <span class=\"brand\">Talenti<\/span>      <span class=\"name\">Alicia Esszimmerstuhl mit Armen<\/span>\n    <\/div>\n    <div class=\"actions\">\n              <a href=\"https:\/\/shopmohd.com\/de\/alicia-esszimmerstuhl-mit-armen-indoor.html\" class=\"button\">Acquista<\/a>\n            \t\t          <\/div>\n  <\/div>\n    <\/div>\n<div class=\"board-item masonry-item\">\n  <div class=\"board-product\" style=\"padding-top:125%\">\n    <img decoding=\"async\" src=\"https:\/\/www.mohd.it\/wp-content\/uploads\/2026\/05\/Talenti-Alicia-Chair.png\" \/>\n    <div class=\"content\">\n      <span class=\"brand\">Talenti<\/span>      <span class=\"name\">Alicia Esszimmerstuhl<\/span>\n    <\/div>\n    <div class=\"actions\">\n              <a href=\"https:\/\/shopmohd.com\/de\/alicia-esszimmerstuhl-lackiert-indoor.html\" class=\"button\">Acquista<\/a>\n            \t\t          <\/div>\n  <\/div>\n    <\/div>\n    <\/div>\n    <\/div>\n\n\n\n<p>Die Kollektion erweitert sich zu einer umfassenden Vision des Wohnens und umfasst auch Schlafzimmerm\u00f6bel, B\u00e4nke, Konsolen, Sideboards und Teppiche. Ein koh\u00e4rentes System zur Gestaltung abgestimmter R\u00e4ume, in denen jedes Element dieselbe Idee von wohnlicher Eleganz vermittelt: flie\u00dfend, materiell und zeitgen\u00f6ssisch.<\/p>\n","protected":false},"excerpt":{"rendered":"<p>Talenti bringt eine von Ludovica Serafini + Roberto Palomba kuratierte Wohnvision in den Innenraum \u2013 gepr\u00e4gt von Komfort, Materialit\u00e4t und Kontinuit\u00e4t.<\/p>\n","protected":false},"author":18,"featured_media":121447,"comment_status":"closed","ping_status":"closed","sticky":false,"template":"","format":"standard","meta":{"footnotes":""},"categories":[485],"tags":[],"class_list":["post-121466","post","type-post","status-publish","format-standard","has-post-thumbnail","hentry","category-inspire-me-de"],"yoast_head":"<!-- This site is optimized with the Yoast SEO plugin v24.0 - https:\/\/yoast.com\/wordpress\/plugins\/seo\/ -->\n<title>Talenti Indoor: die neue Sprache des Wohnens - Mohd<\/title>\n<meta name=\"description\" content=\"Talenti bringt eine umfassende Kollektion f\u00fcr Wohn-, Ess- und Schlafbereiche in den Innenraum \u2013 mit modularen Sofas, Sesseln, Tischen und zeitgen\u00f6ssischen Einrichtungselementen.\" \/>\n<meta name=\"robots\" content=\"index, follow, max-snippet:-1, max-image-preview:large, max-video-preview:-1\" \/>\n<link rel=\"canonical\" href=\"https:\/\/www.mohd.it\/de\/magazine\/talenti-definiert-den-innenraum-neu-zwischen-komfort-materialitaet-und-wohnlicher-harmonie\/\" \/>\n<meta property=\"og:locale\" content=\"de_DE\" \/>\n<meta property=\"og:type\" content=\"article\" \/>\n<meta property=\"og:title\" content=\"Talenti Indoor: die neue Sprache des Wohnens - Mohd\" \/>\n<meta property=\"og:description\" content=\"Talenti bringt eine umfassende Kollektion f\u00fcr Wohn-, Ess- und Schlafbereiche in den Innenraum \u2013 mit modularen Sofas, Sesseln, Tischen und zeitgen\u00f6ssischen Einrichtungselementen.\" \/>\n<meta property=\"og:url\" content=\"https:\/\/www.mohd.it\/de\/magazine\/talenti-definiert-den-innenraum-neu-zwischen-komfort-materialitaet-und-wohnlicher-harmonie\/\" \/>\n<meta property=\"og:site_name\" content=\"Mohd\" \/>\n<meta property=\"article:publisher\" content=\"https:\/\/www.facebook.com\/mollurahomedesign\" \/>\n<meta property=\"article:published_time\" content=\"2026-05-21T13:40:56+00:00\" \/>\n<meta property=\"article:modified_time\" content=\"2026-05-21T13:40:57+00:00\" \/>\n<meta property=\"og:image\" content=\"https:\/\/www.mohd.it\/wp-content\/uploads\/2026\/05\/Talenti-Indoor-Collection.png\" \/>\n\t<meta property=\"og:image:width\" content=\"1300\" \/>\n\t<meta property=\"og:image:height\" content=\"980\" \/>\n\t<meta property=\"og:image:type\" content=\"image\/png\" \/>\n<meta name=\"author\" content=\"Noemi Cris\u00e0\" \/>\n<meta name=\"twitter:card\" content=\"summary_large_image\" \/>\n<meta name=\"twitter:creator\" content=\"@mohd_homedesign\" \/>\n<meta name=\"twitter:site\" content=\"@mohd_homedesign\" \/>\n<meta name=\"twitter:label1\" content=\"Verfasst von\" \/>\n\t<meta name=\"twitter:data1\" content=\"Noemi Cris\u00e0\" \/>\n\t<meta name=\"twitter:label2\" content=\"Gesch\u00e4tzte Lesezeit\" \/>\n\t<meta name=\"twitter:data2\" content=\"2\u00a0Minuten\" \/>\n<script type=\"application\/ld+json\" class=\"yoast-schema-graph\">{\"@context\":\"https:\/\/schema.org\",\"@graph\":[{\"@type\":\"Article\",\"@id\":\"https:\/\/www.mohd.it\/de\/magazine\/talenti-definiert-den-innenraum-neu-zwischen-komfort-materialitaet-und-wohnlicher-harmonie\/#article\",\"isPartOf\":{\"@id\":\"https:\/\/www.mohd.it\/de\/magazine\/talenti-definiert-den-innenraum-neu-zwischen-komfort-materialitaet-und-wohnlicher-harmonie\/\"},\"author\":{\"name\":\"Noemi Cris\u00e0\",\"@id\":\"https:\/\/www.mohd.it\/de\/#\/schema\/person\/d237bc94bea0bfe5020d1c41b41f6af2\"},\"headline\":\"Talenti definiert den Innenraum neu \u2013 zwischen Komfort, Materialit\u00e4t und wohnlicher Harmonie\",\"datePublished\":\"2026-05-21T13:40:56+00:00\",\"dateModified\":\"2026-05-21T13:40:57+00:00\",\"mainEntityOfPage\":{\"@id\":\"https:\/\/www.mohd.it\/de\/magazine\/talenti-definiert-den-innenraum-neu-zwischen-komfort-materialitaet-und-wohnlicher-harmonie\/\"},\"wordCount\":292,\"publisher\":{\"@id\":\"https:\/\/www.mohd.it\/de\/#organization\"},\"image\":{\"@id\":\"https:\/\/www.mohd.it\/de\/magazine\/talenti-definiert-den-innenraum-neu-zwischen-komfort-materialitaet-und-wohnlicher-harmonie\/#primaryimage\"},\"thumbnailUrl\":\"https:\/\/www.mohd.it\/wp-content\/uploads\/2026\/05\/Talenti-Indoor-Collection.png\",\"articleSection\":[\"Inspire Me\"],\"inLanguage\":\"de\"},{\"@type\":\"WebPage\",\"@id\":\"https:\/\/www.mohd.it\/de\/magazine\/talenti-definiert-den-innenraum-neu-zwischen-komfort-materialitaet-und-wohnlicher-harmonie\/\",\"url\":\"https:\/\/www.mohd.it\/de\/magazine\/talenti-definiert-den-innenraum-neu-zwischen-komfort-materialitaet-und-wohnlicher-harmonie\/\",\"name\":\"Talenti Indoor: die neue Sprache des Wohnens - Mohd\",\"isPartOf\":{\"@id\":\"https:\/\/www.mohd.it\/de\/#website\"},\"primaryImageOfPage\":{\"@id\":\"https:\/\/www.mohd.it\/de\/magazine\/talenti-definiert-den-innenraum-neu-zwischen-komfort-materialitaet-und-wohnlicher-harmonie\/#primaryimage\"},\"image\":{\"@id\":\"https:\/\/www.mohd.it\/de\/magazine\/talenti-definiert-den-innenraum-neu-zwischen-komfort-materialitaet-und-wohnlicher-harmonie\/#primaryimage\"},\"thumbnailUrl\":\"https:\/\/www.mohd.it\/wp-content\/uploads\/2026\/05\/Talenti-Indoor-Collection.png\",\"datePublished\":\"2026-05-21T13:40:56+00:00\",\"dateModified\":\"2026-05-21T13:40:57+00:00\",\"description\":\"Talenti bringt eine umfassende Kollektion f\u00fcr Wohn-, Ess- und Schlafbereiche in den Innenraum \u2013 mit modularen Sofas, Sesseln, Tischen und zeitgen\u00f6ssischen Einrichtungselementen.\",\"breadcrumb\":{\"@id\":\"https:\/\/www.mohd.it\/de\/magazine\/talenti-definiert-den-innenraum-neu-zwischen-komfort-materialitaet-und-wohnlicher-harmonie\/#breadcrumb\"},\"inLanguage\":\"de\",\"potentialAction\":[{\"@type\":\"ReadAction\",\"target\":[\"https:\/\/www.mohd.it\/de\/magazine\/talenti-definiert-den-innenraum-neu-zwischen-komfort-materialitaet-und-wohnlicher-harmonie\/\"]}]},{\"@type\":\"ImageObject\",\"inLanguage\":\"de\",\"@id\":\"https:\/\/www.mohd.it\/de\/magazine\/talenti-definiert-den-innenraum-neu-zwischen-komfort-materialitaet-und-wohnlicher-harmonie\/#primaryimage\",\"url\":\"https:\/\/www.mohd.it\/wp-content\/uploads\/2026\/05\/Talenti-Indoor-Collection.png\",\"contentUrl\":\"https:\/\/www.mohd.it\/wp-content\/uploads\/2026\/05\/Talenti-Indoor-Collection.png\",\"width\":1300,\"height\":980,\"caption\":\"Talenti Indoor Collection\"},{\"@type\":\"BreadcrumbList\",\"@id\":\"https:\/\/www.mohd.it\/de\/magazine\/talenti-definiert-den-innenraum-neu-zwischen-komfort-materialitaet-und-wohnlicher-harmonie\/#breadcrumb\",\"itemListElement\":[{\"@type\":\"ListItem\",\"position\":1,\"name\":\"Home\",\"item\":\"https:\/\/www.mohd.it\/de\/\"},{\"@type\":\"ListItem\",\"position\":2,\"name\":\"Talenti definiert den Innenraum neu \u2013 zwischen Komfort, Materialit\u00e4t und wohnlicher Harmonie\"}]},{\"@type\":\"WebSite\",\"@id\":\"https:\/\/www.mohd.it\/de\/#website\",\"url\":\"https:\/\/www.mohd.it\/de\/\",\"name\":\"Mohd\",\"description\":\"\",\"publisher\":{\"@id\":\"https:\/\/www.mohd.it\/de\/#organization\"},\"potentialAction\":[{\"@type\":\"SearchAction\",\"target\":{\"@type\":\"EntryPoint\",\"urlTemplate\":\"https:\/\/www.mohd.it\/de\/?s={search_term_string}\"},\"query-input\":{\"@type\":\"PropertyValueSpecification\",\"valueRequired\":true,\"valueName\":\"search_term_string\"}}],\"inLanguage\":\"de\"},{\"@type\":\"Organization\",\"@id\":\"https:\/\/www.mohd.it\/de\/#organization\",\"name\":\"Mollura & C. SPA\",\"url\":\"https:\/\/www.mohd.it\/de\/\",\"logo\":{\"@type\":\"ImageObject\",\"inLanguage\":\"de\",\"@id\":\"https:\/\/www.mohd.it\/de\/#\/schema\/logo\/image\/\",\"url\":\"https:\/\/www.mohd.it\/wp-content\/uploads\/2020\/09\/mohd-logo.png\",\"contentUrl\":\"https:\/\/www.mohd.it\/wp-content\/uploads\/2020\/09\/mohd-logo.png\",\"width\":600,\"height\":600,\"caption\":\"Mollura & C. SPA\"},\"image\":{\"@id\":\"https:\/\/www.mohd.it\/de\/#\/schema\/logo\/image\/\"},\"sameAs\":[\"https:\/\/www.facebook.com\/mollurahomedesign\",\"https:\/\/x.com\/mohd_homedesign\",\"https:\/\/www.instagram.com\/mohd_homedesign\/\",\"https:\/\/it.linkedin.com\/company\/mohd-mollura-home-design\",\"https:\/\/www.pinterest.it\/mohdhomedesign\/\",\"https:\/\/www.youtube.com\/channel\/UCYLuPff6hq4z_o0GO0w1yaA\"]},{\"@type\":\"Person\",\"@id\":\"https:\/\/www.mohd.it\/de\/#\/schema\/person\/d237bc94bea0bfe5020d1c41b41f6af2\",\"name\":\"Noemi Cris\u00e0\",\"image\":{\"@type\":\"ImageObject\",\"inLanguage\":\"de\",\"@id\":\"https:\/\/www.mohd.it\/de\/#\/schema\/person\/image\/\",\"url\":\"https:\/\/secure.gravatar.com\/avatar\/6f959897d20f7190d0b1a9b0a1518d13?s=96&d=mm&r=g\",\"contentUrl\":\"https:\/\/secure.gravatar.com\/avatar\/6f959897d20f7190d0b1a9b0a1518d13?s=96&d=mm&r=g\",\"caption\":\"Noemi Cris\u00e0\"},\"url\":\"https:\/\/www.mohd.it\/de\/magazine\/author\/noemi\/\"}]}<\/script>\n<!-- \/ Yoast SEO plugin. -->","yoast_head_json":{"title":"Talenti Indoor: die neue Sprache des Wohnens - Mohd","description":"Talenti bringt eine umfassende Kollektion f\u00fcr Wohn-, Ess- und Schlafbereiche in den Innenraum \u2013 mit modularen Sofas, Sesseln, Tischen und zeitgen\u00f6ssischen Einrichtungselementen.","robots":{"index":"index","follow":"follow","max-snippet":"max-snippet:-1","max-image-preview":"max-image-preview:large","max-video-preview":"max-video-preview:-1"},"canonical":"https:\/\/www.mohd.it\/de\/magazine\/talenti-definiert-den-innenraum-neu-zwischen-komfort-materialitaet-und-wohnlicher-harmonie\/","og_locale":"de_DE","og_type":"article","og_title":"Talenti Indoor: die neue Sprache des Wohnens - Mohd","og_description":"Talenti bringt eine umfassende Kollektion f\u00fcr Wohn-, Ess- und Schlafbereiche in den Innenraum \u2013 mit modularen Sofas, Sesseln, Tischen und zeitgen\u00f6ssischen Einrichtungselementen.","og_url":"https:\/\/www.mohd.it\/de\/magazine\/talenti-definiert-den-innenraum-neu-zwischen-komfort-materialitaet-und-wohnlicher-harmonie\/","og_site_name":"Mohd","article_publisher":"https:\/\/www.facebook.com\/mollurahomedesign","article_published_time":"2026-05-21T13:40:56+00:00","article_modified_time":"2026-05-21T13:40:57+00:00","og_image":[{"width":1300,"height":980,"url":"https:\/\/www.mohd.it\/wp-content\/uploads\/2026\/05\/Talenti-Indoor-Collection.png","type":"image\/png"}],"author":"Noemi Cris\u00e0","twitter_card":"summary_large_image","twitter_creator":"@mohd_homedesign","twitter_site":"@mohd_homedesign","twitter_misc":{"Verfasst von":"Noemi Cris\u00e0","Gesch\u00e4tzte Lesezeit":"2\u00a0Minuten"},"schema":{"@context":"https:\/\/schema.org","@graph":[{"@type":"Article","@id":"https:\/\/www.mohd.it\/de\/magazine\/talenti-definiert-den-innenraum-neu-zwischen-komfort-materialitaet-und-wohnlicher-harmonie\/#article","isPartOf":{"@id":"https:\/\/www.mohd.it\/de\/magazine\/talenti-definiert-den-innenraum-neu-zwischen-komfort-materialitaet-und-wohnlicher-harmonie\/"},"author":{"name":"Noemi Cris\u00e0","@id":"https:\/\/www.mohd.it\/de\/#\/schema\/person\/d237bc94bea0bfe5020d1c41b41f6af2"},"headline":"Talenti definiert den Innenraum neu \u2013 zwischen Komfort, Materialit\u00e4t und wohnlicher Harmonie","datePublished":"2026-05-21T13:40:56+00:00","dateModified":"2026-05-21T13:40:57+00:00","mainEntityOfPage":{"@id":"https:\/\/www.mohd.it\/de\/magazine\/talenti-definiert-den-innenraum-neu-zwischen-komfort-materialitaet-und-wohnlicher-harmonie\/"},"wordCount":292,"publisher":{"@id":"https:\/\/www.mohd.it\/de\/#organization"},"image":{"@id":"https:\/\/www.mohd.it\/de\/magazine\/talenti-definiert-den-innenraum-neu-zwischen-komfort-materialitaet-und-wohnlicher-harmonie\/#primaryimage"},"thumbnailUrl":"https:\/\/www.mohd.it\/wp-content\/uploads\/2026\/05\/Talenti-Indoor-Collection.png","articleSection":["Inspire Me"],"inLanguage":"de"},{"@type":"WebPage","@id":"https:\/\/www.mohd.it\/de\/magazine\/talenti-definiert-den-innenraum-neu-zwischen-komfort-materialitaet-und-wohnlicher-harmonie\/","url":"https:\/\/www.mohd.it\/de\/magazine\/talenti-definiert-den-innenraum-neu-zwischen-komfort-materialitaet-und-wohnlicher-harmonie\/","name":"Talenti Indoor: die neue Sprache des Wohnens - Mohd","isPartOf":{"@id":"https:\/\/www.mohd.it\/de\/#website"},"primaryImageOfPage":{"@id":"https:\/\/www.mohd.it\/de\/magazine\/talenti-definiert-den-innenraum-neu-zwischen-komfort-materialitaet-und-wohnlicher-harmonie\/#primaryimage"},"image":{"@id":"https:\/\/www.mohd.it\/de\/magazine\/talenti-definiert-den-innenraum-neu-zwischen-komfort-materialitaet-und-wohnlicher-harmonie\/#primaryimage"},"thumbnailUrl":"https:\/\/www.mohd.it\/wp-content\/uploads\/2026\/05\/Talenti-Indoor-Collection.png","datePublished":"2026-05-21T13:40:56+00:00","dateModified":"2026-05-21T13:40:57+00:00","description":"Talenti bringt eine umfassende Kollektion f\u00fcr Wohn-, Ess- und Schlafbereiche in den Innenraum \u2013 mit modularen Sofas, Sesseln, Tischen und zeitgen\u00f6ssischen Einrichtungselementen.","breadcrumb":{"@id":"https:\/\/www.mohd.it\/de\/magazine\/talenti-definiert-den-innenraum-neu-zwischen-komfort-materialitaet-und-wohnlicher-harmonie\/#breadcrumb"},"inLanguage":"de","potentialAction":[{"@type":"ReadAction","target":["https:\/\/www.mohd.it\/de\/magazine\/talenti-definiert-den-innenraum-neu-zwischen-komfort-materialitaet-und-wohnlicher-harmonie\/"]}]},{"@type":"ImageObject","inLanguage":"de","@id":"https:\/\/www.mohd.it\/de\/magazine\/talenti-definiert-den-innenraum-neu-zwischen-komfort-materialitaet-und-wohnlicher-harmonie\/#primaryimage","url":"https:\/\/www.mohd.it\/wp-content\/uploads\/2026\/05\/Talenti-Indoor-Collection.png","contentUrl":"https:\/\/www.mohd.it\/wp-content\/uploads\/2026\/05\/Talenti-Indoor-Collection.png","width":1300,"height":980,"caption":"Talenti Indoor Collection"},{"@type":"BreadcrumbList","@id":"https:\/\/www.mohd.it\/de\/magazine\/talenti-definiert-den-innenraum-neu-zwischen-komfort-materialitaet-und-wohnlicher-harmonie\/#breadcrumb","itemListElement":[{"@type":"ListItem","position":1,"name":"Home","item":"https:\/\/www.mohd.it\/de\/"},{"@type":"ListItem","position":2,"name":"Talenti definiert den Innenraum neu \u2013 zwischen Komfort, Materialit\u00e4t und wohnlicher Harmonie"}]},{"@type":"WebSite","@id":"https:\/\/www.mohd.it\/de\/#website","url":"https:\/\/www.mohd.it\/de\/","name":"Mohd","description":"","publisher":{"@id":"https:\/\/www.mohd.it\/de\/#organization"},"potentialAction":[{"@type":"SearchAction","target":{"@type":"EntryPoint","urlTemplate":"https:\/\/www.mohd.it\/de\/?s={search_term_string}"},"query-input":{"@type":"PropertyValueSpecification","valueRequired":true,"valueName":"search_term_string"}}],"inLanguage":"de"},{"@type":"Organization","@id":"https:\/\/www.mohd.it\/de\/#organization","name":"Mollura & C. SPA","url":"https:\/\/www.mohd.it\/de\/","logo":{"@type":"ImageObject","inLanguage":"de","@id":"https:\/\/www.mohd.it\/de\/#\/schema\/logo\/image\/","url":"https:\/\/www.mohd.it\/wp-content\/uploads\/2020\/09\/mohd-logo.png","contentUrl":"https:\/\/www.mohd.it\/wp-content\/uploads\/2020\/09\/mohd-logo.png","width":600,"height":600,"caption":"Mollura & C. SPA"},"image":{"@id":"https:\/\/www.mohd.it\/de\/#\/schema\/logo\/image\/"},"sameAs":["https:\/\/www.facebook.com\/mollurahomedesign","https:\/\/x.com\/mohd_homedesign","https:\/\/www.instagram.com\/mohd_homedesign\/","https:\/\/it.linkedin.com\/company\/mohd-mollura-home-design","https:\/\/www.pinterest.it\/mohdhomedesign\/","https:\/\/www.youtube.com\/channel\/UCYLuPff6hq4z_o0GO0w1yaA"]},{"@type":"Person","@id":"https:\/\/www.mohd.it\/de\/#\/schema\/person\/d237bc94bea0bfe5020d1c41b41f6af2","name":"Noemi Cris\u00e0","image":{"@type":"ImageObject","inLanguage":"de","@id":"https:\/\/www.mohd.it\/de\/#\/schema\/person\/image\/","url":"https:\/\/secure.gravatar.com\/avatar\/6f959897d20f7190d0b1a9b0a1518d13?s=96&d=mm&r=g","contentUrl":"https:\/\/secure.gravatar.com\/avatar\/6f959897d20f7190d0b1a9b0a1518d13?s=96&d=mm&r=g","caption":"Noemi Cris\u00e0"},"url":"https:\/\/www.mohd.it\/de\/magazine\/author\/noemi\/"}]}},"image":"https:\/\/www.mohd.it\/wp-content\/uploads\/2026\/05\/Talenti-Indoor-Collection-800x600.png","category":"Inspire Me","_links":{"self":[{"href":"https:\/\/www.mohd.it\/de\/wp-json\/wp\/v2\/posts\/121466","targetHints":{"allow":["GET"]}}],"collection":[{"href":"https:\/\/www.mohd.it\/de\/wp-json\/wp\/v2\/posts"}],"about":[{"href":"https:\/\/www.mohd.it\/de\/wp-json\/wp\/v2\/types\/post"}],"author":[{"embeddable":true,"href":"https:\/\/www.mohd.it\/de\/wp-json\/wp\/v2\/users\/18"}],"replies":[{"embeddable":true,"href":"https:\/\/www.mohd.it\/de\/wp-json\/wp\/v2\/comments?post=121466"}],"version-history":[{"count":4,"href":"https:\/\/www.mohd.it\/de\/wp-json\/wp\/v2\/posts\/121466\/revisions"}],"predecessor-version":[{"id":121489,"href":"https:\/\/www.mohd.it\/de\/wp-json\/wp\/v2\/posts\/121466\/revisions\/121489"}],"wp:featuredmedia":[{"embeddable":true,"href":"https:\/\/www.mohd.it\/de\/wp-json\/wp\/v2\/media\/121447"}],"wp:attachment":[{"href":"https:\/\/www.mohd.it\/de\/wp-json\/wp\/v2\/media?parent=121466"}],"wp:term":[{"taxonomy":"category","embeddable":true,"href":"https:\/\/www.mohd.it\/de\/wp-json\/wp\/v2\/categories?post=121466"},{"taxonomy":"post_tag","embeddable":true,"href":"https:\/\/www.mohd.it\/de\/wp-json\/wp\/v2\/tags?post=121466"}],"curies":[{"name":"wp","href":"https:\/\/api.w.org\/{rel}","templated":true}]}}