{"id":122356,"date":"2026-06-02T10:00:00","date_gmt":"2026-06-02T08:00:00","guid":{"rendered":"https:\/\/www.mohd.it\/?p=122356"},"modified":"2026-06-02T10:00:06","modified_gmt":"2026-06-02T08:00:06","slug":"francesco-forcellini-wenn-architektur-zu-moebeln-wird","status":"publish","type":"post","link":"https:\/\/www.mohd.it\/de\/magazine\/francesco-forcellini-wenn-architektur-zu-moebeln-wird\/","title":{"rendered":"Francesco Forcellini: Wenn Architektur zu M\u00f6beln wird"},"content":{"rendered":"\n<p>Mit Dorica interpretiert <strong><a href=\"https:\/\/shopmohd.com\/de\/designer\/francesco-forcellini.html\">Francesco Forcellini<\/a><\/strong> eines der emblematischsten Zeichen der klassischen Architektur neu und \u00fcbersetzt es in ein zeitgen\u00f6ssisches M\u00f6belsystem. Die Kollektion f\u00fcr <strong><a href=\"https:\/\/shopmohd.com\/de\/marken\/de-castelli.html\">De Castelli <\/a><\/strong>entsteht aus einer essenziellen Geste: die Kannelierung der dorischen S\u00e4ule zu isolieren und sie in Rhythmus, Materialit\u00e4t und Volumen zu \u00fcbertragen. Daraus entstehen Objekte, die kulturelle Erinnerung, formale Forschung und eine starke skulpturale Dimension verbinden.<\/p>\n\n\n\n<p><em>Interview auf Italienisch gef\u00fchrt \u2013 deutsche \u00dcbersetzung und redaktionelle Bearbeitung.<\/em><\/p>\n\n\n\n<figure class=\"wp-block-image size-large\"><img loading=\"lazy\" decoding=\"async\" width=\"1024\" height=\"576\" src=\"https:\/\/www.mohd.it\/wp-content\/uploads\/2026\/05\/De-Castelli-Dorica-Collection-Francesco-Forcellini-2-1024x576.png\" alt=\"De Castelli Dorica Collection Francesco Forcellini\" class=\"wp-image-122326\" srcset=\"https:\/\/www.mohd.it\/wp-content\/uploads\/2026\/05\/De-Castelli-Dorica-Collection-Francesco-Forcellini-2-1024x576.png 1024w, https:\/\/www.mohd.it\/wp-content\/uploads\/2026\/05\/De-Castelli-Dorica-Collection-Francesco-Forcellini-2-300x169.png 300w, https:\/\/www.mohd.it\/wp-content\/uploads\/2026\/05\/De-Castelli-Dorica-Collection-Francesco-Forcellini-2-768x432.png 768w, https:\/\/www.mohd.it\/wp-content\/uploads\/2026\/05\/De-Castelli-Dorica-Collection-Francesco-Forcellini-2-1536x864.png 1536w, https:\/\/www.mohd.it\/wp-content\/uploads\/2026\/05\/De-Castelli-Dorica-Collection-Francesco-Forcellini-2.png 1920w\" sizes=\"auto, (max-width: 1024px) 100vw, 1024px\" \/><\/figure>\n\n\n\n<p><strong>Die Kollektion Dorica, die De Castelli auf dem Salone del Mobile 2026 pr\u00e4sentiert, entsteht aus einer Neuinterpretation der dorischen S\u00e4ule. Wie hast du ein so ikonisches Element der klassischen Architektur in eine zeitgen\u00f6ssische Sprache \u00fcbertragen?<\/strong><\/p>\n\n\n\n<p>Meine Arbeit entsteht immer aus der Idee eines Zeichens, das wiedererkennbar ist und eine Emotion vermitteln kann. Die Auseinandersetzung mit Archetypen, mit kulturell verinnerlichten und ikonisch gewordenen Zeichen, ist f\u00fcr mich sehr wichtig, weil sie eine Grundlage schafft, auf der durch Neuinterpretation etwas formal und kommunikativ Starkes entstehen kann. Bei Dorica, der neuen M\u00f6belkollektion, die aus dem 2025 vorgestellten Verkleidungssystem Dorico hervorgegangen ist, bestand das Projekt genau darin, eine dorische S\u00e4ule auf ihr Minimum zu reduzieren: nur ihre charakteristische Kannelierung zu \u00fcbernehmen, ihren Rhythmus einer l\u00fcckenlosen Wiederholung, so elegant und essenziell, alles andere zu entfernen und sie im Raum in Bewegung zu setzen. Zusammen mit dem Materialwechsel entstehen so meiner Meinung nach neue Objekte, die jedoch eine gro\u00dfe formale Kraft besitzen, weil sie auf kulturelle und formale Werte zur\u00fcckgreifen, die mit der Geschichte von Architektur und Skulptur selbst verbunden sind.<\/p>\n\n\n<div class=\"board\">\n      <div class=\"board-items masonry-grid\">\n      <div class=\"board-item masonry-item\">\n  <div class=\"board-image\" style=\"padding-top:125%\">\n    <img decoding=\"async\" src=\"https:\/\/www.mohd.it\/wp-content\/uploads\/2026\/05\/De-Castelli-Dorica-Collection-Francesco-Forcellini-4.png\" \/>\n  <\/div>\n  <\/div>\n<div class=\"board-item masonry-item\">\n  <div class=\"board-image\" style=\"padding-top:125%\">\n    <img decoding=\"async\" src=\"https:\/\/www.mohd.it\/wp-content\/uploads\/2026\/05\/De-Castelli-Dorica-Collection-Francesco-Forcellini-3.png\" \/>\n  <\/div>\n  <\/div>\n    <\/div>\n    <\/div>\n\n\n\n<p><strong>Die Oberfl\u00e4chen sind von konkaven Lamellen gepr\u00e4gt, die einen sehr markanten vertikalen Rhythmus erzeugen. Wie zentral war das Thema des architektonischen Rhythmus bei der Entwicklung des Projekts?<\/strong><\/p>\n\n\n\n<p>Das Thema Rhythmus war grundlegend, da es aus einem System hervorgeht, das sich im Raum entwickeln und wiederholen muss: Das Modul oder die Module erzeugen die Wahrnehmung des Raums selbst. Die visuelle Einfachheit des wiederholten Elements schafft zur\u00fcckhaltende und leichte dekorative Oberfl\u00e4chen.<\/p>\n\n\n\n<div style=\"height:30px\" aria-hidden=\"true\" class=\"wp-block-spacer\"><\/div>\n\n\n\n<p><strong>Dorica verbindet eine starke skulpturale Pr\u00e4senz mit der Funktion eines Stauraumm\u00f6bels. Wie hast du gearbeitet, um ein Gleichgewicht zwischen \u00c4sthetik und Funktionalit\u00e4t zu bewahren?<\/strong><\/p>\n\n\n\n<p>F\u00fcr mich sind das Cabinet, die Anrichte und der Beistelltisch der Kollektion Dorica in erster Linie Volumen aus Materie, deren skulpturale Pr\u00e4senz noch vor der Funktion grundlegend ist. Die Funktion ist nat\u00fcrlich vorhanden, aber vollst\u00e4ndig in die Form integriert. Es gibt keine sichtbaren funktionalen Details, die nicht integraler Bestandteil der Form und der Oberfl\u00e4che des Produkts sind. Mir gef\u00e4llt sehr, dass alles koh\u00e4rent und konsequent ist. Das Fehlen von Griffen oder anderen zus\u00e4tzlichen Elementen macht das Produkt meiner Meinung nach formal sehr rein. Ich habe die Produkte dieser Kollektion als kleine Skulpturen entworfen, die den Raum mit uns bewohnen und mit denen wir nicht nur durch Anschauen und Ber\u00fchren interagieren k\u00f6nnen, sondern auch durch ihren Gebrauch.<\/p>\n\n\n<div class=\"board\">\n      <div class=\"board-items masonry-grid\">\n      <div class=\"board-item masonry-item\">\n  <div class=\"board-image\" style=\"padding-top:125%\">\n    <img decoding=\"async\" src=\"https:\/\/www.mohd.it\/wp-content\/uploads\/2026\/05\/De-Castelli-Dorica-Collection-Francesco-Forcellini-1.png\" \/>\n  <\/div>\n  <\/div>\n<div class=\"board-item masonry-item\">\n  <div class=\"board-image\" style=\"padding-top:125%\">\n    <img decoding=\"async\" src=\"https:\/\/www.mohd.it\/wp-content\/uploads\/2026\/05\/De-Castelli-Dorica-Collection-Francesco-Forcellini.png\" \/>\n  <\/div>\n  <\/div>\n    <\/div>\n    <\/div>\n\n\n\n<p><strong>Das burgunderrot lackierte Innere f\u00fcgt eine intimere und \u00fcberraschende Ebene hinzu. Wie wichtig ist in deinen Projekten die Beziehung zwischen Au\u00dfen und Innen eines Objekts?<\/strong><\/p>\n\n\n\n<p>Ich denke, dass die Beziehung zwischen Innen und Au\u00dfen bei einem Produkt grundlegend ist, weil sie die Sorgfalt betrifft, mit der es auf mehreren Ebenen gefertigt ist, und die Art und Weise, wie es mit denjenigen kommuniziert, die es benutzen werden. Das verleiht dem Projekt Konsistenz und Vollst\u00e4ndigkeit. Mir gef\u00e4llt die Vorstellung sehr, dass Stauraumm\u00f6bel etwas bewahren sollten, statt es nur zu enthalten. W\u00e4hrend der Nutzung entsteht eine emotionale Beziehung; Innen und Au\u00dfen eines Objekts sind zwei unterschiedliche, aber komplement\u00e4re Teile. Der eine ist intimer, f\u00fcr die Nutzerinnen und Nutzer, der andere \u00e4sthetischer, f\u00fcr diejenigen, die es nur betrachten. Das Innere f\u00fcgt eine Dimension hinzu, die sich im Gebrauch des Produkts offenbart: Sie ist nicht nur funktional, sondern vor allem emotional, ebenso wie der dekorative Aspekt des Objekts. Wenn diese Objekte in gewisser Weise h\u00e4usliche Skulpturen sind, dann sind sie funktionale Skulpturen, und die Emotion, die sie hervorrufen sollen, betrifft daher auch ihre Nutzung.<\/p>\n","protected":false},"excerpt":{"rendered":"<p>Der Designer reflektiert \u00fcber eine von der dorischen S\u00e4ule inspirierte M\u00f6belkollektion, in der architektonischer Rhythmus, Materialit\u00e4t und skulpturale Pr\u00e4senz zusammenfinden.<\/p>\n","protected":false},"author":18,"featured_media":122351,"comment_status":"closed","ping_status":"closed","sticky":false,"template":"","format":"standard","meta":{"footnotes":""},"categories":[484],"tags":[],"class_list":["post-122356","post","type-post","status-publish","format-standard","has-post-thumbnail","hentry","category-designerportraets"],"yoast_head":"<!-- This site is optimized with the Yoast SEO plugin v24.0 - https:\/\/yoast.com\/wordpress\/plugins\/seo\/ -->\n<title>Francesco Forcellini: Wenn Architektur zu M\u00f6beln wird - Mohd<\/title>\n<meta name=\"description\" content=\"Francesco Forcellini \u00fcber Dorica f\u00fcr De Castelli: eine von der dorischen S\u00e4ule inspirierte M\u00f6belkollektion, in der architektonischer Rhythmus, Materialit\u00e4t und skulpturale Pr\u00e4senz zusammenfinden.\" \/>\n<meta name=\"robots\" content=\"index, follow, max-snippet:-1, max-image-preview:large, max-video-preview:-1\" \/>\n<link rel=\"canonical\" href=\"https:\/\/www.mohd.it\/de\/magazine\/francesco-forcellini-wenn-architektur-zu-moebeln-wird\/\" \/>\n<meta property=\"og:locale\" content=\"de_DE\" \/>\n<meta property=\"og:type\" content=\"article\" \/>\n<meta property=\"og:title\" content=\"Francesco Forcellini: Wenn Architektur zu M\u00f6beln wird - Mohd\" \/>\n<meta property=\"og:description\" content=\"Francesco Forcellini \u00fcber Dorica f\u00fcr De Castelli: eine von der dorischen S\u00e4ule inspirierte M\u00f6belkollektion, in der architektonischer Rhythmus, Materialit\u00e4t und skulpturale Pr\u00e4senz zusammenfinden.\" \/>\n<meta property=\"og:url\" content=\"https:\/\/www.mohd.it\/de\/magazine\/francesco-forcellini-wenn-architektur-zu-moebeln-wird\/\" \/>\n<meta property=\"og:site_name\" content=\"Mohd\" \/>\n<meta property=\"article:publisher\" content=\"https:\/\/www.facebook.com\/mollurahomedesign\" \/>\n<meta property=\"article:published_time\" content=\"2026-06-02T08:00:00+00:00\" \/>\n<meta property=\"article:modified_time\" content=\"2026-06-02T08:00:06+00:00\" \/>\n<meta property=\"og:image\" content=\"https:\/\/www.mohd.it\/wp-content\/uploads\/2026\/05\/Francesco-Forcellini-1.png\" \/>\n\t<meta property=\"og:image:width\" content=\"1300\" \/>\n\t<meta property=\"og:image:height\" content=\"980\" \/>\n\t<meta property=\"og:image:type\" content=\"image\/png\" \/>\n<meta name=\"author\" content=\"Noemi Cris\u00e0\" \/>\n<meta name=\"twitter:card\" content=\"summary_large_image\" \/>\n<meta name=\"twitter:creator\" content=\"@mohd_homedesign\" \/>\n<meta name=\"twitter:site\" content=\"@mohd_homedesign\" \/>\n<meta name=\"twitter:label1\" content=\"Verfasst von\" \/>\n\t<meta name=\"twitter:data1\" content=\"Noemi Cris\u00e0\" \/>\n\t<meta name=\"twitter:label2\" content=\"Gesch\u00e4tzte Lesezeit\" \/>\n\t<meta name=\"twitter:data2\" content=\"4\u00a0Minuten\" \/>\n<script type=\"application\/ld+json\" class=\"yoast-schema-graph\">{\"@context\":\"https:\/\/schema.org\",\"@graph\":[{\"@type\":\"Article\",\"@id\":\"https:\/\/www.mohd.it\/de\/magazine\/francesco-forcellini-wenn-architektur-zu-moebeln-wird\/#article\",\"isPartOf\":{\"@id\":\"https:\/\/www.mohd.it\/de\/magazine\/francesco-forcellini-wenn-architektur-zu-moebeln-wird\/\"},\"author\":{\"name\":\"Noemi Cris\u00e0\",\"@id\":\"https:\/\/www.mohd.it\/de\/#\/schema\/person\/d237bc94bea0bfe5020d1c41b41f6af2\"},\"headline\":\"Francesco Forcellini: Wenn Architektur zu M\u00f6beln wird\",\"datePublished\":\"2026-06-02T08:00:00+00:00\",\"dateModified\":\"2026-06-02T08:00:06+00:00\",\"mainEntityOfPage\":{\"@id\":\"https:\/\/www.mohd.it\/de\/magazine\/francesco-forcellini-wenn-architektur-zu-moebeln-wird\/\"},\"wordCount\":683,\"publisher\":{\"@id\":\"https:\/\/www.mohd.it\/de\/#organization\"},\"image\":{\"@id\":\"https:\/\/www.mohd.it\/de\/magazine\/francesco-forcellini-wenn-architektur-zu-moebeln-wird\/#primaryimage\"},\"thumbnailUrl\":\"https:\/\/www.mohd.it\/wp-content\/uploads\/2026\/05\/Francesco-Forcellini-1.png\",\"articleSection\":[\"Designerportr\u00e4ts\"],\"inLanguage\":\"de\"},{\"@type\":\"WebPage\",\"@id\":\"https:\/\/www.mohd.it\/de\/magazine\/francesco-forcellini-wenn-architektur-zu-moebeln-wird\/\",\"url\":\"https:\/\/www.mohd.it\/de\/magazine\/francesco-forcellini-wenn-architektur-zu-moebeln-wird\/\",\"name\":\"Francesco Forcellini: Wenn Architektur zu M\u00f6beln wird - Mohd\",\"isPartOf\":{\"@id\":\"https:\/\/www.mohd.it\/de\/#website\"},\"primaryImageOfPage\":{\"@id\":\"https:\/\/www.mohd.it\/de\/magazine\/francesco-forcellini-wenn-architektur-zu-moebeln-wird\/#primaryimage\"},\"image\":{\"@id\":\"https:\/\/www.mohd.it\/de\/magazine\/francesco-forcellini-wenn-architektur-zu-moebeln-wird\/#primaryimage\"},\"thumbnailUrl\":\"https:\/\/www.mohd.it\/wp-content\/uploads\/2026\/05\/Francesco-Forcellini-1.png\",\"datePublished\":\"2026-06-02T08:00:00+00:00\",\"dateModified\":\"2026-06-02T08:00:06+00:00\",\"description\":\"Francesco Forcellini \u00fcber Dorica f\u00fcr De Castelli: eine von der dorischen S\u00e4ule inspirierte M\u00f6belkollektion, in der architektonischer Rhythmus, Materialit\u00e4t und skulpturale Pr\u00e4senz zusammenfinden.\",\"breadcrumb\":{\"@id\":\"https:\/\/www.mohd.it\/de\/magazine\/francesco-forcellini-wenn-architektur-zu-moebeln-wird\/#breadcrumb\"},\"inLanguage\":\"de\",\"potentialAction\":[{\"@type\":\"ReadAction\",\"target\":[\"https:\/\/www.mohd.it\/de\/magazine\/francesco-forcellini-wenn-architektur-zu-moebeln-wird\/\"]}]},{\"@type\":\"ImageObject\",\"inLanguage\":\"de\",\"@id\":\"https:\/\/www.mohd.it\/de\/magazine\/francesco-forcellini-wenn-architektur-zu-moebeln-wird\/#primaryimage\",\"url\":\"https:\/\/www.mohd.it\/wp-content\/uploads\/2026\/05\/Francesco-Forcellini-1.png\",\"contentUrl\":\"https:\/\/www.mohd.it\/wp-content\/uploads\/2026\/05\/Francesco-Forcellini-1.png\",\"width\":1300,\"height\":980,\"caption\":\"Francesco Forcellini\"},{\"@type\":\"BreadcrumbList\",\"@id\":\"https:\/\/www.mohd.it\/de\/magazine\/francesco-forcellini-wenn-architektur-zu-moebeln-wird\/#breadcrumb\",\"itemListElement\":[{\"@type\":\"ListItem\",\"position\":1,\"name\":\"Home\",\"item\":\"https:\/\/www.mohd.it\/de\/\"},{\"@type\":\"ListItem\",\"position\":2,\"name\":\"Francesco Forcellini: Wenn Architektur zu M\u00f6beln wird\"}]},{\"@type\":\"WebSite\",\"@id\":\"https:\/\/www.mohd.it\/de\/#website\",\"url\":\"https:\/\/www.mohd.it\/de\/\",\"name\":\"Mohd\",\"description\":\"\",\"publisher\":{\"@id\":\"https:\/\/www.mohd.it\/de\/#organization\"},\"potentialAction\":[{\"@type\":\"SearchAction\",\"target\":{\"@type\":\"EntryPoint\",\"urlTemplate\":\"https:\/\/www.mohd.it\/de\/?s={search_term_string}\"},\"query-input\":{\"@type\":\"PropertyValueSpecification\",\"valueRequired\":true,\"valueName\":\"search_term_string\"}}],\"inLanguage\":\"de\"},{\"@type\":\"Organization\",\"@id\":\"https:\/\/www.mohd.it\/de\/#organization\",\"name\":\"Mollura & C. SPA\",\"url\":\"https:\/\/www.mohd.it\/de\/\",\"logo\":{\"@type\":\"ImageObject\",\"inLanguage\":\"de\",\"@id\":\"https:\/\/www.mohd.it\/de\/#\/schema\/logo\/image\/\",\"url\":\"https:\/\/www.mohd.it\/wp-content\/uploads\/2020\/09\/mohd-logo.png\",\"contentUrl\":\"https:\/\/www.mohd.it\/wp-content\/uploads\/2020\/09\/mohd-logo.png\",\"width\":600,\"height\":600,\"caption\":\"Mollura & C. SPA\"},\"image\":{\"@id\":\"https:\/\/www.mohd.it\/de\/#\/schema\/logo\/image\/\"},\"sameAs\":[\"https:\/\/www.facebook.com\/mollurahomedesign\",\"https:\/\/x.com\/mohd_homedesign\",\"https:\/\/www.instagram.com\/mohd_homedesign\/\",\"https:\/\/it.linkedin.com\/company\/mohd-mollura-home-design\",\"https:\/\/www.pinterest.it\/mohdhomedesign\/\",\"https:\/\/www.youtube.com\/channel\/UCYLuPff6hq4z_o0GO0w1yaA\"]},{\"@type\":\"Person\",\"@id\":\"https:\/\/www.mohd.it\/de\/#\/schema\/person\/d237bc94bea0bfe5020d1c41b41f6af2\",\"name\":\"Noemi Cris\u00e0\",\"image\":{\"@type\":\"ImageObject\",\"inLanguage\":\"de\",\"@id\":\"https:\/\/www.mohd.it\/de\/#\/schema\/person\/image\/\",\"url\":\"https:\/\/secure.gravatar.com\/avatar\/6f959897d20f7190d0b1a9b0a1518d13?s=96&d=mm&r=g\",\"contentUrl\":\"https:\/\/secure.gravatar.com\/avatar\/6f959897d20f7190d0b1a9b0a1518d13?s=96&d=mm&r=g\",\"caption\":\"Noemi Cris\u00e0\"},\"url\":\"https:\/\/www.mohd.it\/de\/magazine\/author\/noemi\/\"}]}<\/script>\n<!-- \/ Yoast SEO plugin. -->","yoast_head_json":{"title":"Francesco Forcellini: Wenn Architektur zu M\u00f6beln wird - Mohd","description":"Francesco Forcellini \u00fcber Dorica f\u00fcr De Castelli: eine von der dorischen S\u00e4ule inspirierte M\u00f6belkollektion, in der architektonischer Rhythmus, Materialit\u00e4t und skulpturale Pr\u00e4senz zusammenfinden.","robots":{"index":"index","follow":"follow","max-snippet":"max-snippet:-1","max-image-preview":"max-image-preview:large","max-video-preview":"max-video-preview:-1"},"canonical":"https:\/\/www.mohd.it\/de\/magazine\/francesco-forcellini-wenn-architektur-zu-moebeln-wird\/","og_locale":"de_DE","og_type":"article","og_title":"Francesco Forcellini: Wenn Architektur zu M\u00f6beln wird - Mohd","og_description":"Francesco Forcellini \u00fcber Dorica f\u00fcr De Castelli: eine von der dorischen S\u00e4ule inspirierte M\u00f6belkollektion, in der architektonischer Rhythmus, Materialit\u00e4t und skulpturale Pr\u00e4senz zusammenfinden.","og_url":"https:\/\/www.mohd.it\/de\/magazine\/francesco-forcellini-wenn-architektur-zu-moebeln-wird\/","og_site_name":"Mohd","article_publisher":"https:\/\/www.facebook.com\/mollurahomedesign","article_published_time":"2026-06-02T08:00:00+00:00","article_modified_time":"2026-06-02T08:00:06+00:00","og_image":[{"width":1300,"height":980,"url":"https:\/\/www.mohd.it\/wp-content\/uploads\/2026\/05\/Francesco-Forcellini-1.png","type":"image\/png"}],"author":"Noemi Cris\u00e0","twitter_card":"summary_large_image","twitter_creator":"@mohd_homedesign","twitter_site":"@mohd_homedesign","twitter_misc":{"Verfasst von":"Noemi Cris\u00e0","Gesch\u00e4tzte Lesezeit":"4\u00a0Minuten"},"schema":{"@context":"https:\/\/schema.org","@graph":[{"@type":"Article","@id":"https:\/\/www.mohd.it\/de\/magazine\/francesco-forcellini-wenn-architektur-zu-moebeln-wird\/#article","isPartOf":{"@id":"https:\/\/www.mohd.it\/de\/magazine\/francesco-forcellini-wenn-architektur-zu-moebeln-wird\/"},"author":{"name":"Noemi Cris\u00e0","@id":"https:\/\/www.mohd.it\/de\/#\/schema\/person\/d237bc94bea0bfe5020d1c41b41f6af2"},"headline":"Francesco Forcellini: Wenn Architektur zu M\u00f6beln wird","datePublished":"2026-06-02T08:00:00+00:00","dateModified":"2026-06-02T08:00:06+00:00","mainEntityOfPage":{"@id":"https:\/\/www.mohd.it\/de\/magazine\/francesco-forcellini-wenn-architektur-zu-moebeln-wird\/"},"wordCount":683,"publisher":{"@id":"https:\/\/www.mohd.it\/de\/#organization"},"image":{"@id":"https:\/\/www.mohd.it\/de\/magazine\/francesco-forcellini-wenn-architektur-zu-moebeln-wird\/#primaryimage"},"thumbnailUrl":"https:\/\/www.mohd.it\/wp-content\/uploads\/2026\/05\/Francesco-Forcellini-1.png","articleSection":["Designerportr\u00e4ts"],"inLanguage":"de"},{"@type":"WebPage","@id":"https:\/\/www.mohd.it\/de\/magazine\/francesco-forcellini-wenn-architektur-zu-moebeln-wird\/","url":"https:\/\/www.mohd.it\/de\/magazine\/francesco-forcellini-wenn-architektur-zu-moebeln-wird\/","name":"Francesco Forcellini: Wenn Architektur zu M\u00f6beln wird - Mohd","isPartOf":{"@id":"https:\/\/www.mohd.it\/de\/#website"},"primaryImageOfPage":{"@id":"https:\/\/www.mohd.it\/de\/magazine\/francesco-forcellini-wenn-architektur-zu-moebeln-wird\/#primaryimage"},"image":{"@id":"https:\/\/www.mohd.it\/de\/magazine\/francesco-forcellini-wenn-architektur-zu-moebeln-wird\/#primaryimage"},"thumbnailUrl":"https:\/\/www.mohd.it\/wp-content\/uploads\/2026\/05\/Francesco-Forcellini-1.png","datePublished":"2026-06-02T08:00:00+00:00","dateModified":"2026-06-02T08:00:06+00:00","description":"Francesco Forcellini \u00fcber Dorica f\u00fcr De Castelli: eine von der dorischen S\u00e4ule inspirierte M\u00f6belkollektion, in der architektonischer Rhythmus, Materialit\u00e4t und skulpturale Pr\u00e4senz zusammenfinden.","breadcrumb":{"@id":"https:\/\/www.mohd.it\/de\/magazine\/francesco-forcellini-wenn-architektur-zu-moebeln-wird\/#breadcrumb"},"inLanguage":"de","potentialAction":[{"@type":"ReadAction","target":["https:\/\/www.mohd.it\/de\/magazine\/francesco-forcellini-wenn-architektur-zu-moebeln-wird\/"]}]},{"@type":"ImageObject","inLanguage":"de","@id":"https:\/\/www.mohd.it\/de\/magazine\/francesco-forcellini-wenn-architektur-zu-moebeln-wird\/#primaryimage","url":"https:\/\/www.mohd.it\/wp-content\/uploads\/2026\/05\/Francesco-Forcellini-1.png","contentUrl":"https:\/\/www.mohd.it\/wp-content\/uploads\/2026\/05\/Francesco-Forcellini-1.png","width":1300,"height":980,"caption":"Francesco Forcellini"},{"@type":"BreadcrumbList","@id":"https:\/\/www.mohd.it\/de\/magazine\/francesco-forcellini-wenn-architektur-zu-moebeln-wird\/#breadcrumb","itemListElement":[{"@type":"ListItem","position":1,"name":"Home","item":"https:\/\/www.mohd.it\/de\/"},{"@type":"ListItem","position":2,"name":"Francesco Forcellini: Wenn Architektur zu M\u00f6beln wird"}]},{"@type":"WebSite","@id":"https:\/\/www.mohd.it\/de\/#website","url":"https:\/\/www.mohd.it\/de\/","name":"Mohd","description":"","publisher":{"@id":"https:\/\/www.mohd.it\/de\/#organization"},"potentialAction":[{"@type":"SearchAction","target":{"@type":"EntryPoint","urlTemplate":"https:\/\/www.mohd.it\/de\/?s={search_term_string}"},"query-input":{"@type":"PropertyValueSpecification","valueRequired":true,"valueName":"search_term_string"}}],"inLanguage":"de"},{"@type":"Organization","@id":"https:\/\/www.mohd.it\/de\/#organization","name":"Mollura & C. SPA","url":"https:\/\/www.mohd.it\/de\/","logo":{"@type":"ImageObject","inLanguage":"de","@id":"https:\/\/www.mohd.it\/de\/#\/schema\/logo\/image\/","url":"https:\/\/www.mohd.it\/wp-content\/uploads\/2020\/09\/mohd-logo.png","contentUrl":"https:\/\/www.mohd.it\/wp-content\/uploads\/2020\/09\/mohd-logo.png","width":600,"height":600,"caption":"Mollura & C. SPA"},"image":{"@id":"https:\/\/www.mohd.it\/de\/#\/schema\/logo\/image\/"},"sameAs":["https:\/\/www.facebook.com\/mollurahomedesign","https:\/\/x.com\/mohd_homedesign","https:\/\/www.instagram.com\/mohd_homedesign\/","https:\/\/it.linkedin.com\/company\/mohd-mollura-home-design","https:\/\/www.pinterest.it\/mohdhomedesign\/","https:\/\/www.youtube.com\/channel\/UCYLuPff6hq4z_o0GO0w1yaA"]},{"@type":"Person","@id":"https:\/\/www.mohd.it\/de\/#\/schema\/person\/d237bc94bea0bfe5020d1c41b41f6af2","name":"Noemi Cris\u00e0","image":{"@type":"ImageObject","inLanguage":"de","@id":"https:\/\/www.mohd.it\/de\/#\/schema\/person\/image\/","url":"https:\/\/secure.gravatar.com\/avatar\/6f959897d20f7190d0b1a9b0a1518d13?s=96&d=mm&r=g","contentUrl":"https:\/\/secure.gravatar.com\/avatar\/6f959897d20f7190d0b1a9b0a1518d13?s=96&d=mm&r=g","caption":"Noemi Cris\u00e0"},"url":"https:\/\/www.mohd.it\/de\/magazine\/author\/noemi\/"}]}},"image":"https:\/\/www.mohd.it\/wp-content\/uploads\/2026\/05\/Francesco-Forcellini-1-800x600.png","category":"Designerportr\u00e4ts","_links":{"self":[{"href":"https:\/\/www.mohd.it\/de\/wp-json\/wp\/v2\/posts\/122356","targetHints":{"allow":["GET"]}}],"collection":[{"href":"https:\/\/www.mohd.it\/de\/wp-json\/wp\/v2\/posts"}],"about":[{"href":"https:\/\/www.mohd.it\/de\/wp-json\/wp\/v2\/types\/post"}],"author":[{"embeddable":true,"href":"https:\/\/www.mohd.it\/de\/wp-json\/wp\/v2\/users\/18"}],"replies":[{"embeddable":true,"href":"https:\/\/www.mohd.it\/de\/wp-json\/wp\/v2\/comments?post=122356"}],"version-history":[{"count":3,"href":"https:\/\/www.mohd.it\/de\/wp-json\/wp\/v2\/posts\/122356\/revisions"}],"predecessor-version":[{"id":122373,"href":"https:\/\/www.mohd.it\/de\/wp-json\/wp\/v2\/posts\/122356\/revisions\/122373"}],"wp:featuredmedia":[{"embeddable":true,"href":"https:\/\/www.mohd.it\/de\/wp-json\/wp\/v2\/media\/122351"}],"wp:attachment":[{"href":"https:\/\/www.mohd.it\/de\/wp-json\/wp\/v2\/media?parent=122356"}],"wp:term":[{"taxonomy":"category","embeddable":true,"href":"https:\/\/www.mohd.it\/de\/wp-json\/wp\/v2\/categories?post=122356"},{"taxonomy":"post_tag","embeddable":true,"href":"https:\/\/www.mohd.it\/de\/wp-json\/wp\/v2\/tags?post=122356"}],"curies":[{"name":"wp","href":"https:\/\/api.w.org\/{rel}","templated":true}]}}