{"id":123802,"date":"2026-06-22T10:00:00","date_gmt":"2026-06-22T08:00:00","guid":{"rendered":"https:\/\/www.mohd.it\/?p=123802"},"modified":"2026-06-22T10:00:06","modified_gmt":"2026-06-22T08:00:06","slug":"nalu-von-talenti-der-rhythmus-des-meeres-im-outdoor-wohnen","status":"publish","type":"post","link":"https:\/\/www.mohd.it\/de\/magazine\/nalu-von-talenti-der-rhythmus-des-meeres-im-outdoor-wohnen\/","title":{"rendered":"Nalu von Talenti: der Rhythmus des Meeres im Outdoor-Wohnen"},"content":{"rendered":"\n<p>Die von <strong><a href=\"https:\/\/shopmohd.com\/de\/designer\/ludovica-roberto-palomba.html\">Ludovica Serafini und Roberto Palomba<\/a><\/strong> f\u00fcr <strong><a href=\"https:\/\/shopmohd.com\/de\/marken\/talenti.html\">Talenti<\/a><\/strong> entworfene Kollektion verdankt ihren Namen dem hawaiianischen Wort f\u00fcr Welle und \u00fcbertr\u00e4gt diese Inspiration auf eine vollst\u00e4ndige Familie von Outdoor-M\u00f6beln.<br>Sofas, Sitzm\u00f6bel, Tische und Sonnenliegen verbindet ein charakteristisches Merkmal: eine Aluminiumstruktur mit eleganten Rillen, die an die Bewegung des Wassers und die Pr\u00e4zision zeitgen\u00f6ssischer Architektur erinnert. <\/p>\n\n\n<div class=\"board\">\n      <div class=\"board-items masonry-grid\">\n      <div class=\"board-item masonry-item\">\n  <div class=\"board-image\" style=\"padding-top:125%\">\n    <img decoding=\"async\" src=\"https:\/\/www.mohd.it\/wp-content\/uploads\/2026\/06\/Talenti-Nalu-Collection-Chair-and-rectangular-Table.png\" \/>\n  <\/div>\n  <\/div>\n<div class=\"board-item masonry-item\">\n  <div class=\"board-product\" style=\"padding-top:125%\">\n    <img decoding=\"async\" src=\"https:\/\/www.mohd.it\/wp-content\/uploads\/2026\/06\/Talenti-Nalu-Collection-Chair-and-Round-Table.png\" \/>\n    <div class=\"content\">\n      <span class=\"brand\">Talenti<\/span>      <span class=\"name\">Kollektion Nalu<\/span>\n    <\/div>\n    <div class=\"actions\">\n              <a href=\"https:\/\/shopmohd.com\/de\/marken\/talenti\/nalu.html\" class=\"button\">Acquista<\/a>\n            \t\t          <\/div>\n  <\/div>\n    <\/div>\n    <\/div>\n    <\/div>\n\n\n\n<p><strong>Nalu<\/strong> entwickelt eine klare gestalterische Sprache, in der der Rhythmus der Oberfl\u00e4chen zum pr\u00e4genden Identit\u00e4tsmerkmal wird. Die pulverbeschichteten Aluminiumstrukturen wechseln zwischen offenen und geschlossenen Bereichen und erzeugen ein Spiel aus Licht und Schatten, das sich im Laufe des Tages ver\u00e4ndert und den M\u00f6beln Tiefe verleiht. Das Ergebnis ist eine reduzierte und zugleich ausdrucksstarke \u00c4sthetik, die Terrassen und G\u00e4rten zu einer nat\u00fcrlichen Erweiterung des Wohnraums macht.<\/p>\n\n\n\n<figure class=\"wp-block-image size-large\"><img loading=\"lazy\" decoding=\"async\" width=\"1024\" height=\"576\" src=\"https:\/\/www.mohd.it\/wp-content\/uploads\/2026\/06\/Talenti-Nalu-Collection-Sofa-and-Lounge-Armchair-1024x576.png\" alt=\"Talenti Nalu Collection Sofa and Lounge Armchair\" class=\"wp-image-123772\" srcset=\"https:\/\/www.mohd.it\/wp-content\/uploads\/2026\/06\/Talenti-Nalu-Collection-Sofa-and-Lounge-Armchair-1024x576.png 1024w, https:\/\/www.mohd.it\/wp-content\/uploads\/2026\/06\/Talenti-Nalu-Collection-Sofa-and-Lounge-Armchair-300x169.png 300w, https:\/\/www.mohd.it\/wp-content\/uploads\/2026\/06\/Talenti-Nalu-Collection-Sofa-and-Lounge-Armchair-768x432.png 768w, https:\/\/www.mohd.it\/wp-content\/uploads\/2026\/06\/Talenti-Nalu-Collection-Sofa-and-Lounge-Armchair-1536x864.png 1536w, https:\/\/www.mohd.it\/wp-content\/uploads\/2026\/06\/Talenti-Nalu-Collection-Sofa-and-Lounge-Armchair.png 1920w\" sizes=\"auto, (max-width: 1024px) 100vw, 1024px\" \/><\/figure>\n\n\n\n<p>Im Mittelpunkt der Kollektion steht ein Polstersystem, das Komfort und gestalterische Freiheit vereint. Modulare Sofas und Lounge-Sitzm\u00f6bel erm\u00f6glichen flexible Konfigurationen f\u00fcr private wie auch f\u00fcr Hospitality-Projekte. Gro\u00dfz\u00fcgige Volumen stehen im Dialog mit der visuellen Leichtigkeit der Strukturen, w\u00e4hrend die Bez\u00fcge eine haptische Dimension schaffen, die zu einem nat\u00fcrlichen und kontinuierlichen Outdoor-Erlebnis einl\u00e4dt.<\/p>\n\n\n<div class=\"board\">\n      <div class=\"board-items masonry-grid\">\n      <div class=\"board-item masonry-item\">\n  <div class=\"board-product\" style=\"padding-top:125%\">\n    <img decoding=\"async\" src=\"https:\/\/www.mohd.it\/wp-content\/uploads\/2026\/06\/Talenti-Nalu-Collection-Lounge-armchair.png\" \/>\n    <div class=\"content\">\n      <span class=\"brand\">Talenti<\/span>      <span class=\"name\">Kollektion Nalu<\/span>\n    <\/div>\n    <div class=\"actions\">\n              <a href=\"https:\/\/shopmohd.com\/de\/marken\/talenti\/nalu.html\" class=\"button\">Acquista<\/a>\n            \t\t          <\/div>\n  <\/div>\n    <\/div>\n<div class=\"board-item masonry-item\">\n  <div class=\"board-image\" style=\"padding-top:125%\">\n    <img decoding=\"async\" src=\"https:\/\/www.mohd.it\/wp-content\/uploads\/2026\/06\/Talenti-Nalu-Collection-Coffee-Table-Details.png\" \/>\n  <\/div>\n  <\/div>\n    <\/div>\n    <\/div>\n\n\n\n<p>Dieselbe gestalterische Haltung findet sich auch in den Tischen und Dining-M\u00f6beln wieder. Tischplatten aus Feinsteinzeug und Lavastein treffen auf geriffelte Aluminiumgestelle und schaffen ein ausgewogenes Verh\u00e4ltnis von Solidit\u00e4t und Leichtigkeit.<\/p>\n\n\n\n<p>Sonnenliegen und erg\u00e4nzende Elemente vervollst\u00e4ndigen die Kollektion und formen eine harmonische Outdoor-Landschaft, in der jedes Objekt Teil einer gemeinsamen Wohnvision ist.<\/p>\n\n\n<div class=\"board\">\n      <div class=\"board-items masonry-grid\">\n      <div class=\"board-item masonry-item\">\n  <div class=\"board-image\" style=\"padding-top:125%\">\n    <img decoding=\"async\" src=\"https:\/\/www.mohd.it\/wp-content\/uploads\/2026\/06\/Talenti-Nalu-Collection-Sunbed-and-Lovebed.png\" \/>\n  <\/div>\n  <\/div>\n<div class=\"board-item masonry-item\">\n  <div class=\"board-product\" style=\"padding-top:125%\">\n    <img decoding=\"async\" src=\"https:\/\/www.mohd.it\/wp-content\/uploads\/2026\/06\/Talenti-Nalu-Collection-Sofa-Detail.png\" \/>\n    <div class=\"content\">\n      <span class=\"brand\">Talenti<\/span>      <span class=\"name\">Kollektion Nalu<\/span>\n    <\/div>\n    <div class=\"actions\">\n              <a href=\"https:\/\/shopmohd.com\/de\/marken\/talenti\/nalu.html\" class=\"button\">Acquista<\/a>\n            \t\t          <\/div>\n  <\/div>\n    <\/div>\n    <\/div>\n    <\/div>\n\n\n\n<p>Mit maritimen Ankl\u00e4ngen, klaren Geometrien und sorgf\u00e4ltig ausgew\u00e4hlten Materialien steht Nalu f\u00fcr eine zeitgem\u00e4\u00dfe Vorstellung von Komfort, die Architektur, Natur und Alltag miteinander verbindet.<\/p>\n","protected":false},"excerpt":{"rendered":"<p>Wie eine Landschaft mit Blick auf das Meer interpretiert Nalu das Leben im Freien durch Licht, Materialit\u00e4t und Geselligkeit. <\/p>\n","protected":false},"author":18,"featured_media":123794,"comment_status":"closed","ping_status":"closed","sticky":false,"template":"","format":"standard","meta":{"footnotes":""},"categories":[482],"tags":[],"class_list":["post-123802","post","type-post","status-publish","format-standard","has-post-thumbnail","hentry","category-marken"],"yoast_head":"<!-- This site is optimized with the Yoast SEO plugin v24.0 - https:\/\/yoast.com\/wordpress\/plugins\/seo\/ -->\n<title>Nalu von Talenti: der Rhythmus des Meeres im Outdoor-Bereich- Mohd<\/title>\n<meta name=\"description\" content=\"Die von Palomba Serafini f\u00fcr Talenti entworfene Kollektion Nalu interpretiert Outdoor Living mit geriffeltem Aluminium und mediterraner Inspiration neu.\" \/>\n<meta name=\"robots\" content=\"index, follow, max-snippet:-1, max-image-preview:large, max-video-preview:-1\" \/>\n<link rel=\"canonical\" href=\"https:\/\/www.mohd.it\/de\/magazine\/nalu-von-talenti-der-rhythmus-des-meeres-im-outdoor-wohnen\/\" \/>\n<meta property=\"og:locale\" content=\"de_DE\" \/>\n<meta property=\"og:type\" content=\"article\" \/>\n<meta property=\"og:title\" content=\"Nalu von Talenti: der Rhythmus des Meeres im Outdoor-Bereich- Mohd\" \/>\n<meta property=\"og:description\" content=\"Die von Palomba Serafini f\u00fcr Talenti entworfene Kollektion Nalu interpretiert Outdoor Living mit geriffeltem Aluminium und mediterraner Inspiration neu.\" \/>\n<meta property=\"og:url\" content=\"https:\/\/www.mohd.it\/de\/magazine\/nalu-von-talenti-der-rhythmus-des-meeres-im-outdoor-wohnen\/\" \/>\n<meta property=\"og:site_name\" content=\"Mohd\" \/>\n<meta property=\"article:publisher\" content=\"https:\/\/www.facebook.com\/mollurahomedesign\" \/>\n<meta property=\"article:published_time\" content=\"2026-06-22T08:00:00+00:00\" \/>\n<meta property=\"article:modified_time\" content=\"2026-06-22T08:00:06+00:00\" \/>\n<meta property=\"og:image\" content=\"https:\/\/www.mohd.it\/wp-content\/uploads\/2026\/06\/Talenti-Nalu-Collection.png\" \/>\n\t<meta property=\"og:image:width\" content=\"1300\" \/>\n\t<meta property=\"og:image:height\" content=\"980\" \/>\n\t<meta property=\"og:image:type\" content=\"image\/png\" \/>\n<meta name=\"author\" content=\"Noemi Cris\u00e0\" \/>\n<meta name=\"twitter:card\" content=\"summary_large_image\" \/>\n<meta name=\"twitter:creator\" content=\"@mohd_homedesign\" \/>\n<meta name=\"twitter:site\" content=\"@mohd_homedesign\" \/>\n<meta name=\"twitter:label1\" content=\"Verfasst von\" \/>\n\t<meta name=\"twitter:data1\" content=\"Noemi Cris\u00e0\" \/>\n\t<meta name=\"twitter:label2\" content=\"Gesch\u00e4tzte Lesezeit\" \/>\n\t<meta name=\"twitter:data2\" content=\"2\u00a0Minuten\" \/>\n<script type=\"application\/ld+json\" class=\"yoast-schema-graph\">{\"@context\":\"https:\/\/schema.org\",\"@graph\":[{\"@type\":\"Article\",\"@id\":\"https:\/\/www.mohd.it\/de\/magazine\/nalu-von-talenti-der-rhythmus-des-meeres-im-outdoor-wohnen\/#article\",\"isPartOf\":{\"@id\":\"https:\/\/www.mohd.it\/de\/magazine\/nalu-von-talenti-der-rhythmus-des-meeres-im-outdoor-wohnen\/\"},\"author\":{\"name\":\"Noemi Cris\u00e0\",\"@id\":\"https:\/\/www.mohd.it\/de\/#\/schema\/person\/d237bc94bea0bfe5020d1c41b41f6af2\"},\"headline\":\"Nalu von Talenti: der Rhythmus des Meeres im Outdoor-Wohnen\",\"datePublished\":\"2026-06-22T08:00:00+00:00\",\"dateModified\":\"2026-06-22T08:00:06+00:00\",\"mainEntityOfPage\":{\"@id\":\"https:\/\/www.mohd.it\/de\/magazine\/nalu-von-talenti-der-rhythmus-des-meeres-im-outdoor-wohnen\/\"},\"wordCount\":291,\"publisher\":{\"@id\":\"https:\/\/www.mohd.it\/de\/#organization\"},\"image\":{\"@id\":\"https:\/\/www.mohd.it\/de\/magazine\/nalu-von-talenti-der-rhythmus-des-meeres-im-outdoor-wohnen\/#primaryimage\"},\"thumbnailUrl\":\"https:\/\/www.mohd.it\/wp-content\/uploads\/2026\/06\/Talenti-Nalu-Collection.png\",\"articleSection\":[\"Marken\"],\"inLanguage\":\"de\"},{\"@type\":\"WebPage\",\"@id\":\"https:\/\/www.mohd.it\/de\/magazine\/nalu-von-talenti-der-rhythmus-des-meeres-im-outdoor-wohnen\/\",\"url\":\"https:\/\/www.mohd.it\/de\/magazine\/nalu-von-talenti-der-rhythmus-des-meeres-im-outdoor-wohnen\/\",\"name\":\"Nalu von Talenti: der Rhythmus des Meeres im Outdoor-Bereich- Mohd\",\"isPartOf\":{\"@id\":\"https:\/\/www.mohd.it\/de\/#website\"},\"primaryImageOfPage\":{\"@id\":\"https:\/\/www.mohd.it\/de\/magazine\/nalu-von-talenti-der-rhythmus-des-meeres-im-outdoor-wohnen\/#primaryimage\"},\"image\":{\"@id\":\"https:\/\/www.mohd.it\/de\/magazine\/nalu-von-talenti-der-rhythmus-des-meeres-im-outdoor-wohnen\/#primaryimage\"},\"thumbnailUrl\":\"https:\/\/www.mohd.it\/wp-content\/uploads\/2026\/06\/Talenti-Nalu-Collection.png\",\"datePublished\":\"2026-06-22T08:00:00+00:00\",\"dateModified\":\"2026-06-22T08:00:06+00:00\",\"description\":\"Die von Palomba Serafini f\u00fcr Talenti entworfene Kollektion Nalu interpretiert Outdoor Living mit geriffeltem Aluminium und mediterraner Inspiration neu.\",\"breadcrumb\":{\"@id\":\"https:\/\/www.mohd.it\/de\/magazine\/nalu-von-talenti-der-rhythmus-des-meeres-im-outdoor-wohnen\/#breadcrumb\"},\"inLanguage\":\"de\",\"potentialAction\":[{\"@type\":\"ReadAction\",\"target\":[\"https:\/\/www.mohd.it\/de\/magazine\/nalu-von-talenti-der-rhythmus-des-meeres-im-outdoor-wohnen\/\"]}]},{\"@type\":\"ImageObject\",\"inLanguage\":\"de\",\"@id\":\"https:\/\/www.mohd.it\/de\/magazine\/nalu-von-talenti-der-rhythmus-des-meeres-im-outdoor-wohnen\/#primaryimage\",\"url\":\"https:\/\/www.mohd.it\/wp-content\/uploads\/2026\/06\/Talenti-Nalu-Collection.png\",\"contentUrl\":\"https:\/\/www.mohd.it\/wp-content\/uploads\/2026\/06\/Talenti-Nalu-Collection.png\",\"width\":1300,\"height\":980,\"caption\":\"Talenti Nalu Collection\"},{\"@type\":\"BreadcrumbList\",\"@id\":\"https:\/\/www.mohd.it\/de\/magazine\/nalu-von-talenti-der-rhythmus-des-meeres-im-outdoor-wohnen\/#breadcrumb\",\"itemListElement\":[{\"@type\":\"ListItem\",\"position\":1,\"name\":\"Home\",\"item\":\"https:\/\/www.mohd.it\/de\/\"},{\"@type\":\"ListItem\",\"position\":2,\"name\":\"Nalu von Talenti: der Rhythmus des Meeres im Outdoor-Wohnen\"}]},{\"@type\":\"WebSite\",\"@id\":\"https:\/\/www.mohd.it\/de\/#website\",\"url\":\"https:\/\/www.mohd.it\/de\/\",\"name\":\"Mohd\",\"description\":\"\",\"publisher\":{\"@id\":\"https:\/\/www.mohd.it\/de\/#organization\"},\"potentialAction\":[{\"@type\":\"SearchAction\",\"target\":{\"@type\":\"EntryPoint\",\"urlTemplate\":\"https:\/\/www.mohd.it\/de\/?s={search_term_string}\"},\"query-input\":{\"@type\":\"PropertyValueSpecification\",\"valueRequired\":true,\"valueName\":\"search_term_string\"}}],\"inLanguage\":\"de\"},{\"@type\":\"Organization\",\"@id\":\"https:\/\/www.mohd.it\/de\/#organization\",\"name\":\"Mollura & C. SPA\",\"url\":\"https:\/\/www.mohd.it\/de\/\",\"logo\":{\"@type\":\"ImageObject\",\"inLanguage\":\"de\",\"@id\":\"https:\/\/www.mohd.it\/de\/#\/schema\/logo\/image\/\",\"url\":\"https:\/\/www.mohd.it\/wp-content\/uploads\/2020\/09\/mohd-logo.png\",\"contentUrl\":\"https:\/\/www.mohd.it\/wp-content\/uploads\/2020\/09\/mohd-logo.png\",\"width\":600,\"height\":600,\"caption\":\"Mollura & C. SPA\"},\"image\":{\"@id\":\"https:\/\/www.mohd.it\/de\/#\/schema\/logo\/image\/\"},\"sameAs\":[\"https:\/\/www.facebook.com\/mollurahomedesign\",\"https:\/\/x.com\/mohd_homedesign\",\"https:\/\/www.instagram.com\/mohd_homedesign\/\",\"https:\/\/it.linkedin.com\/company\/mohd-mollura-home-design\",\"https:\/\/www.pinterest.it\/mohdhomedesign\/\",\"https:\/\/www.youtube.com\/channel\/UCYLuPff6hq4z_o0GO0w1yaA\"]},{\"@type\":\"Person\",\"@id\":\"https:\/\/www.mohd.it\/de\/#\/schema\/person\/d237bc94bea0bfe5020d1c41b41f6af2\",\"name\":\"Noemi Cris\u00e0\",\"image\":{\"@type\":\"ImageObject\",\"inLanguage\":\"de\",\"@id\":\"https:\/\/www.mohd.it\/de\/#\/schema\/person\/image\/\",\"url\":\"https:\/\/secure.gravatar.com\/avatar\/6f959897d20f7190d0b1a9b0a1518d13?s=96&d=mm&r=g\",\"contentUrl\":\"https:\/\/secure.gravatar.com\/avatar\/6f959897d20f7190d0b1a9b0a1518d13?s=96&d=mm&r=g\",\"caption\":\"Noemi Cris\u00e0\"},\"url\":\"https:\/\/www.mohd.it\/de\/magazine\/author\/noemi\/\"}]}<\/script>\n<!-- \/ Yoast SEO plugin. -->","yoast_head_json":{"title":"Nalu von Talenti: der Rhythmus des Meeres im Outdoor-Bereich- Mohd","description":"Die von Palomba Serafini f\u00fcr Talenti entworfene Kollektion Nalu interpretiert Outdoor Living mit geriffeltem Aluminium und mediterraner Inspiration neu.","robots":{"index":"index","follow":"follow","max-snippet":"max-snippet:-1","max-image-preview":"max-image-preview:large","max-video-preview":"max-video-preview:-1"},"canonical":"https:\/\/www.mohd.it\/de\/magazine\/nalu-von-talenti-der-rhythmus-des-meeres-im-outdoor-wohnen\/","og_locale":"de_DE","og_type":"article","og_title":"Nalu von Talenti: der Rhythmus des Meeres im Outdoor-Bereich- Mohd","og_description":"Die von Palomba Serafini f\u00fcr Talenti entworfene Kollektion Nalu interpretiert Outdoor Living mit geriffeltem Aluminium und mediterraner Inspiration neu.","og_url":"https:\/\/www.mohd.it\/de\/magazine\/nalu-von-talenti-der-rhythmus-des-meeres-im-outdoor-wohnen\/","og_site_name":"Mohd","article_publisher":"https:\/\/www.facebook.com\/mollurahomedesign","article_published_time":"2026-06-22T08:00:00+00:00","article_modified_time":"2026-06-22T08:00:06+00:00","og_image":[{"width":1300,"height":980,"url":"https:\/\/www.mohd.it\/wp-content\/uploads\/2026\/06\/Talenti-Nalu-Collection.png","type":"image\/png"}],"author":"Noemi Cris\u00e0","twitter_card":"summary_large_image","twitter_creator":"@mohd_homedesign","twitter_site":"@mohd_homedesign","twitter_misc":{"Verfasst von":"Noemi Cris\u00e0","Gesch\u00e4tzte Lesezeit":"2\u00a0Minuten"},"schema":{"@context":"https:\/\/schema.org","@graph":[{"@type":"Article","@id":"https:\/\/www.mohd.it\/de\/magazine\/nalu-von-talenti-der-rhythmus-des-meeres-im-outdoor-wohnen\/#article","isPartOf":{"@id":"https:\/\/www.mohd.it\/de\/magazine\/nalu-von-talenti-der-rhythmus-des-meeres-im-outdoor-wohnen\/"},"author":{"name":"Noemi Cris\u00e0","@id":"https:\/\/www.mohd.it\/de\/#\/schema\/person\/d237bc94bea0bfe5020d1c41b41f6af2"},"headline":"Nalu von Talenti: der Rhythmus des Meeres im Outdoor-Wohnen","datePublished":"2026-06-22T08:00:00+00:00","dateModified":"2026-06-22T08:00:06+00:00","mainEntityOfPage":{"@id":"https:\/\/www.mohd.it\/de\/magazine\/nalu-von-talenti-der-rhythmus-des-meeres-im-outdoor-wohnen\/"},"wordCount":291,"publisher":{"@id":"https:\/\/www.mohd.it\/de\/#organization"},"image":{"@id":"https:\/\/www.mohd.it\/de\/magazine\/nalu-von-talenti-der-rhythmus-des-meeres-im-outdoor-wohnen\/#primaryimage"},"thumbnailUrl":"https:\/\/www.mohd.it\/wp-content\/uploads\/2026\/06\/Talenti-Nalu-Collection.png","articleSection":["Marken"],"inLanguage":"de"},{"@type":"WebPage","@id":"https:\/\/www.mohd.it\/de\/magazine\/nalu-von-talenti-der-rhythmus-des-meeres-im-outdoor-wohnen\/","url":"https:\/\/www.mohd.it\/de\/magazine\/nalu-von-talenti-der-rhythmus-des-meeres-im-outdoor-wohnen\/","name":"Nalu von Talenti: der Rhythmus des Meeres im Outdoor-Bereich- Mohd","isPartOf":{"@id":"https:\/\/www.mohd.it\/de\/#website"},"primaryImageOfPage":{"@id":"https:\/\/www.mohd.it\/de\/magazine\/nalu-von-talenti-der-rhythmus-des-meeres-im-outdoor-wohnen\/#primaryimage"},"image":{"@id":"https:\/\/www.mohd.it\/de\/magazine\/nalu-von-talenti-der-rhythmus-des-meeres-im-outdoor-wohnen\/#primaryimage"},"thumbnailUrl":"https:\/\/www.mohd.it\/wp-content\/uploads\/2026\/06\/Talenti-Nalu-Collection.png","datePublished":"2026-06-22T08:00:00+00:00","dateModified":"2026-06-22T08:00:06+00:00","description":"Die von Palomba Serafini f\u00fcr Talenti entworfene Kollektion Nalu interpretiert Outdoor Living mit geriffeltem Aluminium und mediterraner Inspiration neu.","breadcrumb":{"@id":"https:\/\/www.mohd.it\/de\/magazine\/nalu-von-talenti-der-rhythmus-des-meeres-im-outdoor-wohnen\/#breadcrumb"},"inLanguage":"de","potentialAction":[{"@type":"ReadAction","target":["https:\/\/www.mohd.it\/de\/magazine\/nalu-von-talenti-der-rhythmus-des-meeres-im-outdoor-wohnen\/"]}]},{"@type":"ImageObject","inLanguage":"de","@id":"https:\/\/www.mohd.it\/de\/magazine\/nalu-von-talenti-der-rhythmus-des-meeres-im-outdoor-wohnen\/#primaryimage","url":"https:\/\/www.mohd.it\/wp-content\/uploads\/2026\/06\/Talenti-Nalu-Collection.png","contentUrl":"https:\/\/www.mohd.it\/wp-content\/uploads\/2026\/06\/Talenti-Nalu-Collection.png","width":1300,"height":980,"caption":"Talenti Nalu Collection"},{"@type":"BreadcrumbList","@id":"https:\/\/www.mohd.it\/de\/magazine\/nalu-von-talenti-der-rhythmus-des-meeres-im-outdoor-wohnen\/#breadcrumb","itemListElement":[{"@type":"ListItem","position":1,"name":"Home","item":"https:\/\/www.mohd.it\/de\/"},{"@type":"ListItem","position":2,"name":"Nalu von Talenti: der Rhythmus des Meeres im Outdoor-Wohnen"}]},{"@type":"WebSite","@id":"https:\/\/www.mohd.it\/de\/#website","url":"https:\/\/www.mohd.it\/de\/","name":"Mohd","description":"","publisher":{"@id":"https:\/\/www.mohd.it\/de\/#organization"},"potentialAction":[{"@type":"SearchAction","target":{"@type":"EntryPoint","urlTemplate":"https:\/\/www.mohd.it\/de\/?s={search_term_string}"},"query-input":{"@type":"PropertyValueSpecification","valueRequired":true,"valueName":"search_term_string"}}],"inLanguage":"de"},{"@type":"Organization","@id":"https:\/\/www.mohd.it\/de\/#organization","name":"Mollura & C. SPA","url":"https:\/\/www.mohd.it\/de\/","logo":{"@type":"ImageObject","inLanguage":"de","@id":"https:\/\/www.mohd.it\/de\/#\/schema\/logo\/image\/","url":"https:\/\/www.mohd.it\/wp-content\/uploads\/2020\/09\/mohd-logo.png","contentUrl":"https:\/\/www.mohd.it\/wp-content\/uploads\/2020\/09\/mohd-logo.png","width":600,"height":600,"caption":"Mollura & C. SPA"},"image":{"@id":"https:\/\/www.mohd.it\/de\/#\/schema\/logo\/image\/"},"sameAs":["https:\/\/www.facebook.com\/mollurahomedesign","https:\/\/x.com\/mohd_homedesign","https:\/\/www.instagram.com\/mohd_homedesign\/","https:\/\/it.linkedin.com\/company\/mohd-mollura-home-design","https:\/\/www.pinterest.it\/mohdhomedesign\/","https:\/\/www.youtube.com\/channel\/UCYLuPff6hq4z_o0GO0w1yaA"]},{"@type":"Person","@id":"https:\/\/www.mohd.it\/de\/#\/schema\/person\/d237bc94bea0bfe5020d1c41b41f6af2","name":"Noemi Cris\u00e0","image":{"@type":"ImageObject","inLanguage":"de","@id":"https:\/\/www.mohd.it\/de\/#\/schema\/person\/image\/","url":"https:\/\/secure.gravatar.com\/avatar\/6f959897d20f7190d0b1a9b0a1518d13?s=96&d=mm&r=g","contentUrl":"https:\/\/secure.gravatar.com\/avatar\/6f959897d20f7190d0b1a9b0a1518d13?s=96&d=mm&r=g","caption":"Noemi Cris\u00e0"},"url":"https:\/\/www.mohd.it\/de\/magazine\/author\/noemi\/"}]}},"image":"https:\/\/www.mohd.it\/wp-content\/uploads\/2026\/06\/Talenti-Nalu-Collection-800x600.png","category":"Marken","_links":{"self":[{"href":"https:\/\/www.mohd.it\/de\/wp-json\/wp\/v2\/posts\/123802","targetHints":{"allow":["GET"]}}],"collection":[{"href":"https:\/\/www.mohd.it\/de\/wp-json\/wp\/v2\/posts"}],"about":[{"href":"https:\/\/www.mohd.it\/de\/wp-json\/wp\/v2\/types\/post"}],"author":[{"embeddable":true,"href":"https:\/\/www.mohd.it\/de\/wp-json\/wp\/v2\/users\/18"}],"replies":[{"embeddable":true,"href":"https:\/\/www.mohd.it\/de\/wp-json\/wp\/v2\/comments?post=123802"}],"version-history":[{"count":6,"href":"https:\/\/www.mohd.it\/de\/wp-json\/wp\/v2\/posts\/123802\/revisions"}],"predecessor-version":[{"id":123828,"href":"https:\/\/www.mohd.it\/de\/wp-json\/wp\/v2\/posts\/123802\/revisions\/123828"}],"wp:featuredmedia":[{"embeddable":true,"href":"https:\/\/www.mohd.it\/de\/wp-json\/wp\/v2\/media\/123794"}],"wp:attachment":[{"href":"https:\/\/www.mohd.it\/de\/wp-json\/wp\/v2\/media?parent=123802"}],"wp:term":[{"taxonomy":"category","embeddable":true,"href":"https:\/\/www.mohd.it\/de\/wp-json\/wp\/v2\/categories?post=123802"},{"taxonomy":"post_tag","embeddable":true,"href":"https:\/\/www.mohd.it\/de\/wp-json\/wp\/v2\/tags?post=123802"}],"curies":[{"name":"wp","href":"https:\/\/api.w.org\/{rel}","templated":true}]}}