{"id":124037,"date":"2026-06-23T10:24:55","date_gmt":"2026-06-23T08:24:55","guid":{"rendered":"https:\/\/www.mohd.it\/?p=124037"},"modified":"2026-06-23T10:25:00","modified_gmt":"2026-06-23T08:25:00","slug":"string-furniture-bomma-und-secolo-drei-perspektiven-auf-zeitgenoessisches-design-bei-3daysofdesign-2026","status":"publish","type":"post","link":"https:\/\/www.mohd.it\/de\/magazine\/string-furniture-bomma-und-secolo-drei-perspektiven-auf-zeitgenoessisches-design-bei-3daysofdesign-2026\/","title":{"rendered":"String Furniture, Bomma und Secolo: drei Perspektiven auf zeitgen\u00f6ssisches Design bei 3daysofdesign 2026"},"content":{"rendered":"\n<p>Was <strong>3daysofdesign<\/strong> zu einem der interessantesten Designfestivals auf internationaler Ebene macht, ist seine F\u00e4higkeit, Design als eine Erz\u00e4hlung zu inszenieren, die sich durch die gesamte Stadt zieht. In Kopenhagen werden nicht nur Neuheiten pr\u00e4sentiert, sondern auch historische Orte aktiviert, Erlebnisse geschaffen und Dialoge zwischen Objekten, gestalterischer Forschung und der Vorstellungskraft der Besucher angesto\u00dfen. Auch 2026 folgt das Festival diesem Ansatz und zeigt eine Reihe von Installationen, die unterschiedliche Facetten zeitgen\u00f6ssischen Designs sichtbar machen.<\/p>\n\n\n\n<div style=\"height:30px\" aria-hidden=\"true\" class=\"wp-block-spacer\"><\/div>\n\n\n\n<p>Zu den H\u00f6hepunkten der diesj\u00e4hrigen Ausgabe geh\u00f6rt <strong><a href=\"https:\/\/shopmohd.com\/de\/marken\/string.html\">String Furniture<\/a><\/strong>, das ikonische schwedische Unternehmen, das seit 1949 die Prinzipien des skandinavischen Designs verk\u00f6rpert. Mit der Ausstellung Faces for Spaces feiert die Marke die Flexibilit\u00e4t und gestalterische Intelligenz, die das String-System zu einem modernen Klassiker gemacht haben. Basierend auf der Idee, dass gutes Design sich den wechselnden Anforderungen des Alltags anpassen sollte, wird das modulare System in einer Reihe von Konfigurationen pr\u00e4sentiert, die beinahe menschliche Eigenschaften annehmen.<\/p>\n\n\n\n<figure class=\"wp-block-image size-large\"><img loading=\"lazy\" decoding=\"async\" width=\"1024\" height=\"672\" src=\"https:\/\/www.mohd.it\/wp-content\/uploads\/2026\/06\/String-Furniture-String-System-1-1024x672.png\" alt=\"String Furniture String System\" class=\"wp-image-124008\" srcset=\"https:\/\/www.mohd.it\/wp-content\/uploads\/2026\/06\/String-Furniture-String-System-1-1024x672.png 1024w, https:\/\/www.mohd.it\/wp-content\/uploads\/2026\/06\/String-Furniture-String-System-1-300x197.png 300w, https:\/\/www.mohd.it\/wp-content\/uploads\/2026\/06\/String-Furniture-String-System-1-768x504.png 768w, https:\/\/www.mohd.it\/wp-content\/uploads\/2026\/06\/String-Furniture-String-System-1-1536x1008.png 1536w, https:\/\/www.mohd.it\/wp-content\/uploads\/2026\/06\/String-Furniture-String-System-1.png 1920w\" sizes=\"auto, (max-width: 1024px) 100vw, 1024px\" \/><\/figure>\n\n\n<div class=\"board\">\n      <div class=\"board-items masonry-grid\">\n      <div class=\"board-item masonry-item\">\n  <div class=\"board-image\" style=\"padding-top:125%\">\n    <img decoding=\"async\" src=\"https:\/\/www.mohd.it\/wp-content\/uploads\/2026\/06\/String-Furniture-String-System-2.png\" \/>\n  <\/div>\n  <\/div>\n<div class=\"board-item masonry-item\">\n  <div class=\"board-image\" style=\"padding-top:125%\">\n    <img decoding=\"async\" src=\"https:\/\/www.mohd.it\/wp-content\/uploads\/2026\/06\/String-Furniture-String-System-3.png\" \/>\n  <\/div>\n  <\/div>\n    <\/div>\n    <\/div>\n\n\n\n<p>Jede Komposition entwickelt ihren eigenen Charakter, gepr\u00e4gt durch Objekte, Proportionen und sorgf\u00e4ltig abgestimmte Details. Auf diese Weise wird die offene und wandelbare Natur der Kollektion auf ebenso poetische wie humorvolle Weise sichtbar, ohne ihre Identit\u00e4t zu verlieren. Neben String werden auch weitere zeitgen\u00f6ssische Klassiker der Marke gezeigt, darunter Pira, Museum und das k\u00fcrzlich vorgestellte Center Center. Gemeinsam unterstreichen sie eine Designphilosophie, in der Modularit\u00e4t und Langlebigkeit zentrale Werte darstellen.<\/p>\n\n\n<div class=\"board\">\n      <div class=\"board-items masonry-grid\">\n      <div class=\"board-item masonry-item\">\n  <div class=\"board-image\" style=\"padding-top:125%\">\n    <img decoding=\"async\" src=\"https:\/\/www.mohd.it\/wp-content\/uploads\/2026\/06\/String-Furniture-Museum-trolley-1.png\" \/>\n  <\/div>\n  <\/div>\n<div class=\"board-item masonry-item\">\n  <div class=\"board-image\" style=\"padding-top:125%\">\n    <img decoding=\"async\" src=\"https:\/\/www.mohd.it\/wp-content\/uploads\/2026\/06\/String-Furniture-Museum-trolley.png\" \/>\n  <\/div>\n  <\/div>\n    <\/div>\n    <\/div>\n\n\n\n<p>Einen anderen, aber ebenso eindrucksvollen Ansatz verfolgt <strong><a href=\"https:\/\/shopmohd.com\/de\/marken\/bomma.html\">Bomma<\/a><\/strong>. Das tschechische Unternehmen, das f\u00fcr seine Leuchten aus mundgeblasenem Glas bekannt ist, pr\u00e4sentiert bei 3daysofdesign 2026 die Installation Fragments of Light im Hofteatret, dem k\u00fcrzlich restaurierten und wiederer\u00f6ffneten k\u00f6niglichen Hoftheater aus dem 18. Jahrhundert.<\/p>\n\n\n\n<figure class=\"wp-block-image size-large\"><img loading=\"lazy\" decoding=\"async\" width=\"1024\" height=\"672\" src=\"https:\/\/www.mohd.it\/wp-content\/uploads\/2026\/06\/Bomma-Fragments-1024x672.png\" alt=\"Fragments of Light\" class=\"wp-image-123978\" srcset=\"https:\/\/www.mohd.it\/wp-content\/uploads\/2026\/06\/Bomma-Fragments-1024x672.png 1024w, https:\/\/www.mohd.it\/wp-content\/uploads\/2026\/06\/Bomma-Fragments-300x197.png 300w, https:\/\/www.mohd.it\/wp-content\/uploads\/2026\/06\/Bomma-Fragments-768x504.png 768w, https:\/\/www.mohd.it\/wp-content\/uploads\/2026\/06\/Bomma-Fragments-1536x1008.png 1536w, https:\/\/www.mohd.it\/wp-content\/uploads\/2026\/06\/Bomma-Fragments.png 1920w\" sizes=\"auto, (max-width: 1024px) 100vw, 1024px\" \/><\/figure>\n\n\n\n<p>Die besondere Atmosph\u00e4re des Theaters wird dabei selbst zum Bestandteil der Inszenierung. Licht, Stoffe und Glas verschmelzen zu einer beinahe surrealen Szenerie, w\u00e4hrend Live-Performances die Installation zus\u00e4tzlich beleben. Im Mittelpunkt steht die Idee der Transformation: Materialien, die urspr\u00fcnglich als Abfall vorgesehen waren, werden in Objekte von au\u00dfergew\u00f6hnlicher Sch\u00f6nheit verwandelt und schaffen eine neue sinnliche Erlebniswelt.<\/p>\n\n\n<div class=\"board\">\n      <div class=\"board-items masonry-grid\">\n      <div class=\"board-item masonry-item\">\n  <div class=\"board-image\" style=\"padding-top:125%\">\n    <img decoding=\"async\" src=\"https:\/\/www.mohd.it\/wp-content\/uploads\/2026\/06\/Bomma-Fragments-2.png\" \/>\n  <\/div>\n  <\/div>\n<div class=\"board-item masonry-item\">\n  <div class=\"board-image\" style=\"padding-top:125%\">\n    <img decoding=\"async\" src=\"https:\/\/www.mohd.it\/wp-content\/uploads\/2026\/06\/Bomma-Fragments-1.png\" \/>\n  <\/div>\n  <\/div>\n    <\/div>\n    <\/div>\n\n\n\n<p>Auch The Drawing Room, das neue Projekt von <strong><a href=\"https:\/\/shopmohd.com\/de\/marken\/secolo.html\">Secolo<\/a><\/strong> und TABLEAU, besch\u00e4ftigt sich mit dem Thema menschlicher Begegnung. Die Installation, die in der TABLEAU Gallery pr\u00e4sentiert wird, kn\u00fcpft an den Dialog an, der w\u00e4hrend der Milan Design Week 2026 begann, und basiert auf der neuen modularen Weiterentwicklung des Sofas Trace.<\/p>\n\n\n\n<div style=\"height:30px\" aria-hidden=\"true\" class=\"wp-block-spacer\"><\/div>\n\n\n\n<p>Auf eine L\u00e4nge von bis zu zehn Metern erweitert, wird das System zu einer begehbaren Wohnlandschaft. Der Titel verweist sowohl auf den spontanen Akt des Zeichnens \u2013 dargestellt durch florale Motive in der Technik des Blind Drawing \u2013 als auch auf die historische Bedeutung des Drawing Room als Ort der Begegnung, des Gespr\u00e4chs und des sozialen Austauschs. Besucher sind eingeladen, die Installation frei zu erkunden, Platz zu nehmen und Teil des Raumes zu werden. So verwandelt sich die Ausstellung in ein kollektives Erlebnis.<\/p>\n\n\n<div class=\"board\">\n      <div class=\"board-items masonry-grid\">\n      <div class=\"board-item masonry-item\">\n  <div class=\"board-image\" style=\"padding-top:125%\">\n    <img decoding=\"async\" src=\"https:\/\/www.mohd.it\/wp-content\/uploads\/2026\/06\/Secolo-1.png\" \/>\n  <\/div>\n  <\/div>\n<div class=\"board-item masonry-item\">\n  <div class=\"board-image\" style=\"padding-top:125%\">\n    <img decoding=\"async\" src=\"https:\/\/www.mohd.it\/wp-content\/uploads\/2026\/06\/Secolo.png\" \/>\n  <\/div>\n  <\/div>\n    <\/div>\n    <\/div>\n\n\n\n<p>Durch Themen wie Modularit\u00e4t, Nachhaltigkeit, Handwerkskunst und r\u00e4umliche Exploration zeigen die bei 3daysofdesign 2026 pr\u00e4sentierten Projekte, wie sich zeitgen\u00f6ssisches Design zunehmend vom einzelnen Objekt hin zur Schaffung von Beziehungen entwickelt. Die gezeigten Arbeiten sind nicht nur Produkte, sondern kulturelle Werkzeuge, die R\u00e4ume aktivieren und neue Verbindungen im modernen Leben erm\u00f6glichen.<\/p>\n","protected":false},"excerpt":{"rendered":"<p>Drei Marken, drei unterschiedliche Ans\u00e4tze: Modularit\u00e4t, Materialtransformation und r\u00e4umliche Experimente stehen in Kopenhagen im Mittelpunkt.<\/p>\n","protected":false},"author":18,"featured_media":124030,"comment_status":"closed","ping_status":"closed","sticky":false,"template":"","format":"standard","meta":{"footnotes":""},"categories":[486,503],"tags":[],"class_list":["post-124037","post","type-post","status-publish","format-standard","has-post-thumbnail","hentry","category-aktuelles","category-design-events-de"],"yoast_head":"<!-- This site is optimized with the Yoast SEO plugin v24.0 - https:\/\/yoast.com\/wordpress\/plugins\/seo\/ -->\n<title>String Furniture, Bomma und Secolo bei 3daysofdesign 2026 - Mohd<\/title>\n<meta name=\"description\" content=\"String Furniture, Bomma und Secolo zeigen bei 3daysofdesign 2026 neue Perspektiven auf Modularit\u00e4t, Material und Raum.\" \/>\n<meta name=\"robots\" content=\"index, follow, max-snippet:-1, max-image-preview:large, max-video-preview:-1\" \/>\n<link rel=\"canonical\" href=\"https:\/\/www.mohd.it\/de\/magazine\/string-furniture-bomma-und-secolo-drei-perspektiven-auf-zeitgenoessisches-design-bei-3daysofdesign-2026\/\" \/>\n<meta property=\"og:locale\" content=\"de_DE\" \/>\n<meta property=\"og:type\" content=\"article\" \/>\n<meta property=\"og:title\" content=\"String Furniture, Bomma und Secolo bei 3daysofdesign 2026 - Mohd\" \/>\n<meta property=\"og:description\" content=\"String Furniture, Bomma und Secolo zeigen bei 3daysofdesign 2026 neue Perspektiven auf Modularit\u00e4t, Material und Raum.\" \/>\n<meta property=\"og:url\" content=\"https:\/\/www.mohd.it\/de\/magazine\/string-furniture-bomma-und-secolo-drei-perspektiven-auf-zeitgenoessisches-design-bei-3daysofdesign-2026\/\" \/>\n<meta property=\"og:site_name\" content=\"Mohd\" \/>\n<meta property=\"article:publisher\" content=\"https:\/\/www.facebook.com\/mollurahomedesign\" \/>\n<meta property=\"article:published_time\" content=\"2026-06-23T08:24:55+00:00\" \/>\n<meta property=\"article:modified_time\" content=\"2026-06-23T08:25:00+00:00\" \/>\n<meta property=\"og:image\" content=\"https:\/\/www.mohd.it\/wp-content\/uploads\/2026\/06\/String-Furniture-String-System.png\" \/>\n\t<meta property=\"og:image:width\" content=\"1300\" \/>\n\t<meta property=\"og:image:height\" content=\"980\" \/>\n\t<meta property=\"og:image:type\" content=\"image\/png\" \/>\n<meta name=\"author\" content=\"Noemi Cris\u00e0\" \/>\n<meta name=\"twitter:card\" content=\"summary_large_image\" \/>\n<meta name=\"twitter:creator\" content=\"@mohd_homedesign\" \/>\n<meta name=\"twitter:site\" content=\"@mohd_homedesign\" \/>\n<meta name=\"twitter:label1\" content=\"Verfasst von\" \/>\n\t<meta name=\"twitter:data1\" content=\"Noemi Cris\u00e0\" \/>\n\t<meta name=\"twitter:label2\" content=\"Gesch\u00e4tzte Lesezeit\" \/>\n\t<meta name=\"twitter:data2\" content=\"4\u00a0Minuten\" \/>\n<script type=\"application\/ld+json\" class=\"yoast-schema-graph\">{\"@context\":\"https:\/\/schema.org\",\"@graph\":[{\"@type\":\"Article\",\"@id\":\"https:\/\/www.mohd.it\/de\/magazine\/string-furniture-bomma-und-secolo-drei-perspektiven-auf-zeitgenoessisches-design-bei-3daysofdesign-2026\/#article\",\"isPartOf\":{\"@id\":\"https:\/\/www.mohd.it\/de\/magazine\/string-furniture-bomma-und-secolo-drei-perspektiven-auf-zeitgenoessisches-design-bei-3daysofdesign-2026\/\"},\"author\":{\"name\":\"Noemi Cris\u00e0\",\"@id\":\"https:\/\/www.mohd.it\/de\/#\/schema\/person\/d237bc94bea0bfe5020d1c41b41f6af2\"},\"headline\":\"String Furniture, Bomma und Secolo: drei Perspektiven auf zeitgen\u00f6ssisches Design bei 3daysofdesign 2026\",\"datePublished\":\"2026-06-23T08:24:55+00:00\",\"dateModified\":\"2026-06-23T08:25:00+00:00\",\"mainEntityOfPage\":{\"@id\":\"https:\/\/www.mohd.it\/de\/magazine\/string-furniture-bomma-und-secolo-drei-perspektiven-auf-zeitgenoessisches-design-bei-3daysofdesign-2026\/\"},\"wordCount\":543,\"publisher\":{\"@id\":\"https:\/\/www.mohd.it\/de\/#organization\"},\"image\":{\"@id\":\"https:\/\/www.mohd.it\/de\/magazine\/string-furniture-bomma-und-secolo-drei-perspektiven-auf-zeitgenoessisches-design-bei-3daysofdesign-2026\/#primaryimage\"},\"thumbnailUrl\":\"https:\/\/www.mohd.it\/wp-content\/uploads\/2026\/06\/String-Furniture-String-System.png\",\"articleSection\":[\"Aktuelles\",\"Design Events\"],\"inLanguage\":\"de\"},{\"@type\":\"WebPage\",\"@id\":\"https:\/\/www.mohd.it\/de\/magazine\/string-furniture-bomma-und-secolo-drei-perspektiven-auf-zeitgenoessisches-design-bei-3daysofdesign-2026\/\",\"url\":\"https:\/\/www.mohd.it\/de\/magazine\/string-furniture-bomma-und-secolo-drei-perspektiven-auf-zeitgenoessisches-design-bei-3daysofdesign-2026\/\",\"name\":\"String Furniture, Bomma und Secolo bei 3daysofdesign 2026 - Mohd\",\"isPartOf\":{\"@id\":\"https:\/\/www.mohd.it\/de\/#website\"},\"primaryImageOfPage\":{\"@id\":\"https:\/\/www.mohd.it\/de\/magazine\/string-furniture-bomma-und-secolo-drei-perspektiven-auf-zeitgenoessisches-design-bei-3daysofdesign-2026\/#primaryimage\"},\"image\":{\"@id\":\"https:\/\/www.mohd.it\/de\/magazine\/string-furniture-bomma-und-secolo-drei-perspektiven-auf-zeitgenoessisches-design-bei-3daysofdesign-2026\/#primaryimage\"},\"thumbnailUrl\":\"https:\/\/www.mohd.it\/wp-content\/uploads\/2026\/06\/String-Furniture-String-System.png\",\"datePublished\":\"2026-06-23T08:24:55+00:00\",\"dateModified\":\"2026-06-23T08:25:00+00:00\",\"description\":\"String Furniture, Bomma und Secolo zeigen bei 3daysofdesign 2026 neue Perspektiven auf Modularit\u00e4t, Material und Raum.\",\"breadcrumb\":{\"@id\":\"https:\/\/www.mohd.it\/de\/magazine\/string-furniture-bomma-und-secolo-drei-perspektiven-auf-zeitgenoessisches-design-bei-3daysofdesign-2026\/#breadcrumb\"},\"inLanguage\":\"de\",\"potentialAction\":[{\"@type\":\"ReadAction\",\"target\":[\"https:\/\/www.mohd.it\/de\/magazine\/string-furniture-bomma-und-secolo-drei-perspektiven-auf-zeitgenoessisches-design-bei-3daysofdesign-2026\/\"]}]},{\"@type\":\"ImageObject\",\"inLanguage\":\"de\",\"@id\":\"https:\/\/www.mohd.it\/de\/magazine\/string-furniture-bomma-und-secolo-drei-perspektiven-auf-zeitgenoessisches-design-bei-3daysofdesign-2026\/#primaryimage\",\"url\":\"https:\/\/www.mohd.it\/wp-content\/uploads\/2026\/06\/String-Furniture-String-System.png\",\"contentUrl\":\"https:\/\/www.mohd.it\/wp-content\/uploads\/2026\/06\/String-Furniture-String-System.png\",\"width\":1300,\"height\":980,\"caption\":\"String Furniture String System\"},{\"@type\":\"BreadcrumbList\",\"@id\":\"https:\/\/www.mohd.it\/de\/magazine\/string-furniture-bomma-und-secolo-drei-perspektiven-auf-zeitgenoessisches-design-bei-3daysofdesign-2026\/#breadcrumb\",\"itemListElement\":[{\"@type\":\"ListItem\",\"position\":1,\"name\":\"Home\",\"item\":\"https:\/\/www.mohd.it\/de\/\"},{\"@type\":\"ListItem\",\"position\":2,\"name\":\"String Furniture, Bomma und Secolo: drei Perspektiven auf zeitgen\u00f6ssisches Design bei 3daysofdesign 2026\"}]},{\"@type\":\"WebSite\",\"@id\":\"https:\/\/www.mohd.it\/de\/#website\",\"url\":\"https:\/\/www.mohd.it\/de\/\",\"name\":\"Mohd\",\"description\":\"\",\"publisher\":{\"@id\":\"https:\/\/www.mohd.it\/de\/#organization\"},\"potentialAction\":[{\"@type\":\"SearchAction\",\"target\":{\"@type\":\"EntryPoint\",\"urlTemplate\":\"https:\/\/www.mohd.it\/de\/?s={search_term_string}\"},\"query-input\":{\"@type\":\"PropertyValueSpecification\",\"valueRequired\":true,\"valueName\":\"search_term_string\"}}],\"inLanguage\":\"de\"},{\"@type\":\"Organization\",\"@id\":\"https:\/\/www.mohd.it\/de\/#organization\",\"name\":\"Mollura & C. SPA\",\"url\":\"https:\/\/www.mohd.it\/de\/\",\"logo\":{\"@type\":\"ImageObject\",\"inLanguage\":\"de\",\"@id\":\"https:\/\/www.mohd.it\/de\/#\/schema\/logo\/image\/\",\"url\":\"https:\/\/www.mohd.it\/wp-content\/uploads\/2020\/09\/mohd-logo.png\",\"contentUrl\":\"https:\/\/www.mohd.it\/wp-content\/uploads\/2020\/09\/mohd-logo.png\",\"width\":600,\"height\":600,\"caption\":\"Mollura & C. SPA\"},\"image\":{\"@id\":\"https:\/\/www.mohd.it\/de\/#\/schema\/logo\/image\/\"},\"sameAs\":[\"https:\/\/www.facebook.com\/mollurahomedesign\",\"https:\/\/x.com\/mohd_homedesign\",\"https:\/\/www.instagram.com\/mohd_homedesign\/\",\"https:\/\/it.linkedin.com\/company\/mohd-mollura-home-design\",\"https:\/\/www.pinterest.it\/mohdhomedesign\/\",\"https:\/\/www.youtube.com\/channel\/UCYLuPff6hq4z_o0GO0w1yaA\"]},{\"@type\":\"Person\",\"@id\":\"https:\/\/www.mohd.it\/de\/#\/schema\/person\/d237bc94bea0bfe5020d1c41b41f6af2\",\"name\":\"Noemi Cris\u00e0\",\"image\":{\"@type\":\"ImageObject\",\"inLanguage\":\"de\",\"@id\":\"https:\/\/www.mohd.it\/de\/#\/schema\/person\/image\/\",\"url\":\"https:\/\/secure.gravatar.com\/avatar\/6f959897d20f7190d0b1a9b0a1518d13?s=96&d=mm&r=g\",\"contentUrl\":\"https:\/\/secure.gravatar.com\/avatar\/6f959897d20f7190d0b1a9b0a1518d13?s=96&d=mm&r=g\",\"caption\":\"Noemi Cris\u00e0\"},\"url\":\"https:\/\/www.mohd.it\/de\/magazine\/author\/noemi\/\"}]}<\/script>\n<!-- \/ Yoast SEO plugin. -->","yoast_head_json":{"title":"String Furniture, Bomma und Secolo bei 3daysofdesign 2026 - Mohd","description":"String Furniture, Bomma und Secolo zeigen bei 3daysofdesign 2026 neue Perspektiven auf Modularit\u00e4t, Material und Raum.","robots":{"index":"index","follow":"follow","max-snippet":"max-snippet:-1","max-image-preview":"max-image-preview:large","max-video-preview":"max-video-preview:-1"},"canonical":"https:\/\/www.mohd.it\/de\/magazine\/string-furniture-bomma-und-secolo-drei-perspektiven-auf-zeitgenoessisches-design-bei-3daysofdesign-2026\/","og_locale":"de_DE","og_type":"article","og_title":"String Furniture, Bomma und Secolo bei 3daysofdesign 2026 - Mohd","og_description":"String Furniture, Bomma und Secolo zeigen bei 3daysofdesign 2026 neue Perspektiven auf Modularit\u00e4t, Material und Raum.","og_url":"https:\/\/www.mohd.it\/de\/magazine\/string-furniture-bomma-und-secolo-drei-perspektiven-auf-zeitgenoessisches-design-bei-3daysofdesign-2026\/","og_site_name":"Mohd","article_publisher":"https:\/\/www.facebook.com\/mollurahomedesign","article_published_time":"2026-06-23T08:24:55+00:00","article_modified_time":"2026-06-23T08:25:00+00:00","og_image":[{"width":1300,"height":980,"url":"https:\/\/www.mohd.it\/wp-content\/uploads\/2026\/06\/String-Furniture-String-System.png","type":"image\/png"}],"author":"Noemi Cris\u00e0","twitter_card":"summary_large_image","twitter_creator":"@mohd_homedesign","twitter_site":"@mohd_homedesign","twitter_misc":{"Verfasst von":"Noemi Cris\u00e0","Gesch\u00e4tzte Lesezeit":"4\u00a0Minuten"},"schema":{"@context":"https:\/\/schema.org","@graph":[{"@type":"Article","@id":"https:\/\/www.mohd.it\/de\/magazine\/string-furniture-bomma-und-secolo-drei-perspektiven-auf-zeitgenoessisches-design-bei-3daysofdesign-2026\/#article","isPartOf":{"@id":"https:\/\/www.mohd.it\/de\/magazine\/string-furniture-bomma-und-secolo-drei-perspektiven-auf-zeitgenoessisches-design-bei-3daysofdesign-2026\/"},"author":{"name":"Noemi Cris\u00e0","@id":"https:\/\/www.mohd.it\/de\/#\/schema\/person\/d237bc94bea0bfe5020d1c41b41f6af2"},"headline":"String Furniture, Bomma und Secolo: drei Perspektiven auf zeitgen\u00f6ssisches Design bei 3daysofdesign 2026","datePublished":"2026-06-23T08:24:55+00:00","dateModified":"2026-06-23T08:25:00+00:00","mainEntityOfPage":{"@id":"https:\/\/www.mohd.it\/de\/magazine\/string-furniture-bomma-und-secolo-drei-perspektiven-auf-zeitgenoessisches-design-bei-3daysofdesign-2026\/"},"wordCount":543,"publisher":{"@id":"https:\/\/www.mohd.it\/de\/#organization"},"image":{"@id":"https:\/\/www.mohd.it\/de\/magazine\/string-furniture-bomma-und-secolo-drei-perspektiven-auf-zeitgenoessisches-design-bei-3daysofdesign-2026\/#primaryimage"},"thumbnailUrl":"https:\/\/www.mohd.it\/wp-content\/uploads\/2026\/06\/String-Furniture-String-System.png","articleSection":["Aktuelles","Design Events"],"inLanguage":"de"},{"@type":"WebPage","@id":"https:\/\/www.mohd.it\/de\/magazine\/string-furniture-bomma-und-secolo-drei-perspektiven-auf-zeitgenoessisches-design-bei-3daysofdesign-2026\/","url":"https:\/\/www.mohd.it\/de\/magazine\/string-furniture-bomma-und-secolo-drei-perspektiven-auf-zeitgenoessisches-design-bei-3daysofdesign-2026\/","name":"String Furniture, Bomma und Secolo bei 3daysofdesign 2026 - Mohd","isPartOf":{"@id":"https:\/\/www.mohd.it\/de\/#website"},"primaryImageOfPage":{"@id":"https:\/\/www.mohd.it\/de\/magazine\/string-furniture-bomma-und-secolo-drei-perspektiven-auf-zeitgenoessisches-design-bei-3daysofdesign-2026\/#primaryimage"},"image":{"@id":"https:\/\/www.mohd.it\/de\/magazine\/string-furniture-bomma-und-secolo-drei-perspektiven-auf-zeitgenoessisches-design-bei-3daysofdesign-2026\/#primaryimage"},"thumbnailUrl":"https:\/\/www.mohd.it\/wp-content\/uploads\/2026\/06\/String-Furniture-String-System.png","datePublished":"2026-06-23T08:24:55+00:00","dateModified":"2026-06-23T08:25:00+00:00","description":"String Furniture, Bomma und Secolo zeigen bei 3daysofdesign 2026 neue Perspektiven auf Modularit\u00e4t, Material und Raum.","breadcrumb":{"@id":"https:\/\/www.mohd.it\/de\/magazine\/string-furniture-bomma-und-secolo-drei-perspektiven-auf-zeitgenoessisches-design-bei-3daysofdesign-2026\/#breadcrumb"},"inLanguage":"de","potentialAction":[{"@type":"ReadAction","target":["https:\/\/www.mohd.it\/de\/magazine\/string-furniture-bomma-und-secolo-drei-perspektiven-auf-zeitgenoessisches-design-bei-3daysofdesign-2026\/"]}]},{"@type":"ImageObject","inLanguage":"de","@id":"https:\/\/www.mohd.it\/de\/magazine\/string-furniture-bomma-und-secolo-drei-perspektiven-auf-zeitgenoessisches-design-bei-3daysofdesign-2026\/#primaryimage","url":"https:\/\/www.mohd.it\/wp-content\/uploads\/2026\/06\/String-Furniture-String-System.png","contentUrl":"https:\/\/www.mohd.it\/wp-content\/uploads\/2026\/06\/String-Furniture-String-System.png","width":1300,"height":980,"caption":"String Furniture String System"},{"@type":"BreadcrumbList","@id":"https:\/\/www.mohd.it\/de\/magazine\/string-furniture-bomma-und-secolo-drei-perspektiven-auf-zeitgenoessisches-design-bei-3daysofdesign-2026\/#breadcrumb","itemListElement":[{"@type":"ListItem","position":1,"name":"Home","item":"https:\/\/www.mohd.it\/de\/"},{"@type":"ListItem","position":2,"name":"String Furniture, Bomma und Secolo: drei Perspektiven auf zeitgen\u00f6ssisches Design bei 3daysofdesign 2026"}]},{"@type":"WebSite","@id":"https:\/\/www.mohd.it\/de\/#website","url":"https:\/\/www.mohd.it\/de\/","name":"Mohd","description":"","publisher":{"@id":"https:\/\/www.mohd.it\/de\/#organization"},"potentialAction":[{"@type":"SearchAction","target":{"@type":"EntryPoint","urlTemplate":"https:\/\/www.mohd.it\/de\/?s={search_term_string}"},"query-input":{"@type":"PropertyValueSpecification","valueRequired":true,"valueName":"search_term_string"}}],"inLanguage":"de"},{"@type":"Organization","@id":"https:\/\/www.mohd.it\/de\/#organization","name":"Mollura & C. SPA","url":"https:\/\/www.mohd.it\/de\/","logo":{"@type":"ImageObject","inLanguage":"de","@id":"https:\/\/www.mohd.it\/de\/#\/schema\/logo\/image\/","url":"https:\/\/www.mohd.it\/wp-content\/uploads\/2020\/09\/mohd-logo.png","contentUrl":"https:\/\/www.mohd.it\/wp-content\/uploads\/2020\/09\/mohd-logo.png","width":600,"height":600,"caption":"Mollura & C. SPA"},"image":{"@id":"https:\/\/www.mohd.it\/de\/#\/schema\/logo\/image\/"},"sameAs":["https:\/\/www.facebook.com\/mollurahomedesign","https:\/\/x.com\/mohd_homedesign","https:\/\/www.instagram.com\/mohd_homedesign\/","https:\/\/it.linkedin.com\/company\/mohd-mollura-home-design","https:\/\/www.pinterest.it\/mohdhomedesign\/","https:\/\/www.youtube.com\/channel\/UCYLuPff6hq4z_o0GO0w1yaA"]},{"@type":"Person","@id":"https:\/\/www.mohd.it\/de\/#\/schema\/person\/d237bc94bea0bfe5020d1c41b41f6af2","name":"Noemi Cris\u00e0","image":{"@type":"ImageObject","inLanguage":"de","@id":"https:\/\/www.mohd.it\/de\/#\/schema\/person\/image\/","url":"https:\/\/secure.gravatar.com\/avatar\/6f959897d20f7190d0b1a9b0a1518d13?s=96&d=mm&r=g","contentUrl":"https:\/\/secure.gravatar.com\/avatar\/6f959897d20f7190d0b1a9b0a1518d13?s=96&d=mm&r=g","caption":"Noemi Cris\u00e0"},"url":"https:\/\/www.mohd.it\/de\/magazine\/author\/noemi\/"}]}},"image":"https:\/\/www.mohd.it\/wp-content\/uploads\/2026\/06\/String-Furniture-String-System-800x600.png","category":"Aktuelles","_links":{"self":[{"href":"https:\/\/www.mohd.it\/de\/wp-json\/wp\/v2\/posts\/124037","targetHints":{"allow":["GET"]}}],"collection":[{"href":"https:\/\/www.mohd.it\/de\/wp-json\/wp\/v2\/posts"}],"about":[{"href":"https:\/\/www.mohd.it\/de\/wp-json\/wp\/v2\/types\/post"}],"author":[{"embeddable":true,"href":"https:\/\/www.mohd.it\/de\/wp-json\/wp\/v2\/users\/18"}],"replies":[{"embeddable":true,"href":"https:\/\/www.mohd.it\/de\/wp-json\/wp\/v2\/comments?post=124037"}],"version-history":[{"count":2,"href":"https:\/\/www.mohd.it\/de\/wp-json\/wp\/v2\/posts\/124037\/revisions"}],"predecessor-version":[{"id":124046,"href":"https:\/\/www.mohd.it\/de\/wp-json\/wp\/v2\/posts\/124037\/revisions\/124046"}],"wp:featuredmedia":[{"embeddable":true,"href":"https:\/\/www.mohd.it\/de\/wp-json\/wp\/v2\/media\/124030"}],"wp:attachment":[{"href":"https:\/\/www.mohd.it\/de\/wp-json\/wp\/v2\/media?parent=124037"}],"wp:term":[{"taxonomy":"category","embeddable":true,"href":"https:\/\/www.mohd.it\/de\/wp-json\/wp\/v2\/categories?post=124037"},{"taxonomy":"post_tag","embeddable":true,"href":"https:\/\/www.mohd.it\/de\/wp-json\/wp\/v2\/tags?post=124037"}],"curies":[{"name":"wp","href":"https:\/\/api.w.org\/{rel}","templated":true}]}}