{"id":125321,"date":"2026-06-29T15:54:28","date_gmt":"2026-06-29T13:54:28","guid":{"rendered":"https:\/\/www.mohd.it\/?p=125321"},"modified":"2026-06-29T15:54:31","modified_gmt":"2026-06-29T13:54:31","slug":"matteo-nunziati-die-massgeschneiderte-eleganz-von-b-e-l-t-fuer-turri","status":"publish","type":"post","link":"https:\/\/www.mohd.it\/de\/magazine\/matteo-nunziati-die-massgeschneiderte-eleganz-von-b-e-l-t-fuer-turri\/","title":{"rendered":"Matteo Nunziati: die ma\u00dfgeschneiderte Eleganz von B.E.L.T. f\u00fcr Turri"},"content":{"rendered":"\n<p><strong><a href=\"https:\/\/shopmohd.com\/de\/designer\/matteo-nunziati.html\">Matteo Nunziati<\/a><\/strong> z\u00e4hlt zu den pr\u00e4gendsten Stimmen des zeitgen\u00f6ssischen italienischen Designs. Seine Arbeit verbindet architektonische Pr\u00e4zision, eine ausgepr\u00e4gte Aufmerksamkeit f\u00fcr Details und eine internationale Vision des Wohnens. Mit einer Gestaltungssprache, die zeitlose Eleganz mit Materialforschung vereint, hat Nunziati \u00fcber die Jahre hinweg eine koh\u00e4rente, raffinierte \u00c4sthetik entwickelt, die Komfort als sinnliche Erfahrung versteht. F\u00fcr <strong><a href=\"https:\/\/shopmohd.com\/de\/marken\/turri.html\">Turri<\/a><\/strong> entwarf er die neue Polsterm\u00f6belkollektion <strong>B.E.L.T.<\/strong>, die von einer ausgesprochen ma\u00dfgeschneiderten und eleganten Haltung gepr\u00e4gt ist.<\/p>\n\n\n\n<p><em>Interview auf Italienisch gef\u00fchrt \u2013 deutsche \u00dcbersetzung und redaktionelle Bearbeitung.<\/em><\/p>\n\n\n\n<div style=\"height:30px\" aria-hidden=\"true\" class=\"wp-block-spacer\"><\/div>\n\n\n\n<p><strong>Der geflochtene G\u00fcrtel ist ein stark symbolisches und identit\u00e4tsstiftendes Element. Wie entstand die Idee, ein typisches Detail der Lederwarenkunst in ein strukturelles Element des Sofas zu verwandeln? War es zun\u00e4chst ein \u00e4sthetischer Impuls oder eine funktionale \u00dcberlegung?<\/strong><\/p>\n\n\n\n<p>Ich betrachte mich grunds\u00e4tzlich als einen rationalen Menschen. Auch mein kreativer Prozess verl\u00e4uft geordnet und strukturiert: Ich recherchiere ikonografische und k\u00fcnstlerische Referenzen, untersuche Archetypen und analysiere Produkte mit \u00e4hnlichen Eigenschaften, die sich bereits am Markt bew\u00e4hrt haben.<br>Trotz dieser methodischen Herangehensweise gibt es im kreativen Prozess immer einen Moment, der geheimnisvoll und unvorhersehbar bleibt. Es ist der Augenblick, in dem ich zu zeichnen beginne: Unter vielen Linien auf dem Papier gibt es pl\u00f6tzlich eine, die meine Aufmerksamkeit fesselt. Ich erkenne ihr Potenzial, entwickle sie weiter und folge ihr beinahe automatisch. Es ist ein intuitiver, wenig rationaler Prozess, der sich im Nachhinein nur schwer erkl\u00e4ren l\u00e4sst.<br>Deshalb kann ich nicht sagen, ob der G\u00fcrtel als \u00e4sthetische Geste oder als funktionale \u00dcberlegung entstanden ist. Ich kann jedoch sagen, dass ich stets versuche, die authentischste Seele des Unternehmens zu interpretieren, mit dem ich zusammenarbeite. Im Fall von Turri waren die Verbindung zur hochwertigen Lederverarbeitung und die handwerkliche Tradition ein au\u00dferordentlich starkes Identit\u00e4tsmerkmal. Meine Aufgabe bestand darin, dieses Erbe durch meine \u00e4sthetische Sensibilit\u00e4t neu zu interpretieren und in ein zeitgen\u00f6ssisches, zugleich strukturelles und symbolisches Element zu verwandeln.<\/p>\n\n\n\n<figure class=\"wp-block-image size-large\"><img loading=\"lazy\" decoding=\"async\" width=\"1024\" height=\"576\" src=\"https:\/\/www.mohd.it\/wp-content\/uploads\/2026\/06\/Matteo-Nunziati-B.E.L.T.-Turri-1-1024x576.png\" alt=\"\" class=\"wp-image-125304\" srcset=\"https:\/\/www.mohd.it\/wp-content\/uploads\/2026\/06\/Matteo-Nunziati-B.E.L.T.-Turri-1-1024x576.png 1024w, https:\/\/www.mohd.it\/wp-content\/uploads\/2026\/06\/Matteo-Nunziati-B.E.L.T.-Turri-1-300x169.png 300w, https:\/\/www.mohd.it\/wp-content\/uploads\/2026\/06\/Matteo-Nunziati-B.E.L.T.-Turri-1-768x432.png 768w, https:\/\/www.mohd.it\/wp-content\/uploads\/2026\/06\/Matteo-Nunziati-B.E.L.T.-Turri-1-1536x864.png 1536w, https:\/\/www.mohd.it\/wp-content\/uploads\/2026\/06\/Matteo-Nunziati-B.E.L.T.-Turri-1.png 1920w\" sizes=\"auto, (max-width: 1024px) 100vw, 1024px\" \/><\/figure>\n\n\n\n<p><strong>Sie sprechen von einer Inspiration durch die Reisekultur des 19. Jahrhunderts und die Kunst der Reisekoffer. Wie \u00fcbersetzt sich dieses mit Bewegung und Reisen verbundene Bild konkret in die Proportionen, Materialien und die Modularit\u00e4t von B.E.L.T.?<\/strong><\/p>\n\n\n\n<p>Dieses Sofa entstand tats\u00e4chlich aus einer Reflexion \u00fcber die Kultur des Reisens und die Entwicklung eines funktionalen Gegenstands zu einem Symbol von Eleganz.<br>Mitte des 19. Jahrhunderts, mit dem Aufkommen der Eisenbahn und des b\u00fcrgerlichen Tourismus, h\u00f6rte der Koffer auf, lediglich ein Beh\u00e4ltnis zu sein, und wurde zum Ausdruck eines Lebensstils. In Paris entstanden die ersten Ateliers, die sich der Herstellung exquisiter Reisetruhen f\u00fcr die europ\u00e4ische Elite widmeten: technische Objekte, gewiss, aber zugleich \u00e4sthetische Statements.<br>B.E.L.T. greift dieses kulturelle Erbe auf und \u00fcbersetzt es in eine zeitgen\u00f6ssische Sprache. Die gro\u00dfen, scheinbar reduzierten rechteckigen Volumen bergen eine bemerkenswerte Raffinesse: ma\u00dfgeschneiderte Paspelierungen, sorgf\u00e4ltig ausgew\u00e4hlte Stoffe und harmonische Proportionen. Das pr\u00e4gende Detail ist der Lederg\u00fcrtel, der die Armlehnen umschlie\u00dft und in einer eleganten Schnalle mit den Turri-Initialen endet. Ein diskretes, aber unverwechselbares Merkmal, das an die Welt der luxuri\u00f6sen Lederwaren erinnert und das Sofa in eine Art zeitgen\u00f6ssischen Reisekoffer verwandelt.<\/p>\n\n\n<div class=\"board\">\n      <div class=\"board-items masonry-grid\">\n      <div class=\"board-item masonry-item\">\n  <div class=\"board-image\" style=\"padding-top:125%\">\n    <img decoding=\"async\" src=\"https:\/\/www.mohd.it\/wp-content\/uploads\/2026\/06\/Matteo-Nunziati-B.E.L.T.-Turri-3.png\" \/>\n  <\/div>\n  <\/div>\n<div class=\"board-item masonry-item\">\n  <div class=\"board-image\" style=\"padding-top:125%\">\n    <img decoding=\"async\" src=\"https:\/\/www.mohd.it\/wp-content\/uploads\/2026\/06\/Matteo-Nunziati-B.E.L.T.-Turri.png\" \/>\n  <\/div>\n  <\/div>\n    <\/div>\n    <\/div>\n\n\n\n<p><strong>Die rechteckigen Volumen wirken mit nahezu architektonischer Pr\u00e4zision gestaltet und vermitteln gleichzeitig Weichheit und Komfort. Wie gelingt es Ihnen, gestalterische Strenge und emotionale Dimension in Ihren Projekten auszubalancieren?<\/strong><\/p>\n\n\n\n<p>Die Herausforderung besteht immer darin, die Frische der ersten Skizze zu bewahren \u2013 jenes urspr\u00fcnglichen Zeichens, aus dem die Idee des Projekts hervorgegangen ist.<br>Im Produktdesign ist dieses Gleichgewicht besonders komplex: Technische Anforderungen, konstruktive Aspekte, kommerzielle Bed\u00fcrfnisse und industrielle Kosten spielen eine Rolle. Jede Phase birgt die Gefahr, das Projekt von seiner urspr\u00fcnglichen Intuition zu entfernen.<br>Die eigentliche F\u00e4higkeit liegt darin, einen Weg zu finden, der dem Projekt erlaubt, sich weiterzuentwickeln und zu vervollst\u00e4ndigen, ohne diesen urspr\u00fcnglichen Impuls zu verlieren. In diesem Zusammenhang ist die Zusammenarbeit mit Turri von zentraler Bedeutung: Jede Idee, jede gestalterische Herausforderung wird zu einer gemeinsamen Aufgabe. Im Dialog zwischen kreativer Vision und handwerklich-industrieller Kompetenz verwandelt sich Strenge in Eleganz und Pr\u00e4zision in authentischen Komfort.<\/p>\n\n\n\n<div style=\"height:30px\" aria-hidden=\"true\" class=\"wp-block-spacer\"><\/div>\n\n\n\n<p><strong>Denken Sie bei der Gestaltung eines Systems wie B.E.L.T. bereits an den Dialog mit dem gesamten Raum? Wie beeinflusst Ihre ganzheitliche Vision die Entwicklung eines einzelnen M\u00f6belst\u00fccks?<\/strong><\/p>\n\n\n\n<p>Mein Studio arbeitet in den Bereichen Architektur, Interior Design und Produktdesign. Deshalb bin ich es gewohnt, auf unterschiedlichen Ma\u00dfstabsebenen zu denken \u2013 vom kleinsten Detail bis zur architektonischen Dimension.<br>Ich kann mir keinen Produktdesigner vorstellen, der nicht bereits den Ort, die Atmosph\u00e4re und die Eigenschaften des Raumes vor Augen hat, in dem das Objekt sp\u00e4ter leben wird. F\u00fcr mich existiert ein Projekt niemals isoliert; es ist immer Teil eines gr\u00f6\u00dferen Systems.<br>Oft liefern mir Architektur- oder Interior-Projekte die Inspiration f\u00fcr ein Produkt. In anderen F\u00e4llen wird ein Detail, das f\u00fcr ein M\u00f6belst\u00fcck entwickelt wurde, zu einem bedeutenden Element eines gr\u00f6\u00dferen r\u00e4umlichen Konzepts. Es ist ein kontinuierlicher, unaufh\u00f6rlicher und \u00e4u\u00dferst inspirierender Dialog.<br>Mit Turri entwickeln wir genau diese Art von Beziehung: nicht nur Produktdesign, sondern eine gemeinsame Vision, die sich auch auf exklusive Interieurs erstreckt. Es ist eine Zusammenarbeit, die \u00fcber das einzelne Objekt hinausgeht und eine umfassendere, koh\u00e4rente Gestaltungssprache entstehen l\u00e4sst.<\/p>\n\n\n\n<figure class=\"wp-block-image size-large\"><img loading=\"lazy\" decoding=\"async\" width=\"1024\" height=\"728\" src=\"https:\/\/www.mohd.it\/wp-content\/uploads\/2026\/06\/Matteo-Nunziati-B.E.L.T.-Turri-2-1024x728.png\" alt=\"\" class=\"wp-image-125310\" srcset=\"https:\/\/www.mohd.it\/wp-content\/uploads\/2026\/06\/Matteo-Nunziati-B.E.L.T.-Turri-2-1024x728.png 1024w, https:\/\/www.mohd.it\/wp-content\/uploads\/2026\/06\/Matteo-Nunziati-B.E.L.T.-Turri-2-300x213.png 300w, https:\/\/www.mohd.it\/wp-content\/uploads\/2026\/06\/Matteo-Nunziati-B.E.L.T.-Turri-2-768x546.png 768w, https:\/\/www.mohd.it\/wp-content\/uploads\/2026\/06\/Matteo-Nunziati-B.E.L.T.-Turri-2-1536x1092.png 1536w, https:\/\/www.mohd.it\/wp-content\/uploads\/2026\/06\/Matteo-Nunziati-B.E.L.T.-Turri-2.png 1920w\" sizes=\"auto, (max-width: 1024px) 100vw, 1024px\" \/><\/figure>\n\n\n\n<p><strong>B.E.L.T. wird als zeitgen\u00f6ssisches Sammlerst\u00fcck beschrieben, zugleich aber auch als \u201eperfekt f\u00fcr den Alltag\u201c. Wie entsteht heute dieses Gleichgewicht zwischen ma\u00dfgeschneiderter Exklusivit\u00e4t und echter Wohnfunktionalit\u00e4t?<\/strong><\/p>\n\n\n\n<p>Ich habe mich oft gefragt, ob unsere Arbeit oberfl\u00e4chlich wirken k\u00f6nnte. Einen ganzen Tag damit zu verbringen, das richtige Leder f\u00fcr ein Sofa auszuw\u00e4hlen, mag im Vergleich zu den grundlegenden Bed\u00fcrfnissen des Menschen nebens\u00e4chlich erscheinen.<br>Doch je mehr ich dar\u00fcber nachdenke, desto mehr bin ich \u00fcberzeugt, dass der Mensch nicht nur funktionale Bed\u00fcrfnisse wie Essen, Schlafen oder Arbeiten hat, sondern auch ein tiefes Bed\u00fcrfnis nach Sch\u00f6nheit. Ein ebenso konkretes und grundlegendes Bed\u00fcrfnis wie jedes andere.<br>Genau darin liegt der Kern unserer Arbeit: Sch\u00f6nheit in den Alltag zu bringen. Design muss funktionale Anforderungen erf\u00fcllen \u2013 im Fall dieses Sofas etwa Komfort, nahezu unbegrenzte Modularit\u00e4t und ausgewogene Proportionen. Gleichzeitig muss es das \u00e4sthetische Verlangen n\u00e4hren \u2013 durch raffinierte Details, sorgf\u00e4ltig ausgew\u00e4hlte Materialien und charakteristische Merkmale, die die Identit\u00e4t von Turri widerspiegeln.<br>Dieses Gleichgewicht zu suchen und zu finden, ist nicht nur eine Gestaltungsstrategie. Es ist die DNA unserer Arbeit, die tiefe Motivation, die uns jeden Tag antreibt.<\/p>\n","protected":false},"excerpt":{"rendered":"<p>Matteo Nunziati spricht \u00fcber B.E.L.T., ein Sofa, inspiriert von Reisekoffern und Truhen, das architektonische Strenge, Handwerkskunst und zeitgen\u00f6ssischen Komfort vereint.<\/p>\n","protected":false},"author":18,"featured_media":125290,"comment_status":"closed","ping_status":"closed","sticky":false,"template":"","format":"standard","meta":{"footnotes":""},"categories":[483],"tags":[],"class_list":["post-125321","post","type-post","status-publish","format-standard","has-post-thumbnail","hentry","category-design-ikonen"],"yoast_head":"<!-- This site is optimized with the Yoast SEO plugin v24.0 - https:\/\/yoast.com\/wordpress\/plugins\/seo\/ -->\n<title>Matteo Nunziati entwirft B.E.L.T. f\u00fcr Turri - Mohd<\/title>\n<meta name=\"description\" content=\"Matteo Nunziati spricht \u00fcber B.E.L.T. f\u00fcr Turri: ein Sofa, inspiriert von Reisekoffern und Truhen, das architektonische Strenge, Handwerkskunst und zeitgen\u00f6ssischen Komfort vereint.\" \/>\n<meta name=\"robots\" content=\"index, follow, max-snippet:-1, max-image-preview:large, max-video-preview:-1\" \/>\n<link rel=\"canonical\" href=\"https:\/\/www.mohd.it\/de\/magazine\/matteo-nunziati-die-massgeschneiderte-eleganz-von-b-e-l-t-fuer-turri\/\" \/>\n<meta property=\"og:locale\" content=\"de_DE\" \/>\n<meta property=\"og:type\" content=\"article\" \/>\n<meta property=\"og:title\" content=\"Matteo Nunziati entwirft B.E.L.T. f\u00fcr Turri - Mohd\" \/>\n<meta property=\"og:description\" content=\"Matteo Nunziati spricht \u00fcber B.E.L.T. f\u00fcr Turri: ein Sofa, inspiriert von Reisekoffern und Truhen, das architektonische Strenge, Handwerkskunst und zeitgen\u00f6ssischen Komfort vereint.\" \/>\n<meta property=\"og:url\" content=\"https:\/\/www.mohd.it\/de\/magazine\/matteo-nunziati-die-massgeschneiderte-eleganz-von-b-e-l-t-fuer-turri\/\" \/>\n<meta property=\"og:site_name\" content=\"Mohd\" \/>\n<meta property=\"article:publisher\" content=\"https:\/\/www.facebook.com\/mollurahomedesign\" \/>\n<meta property=\"article:published_time\" content=\"2026-06-29T13:54:28+00:00\" \/>\n<meta property=\"article:modified_time\" content=\"2026-06-29T13:54:31+00:00\" \/>\n<meta property=\"og:image\" content=\"https:\/\/www.mohd.it\/wp-content\/uploads\/2026\/06\/Matteo-Nunziati.png\" \/>\n\t<meta property=\"og:image:width\" content=\"1300\" \/>\n\t<meta property=\"og:image:height\" content=\"980\" \/>\n\t<meta property=\"og:image:type\" content=\"image\/png\" \/>\n<meta name=\"author\" content=\"Noemi Cris\u00e0\" \/>\n<meta name=\"twitter:card\" content=\"summary_large_image\" \/>\n<meta name=\"twitter:creator\" content=\"@mohd_homedesign\" \/>\n<meta name=\"twitter:site\" content=\"@mohd_homedesign\" \/>\n<meta name=\"twitter:label1\" content=\"Verfasst von\" \/>\n\t<meta name=\"twitter:data1\" content=\"Noemi Cris\u00e0\" \/>\n\t<meta name=\"twitter:label2\" content=\"Gesch\u00e4tzte Lesezeit\" \/>\n\t<meta name=\"twitter:data2\" content=\"6\u00a0Minuten\" \/>\n<script type=\"application\/ld+json\" class=\"yoast-schema-graph\">{\"@context\":\"https:\/\/schema.org\",\"@graph\":[{\"@type\":\"Article\",\"@id\":\"https:\/\/www.mohd.it\/de\/magazine\/matteo-nunziati-die-massgeschneiderte-eleganz-von-b-e-l-t-fuer-turri\/#article\",\"isPartOf\":{\"@id\":\"https:\/\/www.mohd.it\/de\/magazine\/matteo-nunziati-die-massgeschneiderte-eleganz-von-b-e-l-t-fuer-turri\/\"},\"author\":{\"name\":\"Noemi Cris\u00e0\",\"@id\":\"https:\/\/www.mohd.it\/de\/#\/schema\/person\/d237bc94bea0bfe5020d1c41b41f6af2\"},\"headline\":\"Matteo Nunziati: die ma\u00dfgeschneiderte Eleganz von B.E.L.T. f\u00fcr Turri\",\"datePublished\":\"2026-06-29T13:54:28+00:00\",\"dateModified\":\"2026-06-29T13:54:31+00:00\",\"mainEntityOfPage\":{\"@id\":\"https:\/\/www.mohd.it\/de\/magazine\/matteo-nunziati-die-massgeschneiderte-eleganz-von-b-e-l-t-fuer-turri\/\"},\"wordCount\":1105,\"publisher\":{\"@id\":\"https:\/\/www.mohd.it\/de\/#organization\"},\"image\":{\"@id\":\"https:\/\/www.mohd.it\/de\/magazine\/matteo-nunziati-die-massgeschneiderte-eleganz-von-b-e-l-t-fuer-turri\/#primaryimage\"},\"thumbnailUrl\":\"https:\/\/www.mohd.it\/wp-content\/uploads\/2026\/06\/Matteo-Nunziati.png\",\"articleSection\":[\"Design-Ikonen\"],\"inLanguage\":\"de\"},{\"@type\":\"WebPage\",\"@id\":\"https:\/\/www.mohd.it\/de\/magazine\/matteo-nunziati-die-massgeschneiderte-eleganz-von-b-e-l-t-fuer-turri\/\",\"url\":\"https:\/\/www.mohd.it\/de\/magazine\/matteo-nunziati-die-massgeschneiderte-eleganz-von-b-e-l-t-fuer-turri\/\",\"name\":\"Matteo Nunziati entwirft B.E.L.T. f\u00fcr Turri - Mohd\",\"isPartOf\":{\"@id\":\"https:\/\/www.mohd.it\/de\/#website\"},\"primaryImageOfPage\":{\"@id\":\"https:\/\/www.mohd.it\/de\/magazine\/matteo-nunziati-die-massgeschneiderte-eleganz-von-b-e-l-t-fuer-turri\/#primaryimage\"},\"image\":{\"@id\":\"https:\/\/www.mohd.it\/de\/magazine\/matteo-nunziati-die-massgeschneiderte-eleganz-von-b-e-l-t-fuer-turri\/#primaryimage\"},\"thumbnailUrl\":\"https:\/\/www.mohd.it\/wp-content\/uploads\/2026\/06\/Matteo-Nunziati.png\",\"datePublished\":\"2026-06-29T13:54:28+00:00\",\"dateModified\":\"2026-06-29T13:54:31+00:00\",\"description\":\"Matteo Nunziati spricht \u00fcber B.E.L.T. f\u00fcr Turri: ein Sofa, inspiriert von Reisekoffern und Truhen, das architektonische Strenge, Handwerkskunst und zeitgen\u00f6ssischen Komfort vereint.\",\"breadcrumb\":{\"@id\":\"https:\/\/www.mohd.it\/de\/magazine\/matteo-nunziati-die-massgeschneiderte-eleganz-von-b-e-l-t-fuer-turri\/#breadcrumb\"},\"inLanguage\":\"de\",\"potentialAction\":[{\"@type\":\"ReadAction\",\"target\":[\"https:\/\/www.mohd.it\/de\/magazine\/matteo-nunziati-die-massgeschneiderte-eleganz-von-b-e-l-t-fuer-turri\/\"]}]},{\"@type\":\"ImageObject\",\"inLanguage\":\"de\",\"@id\":\"https:\/\/www.mohd.it\/de\/magazine\/matteo-nunziati-die-massgeschneiderte-eleganz-von-b-e-l-t-fuer-turri\/#primaryimage\",\"url\":\"https:\/\/www.mohd.it\/wp-content\/uploads\/2026\/06\/Matteo-Nunziati.png\",\"contentUrl\":\"https:\/\/www.mohd.it\/wp-content\/uploads\/2026\/06\/Matteo-Nunziati.png\",\"width\":1300,\"height\":980},{\"@type\":\"BreadcrumbList\",\"@id\":\"https:\/\/www.mohd.it\/de\/magazine\/matteo-nunziati-die-massgeschneiderte-eleganz-von-b-e-l-t-fuer-turri\/#breadcrumb\",\"itemListElement\":[{\"@type\":\"ListItem\",\"position\":1,\"name\":\"Home\",\"item\":\"https:\/\/www.mohd.it\/de\/\"},{\"@type\":\"ListItem\",\"position\":2,\"name\":\"Matteo Nunziati: die ma\u00dfgeschneiderte Eleganz von B.E.L.T. f\u00fcr Turri\"}]},{\"@type\":\"WebSite\",\"@id\":\"https:\/\/www.mohd.it\/de\/#website\",\"url\":\"https:\/\/www.mohd.it\/de\/\",\"name\":\"Mohd\",\"description\":\"\",\"publisher\":{\"@id\":\"https:\/\/www.mohd.it\/de\/#organization\"},\"potentialAction\":[{\"@type\":\"SearchAction\",\"target\":{\"@type\":\"EntryPoint\",\"urlTemplate\":\"https:\/\/www.mohd.it\/de\/?s={search_term_string}\"},\"query-input\":{\"@type\":\"PropertyValueSpecification\",\"valueRequired\":true,\"valueName\":\"search_term_string\"}}],\"inLanguage\":\"de\"},{\"@type\":\"Organization\",\"@id\":\"https:\/\/www.mohd.it\/de\/#organization\",\"name\":\"Mollura & C. SPA\",\"url\":\"https:\/\/www.mohd.it\/de\/\",\"logo\":{\"@type\":\"ImageObject\",\"inLanguage\":\"de\",\"@id\":\"https:\/\/www.mohd.it\/de\/#\/schema\/logo\/image\/\",\"url\":\"https:\/\/www.mohd.it\/wp-content\/uploads\/2020\/09\/mohd-logo.png\",\"contentUrl\":\"https:\/\/www.mohd.it\/wp-content\/uploads\/2020\/09\/mohd-logo.png\",\"width\":600,\"height\":600,\"caption\":\"Mollura & C. SPA\"},\"image\":{\"@id\":\"https:\/\/www.mohd.it\/de\/#\/schema\/logo\/image\/\"},\"sameAs\":[\"https:\/\/www.facebook.com\/mollurahomedesign\",\"https:\/\/x.com\/mohd_homedesign\",\"https:\/\/www.instagram.com\/mohd_homedesign\/\",\"https:\/\/it.linkedin.com\/company\/mohd-mollura-home-design\",\"https:\/\/www.pinterest.it\/mohdhomedesign\/\",\"https:\/\/www.youtube.com\/channel\/UCYLuPff6hq4z_o0GO0w1yaA\"]},{\"@type\":\"Person\",\"@id\":\"https:\/\/www.mohd.it\/de\/#\/schema\/person\/d237bc94bea0bfe5020d1c41b41f6af2\",\"name\":\"Noemi Cris\u00e0\",\"image\":{\"@type\":\"ImageObject\",\"inLanguage\":\"de\",\"@id\":\"https:\/\/www.mohd.it\/de\/#\/schema\/person\/image\/\",\"url\":\"https:\/\/secure.gravatar.com\/avatar\/6f959897d20f7190d0b1a9b0a1518d13?s=96&d=mm&r=g\",\"contentUrl\":\"https:\/\/secure.gravatar.com\/avatar\/6f959897d20f7190d0b1a9b0a1518d13?s=96&d=mm&r=g\",\"caption\":\"Noemi Cris\u00e0\"},\"url\":\"https:\/\/www.mohd.it\/de\/magazine\/author\/noemi\/\"}]}<\/script>\n<!-- \/ Yoast SEO plugin. -->","yoast_head_json":{"title":"Matteo Nunziati entwirft B.E.L.T. f\u00fcr Turri - Mohd","description":"Matteo Nunziati spricht \u00fcber B.E.L.T. f\u00fcr Turri: ein Sofa, inspiriert von Reisekoffern und Truhen, das architektonische Strenge, Handwerkskunst und zeitgen\u00f6ssischen Komfort vereint.","robots":{"index":"index","follow":"follow","max-snippet":"max-snippet:-1","max-image-preview":"max-image-preview:large","max-video-preview":"max-video-preview:-1"},"canonical":"https:\/\/www.mohd.it\/de\/magazine\/matteo-nunziati-die-massgeschneiderte-eleganz-von-b-e-l-t-fuer-turri\/","og_locale":"de_DE","og_type":"article","og_title":"Matteo Nunziati entwirft B.E.L.T. f\u00fcr Turri - Mohd","og_description":"Matteo Nunziati spricht \u00fcber B.E.L.T. f\u00fcr Turri: ein Sofa, inspiriert von Reisekoffern und Truhen, das architektonische Strenge, Handwerkskunst und zeitgen\u00f6ssischen Komfort vereint.","og_url":"https:\/\/www.mohd.it\/de\/magazine\/matteo-nunziati-die-massgeschneiderte-eleganz-von-b-e-l-t-fuer-turri\/","og_site_name":"Mohd","article_publisher":"https:\/\/www.facebook.com\/mollurahomedesign","article_published_time":"2026-06-29T13:54:28+00:00","article_modified_time":"2026-06-29T13:54:31+00:00","og_image":[{"width":1300,"height":980,"url":"https:\/\/www.mohd.it\/wp-content\/uploads\/2026\/06\/Matteo-Nunziati.png","type":"image\/png"}],"author":"Noemi Cris\u00e0","twitter_card":"summary_large_image","twitter_creator":"@mohd_homedesign","twitter_site":"@mohd_homedesign","twitter_misc":{"Verfasst von":"Noemi Cris\u00e0","Gesch\u00e4tzte Lesezeit":"6\u00a0Minuten"},"schema":{"@context":"https:\/\/schema.org","@graph":[{"@type":"Article","@id":"https:\/\/www.mohd.it\/de\/magazine\/matteo-nunziati-die-massgeschneiderte-eleganz-von-b-e-l-t-fuer-turri\/#article","isPartOf":{"@id":"https:\/\/www.mohd.it\/de\/magazine\/matteo-nunziati-die-massgeschneiderte-eleganz-von-b-e-l-t-fuer-turri\/"},"author":{"name":"Noemi Cris\u00e0","@id":"https:\/\/www.mohd.it\/de\/#\/schema\/person\/d237bc94bea0bfe5020d1c41b41f6af2"},"headline":"Matteo Nunziati: die ma\u00dfgeschneiderte Eleganz von B.E.L.T. f\u00fcr Turri","datePublished":"2026-06-29T13:54:28+00:00","dateModified":"2026-06-29T13:54:31+00:00","mainEntityOfPage":{"@id":"https:\/\/www.mohd.it\/de\/magazine\/matteo-nunziati-die-massgeschneiderte-eleganz-von-b-e-l-t-fuer-turri\/"},"wordCount":1105,"publisher":{"@id":"https:\/\/www.mohd.it\/de\/#organization"},"image":{"@id":"https:\/\/www.mohd.it\/de\/magazine\/matteo-nunziati-die-massgeschneiderte-eleganz-von-b-e-l-t-fuer-turri\/#primaryimage"},"thumbnailUrl":"https:\/\/www.mohd.it\/wp-content\/uploads\/2026\/06\/Matteo-Nunziati.png","articleSection":["Design-Ikonen"],"inLanguage":"de"},{"@type":"WebPage","@id":"https:\/\/www.mohd.it\/de\/magazine\/matteo-nunziati-die-massgeschneiderte-eleganz-von-b-e-l-t-fuer-turri\/","url":"https:\/\/www.mohd.it\/de\/magazine\/matteo-nunziati-die-massgeschneiderte-eleganz-von-b-e-l-t-fuer-turri\/","name":"Matteo Nunziati entwirft B.E.L.T. f\u00fcr Turri - Mohd","isPartOf":{"@id":"https:\/\/www.mohd.it\/de\/#website"},"primaryImageOfPage":{"@id":"https:\/\/www.mohd.it\/de\/magazine\/matteo-nunziati-die-massgeschneiderte-eleganz-von-b-e-l-t-fuer-turri\/#primaryimage"},"image":{"@id":"https:\/\/www.mohd.it\/de\/magazine\/matteo-nunziati-die-massgeschneiderte-eleganz-von-b-e-l-t-fuer-turri\/#primaryimage"},"thumbnailUrl":"https:\/\/www.mohd.it\/wp-content\/uploads\/2026\/06\/Matteo-Nunziati.png","datePublished":"2026-06-29T13:54:28+00:00","dateModified":"2026-06-29T13:54:31+00:00","description":"Matteo Nunziati spricht \u00fcber B.E.L.T. f\u00fcr Turri: ein Sofa, inspiriert von Reisekoffern und Truhen, das architektonische Strenge, Handwerkskunst und zeitgen\u00f6ssischen Komfort vereint.","breadcrumb":{"@id":"https:\/\/www.mohd.it\/de\/magazine\/matteo-nunziati-die-massgeschneiderte-eleganz-von-b-e-l-t-fuer-turri\/#breadcrumb"},"inLanguage":"de","potentialAction":[{"@type":"ReadAction","target":["https:\/\/www.mohd.it\/de\/magazine\/matteo-nunziati-die-massgeschneiderte-eleganz-von-b-e-l-t-fuer-turri\/"]}]},{"@type":"ImageObject","inLanguage":"de","@id":"https:\/\/www.mohd.it\/de\/magazine\/matteo-nunziati-die-massgeschneiderte-eleganz-von-b-e-l-t-fuer-turri\/#primaryimage","url":"https:\/\/www.mohd.it\/wp-content\/uploads\/2026\/06\/Matteo-Nunziati.png","contentUrl":"https:\/\/www.mohd.it\/wp-content\/uploads\/2026\/06\/Matteo-Nunziati.png","width":1300,"height":980},{"@type":"BreadcrumbList","@id":"https:\/\/www.mohd.it\/de\/magazine\/matteo-nunziati-die-massgeschneiderte-eleganz-von-b-e-l-t-fuer-turri\/#breadcrumb","itemListElement":[{"@type":"ListItem","position":1,"name":"Home","item":"https:\/\/www.mohd.it\/de\/"},{"@type":"ListItem","position":2,"name":"Matteo Nunziati: die ma\u00dfgeschneiderte Eleganz von B.E.L.T. f\u00fcr Turri"}]},{"@type":"WebSite","@id":"https:\/\/www.mohd.it\/de\/#website","url":"https:\/\/www.mohd.it\/de\/","name":"Mohd","description":"","publisher":{"@id":"https:\/\/www.mohd.it\/de\/#organization"},"potentialAction":[{"@type":"SearchAction","target":{"@type":"EntryPoint","urlTemplate":"https:\/\/www.mohd.it\/de\/?s={search_term_string}"},"query-input":{"@type":"PropertyValueSpecification","valueRequired":true,"valueName":"search_term_string"}}],"inLanguage":"de"},{"@type":"Organization","@id":"https:\/\/www.mohd.it\/de\/#organization","name":"Mollura & C. SPA","url":"https:\/\/www.mohd.it\/de\/","logo":{"@type":"ImageObject","inLanguage":"de","@id":"https:\/\/www.mohd.it\/de\/#\/schema\/logo\/image\/","url":"https:\/\/www.mohd.it\/wp-content\/uploads\/2020\/09\/mohd-logo.png","contentUrl":"https:\/\/www.mohd.it\/wp-content\/uploads\/2020\/09\/mohd-logo.png","width":600,"height":600,"caption":"Mollura & C. SPA"},"image":{"@id":"https:\/\/www.mohd.it\/de\/#\/schema\/logo\/image\/"},"sameAs":["https:\/\/www.facebook.com\/mollurahomedesign","https:\/\/x.com\/mohd_homedesign","https:\/\/www.instagram.com\/mohd_homedesign\/","https:\/\/it.linkedin.com\/company\/mohd-mollura-home-design","https:\/\/www.pinterest.it\/mohdhomedesign\/","https:\/\/www.youtube.com\/channel\/UCYLuPff6hq4z_o0GO0w1yaA"]},{"@type":"Person","@id":"https:\/\/www.mohd.it\/de\/#\/schema\/person\/d237bc94bea0bfe5020d1c41b41f6af2","name":"Noemi Cris\u00e0","image":{"@type":"ImageObject","inLanguage":"de","@id":"https:\/\/www.mohd.it\/de\/#\/schema\/person\/image\/","url":"https:\/\/secure.gravatar.com\/avatar\/6f959897d20f7190d0b1a9b0a1518d13?s=96&d=mm&r=g","contentUrl":"https:\/\/secure.gravatar.com\/avatar\/6f959897d20f7190d0b1a9b0a1518d13?s=96&d=mm&r=g","caption":"Noemi Cris\u00e0"},"url":"https:\/\/www.mohd.it\/de\/magazine\/author\/noemi\/"}]}},"image":"https:\/\/www.mohd.it\/wp-content\/uploads\/2026\/06\/Matteo-Nunziati-800x600.png","category":"Design-Ikonen","_links":{"self":[{"href":"https:\/\/www.mohd.it\/de\/wp-json\/wp\/v2\/posts\/125321","targetHints":{"allow":["GET"]}}],"collection":[{"href":"https:\/\/www.mohd.it\/de\/wp-json\/wp\/v2\/posts"}],"about":[{"href":"https:\/\/www.mohd.it\/de\/wp-json\/wp\/v2\/types\/post"}],"author":[{"embeddable":true,"href":"https:\/\/www.mohd.it\/de\/wp-json\/wp\/v2\/users\/18"}],"replies":[{"embeddable":true,"href":"https:\/\/www.mohd.it\/de\/wp-json\/wp\/v2\/comments?post=125321"}],"version-history":[{"count":2,"href":"https:\/\/www.mohd.it\/de\/wp-json\/wp\/v2\/posts\/125321\/revisions"}],"predecessor-version":[{"id":125334,"href":"https:\/\/www.mohd.it\/de\/wp-json\/wp\/v2\/posts\/125321\/revisions\/125334"}],"wp:featuredmedia":[{"embeddable":true,"href":"https:\/\/www.mohd.it\/de\/wp-json\/wp\/v2\/media\/125290"}],"wp:attachment":[{"href":"https:\/\/www.mohd.it\/de\/wp-json\/wp\/v2\/media?parent=125321"}],"wp:term":[{"taxonomy":"category","embeddable":true,"href":"https:\/\/www.mohd.it\/de\/wp-json\/wp\/v2\/categories?post=125321"},{"taxonomy":"post_tag","embeddable":true,"href":"https:\/\/www.mohd.it\/de\/wp-json\/wp\/v2\/tags?post=125321"}],"curies":[{"name":"wp","href":"https:\/\/api.w.org\/{rel}","templated":true}]}}