{"id":125418,"date":"2026-06-30T09:10:36","date_gmt":"2026-06-30T07:10:36","guid":{"rendered":"https:\/\/www.mohd.it\/?p=125418"},"modified":"2026-07-07T16:32:35","modified_gmt":"2026-07-07T14:32:35","slug":"architektur-des-komforts-das-gestalterische-denken-hinter-rayle","status":"publish","type":"post","link":"https:\/\/www.mohd.it\/de\/magazine\/architektur-des-komforts-das-gestalterische-denken-hinter-rayle\/","title":{"rendered":"Architektur des Komforts: Das gestalterische Denken hinter Rayle"},"content":{"rendered":"\n<p>Vor der K\u00fcste von Railay Beach in Thailand scheinen gewaltige Felsformationen \u00fcber dem Wasser zu schweben. Aus dieser scheinbaren Herausforderung der Schwerkraft entstand <strong>Rayle<\/strong>, die neue Kollektion von <strong><a href=\"https:\/\/shopmohd.com\/de\/designer\/ludovica-roberto-palomba.html\">Palomba Serafini Associati<\/a><\/strong> f\u00fcr <strong><a href=\"https:\/\/shopmohd.com\/de\/marken\/talenti.html\">Talenti<\/a><\/strong>. Eine Landschaft, die zum Ausgangspunkt einer Auseinandersetzung mit dem feinen Gleichgewicht zwischen Pr\u00e4senz und Schweben, Gewicht und Leichtigkeit wird.<\/p>\n\n\n\n<figure class=\"wp-block-image size-large\"><img loading=\"lazy\" decoding=\"async\" width=\"1024\" height=\"576\" src=\"https:\/\/www.mohd.it\/wp-content\/uploads\/2026\/06\/Talenti-Rayle-Ludovica-Serafini-Roberto-Palomba-2-1024x576.png\" alt=\"Talenti Rayle Ludovica Serafini + Roberto Palomba\" class=\"wp-image-125377\" srcset=\"https:\/\/www.mohd.it\/wp-content\/uploads\/2026\/06\/Talenti-Rayle-Ludovica-Serafini-Roberto-Palomba-2-1024x576.png 1024w, https:\/\/www.mohd.it\/wp-content\/uploads\/2026\/06\/Talenti-Rayle-Ludovica-Serafini-Roberto-Palomba-2-300x169.png 300w, https:\/\/www.mohd.it\/wp-content\/uploads\/2026\/06\/Talenti-Rayle-Ludovica-Serafini-Roberto-Palomba-2-768x432.png 768w, https:\/\/www.mohd.it\/wp-content\/uploads\/2026\/06\/Talenti-Rayle-Ludovica-Serafini-Roberto-Palomba-2-1536x864.png 1536w, https:\/\/www.mohd.it\/wp-content\/uploads\/2026\/06\/Talenti-Rayle-Ludovica-Serafini-Roberto-Palomba-2.png 1920w\" sizes=\"auto, (max-width: 1024px) 100vw, 1024px\" \/><\/figure>\n\n\n\n<p>Beim Thema Outdoor wird der Au\u00dfenbereich h\u00e4ufig noch als eigenst\u00e4ndige Disziplin neben der Innenarchitektur betrachtet. F\u00fcr Ludovica Serafini und Roberto Palomba ist diese Trennung jedoch l\u00e4ngst \u00fcberholt. G\u00e4rten, Terrassen und Hospitality-Bereiche sind heute Teil einer umfassenderen Ver\u00e4nderung unseres Wohnens und werden mit derselben Intensit\u00e4t, gestalterischen Qualit\u00e4t und Komplexit\u00e4t wie Innenr\u00e4ume erlebt.<\/p>\n\n\n\n<p>\u201eDesign folgt nicht immer der Lebensweise. Ein guter Designer versteht es, die Bed\u00fcrfnisse der Gesellschaft wahrzunehmen und zugleich ihre W\u00fcnsche und k\u00fcnftigen Lebensformen vorwegzunehmen.\u201c, erkl\u00e4rt Roberto Palomba.<\/p>\n\n\n\n<div style=\"height:30px\" aria-hidden=\"true\" class=\"wp-block-spacer\"><\/div>\n\n\n\n<p>F\u00fcr das Mail\u00e4nder Designerduo ist Outdoor daher kein Marktph\u00e4nomen, sondern Ausdruck eines kulturellen Wandels. Ludovica Serafini betrachtet das Thema aus architektonischer Sicht:<br>\u201eF\u00fcr Architekten besitzen Innen- und Au\u00dfenr\u00e4ume denselben Stellenwert. Diese Unterscheidung stammt eher aus der Welt des Marketings als aus einem tats\u00e4chlichen Wohnbed\u00fcrfnis.\u201c<\/p>\n\n\n\n<p>Vor diesem Hintergrund entstand Rayle. Der Ursprung der Kollektion liegt in einer ganz bestimmten Landschaft: Railay Beach in Thailand. Vor der K\u00fcste scheinen monumentale Felsformationen \u00fcber dem Meer zu schweben. Entscheidend war f\u00fcr die Designer jedoch nicht ihre Form, sondern die optische Wirkung. Durch die Erosion entstand eine schr\u00e4ge Linie, die \u2013 aus dem richtigen Blickwinkel betrachtet \u2013 die Illusion erzeugt, die gewaltigen Felsen ber\u00fchrten das Wasser nicht.<\/p>\n\n\n<div class=\"board\">\n      <div class=\"board-items masonry-grid\">\n      <div class=\"board-item masonry-item\">\n  <div class=\"board-image\" style=\"padding-top:125%\">\n    <img decoding=\"async\" src=\"https:\/\/www.mohd.it\/wp-content\/uploads\/2026\/06\/Talenti-Rayle-Ludovica-Serafini-Roberto-Palomba-4.png\" \/>\n  <\/div>\n  <\/div>\n<div class=\"board-item masonry-item\">\n  <div class=\"board-image\" style=\"padding-top:125%\">\n    <img decoding=\"async\" src=\"https:\/\/www.mohd.it\/wp-content\/uploads\/2026\/06\/Talenti-Rayle-Ludovica-Serafini-Roberto-Palomba.png\" \/>\n  <\/div>\n  <\/div>\n    <\/div>\n    <\/div>\n\n\n\n<p>\u201eWenn wir die Natur beobachten, \u00fcbernehmen wir ihre Methode \u2013 nicht unbedingt ihre Form\u201c, erkl\u00e4rt Roberto Palomba.<br>Ludovica Serafini erg\u00e4nzt: \u201eWir \u00fcbernehmen das Gef\u00fchl, die Emotion, die sie vermittelt, und \u00fcbersetzen sie in ein Produkt.\u201c<\/p>\n\n\n\n<p>Die Natur ist f\u00fcr ihre Arbeit kein Formenarchiv, sondern ein System von Prinzipien. Die Felsformationen von Railay werden so zum Ausgangspunkt einer gestalterischen Forschung \u00fcber das Gleichgewicht zwischen Gewicht und Leichtigkeit sowie Pr\u00e4senz und Schweben.<\/p>\n\n\n\n<div style=\"height:30px\" aria-hidden=\"true\" class=\"wp-block-spacer\"><\/div>\n\n\n\n<p>Die gro\u00dfz\u00fcgigen Volumen von Rayle scheinen selbstverst\u00e4ndlich auf dem Boden zu ruhen, w\u00e4hrend das zur\u00fcckgesetzte Gestell und die weichen Formen den Eindruck des Schwebens erzeugen. Diese Leichtigkeit entsteht durch Proportionen, Details und visuelle Wahrnehmung \u2013 nicht durch eine tats\u00e4chliche Reduktion des Materials.<\/p>\n\n\n\n<p>Gleichzeitig setzt die Kollektion den Weg fort, den Palomba Serafini Associati gemeinsam mit Talenti in den vergangenen Jahren entwickelt hat und der das Verst\u00e4ndnis von Outdoor Living nachhaltig ver\u00e4ndert hat.<\/p>\n\n\n\n<div style=\"height:30px\" aria-hidden=\"true\" class=\"wp-block-spacer\"><\/div>\n\n\n\n<p>F\u00fcr die Designer beschr\u00e4nkt sich ein Projekt nicht darauf, bestehende Bed\u00fcrfnisse zu erf\u00fcllen. Es kann neue Gewohnheiten hervorbringen, Verhaltensweisen ver\u00e4ndern und die Beziehung zwischen Mensch und Umgebung neu definieren. Diese Sichtweise wird besonders deutlich, sobald das Gespr\u00e4ch auf das Thema Komfort kommt.<\/p>\n\n\n\n<p>Lange Zeit wurde Komfort vor allem mit Ergonomie gleichgesetzt. Heute verstehen sie darunter weit mehr. \u201eKomfort ist ein System.\u201c<\/p>\n\n\n<div class=\"board\">\n      <div class=\"board-items masonry-grid\">\n      <div class=\"board-item masonry-item\">\n  <div class=\"board-image\" style=\"padding-top:125%\">\n    <img decoding=\"async\" src=\"https:\/\/www.mohd.it\/wp-content\/uploads\/2026\/06\/Talenti-Rayle-Ludovica-Serafini-Roberto-Palomba-5.png\" \/>\n  <\/div>\n  <\/div>\n<div class=\"board-item masonry-item\">\n  <div class=\"board-image\" style=\"padding-top:125%\">\n    <img decoding=\"async\" src=\"https:\/\/www.mohd.it\/wp-content\/uploads\/2026\/06\/Talenti-Rayle-Ludovica-Serafini-Roberto-Palomba-1.png\" \/>\n  <\/div>\n  <\/div>\n    <\/div>\n    <\/div>\n\n\n\n<p>Eine scheinbar einfache Aussage, hinter der sich ein komplexes Verst\u00e4ndnis verbirgt. Roberto Palomba erl\u00e4utert:<br>\u201eMan kann ein \u00e4u\u00dferst bequemes Sofa in einem Raum haben, der insgesamt nicht komfortabel ist \u2013 und schon verliert der Komfort an Wirkung.\u201c<br>Die Qualit\u00e4t eines Raumerlebnisses entsteht nicht durch ein einzelnes Objekt, sondern durch das Zusammenspiel von Formen, Materialien, Licht, Farben, Proportionen und Atmosph\u00e4re.<\/p>\n\n\n\n<p>\u201eKennen Sie diesen Moment, wenn Sie nach Hause kommen oder einen Ort betreten und ganz automatisch &#8218;Ah \u2026&#8216; sagen? Genau das ist Komfort. Dieser Moment entsteht, wenn Formen, R\u00e4ume, Farben, Licht, weiche und feste Materialien perfekt miteinander harmonieren.\u201c<\/p>\n\n\n\n<p>Der Komfort eines Sitzm\u00f6bels l\u00e4sst sich daher nicht vom Raum trennen, in dem es steht. Ebenso entsteht ein gelungener Raum aus dem ausgewogenen Zusammenspiel aller Elemente und nicht aus deren blo\u00dfer Addition.<\/p>\n\n\n\n<figure class=\"wp-block-image size-large\"><img loading=\"lazy\" decoding=\"async\" width=\"1024\" height=\"576\" src=\"https:\/\/www.mohd.it\/wp-content\/uploads\/2026\/06\/Talenti-Rayle-Ludovica-Serafini-Roberto-Palomba-3-1024x576.png\" alt=\"Talenti Rayle Ludovica Serafini + Roberto Palomba\" class=\"wp-image-125383\" srcset=\"https:\/\/www.mohd.it\/wp-content\/uploads\/2026\/06\/Talenti-Rayle-Ludovica-Serafini-Roberto-Palomba-3-1024x576.png 1024w, https:\/\/www.mohd.it\/wp-content\/uploads\/2026\/06\/Talenti-Rayle-Ludovica-Serafini-Roberto-Palomba-3-300x169.png 300w, https:\/\/www.mohd.it\/wp-content\/uploads\/2026\/06\/Talenti-Rayle-Ludovica-Serafini-Roberto-Palomba-3-768x432.png 768w, https:\/\/www.mohd.it\/wp-content\/uploads\/2026\/06\/Talenti-Rayle-Ludovica-Serafini-Roberto-Palomba-3-1536x864.png 1536w, https:\/\/www.mohd.it\/wp-content\/uploads\/2026\/06\/Talenti-Rayle-Ludovica-Serafini-Roberto-Palomba-3.png 1920w\" sizes=\"auto, (max-width: 1024px) 100vw, 1024px\" \/><\/figure>\n\n\n\n<p>In Rayle flie\u00dfen all diese \u00dcberlegungen in einer Kollektion zusammen, die die klassische Trennung zwischen Innen- und Au\u00dfenraum \u00fcberwindet. Nicht allein durch ihre Formensprache, sondern durch eine Wohnvision, in der Architektur, M\u00f6bel, Landschaft und Wahrnehmung Teil einer einzigen r\u00e4umlichen Erfahrung werden. F\u00fcr Palomba und Serafini bedeutet Gestaltung nach wie vor, die Gegenwart aufmerksam zu beobachten, neue M\u00f6glichkeiten zu denken und das in Raum zu \u00fcbersetzen, was die Natur seit jeher lehrt \u2013 nicht ihre Formen zu kopieren, sondern ihre Prinzipien zu verstehen.<\/p>\n","protected":false},"excerpt":{"rendered":"<p>Natur, Wahrnehmung und Komfort verschmelzen in Rayle, der neuen Kollektion f\u00fcr Talenti. Ein Gespr\u00e4ch mit Ludovica Serafini und Roberto Palomba \u00fcber die Rolle des Designs bei der Neudefinition unserer Art, R\u00e4ume zu erleben.<\/p>\n","protected":false},"author":18,"featured_media":125405,"comment_status":"closed","ping_status":"closed","sticky":false,"template":"","format":"standard","meta":{"footnotes":""},"categories":[486],"tags":[],"class_list":["post-125418","post","type-post","status-publish","format-standard","has-post-thumbnail","hentry","category-aktuelles"],"yoast_head":"<!-- This site is optimized with the Yoast SEO plugin v24.0 - https:\/\/yoast.com\/wordpress\/plugins\/seo\/ -->\n<title>Palomba Serafini \u00fcber Rayle f\u00fcr Talenti - Mohd<\/title>\n<meta name=\"description\" content=\"Im Gespr\u00e4ch mit Mohd sprechen Roberto Palomba und Ludovica Serafini \u00fcber Rayle f\u00fcr Talenti \u2013 \u00fcber Design, Komfort und eine neue Vision des Wohnens im Freien.\" \/>\n<meta name=\"robots\" content=\"index, follow, max-snippet:-1, max-image-preview:large, max-video-preview:-1\" \/>\n<link rel=\"canonical\" href=\"https:\/\/www.mohd.it\/de\/magazine\/architektur-des-komforts-das-gestalterische-denken-hinter-rayle\/\" \/>\n<meta property=\"og:locale\" content=\"de_DE\" \/>\n<meta property=\"og:type\" content=\"article\" \/>\n<meta property=\"og:title\" content=\"Palomba Serafini \u00fcber Rayle f\u00fcr Talenti - Mohd\" \/>\n<meta property=\"og:description\" content=\"Im Gespr\u00e4ch mit Mohd sprechen Roberto Palomba und Ludovica Serafini \u00fcber Rayle f\u00fcr Talenti \u2013 \u00fcber Design, Komfort und eine neue Vision des Wohnens im Freien.\" \/>\n<meta property=\"og:url\" content=\"https:\/\/www.mohd.it\/de\/magazine\/architektur-des-komforts-das-gestalterische-denken-hinter-rayle\/\" \/>\n<meta property=\"og:site_name\" content=\"Mohd\" \/>\n<meta property=\"article:publisher\" content=\"https:\/\/www.facebook.com\/mollurahomedesign\" \/>\n<meta property=\"article:published_time\" content=\"2026-06-30T07:10:36+00:00\" \/>\n<meta property=\"article:modified_time\" content=\"2026-07-07T14:32:35+00:00\" \/>\n<meta property=\"og:image\" content=\"https:\/\/www.mohd.it\/wp-content\/uploads\/2026\/06\/Talenti-Rayle-Ludovica-Serafini-Roberto-Palomba-6.png\" \/>\n\t<meta property=\"og:image:width\" content=\"1300\" \/>\n\t<meta property=\"og:image:height\" content=\"980\" \/>\n\t<meta property=\"og:image:type\" content=\"image\/png\" \/>\n<meta name=\"author\" content=\"Noemi Cris\u00e0\" \/>\n<meta name=\"twitter:card\" content=\"summary_large_image\" \/>\n<meta name=\"twitter:creator\" content=\"@mohd_homedesign\" \/>\n<meta name=\"twitter:site\" content=\"@mohd_homedesign\" \/>\n<meta name=\"twitter:label1\" content=\"Verfasst von\" \/>\n\t<meta name=\"twitter:data1\" content=\"Noemi Cris\u00e0\" \/>\n\t<meta name=\"twitter:label2\" content=\"Gesch\u00e4tzte Lesezeit\" \/>\n\t<meta name=\"twitter:data2\" content=\"5\u00a0Minuten\" \/>\n<script type=\"application\/ld+json\" class=\"yoast-schema-graph\">{\"@context\":\"https:\/\/schema.org\",\"@graph\":[{\"@type\":\"Article\",\"@id\":\"https:\/\/www.mohd.it\/de\/magazine\/architektur-des-komforts-das-gestalterische-denken-hinter-rayle\/#article\",\"isPartOf\":{\"@id\":\"https:\/\/www.mohd.it\/de\/magazine\/architektur-des-komforts-das-gestalterische-denken-hinter-rayle\/\"},\"author\":{\"name\":\"Noemi Cris\u00e0\",\"@id\":\"https:\/\/www.mohd.it\/de\/#\/schema\/person\/d237bc94bea0bfe5020d1c41b41f6af2\"},\"headline\":\"Architektur des Komforts: Das gestalterische Denken hinter Rayle\",\"datePublished\":\"2026-06-30T07:10:36+00:00\",\"dateModified\":\"2026-07-07T14:32:35+00:00\",\"mainEntityOfPage\":{\"@id\":\"https:\/\/www.mohd.it\/de\/magazine\/architektur-des-komforts-das-gestalterische-denken-hinter-rayle\/\"},\"wordCount\":721,\"publisher\":{\"@id\":\"https:\/\/www.mohd.it\/de\/#organization\"},\"image\":{\"@id\":\"https:\/\/www.mohd.it\/de\/magazine\/architektur-des-komforts-das-gestalterische-denken-hinter-rayle\/#primaryimage\"},\"thumbnailUrl\":\"https:\/\/www.mohd.it\/wp-content\/uploads\/2026\/06\/Talenti-Rayle-Ludovica-Serafini-Roberto-Palomba-6.png\",\"articleSection\":[\"Aktuelles\"],\"inLanguage\":\"de\"},{\"@type\":\"WebPage\",\"@id\":\"https:\/\/www.mohd.it\/de\/magazine\/architektur-des-komforts-das-gestalterische-denken-hinter-rayle\/\",\"url\":\"https:\/\/www.mohd.it\/de\/magazine\/architektur-des-komforts-das-gestalterische-denken-hinter-rayle\/\",\"name\":\"Palomba Serafini \u00fcber Rayle f\u00fcr Talenti - Mohd\",\"isPartOf\":{\"@id\":\"https:\/\/www.mohd.it\/de\/#website\"},\"primaryImageOfPage\":{\"@id\":\"https:\/\/www.mohd.it\/de\/magazine\/architektur-des-komforts-das-gestalterische-denken-hinter-rayle\/#primaryimage\"},\"image\":{\"@id\":\"https:\/\/www.mohd.it\/de\/magazine\/architektur-des-komforts-das-gestalterische-denken-hinter-rayle\/#primaryimage\"},\"thumbnailUrl\":\"https:\/\/www.mohd.it\/wp-content\/uploads\/2026\/06\/Talenti-Rayle-Ludovica-Serafini-Roberto-Palomba-6.png\",\"datePublished\":\"2026-06-30T07:10:36+00:00\",\"dateModified\":\"2026-07-07T14:32:35+00:00\",\"description\":\"Im Gespr\u00e4ch mit Mohd sprechen Roberto Palomba und Ludovica Serafini \u00fcber Rayle f\u00fcr Talenti \u2013 \u00fcber Design, Komfort und eine neue Vision des Wohnens im Freien.\",\"breadcrumb\":{\"@id\":\"https:\/\/www.mohd.it\/de\/magazine\/architektur-des-komforts-das-gestalterische-denken-hinter-rayle\/#breadcrumb\"},\"inLanguage\":\"de\",\"potentialAction\":[{\"@type\":\"ReadAction\",\"target\":[\"https:\/\/www.mohd.it\/de\/magazine\/architektur-des-komforts-das-gestalterische-denken-hinter-rayle\/\"]}]},{\"@type\":\"ImageObject\",\"inLanguage\":\"de\",\"@id\":\"https:\/\/www.mohd.it\/de\/magazine\/architektur-des-komforts-das-gestalterische-denken-hinter-rayle\/#primaryimage\",\"url\":\"https:\/\/www.mohd.it\/wp-content\/uploads\/2026\/06\/Talenti-Rayle-Ludovica-Serafini-Roberto-Palomba-6.png\",\"contentUrl\":\"https:\/\/www.mohd.it\/wp-content\/uploads\/2026\/06\/Talenti-Rayle-Ludovica-Serafini-Roberto-Palomba-6.png\",\"width\":1300,\"height\":980,\"caption\":\"Talenti Rayle Ludovica Serafini + Roberto Palomba\"},{\"@type\":\"BreadcrumbList\",\"@id\":\"https:\/\/www.mohd.it\/de\/magazine\/architektur-des-komforts-das-gestalterische-denken-hinter-rayle\/#breadcrumb\",\"itemListElement\":[{\"@type\":\"ListItem\",\"position\":1,\"name\":\"Home\",\"item\":\"https:\/\/www.mohd.it\/de\/\"},{\"@type\":\"ListItem\",\"position\":2,\"name\":\"Architektur des Komforts: Das gestalterische Denken hinter Rayle\"}]},{\"@type\":\"WebSite\",\"@id\":\"https:\/\/www.mohd.it\/de\/#website\",\"url\":\"https:\/\/www.mohd.it\/de\/\",\"name\":\"Mohd\",\"description\":\"\",\"publisher\":{\"@id\":\"https:\/\/www.mohd.it\/de\/#organization\"},\"potentialAction\":[{\"@type\":\"SearchAction\",\"target\":{\"@type\":\"EntryPoint\",\"urlTemplate\":\"https:\/\/www.mohd.it\/de\/?s={search_term_string}\"},\"query-input\":{\"@type\":\"PropertyValueSpecification\",\"valueRequired\":true,\"valueName\":\"search_term_string\"}}],\"inLanguage\":\"de\"},{\"@type\":\"Organization\",\"@id\":\"https:\/\/www.mohd.it\/de\/#organization\",\"name\":\"Mollura & C. SPA\",\"url\":\"https:\/\/www.mohd.it\/de\/\",\"logo\":{\"@type\":\"ImageObject\",\"inLanguage\":\"de\",\"@id\":\"https:\/\/www.mohd.it\/de\/#\/schema\/logo\/image\/\",\"url\":\"https:\/\/www.mohd.it\/wp-content\/uploads\/2020\/09\/mohd-logo.png\",\"contentUrl\":\"https:\/\/www.mohd.it\/wp-content\/uploads\/2020\/09\/mohd-logo.png\",\"width\":600,\"height\":600,\"caption\":\"Mollura & C. SPA\"},\"image\":{\"@id\":\"https:\/\/www.mohd.it\/de\/#\/schema\/logo\/image\/\"},\"sameAs\":[\"https:\/\/www.facebook.com\/mollurahomedesign\",\"https:\/\/x.com\/mohd_homedesign\",\"https:\/\/www.instagram.com\/mohd_homedesign\/\",\"https:\/\/it.linkedin.com\/company\/mohd-mollura-home-design\",\"https:\/\/www.pinterest.it\/mohdhomedesign\/\",\"https:\/\/www.youtube.com\/channel\/UCYLuPff6hq4z_o0GO0w1yaA\"]},{\"@type\":\"Person\",\"@id\":\"https:\/\/www.mohd.it\/de\/#\/schema\/person\/d237bc94bea0bfe5020d1c41b41f6af2\",\"name\":\"Noemi Cris\u00e0\",\"image\":{\"@type\":\"ImageObject\",\"inLanguage\":\"de\",\"@id\":\"https:\/\/www.mohd.it\/de\/#\/schema\/person\/image\/\",\"url\":\"https:\/\/secure.gravatar.com\/avatar\/6f959897d20f7190d0b1a9b0a1518d13?s=96&d=mm&r=g\",\"contentUrl\":\"https:\/\/secure.gravatar.com\/avatar\/6f959897d20f7190d0b1a9b0a1518d13?s=96&d=mm&r=g\",\"caption\":\"Noemi Cris\u00e0\"},\"url\":\"https:\/\/www.mohd.it\/de\/magazine\/author\/noemi\/\"}]}<\/script>\n<!-- \/ Yoast SEO plugin. -->","yoast_head_json":{"title":"Palomba Serafini \u00fcber Rayle f\u00fcr Talenti - Mohd","description":"Im Gespr\u00e4ch mit Mohd sprechen Roberto Palomba und Ludovica Serafini \u00fcber Rayle f\u00fcr Talenti \u2013 \u00fcber Design, Komfort und eine neue Vision des Wohnens im Freien.","robots":{"index":"index","follow":"follow","max-snippet":"max-snippet:-1","max-image-preview":"max-image-preview:large","max-video-preview":"max-video-preview:-1"},"canonical":"https:\/\/www.mohd.it\/de\/magazine\/architektur-des-komforts-das-gestalterische-denken-hinter-rayle\/","og_locale":"de_DE","og_type":"article","og_title":"Palomba Serafini \u00fcber Rayle f\u00fcr Talenti - Mohd","og_description":"Im Gespr\u00e4ch mit Mohd sprechen Roberto Palomba und Ludovica Serafini \u00fcber Rayle f\u00fcr Talenti \u2013 \u00fcber Design, Komfort und eine neue Vision des Wohnens im Freien.","og_url":"https:\/\/www.mohd.it\/de\/magazine\/architektur-des-komforts-das-gestalterische-denken-hinter-rayle\/","og_site_name":"Mohd","article_publisher":"https:\/\/www.facebook.com\/mollurahomedesign","article_published_time":"2026-06-30T07:10:36+00:00","article_modified_time":"2026-07-07T14:32:35+00:00","og_image":[{"width":1300,"height":980,"url":"https:\/\/www.mohd.it\/wp-content\/uploads\/2026\/06\/Talenti-Rayle-Ludovica-Serafini-Roberto-Palomba-6.png","type":"image\/png"}],"author":"Noemi Cris\u00e0","twitter_card":"summary_large_image","twitter_creator":"@mohd_homedesign","twitter_site":"@mohd_homedesign","twitter_misc":{"Verfasst von":"Noemi Cris\u00e0","Gesch\u00e4tzte Lesezeit":"5\u00a0Minuten"},"schema":{"@context":"https:\/\/schema.org","@graph":[{"@type":"Article","@id":"https:\/\/www.mohd.it\/de\/magazine\/architektur-des-komforts-das-gestalterische-denken-hinter-rayle\/#article","isPartOf":{"@id":"https:\/\/www.mohd.it\/de\/magazine\/architektur-des-komforts-das-gestalterische-denken-hinter-rayle\/"},"author":{"name":"Noemi Cris\u00e0","@id":"https:\/\/www.mohd.it\/de\/#\/schema\/person\/d237bc94bea0bfe5020d1c41b41f6af2"},"headline":"Architektur des Komforts: Das gestalterische Denken hinter Rayle","datePublished":"2026-06-30T07:10:36+00:00","dateModified":"2026-07-07T14:32:35+00:00","mainEntityOfPage":{"@id":"https:\/\/www.mohd.it\/de\/magazine\/architektur-des-komforts-das-gestalterische-denken-hinter-rayle\/"},"wordCount":721,"publisher":{"@id":"https:\/\/www.mohd.it\/de\/#organization"},"image":{"@id":"https:\/\/www.mohd.it\/de\/magazine\/architektur-des-komforts-das-gestalterische-denken-hinter-rayle\/#primaryimage"},"thumbnailUrl":"https:\/\/www.mohd.it\/wp-content\/uploads\/2026\/06\/Talenti-Rayle-Ludovica-Serafini-Roberto-Palomba-6.png","articleSection":["Aktuelles"],"inLanguage":"de"},{"@type":"WebPage","@id":"https:\/\/www.mohd.it\/de\/magazine\/architektur-des-komforts-das-gestalterische-denken-hinter-rayle\/","url":"https:\/\/www.mohd.it\/de\/magazine\/architektur-des-komforts-das-gestalterische-denken-hinter-rayle\/","name":"Palomba Serafini \u00fcber Rayle f\u00fcr Talenti - Mohd","isPartOf":{"@id":"https:\/\/www.mohd.it\/de\/#website"},"primaryImageOfPage":{"@id":"https:\/\/www.mohd.it\/de\/magazine\/architektur-des-komforts-das-gestalterische-denken-hinter-rayle\/#primaryimage"},"image":{"@id":"https:\/\/www.mohd.it\/de\/magazine\/architektur-des-komforts-das-gestalterische-denken-hinter-rayle\/#primaryimage"},"thumbnailUrl":"https:\/\/www.mohd.it\/wp-content\/uploads\/2026\/06\/Talenti-Rayle-Ludovica-Serafini-Roberto-Palomba-6.png","datePublished":"2026-06-30T07:10:36+00:00","dateModified":"2026-07-07T14:32:35+00:00","description":"Im Gespr\u00e4ch mit Mohd sprechen Roberto Palomba und Ludovica Serafini \u00fcber Rayle f\u00fcr Talenti \u2013 \u00fcber Design, Komfort und eine neue Vision des Wohnens im Freien.","breadcrumb":{"@id":"https:\/\/www.mohd.it\/de\/magazine\/architektur-des-komforts-das-gestalterische-denken-hinter-rayle\/#breadcrumb"},"inLanguage":"de","potentialAction":[{"@type":"ReadAction","target":["https:\/\/www.mohd.it\/de\/magazine\/architektur-des-komforts-das-gestalterische-denken-hinter-rayle\/"]}]},{"@type":"ImageObject","inLanguage":"de","@id":"https:\/\/www.mohd.it\/de\/magazine\/architektur-des-komforts-das-gestalterische-denken-hinter-rayle\/#primaryimage","url":"https:\/\/www.mohd.it\/wp-content\/uploads\/2026\/06\/Talenti-Rayle-Ludovica-Serafini-Roberto-Palomba-6.png","contentUrl":"https:\/\/www.mohd.it\/wp-content\/uploads\/2026\/06\/Talenti-Rayle-Ludovica-Serafini-Roberto-Palomba-6.png","width":1300,"height":980,"caption":"Talenti Rayle Ludovica Serafini + Roberto Palomba"},{"@type":"BreadcrumbList","@id":"https:\/\/www.mohd.it\/de\/magazine\/architektur-des-komforts-das-gestalterische-denken-hinter-rayle\/#breadcrumb","itemListElement":[{"@type":"ListItem","position":1,"name":"Home","item":"https:\/\/www.mohd.it\/de\/"},{"@type":"ListItem","position":2,"name":"Architektur des Komforts: Das gestalterische Denken hinter Rayle"}]},{"@type":"WebSite","@id":"https:\/\/www.mohd.it\/de\/#website","url":"https:\/\/www.mohd.it\/de\/","name":"Mohd","description":"","publisher":{"@id":"https:\/\/www.mohd.it\/de\/#organization"},"potentialAction":[{"@type":"SearchAction","target":{"@type":"EntryPoint","urlTemplate":"https:\/\/www.mohd.it\/de\/?s={search_term_string}"},"query-input":{"@type":"PropertyValueSpecification","valueRequired":true,"valueName":"search_term_string"}}],"inLanguage":"de"},{"@type":"Organization","@id":"https:\/\/www.mohd.it\/de\/#organization","name":"Mollura & C. SPA","url":"https:\/\/www.mohd.it\/de\/","logo":{"@type":"ImageObject","inLanguage":"de","@id":"https:\/\/www.mohd.it\/de\/#\/schema\/logo\/image\/","url":"https:\/\/www.mohd.it\/wp-content\/uploads\/2020\/09\/mohd-logo.png","contentUrl":"https:\/\/www.mohd.it\/wp-content\/uploads\/2020\/09\/mohd-logo.png","width":600,"height":600,"caption":"Mollura & C. SPA"},"image":{"@id":"https:\/\/www.mohd.it\/de\/#\/schema\/logo\/image\/"},"sameAs":["https:\/\/www.facebook.com\/mollurahomedesign","https:\/\/x.com\/mohd_homedesign","https:\/\/www.instagram.com\/mohd_homedesign\/","https:\/\/it.linkedin.com\/company\/mohd-mollura-home-design","https:\/\/www.pinterest.it\/mohdhomedesign\/","https:\/\/www.youtube.com\/channel\/UCYLuPff6hq4z_o0GO0w1yaA"]},{"@type":"Person","@id":"https:\/\/www.mohd.it\/de\/#\/schema\/person\/d237bc94bea0bfe5020d1c41b41f6af2","name":"Noemi Cris\u00e0","image":{"@type":"ImageObject","inLanguage":"de","@id":"https:\/\/www.mohd.it\/de\/#\/schema\/person\/image\/","url":"https:\/\/secure.gravatar.com\/avatar\/6f959897d20f7190d0b1a9b0a1518d13?s=96&d=mm&r=g","contentUrl":"https:\/\/secure.gravatar.com\/avatar\/6f959897d20f7190d0b1a9b0a1518d13?s=96&d=mm&r=g","caption":"Noemi Cris\u00e0"},"url":"https:\/\/www.mohd.it\/de\/magazine\/author\/noemi\/"}]}},"image":"https:\/\/www.mohd.it\/wp-content\/uploads\/2026\/06\/Talenti-Rayle-Ludovica-Serafini-Roberto-Palomba-6-800x600.png","category":"Aktuelles","_links":{"self":[{"href":"https:\/\/www.mohd.it\/de\/wp-json\/wp\/v2\/posts\/125418","targetHints":{"allow":["GET"]}}],"collection":[{"href":"https:\/\/www.mohd.it\/de\/wp-json\/wp\/v2\/posts"}],"about":[{"href":"https:\/\/www.mohd.it\/de\/wp-json\/wp\/v2\/types\/post"}],"author":[{"embeddable":true,"href":"https:\/\/www.mohd.it\/de\/wp-json\/wp\/v2\/users\/18"}],"replies":[{"embeddable":true,"href":"https:\/\/www.mohd.it\/de\/wp-json\/wp\/v2\/comments?post=125418"}],"version-history":[{"count":3,"href":"https:\/\/www.mohd.it\/de\/wp-json\/wp\/v2\/posts\/125418\/revisions"}],"predecessor-version":[{"id":126025,"href":"https:\/\/www.mohd.it\/de\/wp-json\/wp\/v2\/posts\/125418\/revisions\/126025"}],"wp:featuredmedia":[{"embeddable":true,"href":"https:\/\/www.mohd.it\/de\/wp-json\/wp\/v2\/media\/125405"}],"wp:attachment":[{"href":"https:\/\/www.mohd.it\/de\/wp-json\/wp\/v2\/media?parent=125418"}],"wp:term":[{"taxonomy":"category","embeddable":true,"href":"https:\/\/www.mohd.it\/de\/wp-json\/wp\/v2\/categories?post=125418"},{"taxonomy":"post_tag","embeddable":true,"href":"https:\/\/www.mohd.it\/de\/wp-json\/wp\/v2\/tags?post=125418"}],"curies":[{"name":"wp","href":"https:\/\/api.w.org\/{rel}","templated":true}]}}