{"id":125752,"date":"2026-07-06T14:24:24","date_gmt":"2026-07-06T12:24:24","guid":{"rendered":"https:\/\/www.mohd.it\/?p=125752"},"modified":"2026-08-04T11:53:07","modified_gmt":"2026-08-04T09:53:07","slug":"deanna-comellini-zwischen-imagination-und-organischen-formen","status":"publish","type":"post","link":"https:\/\/www.mohd.it\/de\/magazine\/deanna-comellini-zwischen-imagination-und-organischen-formen\/","title":{"rendered":"Deanna Comellini zwischen Imagination und organischen Formen"},"content":{"rendered":"\n<p>In der Arbeit von <strong><a href=\"https:\/\/shopmohd.com\/de\/designer\/deanna-comellini.html\">Deanna Comellini<\/a><\/strong> wird der Teppich zu einer erz\u00e4hlerischen Oberfl\u00e4che, einer emotionalen Landschaft und einem Medium zur Transformation des Raums. Mit Imago, der neuen Capsule Collection, die <strong><a href=\"https:\/\/shopmohd.com\/de\/marken\/gt-design.html\">G.T.DESIGN<\/a><\/strong> auf der Milano Design Week 2026 pr\u00e4sentierte, setzt die Designerin ihre Forschung zu organischen Formen und dem Konzept des \u201eImperfect Design\u201c fort. Nachhaltigkeit, Vorstellungskraft und sinnliche Wahrnehmung verbinden sich zu einer Kollektion aus regeneriertem Econyl, die das Thema \u201eActive Imagination\u201c durch flie\u00dfende Muster und archetypische Formen interpretiert. Sie erinnern an Natur, Erinnerung und st\u00e4ndige Wandlung und machen den Teppich zu einer lebendigen, immersiven Pr\u00e4senz.<\/p>\n\n\n\n<p><em>Interview auf Italienisch gef\u00fchrt \u2013 deutsche \u00dcbersetzung und redaktionelle Bearbeitung.<\/em><\/p>\n\n\n\n<figure class=\"wp-block-image size-large\"><img loading=\"lazy\" decoding=\"async\" width=\"1024\" height=\"576\" src=\"https:\/\/www.mohd.it\/wp-content\/uploads\/2026\/07\/Deanna-Comellini-Imago-G.T.DESIGN.-1-1024x576.png\" alt=\"Deanna Comellini Imago G.T.DESIGN.\" class=\"wp-image-125705\" srcset=\"https:\/\/www.mohd.it\/wp-content\/uploads\/2026\/07\/Deanna-Comellini-Imago-G.T.DESIGN.-1-1024x576.png 1024w, https:\/\/www.mohd.it\/wp-content\/uploads\/2026\/07\/Deanna-Comellini-Imago-G.T.DESIGN.-1-300x169.png 300w, https:\/\/www.mohd.it\/wp-content\/uploads\/2026\/07\/Deanna-Comellini-Imago-G.T.DESIGN.-1-768x432.png 768w, https:\/\/www.mohd.it\/wp-content\/uploads\/2026\/07\/Deanna-Comellini-Imago-G.T.DESIGN.-1-1536x864.png 1536w, https:\/\/www.mohd.it\/wp-content\/uploads\/2026\/07\/Deanna-Comellini-Imago-G.T.DESIGN.-1.png 1920w\" sizes=\"auto, (max-width: 1024px) 100vw, 1024px\" \/><\/figure>\n\n\n\n<p><strong>\u201eImago\u201c versteht sich als Hommage an Regeneration und Wandel. Wie hat sich dieses Konzept im kreativen Prozess und in der Entwicklung der organischen Muster der Kollektion niedergeschlagen?<\/strong><\/p>\n\n\n\n<p>Imago entstand aus der Idee einer kontinuierlichen Transformation, wie sie auch in der Natur stattfindet. Im kreativen Prozess habe ich durch Reduktion und allm\u00e4hliches Aufl\u00f6sen gearbeitet und den Formen erlaubt, sich als flie\u00dfende Spuren zu entfalten. Die Muster entstehen aus organischen Assoziationen wie Wasserreflexen, Meeresb\u00f6den oder Bl\u00fctenbl\u00e4ttern und entwickeln sich durch feine Schichtungen. Ich wollte ein offenes System schaffen, in dem jeder Teppich als ein sich wandelnder Organismus wahrgenommen wird, der sich im Blick jedes Einzelnen immer wieder ver\u00e4ndert.<\/p>\n\n\n\n<figure class=\"wp-block-image size-large\"><img loading=\"lazy\" decoding=\"async\" width=\"1024\" height=\"576\" src=\"https:\/\/www.mohd.it\/wp-content\/uploads\/2026\/07\/Deanna-Comellini-Imago-G.T.DESIGN-1-1024x576.png\" alt=\"Deanna Comellini Imago G.T.DESIGN.\" class=\"wp-image-128195\" srcset=\"https:\/\/www.mohd.it\/wp-content\/uploads\/2026\/07\/Deanna-Comellini-Imago-G.T.DESIGN-1-1024x576.png 1024w, https:\/\/www.mohd.it\/wp-content\/uploads\/2026\/07\/Deanna-Comellini-Imago-G.T.DESIGN-1-300x169.png 300w, https:\/\/www.mohd.it\/wp-content\/uploads\/2026\/07\/Deanna-Comellini-Imago-G.T.DESIGN-1-768x432.png 768w, https:\/\/www.mohd.it\/wp-content\/uploads\/2026\/07\/Deanna-Comellini-Imago-G.T.DESIGN-1-1536x864.png 1536w, https:\/\/www.mohd.it\/wp-content\/uploads\/2026\/07\/Deanna-Comellini-Imago-G.T.DESIGN-1.png 1920w\" sizes=\"auto, (max-width: 1024px) 100vw, 1024px\" \/><\/figure>\n\n\n\n<p><strong>Die neue Form Native B erweitert die visuelle Sprache der Linie UltraNative. Welche gestalterischen M\u00f6glichkeiten er\u00f6ffnet diese Entwicklung und wie steht sie im Dialog mit Ihrer Forschung zu archetypischen Urformen?<\/strong><\/p>\n\n\n\n<p>Die Form Native entstand bereits aus der Ablehnung einer vorgegebenen Geometrie. Das Rechteck ist eine Konvention und nichts, was der Natur entspricht. Mit Native B wollte ich diese Freiheit noch weiter ausloten. Die Form erzeugt eine andere, wesentlich weniger vorhersehbare Spannung im Raum. Dadurch tritt der Teppich auf dynamischere Weise mit seiner Umgebung und den Menschen in Beziehung, die ihn nutzen. Im Mittelpunkt steht weiterhin dieselbe Suche nach urspr\u00fcnglichen, archetypischen Formen, die nicht dekorativ, sondern tief in unserem kollektiven Ged\u00e4chtnis verankert sind.<\/p>\n\n\n\n<figure class=\"wp-block-image size-large\"><img loading=\"lazy\" decoding=\"async\" width=\"1024\" height=\"576\" src=\"https:\/\/www.mohd.it\/wp-content\/uploads\/2026\/07\/Deanna-Comellini-Imago-G.T.DESIGN-2-1024x576.png\" alt=\"Deanna Comellini Imago G.T.DESIGN.\" class=\"wp-image-128207\" srcset=\"https:\/\/www.mohd.it\/wp-content\/uploads\/2026\/07\/Deanna-Comellini-Imago-G.T.DESIGN-2-1024x576.png 1024w, https:\/\/www.mohd.it\/wp-content\/uploads\/2026\/07\/Deanna-Comellini-Imago-G.T.DESIGN-2-300x169.png 300w, https:\/\/www.mohd.it\/wp-content\/uploads\/2026\/07\/Deanna-Comellini-Imago-G.T.DESIGN-2-768x432.png 768w, https:\/\/www.mohd.it\/wp-content\/uploads\/2026\/07\/Deanna-Comellini-Imago-G.T.DESIGN-2-1536x864.png 1536w, https:\/\/www.mohd.it\/wp-content\/uploads\/2026\/07\/Deanna-Comellini-Imago-G.T.DESIGN-2.png 1920w\" sizes=\"auto, (max-width: 1024px) 100vw, 1024px\" \/><\/figure>\n\n\n<div class=\"board\">\n      <div class=\"board-items masonry-grid\">\n      <div class=\"board-item masonry-item\">\n  <div class=\"board-product\" style=\"padding-top:125%\">\n    <img decoding=\"async\" src=\"https:\/\/www.mohd.it\/wp-content\/uploads\/2026\/07\/Deanna-Comellini-Ultranative-2-G.T.DESIGN.png\" \/>\n    <div class=\"content\">\n      <span class=\"brand\">G.T.DESIGN.<\/span>      <span class=\"name\">UltraNative Teppich 2<\/span>\n    <\/div>\n    <div class=\"actions\">\n              <a href=\"https:\/\/shopmohd.com\/de\/ultranative-teppich-2.html\" class=\"button\">Acquista<\/a>\n            \t\t          <\/div>\n  <\/div>\n    <\/div>\n<div class=\"board-item masonry-item\">\n  <div class=\"board-product\" style=\"padding-top:125%\">\n    <img decoding=\"async\" src=\"https:\/\/www.mohd.it\/wp-content\/uploads\/2026\/07\/Deanna-Comellini-Ultranative-4-G.T.DESIGN.png\" \/>\n    <div class=\"content\">\n      <span class=\"brand\">G.T.DESIGN.<\/span>      <span class=\"name\">UltraNative Teppich 4<\/span>\n    <\/div>\n    <div class=\"actions\">\n              <a href=\"https:\/\/shopmohd.com\/de\/ultranative-teppich-4.html\" class=\"button\">Acquista<\/a>\n            \t\t          <\/div>\n  <\/div>\n    <\/div>\n    <\/div>\n    <\/div>\n\n\n\n<p><strong>Die Design Week 2026 stand unter dem Leitmotiv \u201eActive Imagination\u201c. Wie verbindet sich dieses Thema mit Ihrer k\u00fcnstlerischen Vision und mit dem immersiven Raumerlebnis, das Imago schaffen m\u00f6chte?<\/strong><\/p>\n\n\n\n<p>Das Konzept der \u201eActive Imagination\u201c entspricht sehr genau meinem Verst\u00e4ndnis von Gestaltung: Design ist f\u00fcr mich nichts Vorgegebenes, sondern eine Erfahrung, die erst durch die individuelle Wahrnehmung aktiviert wird. Mit Imago wollte ich Oberfl\u00e4chen schaffen, die keine eindeutige Interpretation vorgeben, sondern M\u00f6glichkeiten er\u00f6ffnen. Die Teppiche werden zu inneren Landschaften, die den Betrachter dazu einladen, Erinnerungen und Emotionen auf sie zu projizieren. Es sind intime R\u00e4ume, die sich mit jeder Person ver\u00e4ndern, die ihnen begegnet. Gerade weil das Erlebnis nie eindeutig ist, entsteht eine immersive Erfahrung, ein mentaler ebenso wie physischer Raum, in dem Design und Vorstellungskraft miteinander in Dialog treten und sich gegenseitig verwandeln.<\/p>\n\n\n\n<div style=\"height:30px\" aria-hidden=\"true\" class=\"wp-block-spacer\"><\/div>\n\n\n\n<p><strong>Die Kollektion wird aus Econyl gefertigt, einem regenerierten Garn aus recycelten Materialien. Welche Rolle spielt Nachhaltigkeit in Ihrer gestalterischen Praxis und wie verbindet sie sich mit Ihrem Verst\u00e4ndnis von \u201eImperfect Design\u201c?<\/strong><\/p>\n\n\n\n<p>Nachhaltigkeit ist f\u00fcr mich eine nat\u00fcrliche Konsequenz meiner Sicht auf die Welt. Die Verwendung von Econyl entspricht der Idee der Regeneration, die die gesamte Kollektion durchzieht: Aus Abfallmaterialien entsteht etwas Neues und Bedeutungsvolles. Dies steht in engem Zusammenhang mit dem Konzept des \u201eImperfect Design\u201c, das nicht nach absoluter formaler Perfektion strebt, sondern Vielfalt, Ver\u00e4nderung und Zeit in den Mittelpunkt stellt. Unvollkommenheit wird zu einem Wert, weil sie einen Prozess, eine Geschichte und vor allem ein Material erz\u00e4hlt, das sich st\u00e4ndig ver\u00e4ndert. Nachhaltigkeit und Imperfektion teilen damit dieselbe Vision: die eines lebendigen Designs, das sich kontinuierlich weiterentwickelt.<\/p>\n\n\n\n<figure class=\"wp-block-image size-large\"><img loading=\"lazy\" decoding=\"async\" width=\"1024\" height=\"576\" src=\"https:\/\/www.mohd.it\/wp-content\/uploads\/2026\/07\/Deanna-Comellini-Imago-G.T.DESIGN.-2-1024x576.png\" alt=\"Deanna Comellini Imago G.T.DESIGN.\" class=\"wp-image-125711\" srcset=\"https:\/\/www.mohd.it\/wp-content\/uploads\/2026\/07\/Deanna-Comellini-Imago-G.T.DESIGN.-2-1024x576.png 1024w, https:\/\/www.mohd.it\/wp-content\/uploads\/2026\/07\/Deanna-Comellini-Imago-G.T.DESIGN.-2-300x169.png 300w, https:\/\/www.mohd.it\/wp-content\/uploads\/2026\/07\/Deanna-Comellini-Imago-G.T.DESIGN.-2-768x432.png 768w, https:\/\/www.mohd.it\/wp-content\/uploads\/2026\/07\/Deanna-Comellini-Imago-G.T.DESIGN.-2-1536x864.png 1536w, https:\/\/www.mohd.it\/wp-content\/uploads\/2026\/07\/Deanna-Comellini-Imago-G.T.DESIGN.-2.png 1920w\" sizes=\"auto, (max-width: 1024px) 100vw, 1024px\" \/><\/figure>\n\n\n\n<p><strong>Seit mehr als vierzig Jahren bewegen Sie sich an der Schnittstelle zwischen Handwerk, Industrie und k\u00fcnstlerischer Experimentation. Inwiefern markiert Imago einen neuen Schritt auf diesem Weg und welche Zukunft sehen Sie f\u00fcr den zeitgen\u00f6ssischen Teppich als Ausdrucksmedium?<\/strong><\/p>\n\n\n\n<p>Imago stellt f\u00fcr mich eine reife Synthese meines bisherigen Weges dar. Seit Langem bin ich \u00fcberzeugt, dass der Teppich seine rein funktionale Rolle hinter sich lassen kann. Er ist nicht nur ein Objekt auf dem Boden, sondern eine aktive Pr\u00e4senz, die Beziehungen schafft und die Wahrnehmung des Raums ver\u00e4ndert. Ich glaube, dass genau darin die Zukunft des zeitgen\u00f6ssischen Teppichs liegt: als immer ausdrucksst\u00e4rkeres Medium, das mit Architektur und Menschen auf unmittelbare und sensible Weise kommuniziert. Ein Objekt, das niemals neutral ist, sondern Energie und Ver\u00e4nderung in sich tr\u00e4gt. Letztlich ist jedes Projekt die Verwandlung von etwas bereits Vorhandenem und gerade in diesem \u00dcbergang kann immer wieder etwas vollkommen Neues entstehen.<\/p>\n","protected":false},"excerpt":{"rendered":"<p>Mit Imago f\u00fcr G.T.DESIGN verwandelt Deanna Comellini den Teppich in eine immersive Landschaft, in der Nachhaltigkeit, organische Formen und Vorstellungskraft miteinander verschmelzen.<\/p>\n","protected":false},"author":18,"featured_media":125745,"comment_status":"closed","ping_status":"closed","sticky":false,"template":"","format":"standard","meta":{"footnotes":""},"categories":[483],"tags":[],"class_list":["post-125752","post","type-post","status-publish","format-standard","has-post-thumbnail","hentry","category-design-ikonen"],"yoast_head":"<!-- This site is optimized with the Yoast SEO plugin v24.0 - https:\/\/yoast.com\/wordpress\/plugins\/seo\/ -->\n<title>Deanna Comellini pr\u00e4sentiert Imago f\u00fcr G.T.DESIGN - Mohd<\/title>\n<meta name=\"description\" content=\"Mit Imago f\u00fcr G.T.DESIGN verwandelt Deanna Comellini den Teppich in eine immersive Landschaft, in der Nachhaltigkeit, organische Formen und Vorstellungskraft miteinander verschmelzen.\" \/>\n<meta name=\"robots\" content=\"index, follow, max-snippet:-1, max-image-preview:large, max-video-preview:-1\" \/>\n<link rel=\"canonical\" href=\"https:\/\/www.mohd.it\/de\/magazine\/deanna-comellini-zwischen-imagination-und-organischen-formen\/\" \/>\n<meta property=\"og:locale\" content=\"de_DE\" \/>\n<meta property=\"og:type\" content=\"article\" \/>\n<meta property=\"og:title\" content=\"Deanna Comellini pr\u00e4sentiert Imago f\u00fcr G.T.DESIGN - Mohd\" \/>\n<meta property=\"og:description\" content=\"Mit Imago f\u00fcr G.T.DESIGN verwandelt Deanna Comellini den Teppich in eine immersive Landschaft, in der Nachhaltigkeit, organische Formen und Vorstellungskraft miteinander verschmelzen.\" \/>\n<meta property=\"og:url\" content=\"https:\/\/www.mohd.it\/de\/magazine\/deanna-comellini-zwischen-imagination-und-organischen-formen\/\" \/>\n<meta property=\"og:site_name\" content=\"Mohd\" \/>\n<meta property=\"article:publisher\" content=\"https:\/\/www.facebook.com\/mollurahomedesign\" \/>\n<meta property=\"article:published_time\" content=\"2026-07-06T12:24:24+00:00\" \/>\n<meta property=\"article:modified_time\" content=\"2026-08-04T09:53:07+00:00\" \/>\n<meta property=\"og:image\" content=\"https:\/\/www.mohd.it\/wp-content\/uploads\/2026\/07\/Deanna-Comellini.png\" \/>\n\t<meta property=\"og:image:width\" content=\"1300\" \/>\n\t<meta property=\"og:image:height\" content=\"980\" \/>\n\t<meta property=\"og:image:type\" content=\"image\/png\" \/>\n<meta name=\"author\" content=\"Noemi Cris\u00e0\" \/>\n<meta name=\"twitter:card\" content=\"summary_large_image\" \/>\n<meta name=\"twitter:creator\" content=\"@mohd_homedesign\" \/>\n<meta name=\"twitter:site\" content=\"@mohd_homedesign\" \/>\n<meta name=\"twitter:label1\" content=\"Verfasst von\" \/>\n\t<meta name=\"twitter:data1\" content=\"Noemi Cris\u00e0\" \/>\n\t<meta name=\"twitter:label2\" content=\"Gesch\u00e4tzte Lesezeit\" \/>\n\t<meta name=\"twitter:data2\" content=\"5\u00a0Minuten\" \/>\n<script type=\"application\/ld+json\" class=\"yoast-schema-graph\">{\"@context\":\"https:\/\/schema.org\",\"@graph\":[{\"@type\":\"Article\",\"@id\":\"https:\/\/www.mohd.it\/de\/magazine\/deanna-comellini-zwischen-imagination-und-organischen-formen\/#article\",\"isPartOf\":{\"@id\":\"https:\/\/www.mohd.it\/de\/magazine\/deanna-comellini-zwischen-imagination-und-organischen-formen\/\"},\"author\":{\"name\":\"Noemi Cris\u00e0\",\"@id\":\"https:\/\/www.mohd.it\/de\/#\/schema\/person\/d237bc94bea0bfe5020d1c41b41f6af2\"},\"headline\":\"Deanna Comellini zwischen Imagination und organischen Formen\",\"datePublished\":\"2026-07-06T12:24:24+00:00\",\"dateModified\":\"2026-08-04T09:53:07+00:00\",\"mainEntityOfPage\":{\"@id\":\"https:\/\/www.mohd.it\/de\/magazine\/deanna-comellini-zwischen-imagination-und-organischen-formen\/\"},\"wordCount\":779,\"publisher\":{\"@id\":\"https:\/\/www.mohd.it\/de\/#organization\"},\"image\":{\"@id\":\"https:\/\/www.mohd.it\/de\/magazine\/deanna-comellini-zwischen-imagination-und-organischen-formen\/#primaryimage\"},\"thumbnailUrl\":\"https:\/\/www.mohd.it\/wp-content\/uploads\/2026\/07\/Deanna-Comellini.png\",\"articleSection\":[\"Design-Ikonen\"],\"inLanguage\":\"de\"},{\"@type\":\"WebPage\",\"@id\":\"https:\/\/www.mohd.it\/de\/magazine\/deanna-comellini-zwischen-imagination-und-organischen-formen\/\",\"url\":\"https:\/\/www.mohd.it\/de\/magazine\/deanna-comellini-zwischen-imagination-und-organischen-formen\/\",\"name\":\"Deanna Comellini pr\u00e4sentiert Imago f\u00fcr G.T.DESIGN - Mohd\",\"isPartOf\":{\"@id\":\"https:\/\/www.mohd.it\/de\/#website\"},\"primaryImageOfPage\":{\"@id\":\"https:\/\/www.mohd.it\/de\/magazine\/deanna-comellini-zwischen-imagination-und-organischen-formen\/#primaryimage\"},\"image\":{\"@id\":\"https:\/\/www.mohd.it\/de\/magazine\/deanna-comellini-zwischen-imagination-und-organischen-formen\/#primaryimage\"},\"thumbnailUrl\":\"https:\/\/www.mohd.it\/wp-content\/uploads\/2026\/07\/Deanna-Comellini.png\",\"datePublished\":\"2026-07-06T12:24:24+00:00\",\"dateModified\":\"2026-08-04T09:53:07+00:00\",\"description\":\"Mit Imago f\u00fcr G.T.DESIGN verwandelt Deanna Comellini den Teppich in eine immersive Landschaft, in der Nachhaltigkeit, organische Formen und Vorstellungskraft miteinander verschmelzen.\",\"breadcrumb\":{\"@id\":\"https:\/\/www.mohd.it\/de\/magazine\/deanna-comellini-zwischen-imagination-und-organischen-formen\/#breadcrumb\"},\"inLanguage\":\"de\",\"potentialAction\":[{\"@type\":\"ReadAction\",\"target\":[\"https:\/\/www.mohd.it\/de\/magazine\/deanna-comellini-zwischen-imagination-und-organischen-formen\/\"]}]},{\"@type\":\"ImageObject\",\"inLanguage\":\"de\",\"@id\":\"https:\/\/www.mohd.it\/de\/magazine\/deanna-comellini-zwischen-imagination-und-organischen-formen\/#primaryimage\",\"url\":\"https:\/\/www.mohd.it\/wp-content\/uploads\/2026\/07\/Deanna-Comellini.png\",\"contentUrl\":\"https:\/\/www.mohd.it\/wp-content\/uploads\/2026\/07\/Deanna-Comellini.png\",\"width\":1300,\"height\":980,\"caption\":\"Deanna Comellini\"},{\"@type\":\"BreadcrumbList\",\"@id\":\"https:\/\/www.mohd.it\/de\/magazine\/deanna-comellini-zwischen-imagination-und-organischen-formen\/#breadcrumb\",\"itemListElement\":[{\"@type\":\"ListItem\",\"position\":1,\"name\":\"Home\",\"item\":\"https:\/\/www.mohd.it\/de\/\"},{\"@type\":\"ListItem\",\"position\":2,\"name\":\"Deanna Comellini zwischen Imagination und organischen Formen\"}]},{\"@type\":\"WebSite\",\"@id\":\"https:\/\/www.mohd.it\/de\/#website\",\"url\":\"https:\/\/www.mohd.it\/de\/\",\"name\":\"Mohd\",\"description\":\"\",\"publisher\":{\"@id\":\"https:\/\/www.mohd.it\/de\/#organization\"},\"potentialAction\":[{\"@type\":\"SearchAction\",\"target\":{\"@type\":\"EntryPoint\",\"urlTemplate\":\"https:\/\/www.mohd.it\/de\/?s={search_term_string}\"},\"query-input\":{\"@type\":\"PropertyValueSpecification\",\"valueRequired\":true,\"valueName\":\"search_term_string\"}}],\"inLanguage\":\"de\"},{\"@type\":\"Organization\",\"@id\":\"https:\/\/www.mohd.it\/de\/#organization\",\"name\":\"Mollura & C. SPA\",\"url\":\"https:\/\/www.mohd.it\/de\/\",\"logo\":{\"@type\":\"ImageObject\",\"inLanguage\":\"de\",\"@id\":\"https:\/\/www.mohd.it\/de\/#\/schema\/logo\/image\/\",\"url\":\"https:\/\/www.mohd.it\/wp-content\/uploads\/2020\/09\/mohd-logo.png\",\"contentUrl\":\"https:\/\/www.mohd.it\/wp-content\/uploads\/2020\/09\/mohd-logo.png\",\"width\":600,\"height\":600,\"caption\":\"Mollura & C. SPA\"},\"image\":{\"@id\":\"https:\/\/www.mohd.it\/de\/#\/schema\/logo\/image\/\"},\"sameAs\":[\"https:\/\/www.facebook.com\/mollurahomedesign\",\"https:\/\/x.com\/mohd_homedesign\",\"https:\/\/www.instagram.com\/mohd_homedesign\/\",\"https:\/\/it.linkedin.com\/company\/mohd-mollura-home-design\",\"https:\/\/www.pinterest.it\/mohdhomedesign\/\",\"https:\/\/www.youtube.com\/channel\/UCYLuPff6hq4z_o0GO0w1yaA\"]},{\"@type\":\"Person\",\"@id\":\"https:\/\/www.mohd.it\/de\/#\/schema\/person\/d237bc94bea0bfe5020d1c41b41f6af2\",\"name\":\"Noemi Cris\u00e0\",\"image\":{\"@type\":\"ImageObject\",\"inLanguage\":\"de\",\"@id\":\"https:\/\/www.mohd.it\/de\/#\/schema\/person\/image\/\",\"url\":\"https:\/\/secure.gravatar.com\/avatar\/6f959897d20f7190d0b1a9b0a1518d13?s=96&d=mm&r=g\",\"contentUrl\":\"https:\/\/secure.gravatar.com\/avatar\/6f959897d20f7190d0b1a9b0a1518d13?s=96&d=mm&r=g\",\"caption\":\"Noemi Cris\u00e0\"},\"url\":\"https:\/\/www.mohd.it\/de\/magazine\/author\/noemi\/\"}]}<\/script>\n<!-- \/ Yoast SEO plugin. -->","yoast_head_json":{"title":"Deanna Comellini pr\u00e4sentiert Imago f\u00fcr G.T.DESIGN - Mohd","description":"Mit Imago f\u00fcr G.T.DESIGN verwandelt Deanna Comellini den Teppich in eine immersive Landschaft, in der Nachhaltigkeit, organische Formen und Vorstellungskraft miteinander verschmelzen.","robots":{"index":"index","follow":"follow","max-snippet":"max-snippet:-1","max-image-preview":"max-image-preview:large","max-video-preview":"max-video-preview:-1"},"canonical":"https:\/\/www.mohd.it\/de\/magazine\/deanna-comellini-zwischen-imagination-und-organischen-formen\/","og_locale":"de_DE","og_type":"article","og_title":"Deanna Comellini pr\u00e4sentiert Imago f\u00fcr G.T.DESIGN - Mohd","og_description":"Mit Imago f\u00fcr G.T.DESIGN verwandelt Deanna Comellini den Teppich in eine immersive Landschaft, in der Nachhaltigkeit, organische Formen und Vorstellungskraft miteinander verschmelzen.","og_url":"https:\/\/www.mohd.it\/de\/magazine\/deanna-comellini-zwischen-imagination-und-organischen-formen\/","og_site_name":"Mohd","article_publisher":"https:\/\/www.facebook.com\/mollurahomedesign","article_published_time":"2026-07-06T12:24:24+00:00","article_modified_time":"2026-08-04T09:53:07+00:00","og_image":[{"width":1300,"height":980,"url":"https:\/\/www.mohd.it\/wp-content\/uploads\/2026\/07\/Deanna-Comellini.png","type":"image\/png"}],"author":"Noemi Cris\u00e0","twitter_card":"summary_large_image","twitter_creator":"@mohd_homedesign","twitter_site":"@mohd_homedesign","twitter_misc":{"Verfasst von":"Noemi Cris\u00e0","Gesch\u00e4tzte Lesezeit":"5\u00a0Minuten"},"schema":{"@context":"https:\/\/schema.org","@graph":[{"@type":"Article","@id":"https:\/\/www.mohd.it\/de\/magazine\/deanna-comellini-zwischen-imagination-und-organischen-formen\/#article","isPartOf":{"@id":"https:\/\/www.mohd.it\/de\/magazine\/deanna-comellini-zwischen-imagination-und-organischen-formen\/"},"author":{"name":"Noemi Cris\u00e0","@id":"https:\/\/www.mohd.it\/de\/#\/schema\/person\/d237bc94bea0bfe5020d1c41b41f6af2"},"headline":"Deanna Comellini zwischen Imagination und organischen Formen","datePublished":"2026-07-06T12:24:24+00:00","dateModified":"2026-08-04T09:53:07+00:00","mainEntityOfPage":{"@id":"https:\/\/www.mohd.it\/de\/magazine\/deanna-comellini-zwischen-imagination-und-organischen-formen\/"},"wordCount":779,"publisher":{"@id":"https:\/\/www.mohd.it\/de\/#organization"},"image":{"@id":"https:\/\/www.mohd.it\/de\/magazine\/deanna-comellini-zwischen-imagination-und-organischen-formen\/#primaryimage"},"thumbnailUrl":"https:\/\/www.mohd.it\/wp-content\/uploads\/2026\/07\/Deanna-Comellini.png","articleSection":["Design-Ikonen"],"inLanguage":"de"},{"@type":"WebPage","@id":"https:\/\/www.mohd.it\/de\/magazine\/deanna-comellini-zwischen-imagination-und-organischen-formen\/","url":"https:\/\/www.mohd.it\/de\/magazine\/deanna-comellini-zwischen-imagination-und-organischen-formen\/","name":"Deanna Comellini pr\u00e4sentiert Imago f\u00fcr G.T.DESIGN - Mohd","isPartOf":{"@id":"https:\/\/www.mohd.it\/de\/#website"},"primaryImageOfPage":{"@id":"https:\/\/www.mohd.it\/de\/magazine\/deanna-comellini-zwischen-imagination-und-organischen-formen\/#primaryimage"},"image":{"@id":"https:\/\/www.mohd.it\/de\/magazine\/deanna-comellini-zwischen-imagination-und-organischen-formen\/#primaryimage"},"thumbnailUrl":"https:\/\/www.mohd.it\/wp-content\/uploads\/2026\/07\/Deanna-Comellini.png","datePublished":"2026-07-06T12:24:24+00:00","dateModified":"2026-08-04T09:53:07+00:00","description":"Mit Imago f\u00fcr G.T.DESIGN verwandelt Deanna Comellini den Teppich in eine immersive Landschaft, in der Nachhaltigkeit, organische Formen und Vorstellungskraft miteinander verschmelzen.","breadcrumb":{"@id":"https:\/\/www.mohd.it\/de\/magazine\/deanna-comellini-zwischen-imagination-und-organischen-formen\/#breadcrumb"},"inLanguage":"de","potentialAction":[{"@type":"ReadAction","target":["https:\/\/www.mohd.it\/de\/magazine\/deanna-comellini-zwischen-imagination-und-organischen-formen\/"]}]},{"@type":"ImageObject","inLanguage":"de","@id":"https:\/\/www.mohd.it\/de\/magazine\/deanna-comellini-zwischen-imagination-und-organischen-formen\/#primaryimage","url":"https:\/\/www.mohd.it\/wp-content\/uploads\/2026\/07\/Deanna-Comellini.png","contentUrl":"https:\/\/www.mohd.it\/wp-content\/uploads\/2026\/07\/Deanna-Comellini.png","width":1300,"height":980,"caption":"Deanna Comellini"},{"@type":"BreadcrumbList","@id":"https:\/\/www.mohd.it\/de\/magazine\/deanna-comellini-zwischen-imagination-und-organischen-formen\/#breadcrumb","itemListElement":[{"@type":"ListItem","position":1,"name":"Home","item":"https:\/\/www.mohd.it\/de\/"},{"@type":"ListItem","position":2,"name":"Deanna Comellini zwischen Imagination und organischen Formen"}]},{"@type":"WebSite","@id":"https:\/\/www.mohd.it\/de\/#website","url":"https:\/\/www.mohd.it\/de\/","name":"Mohd","description":"","publisher":{"@id":"https:\/\/www.mohd.it\/de\/#organization"},"potentialAction":[{"@type":"SearchAction","target":{"@type":"EntryPoint","urlTemplate":"https:\/\/www.mohd.it\/de\/?s={search_term_string}"},"query-input":{"@type":"PropertyValueSpecification","valueRequired":true,"valueName":"search_term_string"}}],"inLanguage":"de"},{"@type":"Organization","@id":"https:\/\/www.mohd.it\/de\/#organization","name":"Mollura & C. SPA","url":"https:\/\/www.mohd.it\/de\/","logo":{"@type":"ImageObject","inLanguage":"de","@id":"https:\/\/www.mohd.it\/de\/#\/schema\/logo\/image\/","url":"https:\/\/www.mohd.it\/wp-content\/uploads\/2020\/09\/mohd-logo.png","contentUrl":"https:\/\/www.mohd.it\/wp-content\/uploads\/2020\/09\/mohd-logo.png","width":600,"height":600,"caption":"Mollura & C. SPA"},"image":{"@id":"https:\/\/www.mohd.it\/de\/#\/schema\/logo\/image\/"},"sameAs":["https:\/\/www.facebook.com\/mollurahomedesign","https:\/\/x.com\/mohd_homedesign","https:\/\/www.instagram.com\/mohd_homedesign\/","https:\/\/it.linkedin.com\/company\/mohd-mollura-home-design","https:\/\/www.pinterest.it\/mohdhomedesign\/","https:\/\/www.youtube.com\/channel\/UCYLuPff6hq4z_o0GO0w1yaA"]},{"@type":"Person","@id":"https:\/\/www.mohd.it\/de\/#\/schema\/person\/d237bc94bea0bfe5020d1c41b41f6af2","name":"Noemi Cris\u00e0","image":{"@type":"ImageObject","inLanguage":"de","@id":"https:\/\/www.mohd.it\/de\/#\/schema\/person\/image\/","url":"https:\/\/secure.gravatar.com\/avatar\/6f959897d20f7190d0b1a9b0a1518d13?s=96&d=mm&r=g","contentUrl":"https:\/\/secure.gravatar.com\/avatar\/6f959897d20f7190d0b1a9b0a1518d13?s=96&d=mm&r=g","caption":"Noemi Cris\u00e0"},"url":"https:\/\/www.mohd.it\/de\/magazine\/author\/noemi\/"}]}},"image":"https:\/\/www.mohd.it\/wp-content\/uploads\/2026\/07\/Deanna-Comellini-800x600.png","category":"Design-Ikonen","_links":{"self":[{"href":"https:\/\/www.mohd.it\/de\/wp-json\/wp\/v2\/posts\/125752","targetHints":{"allow":["GET"]}}],"collection":[{"href":"https:\/\/www.mohd.it\/de\/wp-json\/wp\/v2\/posts"}],"about":[{"href":"https:\/\/www.mohd.it\/de\/wp-json\/wp\/v2\/types\/post"}],"author":[{"embeddable":true,"href":"https:\/\/www.mohd.it\/de\/wp-json\/wp\/v2\/users\/18"}],"replies":[{"embeddable":true,"href":"https:\/\/www.mohd.it\/de\/wp-json\/wp\/v2\/comments?post=125752"}],"version-history":[{"count":7,"href":"https:\/\/www.mohd.it\/de\/wp-json\/wp\/v2\/posts\/125752\/revisions"}],"predecessor-version":[{"id":128214,"href":"https:\/\/www.mohd.it\/de\/wp-json\/wp\/v2\/posts\/125752\/revisions\/128214"}],"wp:featuredmedia":[{"embeddable":true,"href":"https:\/\/www.mohd.it\/de\/wp-json\/wp\/v2\/media\/125745"}],"wp:attachment":[{"href":"https:\/\/www.mohd.it\/de\/wp-json\/wp\/v2\/media?parent=125752"}],"wp:term":[{"taxonomy":"category","embeddable":true,"href":"https:\/\/www.mohd.it\/de\/wp-json\/wp\/v2\/categories?post=125752"},{"taxonomy":"post_tag","embeddable":true,"href":"https:\/\/www.mohd.it\/de\/wp-json\/wp\/v2\/tags?post=125752"}],"curies":[{"name":"wp","href":"https:\/\/api.w.org\/{rel}","templated":true}]}}