{"id":125993,"date":"2026-07-08T10:00:00","date_gmt":"2026-07-08T08:00:00","guid":{"rendered":"https:\/\/www.mohd.it\/?p=125993"},"modified":"2026-07-08T15:41:51","modified_gmt":"2026-07-08T13:41:51","slug":"norm-architects-entwirft-neue-wohnlandschaften","status":"publish","type":"post","link":"https:\/\/www.mohd.it\/de\/magazine\/norm-architects-entwirft-neue-wohnlandschaften\/","title":{"rendered":"Norm Architects entwirft neue Wohnlandschaften"},"content":{"rendered":"\n<p>Mit Arkadius entwirft <strong><a href=\"https:\/\/shopmohd.com\/de\/designer\/norm-architects.html\">Norm Architects<\/a><\/strong> f\u00fcr <strong><a href=\"https:\/\/shopmohd.com\/de\/marken\/lacividina.html\">laCividina<\/a><\/strong> ein modulares System, das die Grenze zwischen Innen- und Au\u00dfenraum aufl\u00f6st. Die Kollektion wurde in Mailand im Rahmen der Installation Atrio Calmo pr\u00e4sentiert und interpretiert den gestalterischen Ansatz des Soft Minimalism durch eine architektonische Struktur aus rhythmisch angeordneten vertikalen Holzelementen und scheinbar schwebenden Polstervolumen, die ruhige und einladende Atmosph\u00e4ren schaffen. Nat\u00fcrliche Materialien, Modularit\u00e4t und eine ausgepr\u00e4gte sensorische Forschung verwandeln Arkadius in weit mehr als ein Sofasystem: Es wird zu einem r\u00e4umlichen Gestaltungselement, das neue Formen des Zusammenlebens und zeitgem\u00e4\u00dfen Wohnens definiert.<\/p>\n\n\n\n<p><em>Interview in englischer Sprache gef\u00fchrt \u2013 deutsche \u00dcbersetzung und redaktionelle Bearbeitung.<\/em><\/p>\n\n\n\n<figure class=\"wp-block-image size-large\"><img loading=\"lazy\" decoding=\"async\" width=\"1024\" height=\"576\" src=\"https:\/\/www.mohd.it\/wp-content\/uploads\/2026\/07\/laCividina-Arkadius-Norm-Architects-2-1024x576.png\" alt=\"laCividina Arkadius Norm Architects\" class=\"wp-image-125912\" srcset=\"https:\/\/www.mohd.it\/wp-content\/uploads\/2026\/07\/laCividina-Arkadius-Norm-Architects-2-1024x576.png 1024w, https:\/\/www.mohd.it\/wp-content\/uploads\/2026\/07\/laCividina-Arkadius-Norm-Architects-2-300x169.png 300w, https:\/\/www.mohd.it\/wp-content\/uploads\/2026\/07\/laCividina-Arkadius-Norm-Architects-2-768x432.png 768w, https:\/\/www.mohd.it\/wp-content\/uploads\/2026\/07\/laCividina-Arkadius-Norm-Architects-2-1536x864.png 1536w, https:\/\/www.mohd.it\/wp-content\/uploads\/2026\/07\/laCividina-Arkadius-Norm-Architects-2.png 1920w\" sizes=\"auto, (max-width: 1024px) 100vw, 1024px\" \/><\/figure>\n\n\n\n<p><strong>Die neue Polsterm\u00f6belkollektion wurde f\u00fcr einen Raum konzipiert, der zwischen Innen- und Au\u00dfenbereich schwebt. Wie haben Sie diesen hybriden Zustand sowohl formal als auch materiell interpretiert?<\/strong><\/p>\n\n\n\n<p>Das Projekt entstand aus dem Wunsch, die traditionelle Trennung zwischen Innen- und Au\u00dfenbereich zu \u00fcberwinden und ein M\u00f6bel zu entwickeln, das in beiden Kontexten dieselbe gestalterische Koh\u00e4renz bewahrt. Wir haben beobachtet, dass Outdoor-Systemen h\u00e4ufig eine klar erkennbare konstruktive Identit\u00e4t fehlt, w\u00e4hrend Indoor-Sofas ihre architektonische Pr\u00e4senz im Raum deutlich zum Ausdruck bringen. Unsere Antwort bestand darin, eine sichtbare Struktur einzuf\u00fchren, einen Rhythmus vertikaler Holzelemente, der Ordnung, Stabilit\u00e4t und eine starke r\u00e4umliche Identit\u00e4t schafft. Innerhalb dieses Rahmens scheinen die gepolsterten Volumen beinahe zu schweben und erzeugen ein ausgewogenes Verh\u00e4ltnis zwischen Solidit\u00e4t und Weichheit. Auch die Materialwahl folgt diesem Prinzip: Nat\u00fcrliche H\u00f6lzer wie Esche und Iroko treten in Dialog mit hochwertigen Textilien und erm\u00f6glichen es dem System, sich m\u00fchelos in unterschiedliche Umgebungen einzuf\u00fcgen.<\/p>\n\n\n<div class=\"board\">\n      <div class=\"board-items masonry-grid\">\n      <div class=\"board-item masonry-item\">\n  <div class=\"board-image\" style=\"padding-top:125%\">\n    <img decoding=\"async\" src=\"https:\/\/www.mohd.it\/wp-content\/uploads\/2026\/07\/laCividina-Arkadius-Norm-Architects-4.png\" \/>\n  <\/div>\n  <\/div>\n<div class=\"board-item masonry-item\">\n  <div class=\"board-image\" style=\"padding-top:125%\">\n    <img decoding=\"async\" src=\"https:\/\/www.mohd.it\/wp-content\/uploads\/2026\/07\/laCividina-Arkadius-Norm-Architects.png\" \/>\n  <\/div>\n  <\/div>\n    <\/div>\n    <\/div>\n\n\n\n<p><strong>Ihre Arbeit wird h\u00e4ufig mit einem warmen Minimalismus verbunden, der Wahrnehmung und sinnliche Qualit\u00e4t in den Mittelpunkt stellt. Wie spiegelt sich dieser Ansatz in der im Rahmen von Atrio Calmo pr\u00e4sentierten Kollektion wider?<\/strong><\/p>\n\n\n\n<p>Unser Ansatz, den wir als Soft Minimalism bezeichnen, basiert auf dem Wunsch, Gestaltung auf ihre wesentlichen Elemente zu reduzieren, ohne dabei W\u00e4rme und sinnliche Qualit\u00e4t zu verlieren. In dieser Kollektion zeigt sich das in einer klaren Formensprache, bei der jedes Element eine pr\u00e4zise Funktion erf\u00fcllt. Die Struktur schafft Rhythmus und Ordnung, w\u00e4hrend gro\u00dfz\u00fcgig dimensionierte Kissen Komfort und Verweilen f\u00f6rdern. Auch die Farb- und Materialpalette wurde sorgf\u00e4ltig komponiert, um eine ruhige und zeitlose Atmosph\u00e4re aus nat\u00fcrlichen Farbt\u00f6nen und haptischen Oberfl\u00e4chen entstehen zu lassen. Das Ergebnis ist ein Gleichgewicht zwischen gestalterischer Strenge und einladender Wohnlichkeit, bei dem Einfachheit niemals k\u00fchl, sondern zutiefst menschlich wirkt.<\/p>\n\n\n<div class=\"board\">\n      <div class=\"board-items masonry-grid\">\n      <div class=\"board-item masonry-item\">\n  <div class=\"board-product\" style=\"padding-top:125%\">\n    <img decoding=\"async\" src=\"https:\/\/www.mohd.it\/wp-content\/uploads\/2026\/07\/laCividina-Arkadius-Armchair-Norm-Architects.png\" \/>\n    <div class=\"content\">\n      <span class=\"brand\">laCividina<\/span>      <span class=\"name\">Arkadius Sessel<\/span>\n    <\/div>\n    <div class=\"actions\">\n              <a href=\"https:\/\/shopmohd.com\/de\/arkadius-sessel.html\" class=\"button\">Acquista<\/a>\n            \t\t          <\/div>\n  <\/div>\n    <\/div>\n<div class=\"board-item masonry-item\">\n  <div class=\"board-product\" style=\"padding-top:125%\">\n    <img decoding=\"async\" src=\"https:\/\/www.mohd.it\/wp-content\/uploads\/2026\/07\/laCividina-Arkadius-sofa-with-chaise-longue-Norm-Architects.png\" \/>\n    <div class=\"content\">\n      <span class=\"brand\">laCividina<\/span>      <span class=\"name\">Arkadius Sofa mit Chaiselongue<\/span>\n    <\/div>\n    <div class=\"actions\">\n              <a href=\"https:\/\/shopmohd.com\/de\/arkadius-modulares-sofa-mit-chaiselongue.html\" class=\"button\">Acquista<\/a>\n            \t\t          <\/div>\n  <\/div>\n    <\/div>\n    <\/div>\n    <\/div>\n\n\n\n<p><strong>Die Zusammenarbeit mit laCividina scheint auf einer gemeinsamen Wertebasis zu beruhen, von der Liebe zum Detail bis zur Bedeutung des menschlichen Erlebens. Wie haben Sie die Zusammenarbeit erlebt und welche Aspekte der Unternehmenskultur haben das Projekt besonders gepr\u00e4gt?<\/strong><\/p>\n\n\n\n<p>Die Zusammenarbeit mit laCividina verlief ausgesprochen nat\u00fcrlich und beruhte auf einer starken \u00dcbereinstimmung unserer Werte. Das Unternehmen verbindet auf bemerkenswerte Weise Designkultur mit handwerklicher Exzellenz, was die Entwicklung des Systems ma\u00dfgeblich beeinflusst hat. Vor allem der kontinuierliche Austausch und die direkte Arbeit an Prototypen im Unternehmen erm\u00f6glichten es uns, feine, aber entscheidende Details zu verfeinern, die den Charakter des Endprodukts bestimmen. Die hohe Kompetenz im Bereich Polsterung und die konstruktive Pr\u00e4zision machten es m\u00f6glich, das Zusammenspiel von Struktur und Komfort sichtbar zu halten, das im Mittelpunkt des Projekts steht. Dar\u00fcber hinaus entspricht der Fokus auf Nachhaltigkeit und die Trennbarkeit der Materialien einem verantwortungsvollen Ansatz, den wir uneingeschr\u00e4nkt teilen.<\/p>\n\n\n\n<figure class=\"wp-block-image size-large\"><img loading=\"lazy\" decoding=\"async\" width=\"1024\" height=\"576\" src=\"https:\/\/www.mohd.it\/wp-content\/uploads\/2026\/07\/laCividina-Arkadius-Norm-Architects-3-1024x576.png\" alt=\"laCividina Arkadius Outdoor Norm Architects\" class=\"wp-image-125918\" srcset=\"https:\/\/www.mohd.it\/wp-content\/uploads\/2026\/07\/laCividina-Arkadius-Norm-Architects-3-1024x576.png 1024w, https:\/\/www.mohd.it\/wp-content\/uploads\/2026\/07\/laCividina-Arkadius-Norm-Architects-3-300x169.png 300w, https:\/\/www.mohd.it\/wp-content\/uploads\/2026\/07\/laCividina-Arkadius-Norm-Architects-3-768x432.png 768w, https:\/\/www.mohd.it\/wp-content\/uploads\/2026\/07\/laCividina-Arkadius-Norm-Architects-3-1536x864.png 1536w, https:\/\/www.mohd.it\/wp-content\/uploads\/2026\/07\/laCividina-Arkadius-Norm-Architects-3.png 1920w\" sizes=\"auto, (max-width: 1024px) 100vw, 1024px\" \/><\/figure>\n\n\n\n<p><strong>Das modulare Polstersystem wurde sowohl f\u00fcr private als auch f\u00fcr \u00f6ffentliche R\u00e4ume entwickelt. Was waren die gr\u00f6\u00dften Herausforderungen bei der Gestaltung eines M\u00f6bels, das zugleich architektonisch, flexibel und kommunikativ sein sollte?<\/strong><\/p>\n\n\n\n<p>Die gr\u00f6\u00dfte Herausforderung bestand darin, ein Gleichgewicht zwischen architektonischer Pr\u00e4senz und Flexibilit\u00e4t zu finden. Unser Ziel war es, ein System zu schaffen, das nicht nur modular aufgebaut ist, sondern als echtes r\u00e4umliches Gestaltungselement funktioniert. Jedes Modul wurde daher als eine Art Baustein konzipiert, der sich frei kombinieren l\u00e4sst und dennoch durch den Rhythmus der vertikalen Elemente eine klare visuelle Ordnung bewahrt. Gleichzeitig f\u00f6rdern Proportionen und Komfort eine informelle, kommunikative Nutzung, sowohl im privaten als auch im \u00f6ffentlichen Raum. Das System erm\u00f6glicht lineare, winkelf\u00f6rmige oder inselartige Konfigurationen und passt sich unterschiedlichsten Situationen an, ohne seine gestalterische Identit\u00e4t zu verlieren.<\/p>\n\n\n<div class=\"board\">\n      <div class=\"board-items masonry-grid\">\n      <div class=\"board-item masonry-item\">\n  <div class=\"board-image\" style=\"padding-top:125%\">\n    <img decoding=\"async\" src=\"https:\/\/www.mohd.it\/wp-content\/uploads\/2026\/07\/laCividina-Arkadius-Norm-Architects-5.png\" \/>\n  <\/div>\n  <\/div>\n<div class=\"board-item masonry-item\">\n  <div class=\"board-image\" style=\"padding-top:125%\">\n    <img decoding=\"async\" src=\"https:\/\/www.mohd.it\/wp-content\/uploads\/2026\/07\/laCividina-Arkadius-Norm-Architects-1.png\" \/>\n  <\/div>\n  <\/div>\n    <\/div>\n    <\/div>\n\n\n\n<p><strong>Mit Atrio Calmo wird Atmosph\u00e4re zum zentralen Gestaltungselement. Welche Bedeutung hat die atmosph\u00e4rische Dimension f\u00fcr Ihre Arbeit und wie \u00fcbersetzen Sie sie in Formen, Volumen und Proportionen, die zugleich reduziert und einladend wirken?<\/strong><\/p>\n\n\n\n<p>Atmosph\u00e4re ist f\u00fcr uns immer ein wesentlicher Bestandteil des Entwurfsprozesses, weil sie weit \u00fcber \u00e4sthetische Fragen hinausgeht und bestimmt, wie ein Raum im Laufe der Zeit wahrgenommen und erlebt wird. In diesem Sinne entspricht das von dem Kreativduo Barbieri Magalini kuratierte und von der Kreativberatung MM Company produzierte Konzept von Atrio Calmo in besonderer Weise unserem gestalterischen Denken. <\/p>\n\n\n\n<figure class=\"wp-block-image size-large\"><img loading=\"lazy\" decoding=\"async\" width=\"1024\" height=\"576\" src=\"https:\/\/www.mohd.it\/wp-content\/uploads\/2026\/07\/laCividina-Atrio-Calmo-2-1024x576.png\" alt=\"laCividina Atrio Calmo\" class=\"wp-image-125975\" srcset=\"https:\/\/www.mohd.it\/wp-content\/uploads\/2026\/07\/laCividina-Atrio-Calmo-2-1024x576.png 1024w, https:\/\/www.mohd.it\/wp-content\/uploads\/2026\/07\/laCividina-Atrio-Calmo-2-300x169.png 300w, https:\/\/www.mohd.it\/wp-content\/uploads\/2026\/07\/laCividina-Atrio-Calmo-2-768x432.png 768w, https:\/\/www.mohd.it\/wp-content\/uploads\/2026\/07\/laCividina-Atrio-Calmo-2-1536x864.png 1536w, https:\/\/www.mohd.it\/wp-content\/uploads\/2026\/07\/laCividina-Atrio-Calmo-2.png 1920w\" sizes=\"auto, (max-width: 1024px) 100vw, 1024px\" \/><\/figure>\n\n\n<div class=\"board\">\n      <div class=\"board-items masonry-grid\">\n      <div class=\"board-item masonry-item\">\n  <div class=\"board-image\" style=\"padding-top:125%\">\n    <img decoding=\"async\" src=\"https:\/\/www.mohd.it\/wp-content\/uploads\/2026\/07\/laCividina-Atrio-Calmo-1.png\" \/>\n  <\/div>\n  <\/div>\n<div class=\"board-item masonry-item\">\n  <div class=\"board-image\" style=\"padding-top:125%\">\n    <img decoding=\"async\" src=\"https:\/\/www.mohd.it\/wp-content\/uploads\/2026\/07\/laCividina-Atrio-Calmo.png\" \/>\n  <\/div>\n  <\/div>\n    <\/div>\n    <\/div>\n\n\n\n<p>Die Idee des Atriums als Zwischenraum zwischen Innen und Au\u00dfen, offen f\u00fcr Begegnung und Austausch, steht der Logik, mit der wir Arkadius entwickelt haben, sehr nahe. Wir haben mit ausgewogenen Proportionen, einer ruhigen visuellen Pr\u00e4senz und Materialien gearbeitet, die auf nat\u00fcrliche Weise mit dem Licht interagieren. Der Rhythmus der Struktur erzeugt r\u00e4umliche Tiefe und ver\u00e4ndert sich im Verlauf des Tages, w\u00e4hrend die gepolsterten Volumen eine wohnliche und einladende Dimension schaffen. Unser Ziel war es, Elemente zu entwerfen, die den Raum nicht dominieren, sondern ihn auf leise Weise begleiten und definieren und so zu einer Atmosph\u00e4re von Ausgewogenheit und Begegnung beitragen.<\/p>\n","protected":false},"excerpt":{"rendered":"<p>Mit Arkadius f\u00fcr laCividina definiert Norm Architects die Grenze zwischen Innen- und Au\u00dfenraum durch Modularit\u00e4t, nat\u00fcrliche Materialien und Soft Minimalism neu.<\/p>\n","protected":false},"author":18,"featured_media":125940,"comment_status":"closed","ping_status":"closed","sticky":false,"template":"","format":"standard","meta":{"footnotes":""},"categories":[484],"tags":[],"class_list":["post-125993","post","type-post","status-publish","format-standard","has-post-thumbnail","hentry","category-designerportraets"],"yoast_head":"<!-- This site is optimized with the Yoast SEO plugin v24.0 - https:\/\/yoast.com\/wordpress\/plugins\/seo\/ -->\n<title>Arkadius von Norm Architects f\u00fcr laCividina - Mohd<\/title>\n<meta name=\"description\" content=\"Mit Arkadius f\u00fcr laCividina definiert Norm Architects die Grenze zwischen Innen- und Au\u00dfenraum durch Modularit\u00e4t, nat\u00fcrliche Materialien und Soft Minimalism neu.\" \/>\n<meta name=\"robots\" content=\"index, follow, max-snippet:-1, max-image-preview:large, max-video-preview:-1\" \/>\n<link rel=\"canonical\" href=\"https:\/\/www.mohd.it\/de\/magazine\/norm-architects-entwirft-neue-wohnlandschaften\/\" \/>\n<meta property=\"og:locale\" content=\"de_DE\" \/>\n<meta property=\"og:type\" content=\"article\" \/>\n<meta property=\"og:title\" content=\"Arkadius von Norm Architects f\u00fcr laCividina - Mohd\" \/>\n<meta property=\"og:description\" content=\"Mit Arkadius f\u00fcr laCividina definiert Norm Architects die Grenze zwischen Innen- und Au\u00dfenraum durch Modularit\u00e4t, nat\u00fcrliche Materialien und Soft Minimalism neu.\" \/>\n<meta property=\"og:url\" content=\"https:\/\/www.mohd.it\/de\/magazine\/norm-architects-entwirft-neue-wohnlandschaften\/\" \/>\n<meta property=\"og:site_name\" content=\"Mohd\" \/>\n<meta property=\"article:publisher\" content=\"https:\/\/www.facebook.com\/mollurahomedesign\" \/>\n<meta property=\"article:published_time\" content=\"2026-07-08T08:00:00+00:00\" \/>\n<meta property=\"article:modified_time\" content=\"2026-07-08T13:41:51+00:00\" \/>\n<meta property=\"og:image\" content=\"https:\/\/www.mohd.it\/wp-content\/uploads\/2026\/07\/laCividina-Arkadius-Norm-Architects-6.png\" \/>\n\t<meta property=\"og:image:width\" content=\"1300\" \/>\n\t<meta property=\"og:image:height\" content=\"980\" \/>\n\t<meta property=\"og:image:type\" content=\"image\/png\" \/>\n<meta name=\"author\" content=\"Noemi Cris\u00e0\" \/>\n<meta name=\"twitter:card\" content=\"summary_large_image\" \/>\n<meta name=\"twitter:creator\" content=\"@mohd_homedesign\" \/>\n<meta name=\"twitter:site\" content=\"@mohd_homedesign\" \/>\n<meta name=\"twitter:label1\" content=\"Verfasst von\" \/>\n\t<meta name=\"twitter:data1\" content=\"Noemi Cris\u00e0\" \/>\n\t<meta name=\"twitter:label2\" content=\"Gesch\u00e4tzte Lesezeit\" \/>\n\t<meta name=\"twitter:data2\" content=\"6\u00a0Minuten\" \/>\n<script type=\"application\/ld+json\" class=\"yoast-schema-graph\">{\"@context\":\"https:\/\/schema.org\",\"@graph\":[{\"@type\":\"Article\",\"@id\":\"https:\/\/www.mohd.it\/de\/magazine\/norm-architects-entwirft-neue-wohnlandschaften\/#article\",\"isPartOf\":{\"@id\":\"https:\/\/www.mohd.it\/de\/magazine\/norm-architects-entwirft-neue-wohnlandschaften\/\"},\"author\":{\"name\":\"Noemi Cris\u00e0\",\"@id\":\"https:\/\/www.mohd.it\/de\/#\/schema\/person\/d237bc94bea0bfe5020d1c41b41f6af2\"},\"headline\":\"Norm Architects entwirft neue Wohnlandschaften\",\"datePublished\":\"2026-07-08T08:00:00+00:00\",\"dateModified\":\"2026-07-08T13:41:51+00:00\",\"mainEntityOfPage\":{\"@id\":\"https:\/\/www.mohd.it\/de\/magazine\/norm-architects-entwirft-neue-wohnlandschaften\/\"},\"wordCount\":934,\"publisher\":{\"@id\":\"https:\/\/www.mohd.it\/de\/#organization\"},\"image\":{\"@id\":\"https:\/\/www.mohd.it\/de\/magazine\/norm-architects-entwirft-neue-wohnlandschaften\/#primaryimage\"},\"thumbnailUrl\":\"https:\/\/www.mohd.it\/wp-content\/uploads\/2026\/07\/laCividina-Arkadius-Norm-Architects-6.png\",\"articleSection\":[\"Designerportr\u00e4ts\"],\"inLanguage\":\"de\"},{\"@type\":\"WebPage\",\"@id\":\"https:\/\/www.mohd.it\/de\/magazine\/norm-architects-entwirft-neue-wohnlandschaften\/\",\"url\":\"https:\/\/www.mohd.it\/de\/magazine\/norm-architects-entwirft-neue-wohnlandschaften\/\",\"name\":\"Arkadius von Norm Architects f\u00fcr laCividina - Mohd\",\"isPartOf\":{\"@id\":\"https:\/\/www.mohd.it\/de\/#website\"},\"primaryImageOfPage\":{\"@id\":\"https:\/\/www.mohd.it\/de\/magazine\/norm-architects-entwirft-neue-wohnlandschaften\/#primaryimage\"},\"image\":{\"@id\":\"https:\/\/www.mohd.it\/de\/magazine\/norm-architects-entwirft-neue-wohnlandschaften\/#primaryimage\"},\"thumbnailUrl\":\"https:\/\/www.mohd.it\/wp-content\/uploads\/2026\/07\/laCividina-Arkadius-Norm-Architects-6.png\",\"datePublished\":\"2026-07-08T08:00:00+00:00\",\"dateModified\":\"2026-07-08T13:41:51+00:00\",\"description\":\"Mit Arkadius f\u00fcr laCividina definiert Norm Architects die Grenze zwischen Innen- und Au\u00dfenraum durch Modularit\u00e4t, nat\u00fcrliche Materialien und Soft Minimalism neu.\",\"breadcrumb\":{\"@id\":\"https:\/\/www.mohd.it\/de\/magazine\/norm-architects-entwirft-neue-wohnlandschaften\/#breadcrumb\"},\"inLanguage\":\"de\",\"potentialAction\":[{\"@type\":\"ReadAction\",\"target\":[\"https:\/\/www.mohd.it\/de\/magazine\/norm-architects-entwirft-neue-wohnlandschaften\/\"]}]},{\"@type\":\"ImageObject\",\"inLanguage\":\"de\",\"@id\":\"https:\/\/www.mohd.it\/de\/magazine\/norm-architects-entwirft-neue-wohnlandschaften\/#primaryimage\",\"url\":\"https:\/\/www.mohd.it\/wp-content\/uploads\/2026\/07\/laCividina-Arkadius-Norm-Architects-6.png\",\"contentUrl\":\"https:\/\/www.mohd.it\/wp-content\/uploads\/2026\/07\/laCividina-Arkadius-Norm-Architects-6.png\",\"width\":1300,\"height\":980,\"caption\":\"Norm Architects\"},{\"@type\":\"BreadcrumbList\",\"@id\":\"https:\/\/www.mohd.it\/de\/magazine\/norm-architects-entwirft-neue-wohnlandschaften\/#breadcrumb\",\"itemListElement\":[{\"@type\":\"ListItem\",\"position\":1,\"name\":\"Home\",\"item\":\"https:\/\/www.mohd.it\/de\/\"},{\"@type\":\"ListItem\",\"position\":2,\"name\":\"Norm Architects entwirft neue Wohnlandschaften\"}]},{\"@type\":\"WebSite\",\"@id\":\"https:\/\/www.mohd.it\/de\/#website\",\"url\":\"https:\/\/www.mohd.it\/de\/\",\"name\":\"Mohd\",\"description\":\"\",\"publisher\":{\"@id\":\"https:\/\/www.mohd.it\/de\/#organization\"},\"potentialAction\":[{\"@type\":\"SearchAction\",\"target\":{\"@type\":\"EntryPoint\",\"urlTemplate\":\"https:\/\/www.mohd.it\/de\/?s={search_term_string}\"},\"query-input\":{\"@type\":\"PropertyValueSpecification\",\"valueRequired\":true,\"valueName\":\"search_term_string\"}}],\"inLanguage\":\"de\"},{\"@type\":\"Organization\",\"@id\":\"https:\/\/www.mohd.it\/de\/#organization\",\"name\":\"Mollura & C. SPA\",\"url\":\"https:\/\/www.mohd.it\/de\/\",\"logo\":{\"@type\":\"ImageObject\",\"inLanguage\":\"de\",\"@id\":\"https:\/\/www.mohd.it\/de\/#\/schema\/logo\/image\/\",\"url\":\"https:\/\/www.mohd.it\/wp-content\/uploads\/2020\/09\/mohd-logo.png\",\"contentUrl\":\"https:\/\/www.mohd.it\/wp-content\/uploads\/2020\/09\/mohd-logo.png\",\"width\":600,\"height\":600,\"caption\":\"Mollura & C. SPA\"},\"image\":{\"@id\":\"https:\/\/www.mohd.it\/de\/#\/schema\/logo\/image\/\"},\"sameAs\":[\"https:\/\/www.facebook.com\/mollurahomedesign\",\"https:\/\/x.com\/mohd_homedesign\",\"https:\/\/www.instagram.com\/mohd_homedesign\/\",\"https:\/\/it.linkedin.com\/company\/mohd-mollura-home-design\",\"https:\/\/www.pinterest.it\/mohdhomedesign\/\",\"https:\/\/www.youtube.com\/channel\/UCYLuPff6hq4z_o0GO0w1yaA\"]},{\"@type\":\"Person\",\"@id\":\"https:\/\/www.mohd.it\/de\/#\/schema\/person\/d237bc94bea0bfe5020d1c41b41f6af2\",\"name\":\"Noemi Cris\u00e0\",\"image\":{\"@type\":\"ImageObject\",\"inLanguage\":\"de\",\"@id\":\"https:\/\/www.mohd.it\/de\/#\/schema\/person\/image\/\",\"url\":\"https:\/\/secure.gravatar.com\/avatar\/6f959897d20f7190d0b1a9b0a1518d13?s=96&d=mm&r=g\",\"contentUrl\":\"https:\/\/secure.gravatar.com\/avatar\/6f959897d20f7190d0b1a9b0a1518d13?s=96&d=mm&r=g\",\"caption\":\"Noemi Cris\u00e0\"},\"url\":\"https:\/\/www.mohd.it\/de\/magazine\/author\/noemi\/\"}]}<\/script>\n<!-- \/ Yoast SEO plugin. -->","yoast_head_json":{"title":"Arkadius von Norm Architects f\u00fcr laCividina - Mohd","description":"Mit Arkadius f\u00fcr laCividina definiert Norm Architects die Grenze zwischen Innen- und Au\u00dfenraum durch Modularit\u00e4t, nat\u00fcrliche Materialien und Soft Minimalism neu.","robots":{"index":"index","follow":"follow","max-snippet":"max-snippet:-1","max-image-preview":"max-image-preview:large","max-video-preview":"max-video-preview:-1"},"canonical":"https:\/\/www.mohd.it\/de\/magazine\/norm-architects-entwirft-neue-wohnlandschaften\/","og_locale":"de_DE","og_type":"article","og_title":"Arkadius von Norm Architects f\u00fcr laCividina - Mohd","og_description":"Mit Arkadius f\u00fcr laCividina definiert Norm Architects die Grenze zwischen Innen- und Au\u00dfenraum durch Modularit\u00e4t, nat\u00fcrliche Materialien und Soft Minimalism neu.","og_url":"https:\/\/www.mohd.it\/de\/magazine\/norm-architects-entwirft-neue-wohnlandschaften\/","og_site_name":"Mohd","article_publisher":"https:\/\/www.facebook.com\/mollurahomedesign","article_published_time":"2026-07-08T08:00:00+00:00","article_modified_time":"2026-07-08T13:41:51+00:00","og_image":[{"width":1300,"height":980,"url":"https:\/\/www.mohd.it\/wp-content\/uploads\/2026\/07\/laCividina-Arkadius-Norm-Architects-6.png","type":"image\/png"}],"author":"Noemi Cris\u00e0","twitter_card":"summary_large_image","twitter_creator":"@mohd_homedesign","twitter_site":"@mohd_homedesign","twitter_misc":{"Verfasst von":"Noemi Cris\u00e0","Gesch\u00e4tzte Lesezeit":"6\u00a0Minuten"},"schema":{"@context":"https:\/\/schema.org","@graph":[{"@type":"Article","@id":"https:\/\/www.mohd.it\/de\/magazine\/norm-architects-entwirft-neue-wohnlandschaften\/#article","isPartOf":{"@id":"https:\/\/www.mohd.it\/de\/magazine\/norm-architects-entwirft-neue-wohnlandschaften\/"},"author":{"name":"Noemi Cris\u00e0","@id":"https:\/\/www.mohd.it\/de\/#\/schema\/person\/d237bc94bea0bfe5020d1c41b41f6af2"},"headline":"Norm Architects entwirft neue Wohnlandschaften","datePublished":"2026-07-08T08:00:00+00:00","dateModified":"2026-07-08T13:41:51+00:00","mainEntityOfPage":{"@id":"https:\/\/www.mohd.it\/de\/magazine\/norm-architects-entwirft-neue-wohnlandschaften\/"},"wordCount":934,"publisher":{"@id":"https:\/\/www.mohd.it\/de\/#organization"},"image":{"@id":"https:\/\/www.mohd.it\/de\/magazine\/norm-architects-entwirft-neue-wohnlandschaften\/#primaryimage"},"thumbnailUrl":"https:\/\/www.mohd.it\/wp-content\/uploads\/2026\/07\/laCividina-Arkadius-Norm-Architects-6.png","articleSection":["Designerportr\u00e4ts"],"inLanguage":"de"},{"@type":"WebPage","@id":"https:\/\/www.mohd.it\/de\/magazine\/norm-architects-entwirft-neue-wohnlandschaften\/","url":"https:\/\/www.mohd.it\/de\/magazine\/norm-architects-entwirft-neue-wohnlandschaften\/","name":"Arkadius von Norm Architects f\u00fcr laCividina - Mohd","isPartOf":{"@id":"https:\/\/www.mohd.it\/de\/#website"},"primaryImageOfPage":{"@id":"https:\/\/www.mohd.it\/de\/magazine\/norm-architects-entwirft-neue-wohnlandschaften\/#primaryimage"},"image":{"@id":"https:\/\/www.mohd.it\/de\/magazine\/norm-architects-entwirft-neue-wohnlandschaften\/#primaryimage"},"thumbnailUrl":"https:\/\/www.mohd.it\/wp-content\/uploads\/2026\/07\/laCividina-Arkadius-Norm-Architects-6.png","datePublished":"2026-07-08T08:00:00+00:00","dateModified":"2026-07-08T13:41:51+00:00","description":"Mit Arkadius f\u00fcr laCividina definiert Norm Architects die Grenze zwischen Innen- und Au\u00dfenraum durch Modularit\u00e4t, nat\u00fcrliche Materialien und Soft Minimalism neu.","breadcrumb":{"@id":"https:\/\/www.mohd.it\/de\/magazine\/norm-architects-entwirft-neue-wohnlandschaften\/#breadcrumb"},"inLanguage":"de","potentialAction":[{"@type":"ReadAction","target":["https:\/\/www.mohd.it\/de\/magazine\/norm-architects-entwirft-neue-wohnlandschaften\/"]}]},{"@type":"ImageObject","inLanguage":"de","@id":"https:\/\/www.mohd.it\/de\/magazine\/norm-architects-entwirft-neue-wohnlandschaften\/#primaryimage","url":"https:\/\/www.mohd.it\/wp-content\/uploads\/2026\/07\/laCividina-Arkadius-Norm-Architects-6.png","contentUrl":"https:\/\/www.mohd.it\/wp-content\/uploads\/2026\/07\/laCividina-Arkadius-Norm-Architects-6.png","width":1300,"height":980,"caption":"Norm Architects"},{"@type":"BreadcrumbList","@id":"https:\/\/www.mohd.it\/de\/magazine\/norm-architects-entwirft-neue-wohnlandschaften\/#breadcrumb","itemListElement":[{"@type":"ListItem","position":1,"name":"Home","item":"https:\/\/www.mohd.it\/de\/"},{"@type":"ListItem","position":2,"name":"Norm Architects entwirft neue Wohnlandschaften"}]},{"@type":"WebSite","@id":"https:\/\/www.mohd.it\/de\/#website","url":"https:\/\/www.mohd.it\/de\/","name":"Mohd","description":"","publisher":{"@id":"https:\/\/www.mohd.it\/de\/#organization"},"potentialAction":[{"@type":"SearchAction","target":{"@type":"EntryPoint","urlTemplate":"https:\/\/www.mohd.it\/de\/?s={search_term_string}"},"query-input":{"@type":"PropertyValueSpecification","valueRequired":true,"valueName":"search_term_string"}}],"inLanguage":"de"},{"@type":"Organization","@id":"https:\/\/www.mohd.it\/de\/#organization","name":"Mollura & C. SPA","url":"https:\/\/www.mohd.it\/de\/","logo":{"@type":"ImageObject","inLanguage":"de","@id":"https:\/\/www.mohd.it\/de\/#\/schema\/logo\/image\/","url":"https:\/\/www.mohd.it\/wp-content\/uploads\/2020\/09\/mohd-logo.png","contentUrl":"https:\/\/www.mohd.it\/wp-content\/uploads\/2020\/09\/mohd-logo.png","width":600,"height":600,"caption":"Mollura & C. SPA"},"image":{"@id":"https:\/\/www.mohd.it\/de\/#\/schema\/logo\/image\/"},"sameAs":["https:\/\/www.facebook.com\/mollurahomedesign","https:\/\/x.com\/mohd_homedesign","https:\/\/www.instagram.com\/mohd_homedesign\/","https:\/\/it.linkedin.com\/company\/mohd-mollura-home-design","https:\/\/www.pinterest.it\/mohdhomedesign\/","https:\/\/www.youtube.com\/channel\/UCYLuPff6hq4z_o0GO0w1yaA"]},{"@type":"Person","@id":"https:\/\/www.mohd.it\/de\/#\/schema\/person\/d237bc94bea0bfe5020d1c41b41f6af2","name":"Noemi Cris\u00e0","image":{"@type":"ImageObject","inLanguage":"de","@id":"https:\/\/www.mohd.it\/de\/#\/schema\/person\/image\/","url":"https:\/\/secure.gravatar.com\/avatar\/6f959897d20f7190d0b1a9b0a1518d13?s=96&d=mm&r=g","contentUrl":"https:\/\/secure.gravatar.com\/avatar\/6f959897d20f7190d0b1a9b0a1518d13?s=96&d=mm&r=g","caption":"Noemi Cris\u00e0"},"url":"https:\/\/www.mohd.it\/de\/magazine\/author\/noemi\/"}]}},"image":"https:\/\/www.mohd.it\/wp-content\/uploads\/2026\/07\/laCividina-Arkadius-Norm-Architects-6-800x600.png","category":"Designerportr\u00e4ts","_links":{"self":[{"href":"https:\/\/www.mohd.it\/de\/wp-json\/wp\/v2\/posts\/125993","targetHints":{"allow":["GET"]}}],"collection":[{"href":"https:\/\/www.mohd.it\/de\/wp-json\/wp\/v2\/posts"}],"about":[{"href":"https:\/\/www.mohd.it\/de\/wp-json\/wp\/v2\/types\/post"}],"author":[{"embeddable":true,"href":"https:\/\/www.mohd.it\/de\/wp-json\/wp\/v2\/users\/18"}],"replies":[{"embeddable":true,"href":"https:\/\/www.mohd.it\/de\/wp-json\/wp\/v2\/comments?post=125993"}],"version-history":[{"count":8,"href":"https:\/\/www.mohd.it\/de\/wp-json\/wp\/v2\/posts\/125993\/revisions"}],"predecessor-version":[{"id":126043,"href":"https:\/\/www.mohd.it\/de\/wp-json\/wp\/v2\/posts\/125993\/revisions\/126043"}],"wp:featuredmedia":[{"embeddable":true,"href":"https:\/\/www.mohd.it\/de\/wp-json\/wp\/v2\/media\/125940"}],"wp:attachment":[{"href":"https:\/\/www.mohd.it\/de\/wp-json\/wp\/v2\/media?parent=125993"}],"wp:term":[{"taxonomy":"category","embeddable":true,"href":"https:\/\/www.mohd.it\/de\/wp-json\/wp\/v2\/categories?post=125993"},{"taxonomy":"post_tag","embeddable":true,"href":"https:\/\/www.mohd.it\/de\/wp-json\/wp\/v2\/tags?post=125993"}],"curies":[{"name":"wp","href":"https:\/\/api.w.org\/{rel}","templated":true}]}}