{"id":126755,"date":"2026-07-15T11:13:23","date_gmt":"2026-07-15T09:13:23","guid":{"rendered":"https:\/\/www.mohd.it\/?p=126755"},"modified":"2026-07-15T11:13:24","modified_gmt":"2026-07-15T09:13:24","slug":"giulia-foscari-verantwortungsbewusst-gestalten-zwischen-venedig-forschung-und-aktivismus","status":"publish","type":"post","link":"https:\/\/www.mohd.it\/de\/magazine\/giulia-foscari-verantwortungsbewusst-gestalten-zwischen-venedig-forschung-und-aktivismus\/","title":{"rendered":"Giulia Foscari: Verantwortungsbewusst gestalten \u2013 zwischen Venedig, Forschung und Aktivismus"},"content":{"rendered":"\n<p>Architektin, Forscherin und Gr\u00fcnderin von UNLESS, einer gemeinn\u00fctzigen Agentur f\u00fcr Forschung zum Schutz der Umwelt: <strong><a href=\"https:\/\/shopmohd.com\/de\/designer\/giulia-foscari-una-unless.html\">Giulia Foscari <\/a><\/strong>verortet ihre Arbeit an der Schnittstelle von Projekt, Kultur und \u00f6kologischer Verantwortung. Nach ihrer Ausbildung in Rom und London sowie den Jahren an der Seite von Rem Koolhaas richtet sie den Blick heute von Venedig aus auf globale Herausforderungen. Die Stadt steht wie kaum eine andere f\u00fcr die Fragilit\u00e4t und Widerstandskraft von K\u00fcstengebieten. Dies zeigt auch Criosfera, die f\u00fcr <strong><a href=\"https:\/\/shopmohd.com\/de\/marken\/artemide.html\">Artemide<\/a><\/strong> entworfene Leuchte: ein Objekt, das von antarktischen Eisbohrkernen inspiriert ist und Design zu einem Instrument macht, um von der Klimakrise zu erz\u00e4hlen. Mit ihr haben wir \u00fcber Ausbildung, Denkmalschutz, Aktivismus und Designkultur gesprochen.<\/p>\n\n\n\n<p><em>Interview auf Italienisch gef\u00fchrt \u2013 deutsche \u00dcbersetzung und redaktionelle Bearbeitung.<\/em><\/p>\n\n\n\n<figure class=\"wp-block-image size-large\"><img loading=\"lazy\" decoding=\"async\" width=\"1024\" height=\"576\" src=\"https:\/\/www.mohd.it\/wp-content\/uploads\/2026\/07\/Artemide-Criosfera-Giulia-Foscari-1024x576.png\" alt=\"Artemide Criosfera Giulia Foscari\" class=\"wp-image-126715\" srcset=\"https:\/\/www.mohd.it\/wp-content\/uploads\/2026\/07\/Artemide-Criosfera-Giulia-Foscari-1024x576.png 1024w, https:\/\/www.mohd.it\/wp-content\/uploads\/2026\/07\/Artemide-Criosfera-Giulia-Foscari-300x169.png 300w, https:\/\/www.mohd.it\/wp-content\/uploads\/2026\/07\/Artemide-Criosfera-Giulia-Foscari-768x432.png 768w, https:\/\/www.mohd.it\/wp-content\/uploads\/2026\/07\/Artemide-Criosfera-Giulia-Foscari-1536x864.png 1536w, https:\/\/www.mohd.it\/wp-content\/uploads\/2026\/07\/Artemide-Criosfera-Giulia-Foscari.png 1920w\" sizes=\"auto, (max-width: 1024px) 100vw, 1024px\" \/><\/figure>\n\n\n\n<p><strong>Wenn Sie auf Ihre Ausbildung zur\u00fcckblicken: Welche Erfahrung hat Ihre Art zu entwerfen am st\u00e4rksten gepr\u00e4gt?<\/strong><\/p>\n\n\n\n<p>Ich bin Venezianerin und in Venedig aufgewachsen, habe mich aber entschieden, Architektur in Rom zu studieren. F\u00fcr mich war es wichtig, eine eigene Unabh\u00e4ngigkeit aufzubauen, auch weil mein Vater Architekt und Universit\u00e4tsprofessor in Venedig war. Die r\u00f6mische Erfahrung war intensiv und grundlegend: Ich w\u00fcrde diesen Weg jederzeit wieder gehen, denn die italienische Ausbildung vermittelt sehr solide Grundlagen f\u00fcr das Entwerfen.<br>Sp\u00e4ter ging ich nach London an die Architectural Association, wo ich bei Zaha Hadid studierte. Diese Erfahrung war nicht so sehr wichtig, um mich ihrem Stil anzun\u00e4hern, sondern um den Entwurfsansatz, den ich bis dahin entwickelt hatte, infrage zu stellen. Ich sp\u00fcrte das Bed\u00fcrfnis, mich mit einer experimentelleren Dimension des Zeitgen\u00f6ssischen auseinanderzusetzen. Der st\u00e4rkste Einfluss kam wahrscheinlich, als ich begann, mit Rem Koolhaas zu arbeiten. Ich habe etwa acht Jahre mit ihm zusammengearbeitet, das B\u00fcro in Hongkong er\u00f6ffnet und verschiedene internationale Projekte betreut. Sein Ansatz in Forschung und Entwurf hat mich gelehrt, alles immer wieder neu zu hinterfragen und jedes Problem so zu betrachten, als w\u00e4re es das erste Mal. Das war ein entscheidender Schritt in meiner Entwicklung.<\/p>\n\n\n\n<div style=\"height:30px\" aria-hidden=\"true\" class=\"wp-block-spacer\"><\/div>\n\n\n\n<p><strong>War die Londoner Erfahrung mit dem Ansatz von Zaha Hadid verbunden oder eher mit einer anderen Entwurfskultur?<\/strong><\/p>\n\n\n\n<p>Mehr als mit Zaha Hadids Ansatz war sie mit der experimentellen Natur der Architectural Association verbunden. Es ist eine Schule, aus der viele pr\u00e4gende Pers\u00f6nlichkeiten der zeitgen\u00f6ssischen Architektur hervorgegangen sind und die das Projekt ausgehend von komplexen Systemen behandelt, oft \u00fcber wissenschaftliche statt architektonische Referenzen. Man untersuchte Ph\u00e4nomene wie Vogelzugbewegungen oder andere komplexe nat\u00fcrliche Systeme. Es war eine v\u00f6llig andere Art zu denken und zu entwerfen. Ich w\u00fcrde nicht sagen, dass es sich einfach um einen angels\u00e4chsischen Ansatz handelt, sondern eher um eine spezifische akademische Kultur, die eine komplement\u00e4re Perspektive zur italienischen Ausbildung bietet.<\/p>\n\n\n<div class=\"board\">\n      <div class=\"board-items masonry-grid\">\n      <div class=\"board-item masonry-item\">\n  <div class=\"spotted-image\">\n    <span class=\"img-spacer\" style=\"padding-top: 125%;\">\n      <img decoding=\"async\" src=\"https:\/\/www.mohd.it\/wp-content\/uploads\/2026\/07\/Artemide-Criosfera-Collection-Giulia-Foscari.png\" \/>\n    <\/span>\n                <span class=\"product small\">\n        <span class=\"point\" style=\"top: 7.4814814814815%; left: 50.648148148148%;\"><\/span>\n                <div class=\"product-board-card\">\n          <div class=\"content\">\n            <span class=\"brand\">Artemide<\/span>            <span class=\"name\">Criosfera Horizontal H\u00e4ngelampe<\/span>\n            <div class=\"actions\">\n                              <a href=\"https:\/\/shopmohd.com\/de\/criosfera-horizontal-hangelampe.html\" class=\"button\">Acquista<\/a>\n                            \t\t\t \t \t\t\t              <\/div>\n          <\/div>\n        <\/div>\n      <\/span>\n                  <span class=\"product small\">\n        <span class=\"point\" style=\"top: 40%; left: 81.759259259259%;\"><\/span>\n                <div class=\"product-board-card\">\n          <div class=\"content\">\n            <span class=\"brand\">Artemide<\/span>            <span class=\"name\">Criosfera Vertical H\u00e4ngelampe<\/span>\n            <div class=\"actions\">\n                              <a href=\"https:\/\/shopmohd.com\/de\/criosfera-vertical-hangelampe.html\" class=\"button\">Acquista<\/a>\n                            \t\t\t \t \t\t\t              <\/div>\n          <\/div>\n        <\/div>\n      <\/span>\n                  <span class=\"product small\">\n        <span class=\"point\" style=\"top: 62.296296296296%; left: 43.240740740741%;\"><\/span>\n                <div class=\"product-board-card\">\n          <div class=\"content\">\n            <span class=\"brand\">Artemide<\/span>            <span class=\"name\">Criosfera Vertical Tischleuchte<\/span>\n            <div class=\"actions\">\n                              <a href=\"https:\/\/shopmohd.com\/de\/criosfera-vertical-tischleuchte.html\" class=\"button\">Acquista<\/a>\n                            \t\t\t \t \t\t\t              <\/div>\n          <\/div>\n        <\/div>\n      <\/span>\n                  <span class=\"product small\">\n        <span class=\"point\" style=\"top: 68.37037037037%; left: 23.518518518519%;\"><\/span>\n                <div class=\"product-board-card\">\n          <div class=\"content\">\n            <span class=\"brand\">Artemide<\/span>            <span class=\"name\">Criosfera Horizontal Tischleuchte<\/span>\n            <div class=\"actions\">\n                              <a href=\"https:\/\/shopmohd.com\/de\/criosfera-horizontal-tischleuchte.html\" class=\"button\">Acquista<\/a>\n                            \t\t\t \t \t\t\t              <\/div>\n          <\/div>\n        <\/div>\n      <\/span>\n                  <span class=\"product small\">\n        <span class=\"point\" style=\"top: 64.444444444444%; left: 67.87037037037%;\"><\/span>\n                <div class=\"product-board-card\">\n          <div class=\"content\">\n            <span class=\"brand\">Artemide<\/span>            <span class=\"name\">Criosfera Stehleuchte<\/span>\n            <div class=\"actions\">\n                              <a href=\"https:\/\/shopmohd.com\/de\/criosfera-stehleuchte.html\" class=\"button\">Acquista<\/a>\n                            \t\t\t \t \t\t\t              <\/div>\n          <\/div>\n        <\/div>\n      <\/span>\n        <\/div>\n  <\/div>\n<div class=\"board-item masonry-item\">\n  <div class=\"board-image\" style=\"padding-top:125%\">\n    <img decoding=\"async\" src=\"https:\/\/www.mohd.it\/wp-content\/uploads\/2026\/07\/Artemide-Criosfera-Floor-Giulia-Foscari.png\" \/>\n  <\/div>\n  <\/div>\n    <\/div>\n    <\/div>\n\n\n\n<p><strong>Wie entstand die Zusammenarbeit mit Artemide und was hat sie Ihrer Arbeit gebracht?<\/strong><\/p>\n\n\n\n<p>Die Zusammenarbeit entstand durch eine direkte Einladung von Artemide, eine Leuchte mit v\u00f6lliger kreativer Freiheit zu entwerfen. Das war eine sehr willkommene \u00dcberraschung. Zu diesem Zeitpunkt hatte ich gerade Antarctic Resolution ver\u00f6ffentlicht, ein Projekt, das innerhalb von UNLESS entwickelt wurde, der Stiftung, die ich 2019 gegr\u00fcndet habe, um mich mit globalen Gemeing\u00fctern zu besch\u00e4ftigen: Antarktis, Ozeane, Atmosph\u00e4re und Weltraum.<br>Ich fand es interessant, die Chance des Designs zu nutzen, um nicht nur ein funktionales Objekt zu schaffen, sondern auch ein Mittel zur Bewusstseinsbildung in Bezug auf die Klimakrise. Die Leuchte entstand genau mit dieser Absicht: Licht nicht nur in den physischen Raum zu bringen, sondern auch auf ein dringendes Thema zu richten.<br>Die Inspiration kam von antarktischen Eisbohrkernen, mit denen Wissenschaftler die Klimageschichte des Planeten rekonstruieren k\u00f6nnen. Ich habe diesen Eiszylinder in eine Lichtquelle verwandelt. Als Venezianerin wollte ich au\u00dferdem die Tradition des mundgeblasenen Glases integrieren und ein Objekt aus mehreren Schichten schaffen: einen leuchtenden LED-Kern, ein Element, das das Licht wie Eis bricht, und eine H\u00fclle aus mundgeblasenem Glas, die die Unregelm\u00e4\u00dfigkeiten und Luftblasen der handwerklichen Verarbeitung bewahrt. Von Artemide habe ich sehr viel gelernt, vor allem \u00fcber Prototypenentwicklung, Materialforschung und den Industrialisierungsprozess eines Produkts. Es war ein \u00e4u\u00dferst anregender Austausch.<\/p>\n\n\n<div class=\"board\">\n      <div class=\"board-items masonry-grid\">\n      <div class=\"board-item masonry-item\">\n  <div class=\"board-image\" style=\"padding-top:125%\">\n    <img decoding=\"async\" src=\"https:\/\/www.mohd.it\/wp-content\/uploads\/2026\/07\/Artemide-Criosfera-Detail-Giulia-Foscari.png\" \/>\n  <\/div>\n  <\/div>\n<div class=\"board-item masonry-item\">\n  <div class=\"board-image\" style=\"padding-top:125%\">\n    <img decoding=\"async\" src=\"https:\/\/www.mohd.it\/wp-content\/uploads\/2026\/07\/Artemide-Criosfera-Horizontal-Giulia-Foscari.png\" \/>\n  <\/div>\n  <\/div>\n    <\/div>\n    <\/div>\n\n\n\n<p><strong>Was sollten wir Designer fragen, um bewusstere Konsumenten zu werden?<\/strong><\/p>\n\n\n\n<p>Vielleicht sollten wir sie bitten, weniger zu tun. Das mag provokativ klingen, aber ich glaube, es ist eine Frage, die sich jeder Designer st\u00e4ndig stellen sollte: Ist es wirklich notwendig, der Welt ein weiteres Objekt hinzuzuf\u00fcgen? Muss wirklich ein neues Geb\u00e4ude errichtet werden oder w\u00e4re es sinnvoller, das Bestehende zu erhalten und weiterzuentwickeln?<br>Wir leben in einer Kultur der kontinuierlichen Produktion, die enorme \u00f6kologische Kosten verursacht. Deshalb denke ich, dass B\u00fcrger und Konsumenten von Designern eine starke ethische Verantwortung einfordern sollten. Es reicht nicht aus, recycelte Materialien zu verwenden oder nachhaltige Technologien einzusetzen: Das sollten inzwischen selbstverst\u00e4ndliche Praktiken sein. Die eigentliche Frage lautet, ob das, was wir entwerfen, wirklich notwendig ist.<br>In meiner Arbeit besch\u00e4ftige ich mich intensiv mit Erhaltung und Wiederverwendung bestehender Geb\u00e4ude. Das ist keine nostalgische Entscheidung, sondern eine ethische Haltung. Bestehendes zu bewahren, zu transformieren und neu zu nutzen, ist oft nachhaltiger als ein Neubau, selbst wenn dieser hoch effizient ist.<\/p>\n\n\n\n<div style=\"height:30px\" aria-hidden=\"true\" class=\"wp-block-spacer\"><\/div>\n\n\n\n<p><strong>Wie ist heute Ihr Verh\u00e4ltnis zu Venedig, nach vielen Jahren im Ausland?<\/strong><\/p>\n\n\n\n<p>Venedig war wahrscheinlich einer der Gr\u00fcnde, die mich dazu gebracht haben, auf die Welt zu schauen. In einer Stadt aufzuwachsen, die in einem so empfindlichen Gleichgewicht mit dem Wasser lebt, bedeutet, eine besondere Sensibilit\u00e4t f\u00fcr Umweltfragen zu entwickeln. Einerseits ist Venedig ein au\u00dfergew\u00f6hnliches Beispiel f\u00fcr das Zusammenleben von Mensch und Natur. Andererseits ist es ein Symbol f\u00fcr die Fragilit\u00e4t von K\u00fcstengebieten auf der ganzen Welt.<br>Deshalb ist mein Blick nie nostalgisch. F\u00fcr mich ist Venedig ein privilegierter Beobachtungspunkt, von dem aus sich globale Ph\u00e4nomene lesen lassen. In gewisser Weise hat mich gerade Venedig zur Antarktis gef\u00fchrt. Anstatt mich nur auf die Folgen des Meeresspiegelanstiegs zu konzentrieren, wollte ich die Ursachen betrachten: die Gletscher und die klimatischen Ver\u00e4nderungen, die sie transformieren.<br>Heute lebe ich wieder in der Stadt und arbeite an verschiedenen Kulturprojekten. <\/p>\n\n\n\n<p>Dazu geh\u00f6ren die Restaurierung des Geb\u00e4udes, das die Anish Kapoor Foundation beherbergen wird, sowie die Realisierung neuer Ausstellungsr\u00e4ume, die auch mit lokalem Handwerk und der Tradition des Glases verbunden sind. Ich bin mit dem Wunsch zur\u00fcckgekehrt, aktiv zum kulturellen Leben Venedigs beizutragen und die Erfahrungen einzubringen, die ich in \u00fcber f\u00fcnfundzwanzig Jahren internationaler Arbeit gesammelt habe.<\/p>\n\n\n<div class=\"board\">\n      <div class=\"board-items masonry-grid\">\n      <div class=\"board-item masonry-item\">\n  <div class=\"board-image\" style=\"padding-top:125%\">\n    <img decoding=\"async\" src=\"https:\/\/www.mohd.it\/wp-content\/uploads\/2026\/07\/Anish-Kapoor-at-Palazzo-Manfrin_Image-courtesy-of-UNA-UNLESS-\u00a9DSL-Studio.png\" \/>\n  <\/div>\n  <\/div>\n<div class=\"board-item masonry-item\">\n  <div class=\"board-image\" style=\"padding-top:125%\">\n    <img decoding=\"async\" src=\"https:\/\/www.mohd.it\/wp-content\/uploads\/2026\/07\/Palazzo-Manfrin-Project-Anish-Kapoor-Foundation.png\" \/>\n  <\/div>\n  <\/div>\n    <\/div>\n    <\/div>\n\n\n\n<p><strong>Kann Venedig anderen St\u00e4dten etwas \u00fcber den Erhalt des kulturellen Erbes lehren?<\/strong><\/p>\n\n\n\n<p>Ja, auf jeden Fall. Ich habe lange in Hongkong gelebt, wo eine Kultur der Erhaltung fast nicht existiert und ein gro\u00dfer Teil des historischen Erbes verloren gegangen ist. Dadurch ist auch ein wichtiger Teil des kollektiven Ged\u00e4chtnisses verschwunden. Nat\u00fcrlich ist jeder Kontext anders, und es gibt keine universellen Modelle. Dennoch glaube ich, dass eine Lektion \u00fcberall g\u00fcltig ist: In den bestehenden Baubestand zu investieren und ihn f\u00fcr die Zukunft neu zu denken, ist eine der wirksamsten Strategien, die uns zur Verf\u00fcgung stehen.<br>Dabei geht es nicht nur um kulturellen Schutz, sondern um eine echte Frage der Nachhaltigkeit. Das, was bereits existiert, zu erhalten, anzupassen und neu zu interpretieren, ist eine Praxis, die wir sehr viel st\u00e4rker f\u00f6rdern sollten, als wir es heute tun.<\/p>\n","protected":false},"excerpt":{"rendered":"<p>Von der Leuchte Criosfera f\u00fcr Artemide bis zu Venedig und UNLESS: Giulia Foscari spricht \u00fcber die Rolle des Projekts zwischen Kultur und Klima.<\/p>\n","protected":false},"author":18,"featured_media":126737,"comment_status":"closed","ping_status":"closed","sticky":false,"template":"","format":"standard","meta":{"footnotes":""},"categories":[484],"tags":[],"class_list":["post-126755","post","type-post","status-publish","format-standard","has-post-thumbnail","hentry","category-designerportraets"],"yoast_head":"<!-- This site is optimized with the Yoast SEO plugin v24.0 - https:\/\/yoast.com\/wordpress\/plugins\/seo\/ -->\n<title>Giulia Foscari: Architektur, Venedig und Klima - Mohd<\/title>\n<meta name=\"description\" content=\"Von der Leuchte Criosfera f\u00fcr Artemide bis zu Venedig und UNLESS: Giulia Foscari spricht \u00fcber die Rolle des Projekts zwischen Kultur und Klima.\" \/>\n<meta name=\"robots\" content=\"index, follow, max-snippet:-1, max-image-preview:large, max-video-preview:-1\" \/>\n<link rel=\"canonical\" href=\"https:\/\/www.mohd.it\/de\/magazine\/giulia-foscari-verantwortungsbewusst-gestalten-zwischen-venedig-forschung-und-aktivismus\/\" \/>\n<meta property=\"og:locale\" content=\"de_DE\" \/>\n<meta property=\"og:type\" content=\"article\" \/>\n<meta property=\"og:title\" content=\"Giulia Foscari: Architektur, Venedig und Klima - Mohd\" \/>\n<meta property=\"og:description\" content=\"Von der Leuchte Criosfera f\u00fcr Artemide bis zu Venedig und UNLESS: Giulia Foscari spricht \u00fcber die Rolle des Projekts zwischen Kultur und Klima.\" \/>\n<meta property=\"og:url\" content=\"https:\/\/www.mohd.it\/de\/magazine\/giulia-foscari-verantwortungsbewusst-gestalten-zwischen-venedig-forschung-und-aktivismus\/\" \/>\n<meta property=\"og:site_name\" content=\"Mohd\" \/>\n<meta property=\"article:publisher\" content=\"https:\/\/www.facebook.com\/mollurahomedesign\" \/>\n<meta property=\"article:published_time\" content=\"2026-07-15T09:13:23+00:00\" \/>\n<meta property=\"article:modified_time\" content=\"2026-07-15T09:13:24+00:00\" \/>\n<meta property=\"og:image\" content=\"https:\/\/www.mohd.it\/wp-content\/uploads\/2026\/07\/Giulia-Foscari.png\" \/>\n\t<meta property=\"og:image:width\" content=\"1300\" \/>\n\t<meta property=\"og:image:height\" content=\"980\" \/>\n\t<meta property=\"og:image:type\" content=\"image\/png\" \/>\n<meta name=\"author\" content=\"Noemi Cris\u00e0\" \/>\n<meta name=\"twitter:card\" content=\"summary_large_image\" \/>\n<meta name=\"twitter:creator\" content=\"@mohd_homedesign\" \/>\n<meta name=\"twitter:site\" content=\"@mohd_homedesign\" \/>\n<meta name=\"twitter:label1\" content=\"Verfasst von\" \/>\n\t<meta name=\"twitter:data1\" content=\"Noemi Cris\u00e0\" \/>\n\t<meta name=\"twitter:label2\" content=\"Gesch\u00e4tzte Lesezeit\" \/>\n\t<meta name=\"twitter:data2\" content=\"1\u00a0Minute\" \/>\n<script type=\"application\/ld+json\" class=\"yoast-schema-graph\">{\"@context\":\"https:\/\/schema.org\",\"@graph\":[{\"@type\":\"Article\",\"@id\":\"https:\/\/www.mohd.it\/de\/magazine\/giulia-foscari-verantwortungsbewusst-gestalten-zwischen-venedig-forschung-und-aktivismus\/#article\",\"isPartOf\":{\"@id\":\"https:\/\/www.mohd.it\/de\/magazine\/giulia-foscari-verantwortungsbewusst-gestalten-zwischen-venedig-forschung-und-aktivismus\/\"},\"author\":{\"name\":\"Noemi Cris\u00e0\",\"@id\":\"https:\/\/www.mohd.it\/de\/#\/schema\/person\/d237bc94bea0bfe5020d1c41b41f6af2\"},\"headline\":\"Giulia Foscari: Verantwortungsbewusst gestalten \u2013 zwischen Venedig, Forschung und Aktivismus\",\"datePublished\":\"2026-07-15T09:13:23+00:00\",\"dateModified\":\"2026-07-15T09:13:24+00:00\",\"mainEntityOfPage\":{\"@id\":\"https:\/\/www.mohd.it\/de\/magazine\/giulia-foscari-verantwortungsbewusst-gestalten-zwischen-venedig-forschung-und-aktivismus\/\"},\"wordCount\":1229,\"publisher\":{\"@id\":\"https:\/\/www.mohd.it\/de\/#organization\"},\"image\":{\"@id\":\"https:\/\/www.mohd.it\/de\/magazine\/giulia-foscari-verantwortungsbewusst-gestalten-zwischen-venedig-forschung-und-aktivismus\/#primaryimage\"},\"thumbnailUrl\":\"https:\/\/www.mohd.it\/wp-content\/uploads\/2026\/07\/Giulia-Foscari.png\",\"articleSection\":[\"Designerportr\u00e4ts\"],\"inLanguage\":\"de\"},{\"@type\":\"WebPage\",\"@id\":\"https:\/\/www.mohd.it\/de\/magazine\/giulia-foscari-verantwortungsbewusst-gestalten-zwischen-venedig-forschung-und-aktivismus\/\",\"url\":\"https:\/\/www.mohd.it\/de\/magazine\/giulia-foscari-verantwortungsbewusst-gestalten-zwischen-venedig-forschung-und-aktivismus\/\",\"name\":\"Giulia Foscari: Architektur, Venedig und Klima - Mohd\",\"isPartOf\":{\"@id\":\"https:\/\/www.mohd.it\/de\/#website\"},\"primaryImageOfPage\":{\"@id\":\"https:\/\/www.mohd.it\/de\/magazine\/giulia-foscari-verantwortungsbewusst-gestalten-zwischen-venedig-forschung-und-aktivismus\/#primaryimage\"},\"image\":{\"@id\":\"https:\/\/www.mohd.it\/de\/magazine\/giulia-foscari-verantwortungsbewusst-gestalten-zwischen-venedig-forschung-und-aktivismus\/#primaryimage\"},\"thumbnailUrl\":\"https:\/\/www.mohd.it\/wp-content\/uploads\/2026\/07\/Giulia-Foscari.png\",\"datePublished\":\"2026-07-15T09:13:23+00:00\",\"dateModified\":\"2026-07-15T09:13:24+00:00\",\"description\":\"Von der Leuchte Criosfera f\u00fcr Artemide bis zu Venedig und UNLESS: Giulia Foscari spricht \u00fcber die Rolle des Projekts zwischen Kultur und Klima.\",\"breadcrumb\":{\"@id\":\"https:\/\/www.mohd.it\/de\/magazine\/giulia-foscari-verantwortungsbewusst-gestalten-zwischen-venedig-forschung-und-aktivismus\/#breadcrumb\"},\"inLanguage\":\"de\",\"potentialAction\":[{\"@type\":\"ReadAction\",\"target\":[\"https:\/\/www.mohd.it\/de\/magazine\/giulia-foscari-verantwortungsbewusst-gestalten-zwischen-venedig-forschung-und-aktivismus\/\"]}]},{\"@type\":\"ImageObject\",\"inLanguage\":\"de\",\"@id\":\"https:\/\/www.mohd.it\/de\/magazine\/giulia-foscari-verantwortungsbewusst-gestalten-zwischen-venedig-forschung-und-aktivismus\/#primaryimage\",\"url\":\"https:\/\/www.mohd.it\/wp-content\/uploads\/2026\/07\/Giulia-Foscari.png\",\"contentUrl\":\"https:\/\/www.mohd.it\/wp-content\/uploads\/2026\/07\/Giulia-Foscari.png\",\"width\":1300,\"height\":980,\"caption\":\"Giulia Foscari\"},{\"@type\":\"BreadcrumbList\",\"@id\":\"https:\/\/www.mohd.it\/de\/magazine\/giulia-foscari-verantwortungsbewusst-gestalten-zwischen-venedig-forschung-und-aktivismus\/#breadcrumb\",\"itemListElement\":[{\"@type\":\"ListItem\",\"position\":1,\"name\":\"Home\",\"item\":\"https:\/\/www.mohd.it\/de\/\"},{\"@type\":\"ListItem\",\"position\":2,\"name\":\"Giulia Foscari: Verantwortungsbewusst gestalten \u2013 zwischen Venedig, Forschung und Aktivismus\"}]},{\"@type\":\"WebSite\",\"@id\":\"https:\/\/www.mohd.it\/de\/#website\",\"url\":\"https:\/\/www.mohd.it\/de\/\",\"name\":\"Mohd\",\"description\":\"\",\"publisher\":{\"@id\":\"https:\/\/www.mohd.it\/de\/#organization\"},\"potentialAction\":[{\"@type\":\"SearchAction\",\"target\":{\"@type\":\"EntryPoint\",\"urlTemplate\":\"https:\/\/www.mohd.it\/de\/?s={search_term_string}\"},\"query-input\":{\"@type\":\"PropertyValueSpecification\",\"valueRequired\":true,\"valueName\":\"search_term_string\"}}],\"inLanguage\":\"de\"},{\"@type\":\"Organization\",\"@id\":\"https:\/\/www.mohd.it\/de\/#organization\",\"name\":\"Mollura & C. SPA\",\"url\":\"https:\/\/www.mohd.it\/de\/\",\"logo\":{\"@type\":\"ImageObject\",\"inLanguage\":\"de\",\"@id\":\"https:\/\/www.mohd.it\/de\/#\/schema\/logo\/image\/\",\"url\":\"https:\/\/www.mohd.it\/wp-content\/uploads\/2020\/09\/mohd-logo.png\",\"contentUrl\":\"https:\/\/www.mohd.it\/wp-content\/uploads\/2020\/09\/mohd-logo.png\",\"width\":600,\"height\":600,\"caption\":\"Mollura & C. SPA\"},\"image\":{\"@id\":\"https:\/\/www.mohd.it\/de\/#\/schema\/logo\/image\/\"},\"sameAs\":[\"https:\/\/www.facebook.com\/mollurahomedesign\",\"https:\/\/x.com\/mohd_homedesign\",\"https:\/\/www.instagram.com\/mohd_homedesign\/\",\"https:\/\/it.linkedin.com\/company\/mohd-mollura-home-design\",\"https:\/\/www.pinterest.it\/mohdhomedesign\/\",\"https:\/\/www.youtube.com\/channel\/UCYLuPff6hq4z_o0GO0w1yaA\"]},{\"@type\":\"Person\",\"@id\":\"https:\/\/www.mohd.it\/de\/#\/schema\/person\/d237bc94bea0bfe5020d1c41b41f6af2\",\"name\":\"Noemi Cris\u00e0\",\"image\":{\"@type\":\"ImageObject\",\"inLanguage\":\"de\",\"@id\":\"https:\/\/www.mohd.it\/de\/#\/schema\/person\/image\/\",\"url\":\"https:\/\/secure.gravatar.com\/avatar\/6f959897d20f7190d0b1a9b0a1518d13?s=96&d=mm&r=g\",\"contentUrl\":\"https:\/\/secure.gravatar.com\/avatar\/6f959897d20f7190d0b1a9b0a1518d13?s=96&d=mm&r=g\",\"caption\":\"Noemi Cris\u00e0\"},\"url\":\"https:\/\/www.mohd.it\/de\/magazine\/author\/noemi\/\"}]}<\/script>\n<!-- \/ Yoast SEO plugin. -->","yoast_head_json":{"title":"Giulia Foscari: Architektur, Venedig und Klima - Mohd","description":"Von der Leuchte Criosfera f\u00fcr Artemide bis zu Venedig und UNLESS: Giulia Foscari spricht \u00fcber die Rolle des Projekts zwischen Kultur und Klima.","robots":{"index":"index","follow":"follow","max-snippet":"max-snippet:-1","max-image-preview":"max-image-preview:large","max-video-preview":"max-video-preview:-1"},"canonical":"https:\/\/www.mohd.it\/de\/magazine\/giulia-foscari-verantwortungsbewusst-gestalten-zwischen-venedig-forschung-und-aktivismus\/","og_locale":"de_DE","og_type":"article","og_title":"Giulia Foscari: Architektur, Venedig und Klima - Mohd","og_description":"Von der Leuchte Criosfera f\u00fcr Artemide bis zu Venedig und UNLESS: Giulia Foscari spricht \u00fcber die Rolle des Projekts zwischen Kultur und Klima.","og_url":"https:\/\/www.mohd.it\/de\/magazine\/giulia-foscari-verantwortungsbewusst-gestalten-zwischen-venedig-forschung-und-aktivismus\/","og_site_name":"Mohd","article_publisher":"https:\/\/www.facebook.com\/mollurahomedesign","article_published_time":"2026-07-15T09:13:23+00:00","article_modified_time":"2026-07-15T09:13:24+00:00","og_image":[{"width":1300,"height":980,"url":"https:\/\/www.mohd.it\/wp-content\/uploads\/2026\/07\/Giulia-Foscari.png","type":"image\/png"}],"author":"Noemi Cris\u00e0","twitter_card":"summary_large_image","twitter_creator":"@mohd_homedesign","twitter_site":"@mohd_homedesign","twitter_misc":{"Verfasst von":"Noemi Cris\u00e0","Gesch\u00e4tzte Lesezeit":"1\u00a0Minute"},"schema":{"@context":"https:\/\/schema.org","@graph":[{"@type":"Article","@id":"https:\/\/www.mohd.it\/de\/magazine\/giulia-foscari-verantwortungsbewusst-gestalten-zwischen-venedig-forschung-und-aktivismus\/#article","isPartOf":{"@id":"https:\/\/www.mohd.it\/de\/magazine\/giulia-foscari-verantwortungsbewusst-gestalten-zwischen-venedig-forschung-und-aktivismus\/"},"author":{"name":"Noemi Cris\u00e0","@id":"https:\/\/www.mohd.it\/de\/#\/schema\/person\/d237bc94bea0bfe5020d1c41b41f6af2"},"headline":"Giulia Foscari: Verantwortungsbewusst gestalten \u2013 zwischen Venedig, Forschung und Aktivismus","datePublished":"2026-07-15T09:13:23+00:00","dateModified":"2026-07-15T09:13:24+00:00","mainEntityOfPage":{"@id":"https:\/\/www.mohd.it\/de\/magazine\/giulia-foscari-verantwortungsbewusst-gestalten-zwischen-venedig-forschung-und-aktivismus\/"},"wordCount":1229,"publisher":{"@id":"https:\/\/www.mohd.it\/de\/#organization"},"image":{"@id":"https:\/\/www.mohd.it\/de\/magazine\/giulia-foscari-verantwortungsbewusst-gestalten-zwischen-venedig-forschung-und-aktivismus\/#primaryimage"},"thumbnailUrl":"https:\/\/www.mohd.it\/wp-content\/uploads\/2026\/07\/Giulia-Foscari.png","articleSection":["Designerportr\u00e4ts"],"inLanguage":"de"},{"@type":"WebPage","@id":"https:\/\/www.mohd.it\/de\/magazine\/giulia-foscari-verantwortungsbewusst-gestalten-zwischen-venedig-forschung-und-aktivismus\/","url":"https:\/\/www.mohd.it\/de\/magazine\/giulia-foscari-verantwortungsbewusst-gestalten-zwischen-venedig-forschung-und-aktivismus\/","name":"Giulia Foscari: Architektur, Venedig und Klima - Mohd","isPartOf":{"@id":"https:\/\/www.mohd.it\/de\/#website"},"primaryImageOfPage":{"@id":"https:\/\/www.mohd.it\/de\/magazine\/giulia-foscari-verantwortungsbewusst-gestalten-zwischen-venedig-forschung-und-aktivismus\/#primaryimage"},"image":{"@id":"https:\/\/www.mohd.it\/de\/magazine\/giulia-foscari-verantwortungsbewusst-gestalten-zwischen-venedig-forschung-und-aktivismus\/#primaryimage"},"thumbnailUrl":"https:\/\/www.mohd.it\/wp-content\/uploads\/2026\/07\/Giulia-Foscari.png","datePublished":"2026-07-15T09:13:23+00:00","dateModified":"2026-07-15T09:13:24+00:00","description":"Von der Leuchte Criosfera f\u00fcr Artemide bis zu Venedig und UNLESS: Giulia Foscari spricht \u00fcber die Rolle des Projekts zwischen Kultur und Klima.","breadcrumb":{"@id":"https:\/\/www.mohd.it\/de\/magazine\/giulia-foscari-verantwortungsbewusst-gestalten-zwischen-venedig-forschung-und-aktivismus\/#breadcrumb"},"inLanguage":"de","potentialAction":[{"@type":"ReadAction","target":["https:\/\/www.mohd.it\/de\/magazine\/giulia-foscari-verantwortungsbewusst-gestalten-zwischen-venedig-forschung-und-aktivismus\/"]}]},{"@type":"ImageObject","inLanguage":"de","@id":"https:\/\/www.mohd.it\/de\/magazine\/giulia-foscari-verantwortungsbewusst-gestalten-zwischen-venedig-forschung-und-aktivismus\/#primaryimage","url":"https:\/\/www.mohd.it\/wp-content\/uploads\/2026\/07\/Giulia-Foscari.png","contentUrl":"https:\/\/www.mohd.it\/wp-content\/uploads\/2026\/07\/Giulia-Foscari.png","width":1300,"height":980,"caption":"Giulia Foscari"},{"@type":"BreadcrumbList","@id":"https:\/\/www.mohd.it\/de\/magazine\/giulia-foscari-verantwortungsbewusst-gestalten-zwischen-venedig-forschung-und-aktivismus\/#breadcrumb","itemListElement":[{"@type":"ListItem","position":1,"name":"Home","item":"https:\/\/www.mohd.it\/de\/"},{"@type":"ListItem","position":2,"name":"Giulia Foscari: Verantwortungsbewusst gestalten \u2013 zwischen Venedig, Forschung und Aktivismus"}]},{"@type":"WebSite","@id":"https:\/\/www.mohd.it\/de\/#website","url":"https:\/\/www.mohd.it\/de\/","name":"Mohd","description":"","publisher":{"@id":"https:\/\/www.mohd.it\/de\/#organization"},"potentialAction":[{"@type":"SearchAction","target":{"@type":"EntryPoint","urlTemplate":"https:\/\/www.mohd.it\/de\/?s={search_term_string}"},"query-input":{"@type":"PropertyValueSpecification","valueRequired":true,"valueName":"search_term_string"}}],"inLanguage":"de"},{"@type":"Organization","@id":"https:\/\/www.mohd.it\/de\/#organization","name":"Mollura & C. SPA","url":"https:\/\/www.mohd.it\/de\/","logo":{"@type":"ImageObject","inLanguage":"de","@id":"https:\/\/www.mohd.it\/de\/#\/schema\/logo\/image\/","url":"https:\/\/www.mohd.it\/wp-content\/uploads\/2020\/09\/mohd-logo.png","contentUrl":"https:\/\/www.mohd.it\/wp-content\/uploads\/2020\/09\/mohd-logo.png","width":600,"height":600,"caption":"Mollura & C. SPA"},"image":{"@id":"https:\/\/www.mohd.it\/de\/#\/schema\/logo\/image\/"},"sameAs":["https:\/\/www.facebook.com\/mollurahomedesign","https:\/\/x.com\/mohd_homedesign","https:\/\/www.instagram.com\/mohd_homedesign\/","https:\/\/it.linkedin.com\/company\/mohd-mollura-home-design","https:\/\/www.pinterest.it\/mohdhomedesign\/","https:\/\/www.youtube.com\/channel\/UCYLuPff6hq4z_o0GO0w1yaA"]},{"@type":"Person","@id":"https:\/\/www.mohd.it\/de\/#\/schema\/person\/d237bc94bea0bfe5020d1c41b41f6af2","name":"Noemi Cris\u00e0","image":{"@type":"ImageObject","inLanguage":"de","@id":"https:\/\/www.mohd.it\/de\/#\/schema\/person\/image\/","url":"https:\/\/secure.gravatar.com\/avatar\/6f959897d20f7190d0b1a9b0a1518d13?s=96&d=mm&r=g","contentUrl":"https:\/\/secure.gravatar.com\/avatar\/6f959897d20f7190d0b1a9b0a1518d13?s=96&d=mm&r=g","caption":"Noemi Cris\u00e0"},"url":"https:\/\/www.mohd.it\/de\/magazine\/author\/noemi\/"}]}},"image":"https:\/\/www.mohd.it\/wp-content\/uploads\/2026\/07\/Giulia-Foscari-800x600.png","category":"Designerportr\u00e4ts","_links":{"self":[{"href":"https:\/\/www.mohd.it\/de\/wp-json\/wp\/v2\/posts\/126755","targetHints":{"allow":["GET"]}}],"collection":[{"href":"https:\/\/www.mohd.it\/de\/wp-json\/wp\/v2\/posts"}],"about":[{"href":"https:\/\/www.mohd.it\/de\/wp-json\/wp\/v2\/types\/post"}],"author":[{"embeddable":true,"href":"https:\/\/www.mohd.it\/de\/wp-json\/wp\/v2\/users\/18"}],"replies":[{"embeddable":true,"href":"https:\/\/www.mohd.it\/de\/wp-json\/wp\/v2\/comments?post=126755"}],"version-history":[{"count":4,"href":"https:\/\/www.mohd.it\/de\/wp-json\/wp\/v2\/posts\/126755\/revisions"}],"predecessor-version":[{"id":126776,"href":"https:\/\/www.mohd.it\/de\/wp-json\/wp\/v2\/posts\/126755\/revisions\/126776"}],"wp:featuredmedia":[{"embeddable":true,"href":"https:\/\/www.mohd.it\/de\/wp-json\/wp\/v2\/media\/126737"}],"wp:attachment":[{"href":"https:\/\/www.mohd.it\/de\/wp-json\/wp\/v2\/media?parent=126755"}],"wp:term":[{"taxonomy":"category","embeddable":true,"href":"https:\/\/www.mohd.it\/de\/wp-json\/wp\/v2\/categories?post=126755"},{"taxonomy":"post_tag","embeddable":true,"href":"https:\/\/www.mohd.it\/de\/wp-json\/wp\/v2\/tags?post=126755"}],"curies":[{"name":"wp","href":"https:\/\/api.w.org\/{rel}","templated":true}]}}