{"id":127619,"date":"2026-07-23T10:00:00","date_gmt":"2026-07-23T08:00:00","guid":{"rendered":"https:\/\/www.mohd.it\/?p=127619"},"modified":"2026-07-23T12:39:31","modified_gmt":"2026-07-23T10:39:31","slug":"laurids-gallee-und-die-poesie-der-wolken","status":"publish","type":"post","link":"https:\/\/www.mohd.it\/de\/magazine\/laurids-gallee-und-die-poesie-der-wolken\/","title":{"rendered":"Laurids Gall\u00e9e und die Poesie der Wolken"},"content":{"rendered":"\n<p>In der Arbeit von <strong><a href=\"https:\/\/shopmohd.com\/de\/designer\/laurids-gall%C3%A9e.html\">Laurids Gall\u00e9e<\/a><\/strong> verbinden sich Material und Vorstellungskraft zu einer freien, intuitiven und zutiefst atmosph\u00e4rischen Formensprache. Der an der Design Academy Eindhoven ausgebildete und heute in Rotterdam ans\u00e4ssige Designer erforscht das Ausdruckspotenzial von Materialien in Formen, die Staunen und Verwandlung hervorrufen. F\u00fcr <strong><a href=\"https:\/\/shopmohd.com\/de\/marken\/jov.html\">JOV<\/a><\/strong> entwarf er die Teppichkollektion Sussurro, die vom wandelbaren Charakter der Wolken inspiriert ist und nun durch die neue Farbpalette \u201eLumpy Space Bordeaux&#8220; erg\u00e4nzt wird. Die handgefertigten Teppiche aus neuseel\u00e4ndischer Wolle und Merinowolle \u00fcbersetzen Leichtigkeit, Tiefe und Farbwahrnehmung in immersive, dreidimensionale Textillandschaften.<\/p>\n\n\n\n<p><em>Interview in englischer Sprache gef\u00fchrt \u2013 deutsche \u00dcbersetzung und redaktionelle Bearbeitung.<\/em><\/p>\n\n\n\n<figure class=\"wp-block-image size-large\"><img loading=\"lazy\" decoding=\"async\" width=\"1024\" height=\"576\" src=\"https:\/\/www.mohd.it\/wp-content\/uploads\/2026\/07\/Laurids-Gallee-1024x576.png\" alt=\"Laurids Galle\u0301e\" class=\"wp-image-127608\" srcset=\"https:\/\/www.mohd.it\/wp-content\/uploads\/2026\/07\/Laurids-Gallee-1024x576.png 1024w, https:\/\/www.mohd.it\/wp-content\/uploads\/2026\/07\/Laurids-Gallee-300x169.png 300w, https:\/\/www.mohd.it\/wp-content\/uploads\/2026\/07\/Laurids-Gallee-768x432.png 768w, https:\/\/www.mohd.it\/wp-content\/uploads\/2026\/07\/Laurids-Gallee-1536x864.png 1536w, https:\/\/www.mohd.it\/wp-content\/uploads\/2026\/07\/Laurids-Gallee.png 1920w\" sizes=\"auto, (max-width: 1024px) 100vw, 1024px\" \/><\/figure>\n\n\n\n<p><strong>Wie hat Ihre Ausbildung an der Design Academy Eindhoven Ihren Designansatz gepr\u00e4gt?<\/strong><\/p>\n\n\n\n<p>Die Freiheit, die einem das niederl\u00e4ndische Bildungssystem und insbesondere die Design Academy Eindhoven lie\u00dfen, war ph\u00e4nomenal. Sie unterschied sich vollkommen von allen anderen kreativen Ausbildungen, die ich zuvor erlebt hatte. Man konnte praktisch alles tun, was man wollte: den eigenen Weg gestalten und sich genau mit dem besch\u00e4ftigen, was einen faszinierte. Man hatte seinen Weg selbst in der Hand. Diese Freiheit ist mir tief verankert geblieben, und ich glaube, dass sie es mir erm\u00f6glicht hat, so frei und intuitiv zu arbeiten.<\/p>\n\n\n<div class=\"board\">\n      <div class=\"board-items masonry-grid\">\n      <div class=\"board-item masonry-item\">\n  <div class=\"board-image\" style=\"padding-top:125%\">\n    <img decoding=\"async\" src=\"https:\/\/www.mohd.it\/wp-content\/uploads\/2026\/07\/Laurids-Gallee-JOV-Sussurro.png\" \/>\n  <\/div>\n  <\/div>\n<div class=\"board-item masonry-item\">\n  <div class=\"board-image\" style=\"padding-top:125%\">\n    <img decoding=\"async\" src=\"https:\/\/www.mohd.it\/wp-content\/uploads\/2026\/07\/Laurids-Gallee-JOV-Sussurro-3.png\" \/>\n  <\/div>\n  <\/div>\n    <\/div>\n    <\/div>\n\n\n\n<p><strong>Die Kollektion Sussurro wird nun durch die neue Farbvariante Lumpy Space Bordeaux erg\u00e4nzt. Wie ver\u00e4ndert diese besondere Palette im Vergleich zu den urspr\u00fcnglichen Farbt\u00f6nen die Wahrnehmung von Dreidimensionalit\u00e4t und Leichtigkeit?<\/strong><\/p>\n\n\n\n<p>Sie schafft vor allem eine andere Atmosph\u00e4re. Wolken ver\u00e4ndern sich ununterbrochen, am Himmel gibt es unendlich viele Farbkombinationen, und ich finde das \u00e4u\u00dferst inspirierend. Daraus ist die Palette Lumpy Space Bordeaux entstanden. Sie wirkt w\u00e4rmer und s\u00fcdlicher, fast wie ein sp\u00e4ter Sonnenuntergang. Der Himmel ist stets reich an Nuancen, und genau das wollte ich mit dieser neuen Farbpalette vermitteln.<\/p>\n\n\n\n<figure class=\"wp-block-image size-large\"><img loading=\"lazy\" decoding=\"async\" width=\"1024\" height=\"576\" src=\"https:\/\/www.mohd.it\/wp-content\/uploads\/2026\/07\/Laurids-Gallee-JOV-Sussurro-4-1024x576.png\" alt=\"Laurids Galle\u0301e JOV Sussurro\" class=\"wp-image-127578\" srcset=\"https:\/\/www.mohd.it\/wp-content\/uploads\/2026\/07\/Laurids-Gallee-JOV-Sussurro-4-1024x576.png 1024w, https:\/\/www.mohd.it\/wp-content\/uploads\/2026\/07\/Laurids-Gallee-JOV-Sussurro-4-300x169.png 300w, https:\/\/www.mohd.it\/wp-content\/uploads\/2026\/07\/Laurids-Gallee-JOV-Sussurro-4-768x432.png 768w, https:\/\/www.mohd.it\/wp-content\/uploads\/2026\/07\/Laurids-Gallee-JOV-Sussurro-4-1536x864.png 1536w, https:\/\/www.mohd.it\/wp-content\/uploads\/2026\/07\/Laurids-Gallee-JOV-Sussurro-4.png 1920w\" sizes=\"auto, (max-width: 1024px) 100vw, 1024px\" \/><\/figure>\n\n\n<div class=\"board\">\n      <div class=\"board-items masonry-grid\">\n      <div class=\"board-item masonry-item\">\n  <div class=\"board-image\" style=\"padding-top:125%\">\n    <img decoding=\"async\" src=\"https:\/\/www.mohd.it\/wp-content\/uploads\/2026\/07\/Laurids-Gallee-JOV-Sussurro-6.png\" \/>\n  <\/div>\n  <\/div>\n<div class=\"board-item masonry-item\">\n  <div class=\"board-product\" style=\"padding-top:125%\">\n    <img decoding=\"async\" src=\"https:\/\/www.mohd.it\/wp-content\/uploads\/2026\/07\/Laurids-Gallee-JOV-Sussurro-2.png\" \/>\n    <div class=\"content\">\n      <span class=\"brand\">JOV<\/span>      <span class=\"name\">Sussurro Teppich<\/span>\n    <\/div>\n    <div class=\"actions\">\n              <a href=\"https:\/\/shopmohd.com\/de\/sussurro-teppich.html\" class=\"button\">Acquista<\/a>\n            \t\t          <\/div>\n  <\/div>\n    <\/div>\n    <\/div>\n    <\/div>\n\n\n\n<p><strong>Die Muster dieser Kollektion sind vom wandelbaren Wesen der Wolken inspiriert. Wie ist es Ihnen gelungen, etwas so Fl\u00fcchtiges und Ungreifbares mit der Dichte neuseel\u00e4ndischer Wolle und Merinowolle zu \u00fcbersetzen und dabei mit Florh\u00f6hen von bis zu 70 mm zu arbeiten?<\/strong><\/p>\n\n\n\n<p>Auch Wolle besitzt eine gewisse Transluzenz sowie eine Dicke und Dichte und eine luftige Qualit\u00e4t, die an Wolken erinnern. Sie verf\u00fcgt \u00fcber eine echte Tiefenwirkung, weshalb mir das Material ideal erschien, um etwas so Organisches und Nat\u00fcrliches nachzuempfinden. Es erzeugt ein \u00e4hnliches Gef\u00fchl, das ich als sehr wohltuend empfinde.<\/p>\n\n\n<div class=\"board\">\n      <div class=\"board-items masonry-grid\">\n      <div class=\"board-item masonry-item\">\n  <div class=\"board-image\" style=\"padding-top:125%\">\n    <img decoding=\"async\" src=\"https:\/\/www.mohd.it\/wp-content\/uploads\/2026\/07\/Laurids-Gallee-JOV-Sussurro-5.png\" \/>\n  <\/div>\n  <\/div>\n<div class=\"board-item masonry-item\">\n  <div class=\"board-image\" style=\"padding-top:125%\">\n    <img decoding=\"async\" src=\"https:\/\/www.mohd.it\/wp-content\/uploads\/2026\/07\/Laurids-Gallee-JOV-Sussurro-1.png\" \/>\n  <\/div>\n  <\/div>\n    <\/div>\n    <\/div>\n\n\n\n<p><strong>Die Einf\u00fchrung der neuen Farbpalette wird von einem intimen Fotoprojekt begleitet, das in Ihrem Studio in Rotterdam entstanden ist. Welche Rolle spielt die Atmosph\u00e4re Ihres t\u00e4glichen Arbeitsumfelds in Ihrem kreativen Prozess, und wie vermitteln diese Bilder Ihrer Meinung nach die besondere Farbsensibilit\u00e4t der Kollektion?<\/strong><\/p>\n\n\n\n<p>Unser Studio ist unglaublich hell und wird von viel nat\u00fcrlichem Licht durchflutet. Das ist ein echtes Geschenk, wenn man so intensiv mit Farbe arbeitet wie wir. Und in den Niederlanden, oder zumindest in Rotterdam, ist der Himmel spektakul\u00e4r. Die Wolken begleiten uns st\u00e4ndig, und mein Team und ich beobachten sie h\u00e4ufig voller Staunen. Dass sie in unserem Alltag so pr\u00e4sent sind, ist f\u00fcr dieses Projekt sehr wichtig. Daher w\u00fcrde ich sagen, dass auch die Helligkeit des Studios beeinflusst, wie wir mit Farbe arbeiten.<\/p>\n","protected":false},"excerpt":{"rendered":"<p>Laurids Gall\u00e9e spricht \u00fcber Sussurro f\u00fcr JOV: von Wolken inspirierte Teppiche im Zusammenspiel von Wolle, Farbe und einer neuen Idee dreidimensionaler Leichtigkeit.<\/p>\n","protected":false},"author":18,"featured_media":127606,"comment_status":"closed","ping_status":"closed","sticky":false,"template":"","format":"standard","meta":{"footnotes":""},"categories":[484],"tags":[],"class_list":["post-127619","post","type-post","status-publish","format-standard","has-post-thumbnail","hentry","category-designerportraets"],"yoast_head":"<!-- This site is optimized with the Yoast SEO plugin v24.0 - https:\/\/yoast.com\/wordpress\/plugins\/seo\/ -->\n<title>Laurids Gall\u00e9e pr\u00e4sentiert Sussurro f\u00fcr JOV - Mohd<\/title>\n<meta name=\"description\" content=\"Laurids Gall\u00e9e spricht \u00fcber Sussurro f\u00fcr JOV: von Wolken inspirierte Teppiche im Zusammenspiel von Wolle, Farbe und einer neuen Idee dreidimensionaler Leichtigkeit.\" \/>\n<meta name=\"robots\" content=\"index, follow, max-snippet:-1, max-image-preview:large, max-video-preview:-1\" \/>\n<link rel=\"canonical\" href=\"https:\/\/www.mohd.it\/de\/magazine\/laurids-gallee-und-die-poesie-der-wolken\/\" \/>\n<meta property=\"og:locale\" content=\"de_DE\" \/>\n<meta property=\"og:type\" content=\"article\" \/>\n<meta property=\"og:title\" content=\"Laurids Gall\u00e9e pr\u00e4sentiert Sussurro f\u00fcr JOV - Mohd\" \/>\n<meta property=\"og:description\" content=\"Laurids Gall\u00e9e spricht \u00fcber Sussurro f\u00fcr JOV: von Wolken inspirierte Teppiche im Zusammenspiel von Wolle, Farbe und einer neuen Idee dreidimensionaler Leichtigkeit.\" \/>\n<meta property=\"og:url\" content=\"https:\/\/www.mohd.it\/de\/magazine\/laurids-gallee-und-die-poesie-der-wolken\/\" \/>\n<meta property=\"og:site_name\" content=\"Mohd\" \/>\n<meta property=\"article:publisher\" content=\"https:\/\/www.facebook.com\/mollurahomedesign\" \/>\n<meta property=\"article:published_time\" content=\"2026-07-23T08:00:00+00:00\" \/>\n<meta property=\"article:modified_time\" content=\"2026-07-23T10:39:31+00:00\" \/>\n<meta property=\"og:image\" content=\"https:\/\/www.mohd.it\/wp-content\/uploads\/2026\/07\/Laurids-Gallee-1.png\" \/>\n\t<meta property=\"og:image:width\" content=\"1300\" \/>\n\t<meta property=\"og:image:height\" content=\"980\" \/>\n\t<meta property=\"og:image:type\" content=\"image\/png\" \/>\n<meta name=\"author\" content=\"Noemi Cris\u00e0\" \/>\n<meta name=\"twitter:card\" content=\"summary_large_image\" \/>\n<meta name=\"twitter:creator\" content=\"@mohd_homedesign\" \/>\n<meta name=\"twitter:site\" content=\"@mohd_homedesign\" \/>\n<meta name=\"twitter:label1\" content=\"Verfasst von\" \/>\n\t<meta name=\"twitter:data1\" content=\"Noemi Cris\u00e0\" \/>\n\t<meta name=\"twitter:label2\" content=\"Gesch\u00e4tzte Lesezeit\" \/>\n\t<meta name=\"twitter:data2\" content=\"4\u00a0Minuten\" \/>\n<script type=\"application\/ld+json\" class=\"yoast-schema-graph\">{\"@context\":\"https:\/\/schema.org\",\"@graph\":[{\"@type\":\"Article\",\"@id\":\"https:\/\/www.mohd.it\/de\/magazine\/laurids-gallee-und-die-poesie-der-wolken\/#article\",\"isPartOf\":{\"@id\":\"https:\/\/www.mohd.it\/de\/magazine\/laurids-gallee-und-die-poesie-der-wolken\/\"},\"author\":{\"name\":\"Noemi Cris\u00e0\",\"@id\":\"https:\/\/www.mohd.it\/de\/#\/schema\/person\/d237bc94bea0bfe5020d1c41b41f6af2\"},\"headline\":\"Laurids Gall\u00e9e und die Poesie der Wolken\",\"datePublished\":\"2026-07-23T08:00:00+00:00\",\"dateModified\":\"2026-07-23T10:39:31+00:00\",\"mainEntityOfPage\":{\"@id\":\"https:\/\/www.mohd.it\/de\/magazine\/laurids-gallee-und-die-poesie-der-wolken\/\"},\"wordCount\":545,\"publisher\":{\"@id\":\"https:\/\/www.mohd.it\/de\/#organization\"},\"image\":{\"@id\":\"https:\/\/www.mohd.it\/de\/magazine\/laurids-gallee-und-die-poesie-der-wolken\/#primaryimage\"},\"thumbnailUrl\":\"https:\/\/www.mohd.it\/wp-content\/uploads\/2026\/07\/Laurids-Gallee-1.png\",\"articleSection\":[\"Designerportr\u00e4ts\"],\"inLanguage\":\"de\"},{\"@type\":\"WebPage\",\"@id\":\"https:\/\/www.mohd.it\/de\/magazine\/laurids-gallee-und-die-poesie-der-wolken\/\",\"url\":\"https:\/\/www.mohd.it\/de\/magazine\/laurids-gallee-und-die-poesie-der-wolken\/\",\"name\":\"Laurids Gall\u00e9e pr\u00e4sentiert Sussurro f\u00fcr JOV - Mohd\",\"isPartOf\":{\"@id\":\"https:\/\/www.mohd.it\/de\/#website\"},\"primaryImageOfPage\":{\"@id\":\"https:\/\/www.mohd.it\/de\/magazine\/laurids-gallee-und-die-poesie-der-wolken\/#primaryimage\"},\"image\":{\"@id\":\"https:\/\/www.mohd.it\/de\/magazine\/laurids-gallee-und-die-poesie-der-wolken\/#primaryimage\"},\"thumbnailUrl\":\"https:\/\/www.mohd.it\/wp-content\/uploads\/2026\/07\/Laurids-Gallee-1.png\",\"datePublished\":\"2026-07-23T08:00:00+00:00\",\"dateModified\":\"2026-07-23T10:39:31+00:00\",\"description\":\"Laurids Gall\u00e9e spricht \u00fcber Sussurro f\u00fcr JOV: von Wolken inspirierte Teppiche im Zusammenspiel von Wolle, Farbe und einer neuen Idee dreidimensionaler Leichtigkeit.\",\"breadcrumb\":{\"@id\":\"https:\/\/www.mohd.it\/de\/magazine\/laurids-gallee-und-die-poesie-der-wolken\/#breadcrumb\"},\"inLanguage\":\"de\",\"potentialAction\":[{\"@type\":\"ReadAction\",\"target\":[\"https:\/\/www.mohd.it\/de\/magazine\/laurids-gallee-und-die-poesie-der-wolken\/\"]}]},{\"@type\":\"ImageObject\",\"inLanguage\":\"de\",\"@id\":\"https:\/\/www.mohd.it\/de\/magazine\/laurids-gallee-und-die-poesie-der-wolken\/#primaryimage\",\"url\":\"https:\/\/www.mohd.it\/wp-content\/uploads\/2026\/07\/Laurids-Gallee-1.png\",\"contentUrl\":\"https:\/\/www.mohd.it\/wp-content\/uploads\/2026\/07\/Laurids-Gallee-1.png\",\"width\":1300,\"height\":980,\"caption\":\"Laurids Galle\u0301e\"},{\"@type\":\"BreadcrumbList\",\"@id\":\"https:\/\/www.mohd.it\/de\/magazine\/laurids-gallee-und-die-poesie-der-wolken\/#breadcrumb\",\"itemListElement\":[{\"@type\":\"ListItem\",\"position\":1,\"name\":\"Home\",\"item\":\"https:\/\/www.mohd.it\/de\/\"},{\"@type\":\"ListItem\",\"position\":2,\"name\":\"Laurids Gall\u00e9e und die Poesie der Wolken\"}]},{\"@type\":\"WebSite\",\"@id\":\"https:\/\/www.mohd.it\/de\/#website\",\"url\":\"https:\/\/www.mohd.it\/de\/\",\"name\":\"Mohd\",\"description\":\"\",\"publisher\":{\"@id\":\"https:\/\/www.mohd.it\/de\/#organization\"},\"potentialAction\":[{\"@type\":\"SearchAction\",\"target\":{\"@type\":\"EntryPoint\",\"urlTemplate\":\"https:\/\/www.mohd.it\/de\/?s={search_term_string}\"},\"query-input\":{\"@type\":\"PropertyValueSpecification\",\"valueRequired\":true,\"valueName\":\"search_term_string\"}}],\"inLanguage\":\"de\"},{\"@type\":\"Organization\",\"@id\":\"https:\/\/www.mohd.it\/de\/#organization\",\"name\":\"Mollura & C. SPA\",\"url\":\"https:\/\/www.mohd.it\/de\/\",\"logo\":{\"@type\":\"ImageObject\",\"inLanguage\":\"de\",\"@id\":\"https:\/\/www.mohd.it\/de\/#\/schema\/logo\/image\/\",\"url\":\"https:\/\/www.mohd.it\/wp-content\/uploads\/2020\/09\/mohd-logo.png\",\"contentUrl\":\"https:\/\/www.mohd.it\/wp-content\/uploads\/2020\/09\/mohd-logo.png\",\"width\":600,\"height\":600,\"caption\":\"Mollura & C. SPA\"},\"image\":{\"@id\":\"https:\/\/www.mohd.it\/de\/#\/schema\/logo\/image\/\"},\"sameAs\":[\"https:\/\/www.facebook.com\/mollurahomedesign\",\"https:\/\/x.com\/mohd_homedesign\",\"https:\/\/www.instagram.com\/mohd_homedesign\/\",\"https:\/\/it.linkedin.com\/company\/mohd-mollura-home-design\",\"https:\/\/www.pinterest.it\/mohdhomedesign\/\",\"https:\/\/www.youtube.com\/channel\/UCYLuPff6hq4z_o0GO0w1yaA\"]},{\"@type\":\"Person\",\"@id\":\"https:\/\/www.mohd.it\/de\/#\/schema\/person\/d237bc94bea0bfe5020d1c41b41f6af2\",\"name\":\"Noemi Cris\u00e0\",\"image\":{\"@type\":\"ImageObject\",\"inLanguage\":\"de\",\"@id\":\"https:\/\/www.mohd.it\/de\/#\/schema\/person\/image\/\",\"url\":\"https:\/\/secure.gravatar.com\/avatar\/6f959897d20f7190d0b1a9b0a1518d13?s=96&d=mm&r=g\",\"contentUrl\":\"https:\/\/secure.gravatar.com\/avatar\/6f959897d20f7190d0b1a9b0a1518d13?s=96&d=mm&r=g\",\"caption\":\"Noemi Cris\u00e0\"},\"url\":\"https:\/\/www.mohd.it\/de\/magazine\/author\/noemi\/\"}]}<\/script>\n<!-- \/ Yoast SEO plugin. -->","yoast_head_json":{"title":"Laurids Gall\u00e9e pr\u00e4sentiert Sussurro f\u00fcr JOV - Mohd","description":"Laurids Gall\u00e9e spricht \u00fcber Sussurro f\u00fcr JOV: von Wolken inspirierte Teppiche im Zusammenspiel von Wolle, Farbe und einer neuen Idee dreidimensionaler Leichtigkeit.","robots":{"index":"index","follow":"follow","max-snippet":"max-snippet:-1","max-image-preview":"max-image-preview:large","max-video-preview":"max-video-preview:-1"},"canonical":"https:\/\/www.mohd.it\/de\/magazine\/laurids-gallee-und-die-poesie-der-wolken\/","og_locale":"de_DE","og_type":"article","og_title":"Laurids Gall\u00e9e pr\u00e4sentiert Sussurro f\u00fcr JOV - Mohd","og_description":"Laurids Gall\u00e9e spricht \u00fcber Sussurro f\u00fcr JOV: von Wolken inspirierte Teppiche im Zusammenspiel von Wolle, Farbe und einer neuen Idee dreidimensionaler Leichtigkeit.","og_url":"https:\/\/www.mohd.it\/de\/magazine\/laurids-gallee-und-die-poesie-der-wolken\/","og_site_name":"Mohd","article_publisher":"https:\/\/www.facebook.com\/mollurahomedesign","article_published_time":"2026-07-23T08:00:00+00:00","article_modified_time":"2026-07-23T10:39:31+00:00","og_image":[{"width":1300,"height":980,"url":"https:\/\/www.mohd.it\/wp-content\/uploads\/2026\/07\/Laurids-Gallee-1.png","type":"image\/png"}],"author":"Noemi Cris\u00e0","twitter_card":"summary_large_image","twitter_creator":"@mohd_homedesign","twitter_site":"@mohd_homedesign","twitter_misc":{"Verfasst von":"Noemi Cris\u00e0","Gesch\u00e4tzte Lesezeit":"4\u00a0Minuten"},"schema":{"@context":"https:\/\/schema.org","@graph":[{"@type":"Article","@id":"https:\/\/www.mohd.it\/de\/magazine\/laurids-gallee-und-die-poesie-der-wolken\/#article","isPartOf":{"@id":"https:\/\/www.mohd.it\/de\/magazine\/laurids-gallee-und-die-poesie-der-wolken\/"},"author":{"name":"Noemi Cris\u00e0","@id":"https:\/\/www.mohd.it\/de\/#\/schema\/person\/d237bc94bea0bfe5020d1c41b41f6af2"},"headline":"Laurids Gall\u00e9e und die Poesie der Wolken","datePublished":"2026-07-23T08:00:00+00:00","dateModified":"2026-07-23T10:39:31+00:00","mainEntityOfPage":{"@id":"https:\/\/www.mohd.it\/de\/magazine\/laurids-gallee-und-die-poesie-der-wolken\/"},"wordCount":545,"publisher":{"@id":"https:\/\/www.mohd.it\/de\/#organization"},"image":{"@id":"https:\/\/www.mohd.it\/de\/magazine\/laurids-gallee-und-die-poesie-der-wolken\/#primaryimage"},"thumbnailUrl":"https:\/\/www.mohd.it\/wp-content\/uploads\/2026\/07\/Laurids-Gallee-1.png","articleSection":["Designerportr\u00e4ts"],"inLanguage":"de"},{"@type":"WebPage","@id":"https:\/\/www.mohd.it\/de\/magazine\/laurids-gallee-und-die-poesie-der-wolken\/","url":"https:\/\/www.mohd.it\/de\/magazine\/laurids-gallee-und-die-poesie-der-wolken\/","name":"Laurids Gall\u00e9e pr\u00e4sentiert Sussurro f\u00fcr JOV - Mohd","isPartOf":{"@id":"https:\/\/www.mohd.it\/de\/#website"},"primaryImageOfPage":{"@id":"https:\/\/www.mohd.it\/de\/magazine\/laurids-gallee-und-die-poesie-der-wolken\/#primaryimage"},"image":{"@id":"https:\/\/www.mohd.it\/de\/magazine\/laurids-gallee-und-die-poesie-der-wolken\/#primaryimage"},"thumbnailUrl":"https:\/\/www.mohd.it\/wp-content\/uploads\/2026\/07\/Laurids-Gallee-1.png","datePublished":"2026-07-23T08:00:00+00:00","dateModified":"2026-07-23T10:39:31+00:00","description":"Laurids Gall\u00e9e spricht \u00fcber Sussurro f\u00fcr JOV: von Wolken inspirierte Teppiche im Zusammenspiel von Wolle, Farbe und einer neuen Idee dreidimensionaler Leichtigkeit.","breadcrumb":{"@id":"https:\/\/www.mohd.it\/de\/magazine\/laurids-gallee-und-die-poesie-der-wolken\/#breadcrumb"},"inLanguage":"de","potentialAction":[{"@type":"ReadAction","target":["https:\/\/www.mohd.it\/de\/magazine\/laurids-gallee-und-die-poesie-der-wolken\/"]}]},{"@type":"ImageObject","inLanguage":"de","@id":"https:\/\/www.mohd.it\/de\/magazine\/laurids-gallee-und-die-poesie-der-wolken\/#primaryimage","url":"https:\/\/www.mohd.it\/wp-content\/uploads\/2026\/07\/Laurids-Gallee-1.png","contentUrl":"https:\/\/www.mohd.it\/wp-content\/uploads\/2026\/07\/Laurids-Gallee-1.png","width":1300,"height":980,"caption":"Laurids Galle\u0301e"},{"@type":"BreadcrumbList","@id":"https:\/\/www.mohd.it\/de\/magazine\/laurids-gallee-und-die-poesie-der-wolken\/#breadcrumb","itemListElement":[{"@type":"ListItem","position":1,"name":"Home","item":"https:\/\/www.mohd.it\/de\/"},{"@type":"ListItem","position":2,"name":"Laurids Gall\u00e9e und die Poesie der Wolken"}]},{"@type":"WebSite","@id":"https:\/\/www.mohd.it\/de\/#website","url":"https:\/\/www.mohd.it\/de\/","name":"Mohd","description":"","publisher":{"@id":"https:\/\/www.mohd.it\/de\/#organization"},"potentialAction":[{"@type":"SearchAction","target":{"@type":"EntryPoint","urlTemplate":"https:\/\/www.mohd.it\/de\/?s={search_term_string}"},"query-input":{"@type":"PropertyValueSpecification","valueRequired":true,"valueName":"search_term_string"}}],"inLanguage":"de"},{"@type":"Organization","@id":"https:\/\/www.mohd.it\/de\/#organization","name":"Mollura & C. SPA","url":"https:\/\/www.mohd.it\/de\/","logo":{"@type":"ImageObject","inLanguage":"de","@id":"https:\/\/www.mohd.it\/de\/#\/schema\/logo\/image\/","url":"https:\/\/www.mohd.it\/wp-content\/uploads\/2020\/09\/mohd-logo.png","contentUrl":"https:\/\/www.mohd.it\/wp-content\/uploads\/2020\/09\/mohd-logo.png","width":600,"height":600,"caption":"Mollura & C. SPA"},"image":{"@id":"https:\/\/www.mohd.it\/de\/#\/schema\/logo\/image\/"},"sameAs":["https:\/\/www.facebook.com\/mollurahomedesign","https:\/\/x.com\/mohd_homedesign","https:\/\/www.instagram.com\/mohd_homedesign\/","https:\/\/it.linkedin.com\/company\/mohd-mollura-home-design","https:\/\/www.pinterest.it\/mohdhomedesign\/","https:\/\/www.youtube.com\/channel\/UCYLuPff6hq4z_o0GO0w1yaA"]},{"@type":"Person","@id":"https:\/\/www.mohd.it\/de\/#\/schema\/person\/d237bc94bea0bfe5020d1c41b41f6af2","name":"Noemi Cris\u00e0","image":{"@type":"ImageObject","inLanguage":"de","@id":"https:\/\/www.mohd.it\/de\/#\/schema\/person\/image\/","url":"https:\/\/secure.gravatar.com\/avatar\/6f959897d20f7190d0b1a9b0a1518d13?s=96&d=mm&r=g","contentUrl":"https:\/\/secure.gravatar.com\/avatar\/6f959897d20f7190d0b1a9b0a1518d13?s=96&d=mm&r=g","caption":"Noemi Cris\u00e0"},"url":"https:\/\/www.mohd.it\/de\/magazine\/author\/noemi\/"}]}},"image":"https:\/\/www.mohd.it\/wp-content\/uploads\/2026\/07\/Laurids-Gallee-1-800x600.png","category":"Designerportr\u00e4ts","_links":{"self":[{"href":"https:\/\/www.mohd.it\/de\/wp-json\/wp\/v2\/posts\/127619","targetHints":{"allow":["GET"]}}],"collection":[{"href":"https:\/\/www.mohd.it\/de\/wp-json\/wp\/v2\/posts"}],"about":[{"href":"https:\/\/www.mohd.it\/de\/wp-json\/wp\/v2\/types\/post"}],"author":[{"embeddable":true,"href":"https:\/\/www.mohd.it\/de\/wp-json\/wp\/v2\/users\/18"}],"replies":[{"embeddable":true,"href":"https:\/\/www.mohd.it\/de\/wp-json\/wp\/v2\/comments?post=127619"}],"version-history":[{"count":7,"href":"https:\/\/www.mohd.it\/de\/wp-json\/wp\/v2\/posts\/127619\/revisions"}],"predecessor-version":[{"id":127922,"href":"https:\/\/www.mohd.it\/de\/wp-json\/wp\/v2\/posts\/127619\/revisions\/127922"}],"wp:featuredmedia":[{"embeddable":true,"href":"https:\/\/www.mohd.it\/de\/wp-json\/wp\/v2\/media\/127606"}],"wp:attachment":[{"href":"https:\/\/www.mohd.it\/de\/wp-json\/wp\/v2\/media?parent=127619"}],"wp:term":[{"taxonomy":"category","embeddable":true,"href":"https:\/\/www.mohd.it\/de\/wp-json\/wp\/v2\/categories?post=127619"},{"taxonomy":"post_tag","embeddable":true,"href":"https:\/\/www.mohd.it\/de\/wp-json\/wp\/v2\/tags?post=127619"}],"curies":[{"name":"wp","href":"https:\/\/api.w.org\/{rel}","templated":true}]}}