{"id":127776,"date":"2026-07-25T10:00:00","date_gmt":"2026-07-25T08:00:00","guid":{"rendered":"https:\/\/www.mohd.it\/?p=127776"},"modified":"2026-07-25T10:00:06","modified_gmt":"2026-07-25T08:00:06","slug":"levante-von-luceplan-wenn-licht-durch-materie-atmet","status":"publish","type":"post","link":"https:\/\/www.mohd.it\/de\/magazine\/levante-von-luceplan-wenn-licht-durch-materie-atmet\/","title":{"rendered":"Levante von Luceplan: Wenn Licht durch Materie atmet"},"content":{"rendered":"\n<p>Manche Elemente beleuchten einen Raum lediglich, andere ver\u00e4ndern grundlegend, wie wir ihn wahrnehmen und erleben. Der Unterschied mag subtil erscheinen, ist jedoch von entscheidender Bedeutung. Im zeitgen\u00f6ssischen Design hat sich Licht von einer rein technischen Notwendigkeit zu einer beinahe unsichtbaren Substanz entwickelt, die die Atmosph\u00e4re eines Raumes pr\u00e4gt. Wie bei der Musik liegt seine Bedeutung nicht allein in seinem Wesen, sondern in seiner Pr\u00e4senz im Raum.<\/p>\n\n\n\n<p>Vor diesem Hintergrund erlebt der Kronleuchter eine leise Neuerfindung. Einst vorwiegend dekoratives oder funktionales Element, kehrt er heute als architektonische Pr\u00e4senz zur\u00fcck \u2013 als Objekt im Spannungsfeld zwischen Technologie, Handwerk und Skulptur. Seine St\u00e4rke liegt zunehmend weniger in visueller Komplexit\u00e4t als in der F\u00e4higkeit, nahezu schwerelos zu erscheinen und das Licht selbst zum eigentlichen Protagonisten werden zu lassen.<\/p>\n\n\n\n<figure class=\"wp-block-image size-large\"><img loading=\"lazy\" decoding=\"async\" width=\"1024\" height=\"576\" src=\"https:\/\/www.mohd.it\/wp-content\/uploads\/2026\/07\/Luceplan-Levante-Marco-Spatti-2-1024x576.png\" alt=\"Luceplan Levante Marco Spatti\" class=\"wp-image-127759\" srcset=\"https:\/\/www.mohd.it\/wp-content\/uploads\/2026\/07\/Luceplan-Levante-Marco-Spatti-2-1024x576.png 1024w, https:\/\/www.mohd.it\/wp-content\/uploads\/2026\/07\/Luceplan-Levante-Marco-Spatti-2-300x169.png 300w, https:\/\/www.mohd.it\/wp-content\/uploads\/2026\/07\/Luceplan-Levante-Marco-Spatti-2-768x432.png 768w, https:\/\/www.mohd.it\/wp-content\/uploads\/2026\/07\/Luceplan-Levante-Marco-Spatti-2-1536x864.png 1536w, https:\/\/www.mohd.it\/wp-content\/uploads\/2026\/07\/Luceplan-Levante-Marco-Spatti-2.png 1920w\" sizes=\"auto, (max-width: 1024px) 100vw, 1024px\" \/><\/figure>\n\n\n\n<p>Genau dieses Streben nach Balance pr\u00e4gt das Konzept von <strong>Levante<\/strong>, der von <strong><a href=\"https:\/\/shopmohd.com\/de\/designer\/marco-spatti.html\">Marco Spatti<\/a><\/strong> f\u00fcr <strong><a href=\"https:\/\/shopmohd.com\/de\/marken\/luceplan.html\">Luceplan<\/a><\/strong> entworfenen Pendelleuchte. Das Modell besteht aus drei \u00e4u\u00dferst d\u00fcnnen, f\u00e4cherf\u00f6rmigen Segeln, die mit gr\u00f6\u00dfter Leichtigkeit durch den Raum zu gleiten scheinen. Gefertigt sind sie aus einem ungew\u00f6hnlichen Material, das normalerweise in der Lebensmittelindustrie eingesetzt wird. Es wirkt fragil und erinnert an Reispapier, erm\u00f6glicht zugleich jedoch eine gleichm\u00e4\u00dfige Lichtverteilung \u00fcber seine gesamte Oberfl\u00e4che.<\/p>\n\n\n\n<p>So entsteht eine Leuchte von bemerkenswerter Leichtigkeit, der eine rigorose technische Entwicklungsarbeit zugrunde liegt. Zugleich spiegelt der Entwurf die gestalterische Haltung von Marco Spatti wider. Der in Mailand ans\u00e4ssige Produktdesigner hat seine Arbeit auf den Dialog zwischen Innovation, Funktionalit\u00e4t und Materialexperimenten ausgerichtet. Jedes Projekt beginnt mit einer Auseinandersetzung mit Vergangenheit, Gegenwart und Zukunft des Designs, um vertraute Typologien mithilfe unerwarteter Materialien und neuer Fertigungstechnologien neu zu interpretieren.<\/p>\n\n\n\n<p><em>Interview in englischer Sprache gef\u00fchrt \u2013 deutsche \u00dcbersetzung und redaktionelle Bearbeitung.<\/em><\/p>\n\n\n<div class=\"board\">\n      <div class=\"board-items masonry-grid\">\n      <div class=\"board-item masonry-item\">\n  <div class=\"board-image\" style=\"padding-top:125%\">\n    <img decoding=\"async\" src=\"https:\/\/www.mohd.it\/wp-content\/uploads\/2026\/07\/Luceplan-Levante-Marco-Spatti-6.png\" \/>\n  <\/div>\n  <\/div>\n<div class=\"board-item masonry-item\">\n  <div class=\"board-image\" style=\"padding-top:125%\">\n    <img decoding=\"async\" src=\"https:\/\/www.mohd.it\/wp-content\/uploads\/2026\/07\/Luceplan-Levante-Marco-Spatti.png\" \/>\n  <\/div>\n  <\/div>\n    <\/div>\n    <\/div>\n\n\n\n<p><strong>Marco, Levante scheint sich zwischen einem industriellen Produkt und einer skulpturalen Pr\u00e4senz zu bewegen. Aus welcher urspr\u00fcnglichen Idee entstand das Projekt, und welche emotionale Wirkung wollten Sie vermitteln?<\/strong><\/p>\n\n\n\n<p>Die allererste Inspiration f\u00fcr Levante entstand aus der Betrachtung japanischer F\u00e4cher. Ihre Form legte eine ideale Struktur f\u00fcr ein Lichtobjekt nahe: einen generativen Kern, von dem aus sich das Licht nach au\u00dfen ausbreiten konnte.<br>Wir begannen damit, uns diese leuchtenden F\u00e4cher schwebend in einem Raum vorzustellen. Aus dieser ersten Ann\u00e4herung entwickelte sich nach und nach ein Produkt, das dieses Gef\u00fchl von Leichtigkeit und Levitation vollst\u00e4ndig vermitteln und zugleich aus industrieller Sicht effizient und nachhaltig sein konnte.<br>Bei genauerer Betrachtung erweist sich das scheinbar dekorative Objekt als hochgradig optimiertes Industrieprodukt, dessen endg\u00fcltige Form durch die Wiederholung von nur zwei identischen Elementen entsteht.<\/p>\n\n\n\n<div style=\"height:30px\" aria-hidden=\"true\" class=\"wp-block-spacer\"><\/div>\n\n\n\n<p><strong>Einer der faszinierendsten Aspekte von Levante ist die Verwendung eines Materials aus der Lebensmittelindustrie \u2013 einem Bereich, der nur selten mit Lichtdesign in Verbindung gebracht wird. Wie haben Sie sein Potenzial entdeckt, und welche Herausforderungen ergaben sich w\u00e4hrend der Entwicklung?<\/strong><\/p>\n\n\n\n<p>Das richtige Material f\u00fcr Levante zu finden, war ein anspruchsvoller Prozess. Zun\u00e4chst suchten wir nach einem nachhaltigen Material, das die erforderlichen technischen Eigenschaften erf\u00fcllte und gleichzeitig eine weiche und gleichm\u00e4\u00dfige Lichtstreuung erm\u00f6glichte. Wir f\u00fchrten umfangreiche Untersuchungen durch und pr\u00fcften eine gro\u00dfe Bandbreite an Materialien, von nat\u00fcrlichen und synthetischen Papieren bis hin zu gewebten und nicht gewebten Textilien.<br>Schlie\u00dflich entschieden wir uns f\u00fcr einen recycelten Vliesstoff eines japanischen Unternehmens. Er wurde haupts\u00e4chlich f\u00fcr die industrielle Filtration im Lebensmittelbereich eingesetzt und war zuvor noch nie nach Europa importiert worden. Das Material lie\u00df sich thermisch formen, was f\u00fcr uns von zentraler Bedeutung war, war leicht zu reinigen und besa\u00df eine au\u00dfergew\u00f6hnliche Textur mit Fasern, die an traditionelles Reispapier erinnern.<br>Die gr\u00f6\u00dfte Herausforderung bestand darin, den Bl\u00fctenbl\u00e4ttern die notwendige strukturelle Steifigkeit zu verleihen, insbesondere bei der Ausf\u00fchrung mit einem Durchmesser von einem Meter. Unz\u00e4hlige Versuche, Anpassungen und Verfeinerungen waren erforderlich, um das gew\u00fcnschte Ergebnis zu erreichen.<\/p>\n\n\n\n<figure class=\"wp-block-image size-large\"><img loading=\"lazy\" decoding=\"async\" width=\"1024\" height=\"576\" src=\"https:\/\/www.mohd.it\/wp-content\/uploads\/2026\/07\/Luceplan-Levante-Marco-Spatti-4-1024x576.png\" alt=\"Luceplan Levante Marco Spatti\" class=\"wp-image-127753\" srcset=\"https:\/\/www.mohd.it\/wp-content\/uploads\/2026\/07\/Luceplan-Levante-Marco-Spatti-4-1024x576.png 1024w, https:\/\/www.mohd.it\/wp-content\/uploads\/2026\/07\/Luceplan-Levante-Marco-Spatti-4-300x169.png 300w, https:\/\/www.mohd.it\/wp-content\/uploads\/2026\/07\/Luceplan-Levante-Marco-Spatti-4-768x432.png 768w, https:\/\/www.mohd.it\/wp-content\/uploads\/2026\/07\/Luceplan-Levante-Marco-Spatti-4-1536x864.png 1536w, https:\/\/www.mohd.it\/wp-content\/uploads\/2026\/07\/Luceplan-Levante-Marco-Spatti-4.png 1920w\" sizes=\"auto, (max-width: 1024px) 100vw, 1024px\" \/><\/figure>\n\n\n\n<p><strong>Die drei Segel lassen sich unterschiedlich deuten: als F\u00e4cher, Bl\u00e4tter, Segel oder sogar als lebendige Organismen. Welche Bedeutung hat diese Offenheit f\u00fcr unterschiedliche Interpretationen in Ihrer Arbeit? Lassen Sie bewusst Raum f\u00fcr pers\u00f6nliche Lesarten?<\/strong><\/p>\n\n\n\n<p>Manchmal erinnern Formen, wie in diesem Fall, an andere Dinge. Das ist jedoch lediglich eine nat\u00fcrliche Folge des \u00e4sthetischen Charakters bestimmter Objekte und keine bewusste Absicht. Entscheidend ist f\u00fcr mich, dass Objekte Formen besitzen, die positive und angenehme Assoziationen hervorrufen k\u00f6nnen.<br>Bei einem Objekt f\u00fcr den Wohnraum folgt die Form nicht nur der Funktion: Die Form ist selbst eine der Funktionen, die das Produkt erf\u00fcllen muss. Eine Leuchte bleibt auch dann in unserem Zuhause pr\u00e4sent, wenn sie ausgeschaltet ist, und sie muss auch in diesem Zustand \u00fcberzeugen.<\/p>\n\n\n\n<div style=\"height:30px\" aria-hidden=\"true\" class=\"wp-block-spacer\"><\/div>\n\n\n\n<p><strong>Die Lichtquelle bleibt vollst\u00e4ndig im zentralen Kern verborgen, sodass das Material selbst zu leuchten scheint. Geht es bei der Gestaltung von Licht heute zunehmend darum, Erlebnisse zu schaffen, anstatt lediglich Licht zu erzeugen?<\/strong><\/p>\n\n\n\n<p>Ich glaube nicht, dass sich Licht von der Atmosph\u00e4re trennen l\u00e4sst, die es unweigerlich schafft. Jede Leuchte bringt zwangsl\u00e4ufig eine bestimmte Atmosph\u00e4re mit sich. Die Aufgabe eines guten Designers besteht darin, die f\u00fcr das jeweilige Produkt passende Atmosph\u00e4re zu bestimmen und die Formen, Materialien und Technologien auszuw\u00e4hlen, die dazu beitragen, dieses Ergebnis zu erzielen.<\/p>\n\n\n\n<figure class=\"wp-block-image size-large\"><img loading=\"lazy\" decoding=\"async\" width=\"1024\" height=\"576\" src=\"https:\/\/www.mohd.it\/wp-content\/uploads\/2026\/07\/Luceplan-Levante-Marco-Spatti-3-1024x576.png\" alt=\"Luceplan Levante Marco Spatti\" class=\"wp-image-127747\" srcset=\"https:\/\/www.mohd.it\/wp-content\/uploads\/2026\/07\/Luceplan-Levante-Marco-Spatti-3-1024x576.png 1024w, https:\/\/www.mohd.it\/wp-content\/uploads\/2026\/07\/Luceplan-Levante-Marco-Spatti-3-300x169.png 300w, https:\/\/www.mohd.it\/wp-content\/uploads\/2026\/07\/Luceplan-Levante-Marco-Spatti-3-768x432.png 768w, https:\/\/www.mohd.it\/wp-content\/uploads\/2026\/07\/Luceplan-Levante-Marco-Spatti-3-1536x864.png 1536w, https:\/\/www.mohd.it\/wp-content\/uploads\/2026\/07\/Luceplan-Levante-Marco-Spatti-3.png 1920w\" sizes=\"auto, (max-width: 1024px) 100vw, 1024px\" \/><\/figure>\n\n\n\n<p><strong>Ihre Arbeit bringt Funktionalit\u00e4t und Experimentierfreude immer wieder in ein ausgewogenes Verh\u00e4ltnis. Wie haben Sie bei Levante technische Innovation, produktionstechnische Rahmenbedingungen und expressive Form miteinander in Einklang gebracht?<\/strong><\/p>\n\n\n\n<p>Bei Levante verlief der Prozess sehr \u00e4hnlich wie bei fast allen unseren Projekten. Von Anfang an hatten wir eine klare Vorstellung von dem Ergebnis, nach dem wir suchten. Wir hatten noch nicht das fertige Objekt vor Augen, wohl aber die Atmosph\u00e4re, die sein Licht erzeugen sollte, und die Sanftheit, die wir vermitteln wollten.<br>Ausgangspunkt war eine bestimmte Wirkung. Nachdem wir die formale L\u00f6sung gefunden hatten, arbeiteten wir gemeinsam mit dem Unternehmen an den technischen M\u00f6glichkeiten, mit denen sie sich realisieren lie\u00df. Von diesem Moment an wurde die technische Entwicklungsarbeit des Unternehmens zu einem grundlegenden Bestandteil des Projekts. Ein Designer allein reicht nicht aus, um Innovation zu schaffen. Ebenso braucht es ein Unternehmen, das experimentierfreudig und zukunftsorientiert ist. Ich hatte das Gl\u00fcck, ein solches zu finden.<\/p>\n\n\n\n<div style=\"height:30px\" aria-hidden=\"true\" class=\"wp-block-spacer\"><\/div>\n\n\n\n<p><strong>Von unseren Wohnr\u00e4umen erwarten wir zunehmend, dass sie Wohlbefinden, Ruhe und emotionale Geborgenheit f\u00f6rdern. Wie beeinflusst dieser kulturelle Wandel Ihrer Ansicht nach die Sprache des zeitgen\u00f6ssischen Lichtdesigns?<\/strong><\/p>\n\n\n\n<p>Das Bewusstsein der Menschen f\u00fcr die Qualit\u00e4t des Lichts und seinen Einfluss auf die Lebensqualit\u00e4t in einem Raum w\u00e4chst kontinuierlich.<br>Dieses Bewusstsein beeinflusst zwangsl\u00e4ufig die Auswahl von Leuchten. Um den damit verbundenen Erwartungen gerecht zu werden, m\u00fcssen sie mit immer gr\u00f6\u00dferer Aufmerksamkeit f\u00fcr die Qualit\u00e4t ihres Lichts gestaltet werden. Es ist unerl\u00e4sslich, das Produkt in dem Umfeld zu betrachten, f\u00fcr das es bestimmt ist, um zu verstehen, welche Eigenschaften dort angemessen sind.<br>Die Aufmerksamkeit f\u00fcr diese Aspekte pr\u00e4gt gemeinsam mit den M\u00f6glichkeiten kontinuierlicher technologischer Innovation \u2013 von LEDs und Linsen bis hin zu lichtstreuenden Materialien \u2013 die neuen Ausdrucksformen des Lichtdesigns.<\/p>\n\n\n<div class=\"board\">\n      <div class=\"board-items masonry-grid\">\n      <div class=\"board-item masonry-item\">\n  <div class=\"board-product\" style=\"padding-top:125%\">\n    <img decoding=\"async\" src=\"https:\/\/www.mohd.it\/wp-content\/uploads\/2026\/07\/Luceplan-Levante-Marco-Spatti-1.png\" \/>\n    <div class=\"content\">\n      <span class=\"brand\">Luceplan<\/span>      <span class=\"name\">Levante Stehleuchte<\/span>\n    <\/div>\n    <div class=\"actions\">\n              <a href=\"https:\/\/shopmohd.com\/de\/levante-stehleuchte.html\" class=\"button\">Acquista<\/a>\n            \t\t          <\/div>\n  <\/div>\n    <\/div>\n<div class=\"board-item masonry-item\">\n  <div class=\"board-product\" style=\"padding-top:125%\">\n    <img decoding=\"async\" src=\"https:\/\/www.mohd.it\/wp-content\/uploads\/2026\/07\/Luceplan-Levante-Marco-Spatti-5.png\" \/>\n    <div class=\"content\">\n      <span class=\"brand\">Luceplan<\/span>      <span class=\"name\">Levante \u00d8102 Pendelleuchte<\/span>\n    <\/div>\n    <div class=\"actions\">\n              <a href=\"https:\/\/shopmohd.com\/de\/levante-o102-pendelleuchte.html\" class=\"button\">Acquista<\/a>\n            \t\t          <\/div>\n  <\/div>\n    <\/div>\n    <\/div>\n    <\/div>\n\n\n\n<p><strong>Ihr Designprozess richtet den Blick h\u00e4ufig auf die Vergangenheit, um neue M\u00f6glichkeiten zu entwickeln. Gab es historische Referenzen, Typologien oder kulturelle Einfl\u00fcsse, die die Entwicklung von Levante auf subtile Weise gepr\u00e4gt haben?<\/strong><\/p>\n\n\n\n<p>Wie bereits erw\u00e4hnt, ist Levante in mehrfacher Hinsicht eng mit Fernost verbunden. Diese Verbindung beginnt bei den Formen, die an F\u00e4cher erinnern, und reicht bis zum Material selbst. Dieses stammt nicht nur aus Japan, sondern erinnert zugleich deutlich an das traditionell f\u00fcr asiatische Laternen verwendete Reispapier.<br>Auch der Name \u201eLevante&#8220; verweist unmittelbar auf Japan, das traditionell als Land der aufgehenden Sonne gilt. Im Italienischen weckt er zugleich die Vorstellung von etwas, das sich erhebt, schwebt oder zu levitieren scheint.<\/p>\n\n\n\n<div style=\"height:30px\" aria-hidden=\"true\" class=\"wp-block-spacer\"><\/div>\n\n\n\n<p><strong>Welche Materialien, Technologien oder neuen Ans\u00e4tze werden Ihrer Ansicht nach k\u00fcnftig den gr\u00f6\u00dften Einfluss auf das Lichtdesign haben? Und welche Rolle sollten Designer bei dieser Transformation \u00fcbernehmen?<\/strong><\/p>\n\n\n\n<p>Ich glaube, dass sich das Lichtdesign ebenso wie jeder andere Bereich zunehmend auf den Einsatz recycelter und recycelbarer Materialien konzentrieren muss.<br>Was die Rolle der Designer betrifft, besteht der einzig wirklich sinnvolle Grund, heute neue Objekte zu entwerfen \u2013 unabh\u00e4ngig von ihrer jeweiligen Art \u2013 darin, dass sie ein gewisses Ma\u00df an Innovation oder eine Form gestalterischer Intelligenz verk\u00f6rpern.<br>Andernfalls brauchen wir sie wahrscheinlich nicht.<\/p>\n","protected":false},"excerpt":{"rendered":"<p>Marco Spatti spricht \u00fcber Materialexperimente, die emotionale Wirkung des Lichts und eine Zukunft des Designs, in der Technologie unsichtbar wird.<\/p>\n","protected":false},"author":18,"featured_media":127733,"comment_status":"closed","ping_status":"closed","sticky":false,"template":"","format":"standard","meta":{"footnotes":""},"categories":[484],"tags":[],"class_list":["post-127776","post","type-post","status-publish","format-standard","has-post-thumbnail","hentry","category-designerportraets"],"yoast_head":"<!-- This site is optimized with the Yoast SEO plugin v24.0 - https:\/\/yoast.com\/wordpress\/plugins\/seo\/ -->\n<title>Levante von Luceplan: Wenn Licht durch Materie atmet - Mohd<\/title>\n<meta name=\"description\" content=\"Marco Spatti spricht \u00fcber Materialexperimente, die emotionale Wirkung des Lichts und eine Zukunft des Designs, in der Technologie unsichtbar wird.\" \/>\n<meta name=\"robots\" content=\"index, follow, max-snippet:-1, max-image-preview:large, max-video-preview:-1\" \/>\n<link rel=\"canonical\" href=\"https:\/\/www.mohd.it\/de\/magazine\/levante-von-luceplan-wenn-licht-durch-materie-atmet\/\" \/>\n<meta property=\"og:locale\" content=\"de_DE\" \/>\n<meta property=\"og:type\" content=\"article\" \/>\n<meta property=\"og:title\" content=\"Levante von Luceplan: Wenn Licht durch Materie atmet - Mohd\" \/>\n<meta property=\"og:description\" content=\"Marco Spatti spricht \u00fcber Materialexperimente, die emotionale Wirkung des Lichts und eine Zukunft des Designs, in der Technologie unsichtbar wird.\" \/>\n<meta property=\"og:url\" content=\"https:\/\/www.mohd.it\/de\/magazine\/levante-von-luceplan-wenn-licht-durch-materie-atmet\/\" \/>\n<meta property=\"og:site_name\" content=\"Mohd\" \/>\n<meta property=\"article:publisher\" content=\"https:\/\/www.facebook.com\/mollurahomedesign\" \/>\n<meta property=\"article:published_time\" content=\"2026-07-25T08:00:00+00:00\" \/>\n<meta property=\"article:modified_time\" content=\"2026-07-25T08:00:06+00:00\" \/>\n<meta property=\"og:image\" content=\"https:\/\/www.mohd.it\/wp-content\/uploads\/2026\/07\/Luceplan-Levante-Marco-Spatti-7.png\" \/>\n\t<meta property=\"og:image:width\" content=\"1300\" \/>\n\t<meta property=\"og:image:height\" content=\"980\" \/>\n\t<meta property=\"og:image:type\" content=\"image\/png\" \/>\n<meta name=\"author\" content=\"Noemi Cris\u00e0\" \/>\n<meta name=\"twitter:card\" content=\"summary_large_image\" \/>\n<meta name=\"twitter:creator\" content=\"@mohd_homedesign\" \/>\n<meta name=\"twitter:site\" content=\"@mohd_homedesign\" \/>\n<meta name=\"twitter:label1\" content=\"Verfasst von\" \/>\n\t<meta name=\"twitter:data1\" content=\"Noemi Cris\u00e0\" \/>\n\t<meta name=\"twitter:label2\" content=\"Gesch\u00e4tzte Lesezeit\" \/>\n\t<meta name=\"twitter:data2\" content=\"8\u00a0Minuten\" \/>\n<script type=\"application\/ld+json\" class=\"yoast-schema-graph\">{\"@context\":\"https:\/\/schema.org\",\"@graph\":[{\"@type\":\"Article\",\"@id\":\"https:\/\/www.mohd.it\/de\/magazine\/levante-von-luceplan-wenn-licht-durch-materie-atmet\/#article\",\"isPartOf\":{\"@id\":\"https:\/\/www.mohd.it\/de\/magazine\/levante-von-luceplan-wenn-licht-durch-materie-atmet\/\"},\"author\":{\"name\":\"Noemi Cris\u00e0\",\"@id\":\"https:\/\/www.mohd.it\/de\/#\/schema\/person\/d237bc94bea0bfe5020d1c41b41f6af2\"},\"headline\":\"Levante von Luceplan: Wenn Licht durch Materie atmet\",\"datePublished\":\"2026-07-25T08:00:00+00:00\",\"dateModified\":\"2026-07-25T08:00:06+00:00\",\"mainEntityOfPage\":{\"@id\":\"https:\/\/www.mohd.it\/de\/magazine\/levante-von-luceplan-wenn-licht-durch-materie-atmet\/\"},\"wordCount\":1396,\"publisher\":{\"@id\":\"https:\/\/www.mohd.it\/de\/#organization\"},\"image\":{\"@id\":\"https:\/\/www.mohd.it\/de\/magazine\/levante-von-luceplan-wenn-licht-durch-materie-atmet\/#primaryimage\"},\"thumbnailUrl\":\"https:\/\/www.mohd.it\/wp-content\/uploads\/2026\/07\/Luceplan-Levante-Marco-Spatti-7.png\",\"articleSection\":[\"Designerportr\u00e4ts\"],\"inLanguage\":\"de\"},{\"@type\":\"WebPage\",\"@id\":\"https:\/\/www.mohd.it\/de\/magazine\/levante-von-luceplan-wenn-licht-durch-materie-atmet\/\",\"url\":\"https:\/\/www.mohd.it\/de\/magazine\/levante-von-luceplan-wenn-licht-durch-materie-atmet\/\",\"name\":\"Levante von Luceplan: Wenn Licht durch Materie atmet - Mohd\",\"isPartOf\":{\"@id\":\"https:\/\/www.mohd.it\/de\/#website\"},\"primaryImageOfPage\":{\"@id\":\"https:\/\/www.mohd.it\/de\/magazine\/levante-von-luceplan-wenn-licht-durch-materie-atmet\/#primaryimage\"},\"image\":{\"@id\":\"https:\/\/www.mohd.it\/de\/magazine\/levante-von-luceplan-wenn-licht-durch-materie-atmet\/#primaryimage\"},\"thumbnailUrl\":\"https:\/\/www.mohd.it\/wp-content\/uploads\/2026\/07\/Luceplan-Levante-Marco-Spatti-7.png\",\"datePublished\":\"2026-07-25T08:00:00+00:00\",\"dateModified\":\"2026-07-25T08:00:06+00:00\",\"description\":\"Marco Spatti spricht \u00fcber Materialexperimente, die emotionale Wirkung des Lichts und eine Zukunft des Designs, in der Technologie unsichtbar wird.\",\"breadcrumb\":{\"@id\":\"https:\/\/www.mohd.it\/de\/magazine\/levante-von-luceplan-wenn-licht-durch-materie-atmet\/#breadcrumb\"},\"inLanguage\":\"de\",\"potentialAction\":[{\"@type\":\"ReadAction\",\"target\":[\"https:\/\/www.mohd.it\/de\/magazine\/levante-von-luceplan-wenn-licht-durch-materie-atmet\/\"]}]},{\"@type\":\"ImageObject\",\"inLanguage\":\"de\",\"@id\":\"https:\/\/www.mohd.it\/de\/magazine\/levante-von-luceplan-wenn-licht-durch-materie-atmet\/#primaryimage\",\"url\":\"https:\/\/www.mohd.it\/wp-content\/uploads\/2026\/07\/Luceplan-Levante-Marco-Spatti-7.png\",\"contentUrl\":\"https:\/\/www.mohd.it\/wp-content\/uploads\/2026\/07\/Luceplan-Levante-Marco-Spatti-7.png\",\"width\":1300,\"height\":980,\"caption\":\"Luceplan Levante Marco Spatti\"},{\"@type\":\"BreadcrumbList\",\"@id\":\"https:\/\/www.mohd.it\/de\/magazine\/levante-von-luceplan-wenn-licht-durch-materie-atmet\/#breadcrumb\",\"itemListElement\":[{\"@type\":\"ListItem\",\"position\":1,\"name\":\"Home\",\"item\":\"https:\/\/www.mohd.it\/de\/\"},{\"@type\":\"ListItem\",\"position\":2,\"name\":\"Levante von Luceplan: Wenn Licht durch Materie atmet\"}]},{\"@type\":\"WebSite\",\"@id\":\"https:\/\/www.mohd.it\/de\/#website\",\"url\":\"https:\/\/www.mohd.it\/de\/\",\"name\":\"Mohd\",\"description\":\"\",\"publisher\":{\"@id\":\"https:\/\/www.mohd.it\/de\/#organization\"},\"potentialAction\":[{\"@type\":\"SearchAction\",\"target\":{\"@type\":\"EntryPoint\",\"urlTemplate\":\"https:\/\/www.mohd.it\/de\/?s={search_term_string}\"},\"query-input\":{\"@type\":\"PropertyValueSpecification\",\"valueRequired\":true,\"valueName\":\"search_term_string\"}}],\"inLanguage\":\"de\"},{\"@type\":\"Organization\",\"@id\":\"https:\/\/www.mohd.it\/de\/#organization\",\"name\":\"Mollura & C. SPA\",\"url\":\"https:\/\/www.mohd.it\/de\/\",\"logo\":{\"@type\":\"ImageObject\",\"inLanguage\":\"de\",\"@id\":\"https:\/\/www.mohd.it\/de\/#\/schema\/logo\/image\/\",\"url\":\"https:\/\/www.mohd.it\/wp-content\/uploads\/2020\/09\/mohd-logo.png\",\"contentUrl\":\"https:\/\/www.mohd.it\/wp-content\/uploads\/2020\/09\/mohd-logo.png\",\"width\":600,\"height\":600,\"caption\":\"Mollura & C. SPA\"},\"image\":{\"@id\":\"https:\/\/www.mohd.it\/de\/#\/schema\/logo\/image\/\"},\"sameAs\":[\"https:\/\/www.facebook.com\/mollurahomedesign\",\"https:\/\/x.com\/mohd_homedesign\",\"https:\/\/www.instagram.com\/mohd_homedesign\/\",\"https:\/\/it.linkedin.com\/company\/mohd-mollura-home-design\",\"https:\/\/www.pinterest.it\/mohdhomedesign\/\",\"https:\/\/www.youtube.com\/channel\/UCYLuPff6hq4z_o0GO0w1yaA\"]},{\"@type\":\"Person\",\"@id\":\"https:\/\/www.mohd.it\/de\/#\/schema\/person\/d237bc94bea0bfe5020d1c41b41f6af2\",\"name\":\"Noemi Cris\u00e0\",\"image\":{\"@type\":\"ImageObject\",\"inLanguage\":\"de\",\"@id\":\"https:\/\/www.mohd.it\/de\/#\/schema\/person\/image\/\",\"url\":\"https:\/\/secure.gravatar.com\/avatar\/6f959897d20f7190d0b1a9b0a1518d13?s=96&d=mm&r=g\",\"contentUrl\":\"https:\/\/secure.gravatar.com\/avatar\/6f959897d20f7190d0b1a9b0a1518d13?s=96&d=mm&r=g\",\"caption\":\"Noemi Cris\u00e0\"},\"url\":\"https:\/\/www.mohd.it\/de\/magazine\/author\/noemi\/\"}]}<\/script>\n<!-- \/ Yoast SEO plugin. -->","yoast_head_json":{"title":"Levante von Luceplan: Wenn Licht durch Materie atmet - Mohd","description":"Marco Spatti spricht \u00fcber Materialexperimente, die emotionale Wirkung des Lichts und eine Zukunft des Designs, in der Technologie unsichtbar wird.","robots":{"index":"index","follow":"follow","max-snippet":"max-snippet:-1","max-image-preview":"max-image-preview:large","max-video-preview":"max-video-preview:-1"},"canonical":"https:\/\/www.mohd.it\/de\/magazine\/levante-von-luceplan-wenn-licht-durch-materie-atmet\/","og_locale":"de_DE","og_type":"article","og_title":"Levante von Luceplan: Wenn Licht durch Materie atmet - Mohd","og_description":"Marco Spatti spricht \u00fcber Materialexperimente, die emotionale Wirkung des Lichts und eine Zukunft des Designs, in der Technologie unsichtbar wird.","og_url":"https:\/\/www.mohd.it\/de\/magazine\/levante-von-luceplan-wenn-licht-durch-materie-atmet\/","og_site_name":"Mohd","article_publisher":"https:\/\/www.facebook.com\/mollurahomedesign","article_published_time":"2026-07-25T08:00:00+00:00","article_modified_time":"2026-07-25T08:00:06+00:00","og_image":[{"width":1300,"height":980,"url":"https:\/\/www.mohd.it\/wp-content\/uploads\/2026\/07\/Luceplan-Levante-Marco-Spatti-7.png","type":"image\/png"}],"author":"Noemi Cris\u00e0","twitter_card":"summary_large_image","twitter_creator":"@mohd_homedesign","twitter_site":"@mohd_homedesign","twitter_misc":{"Verfasst von":"Noemi Cris\u00e0","Gesch\u00e4tzte Lesezeit":"8\u00a0Minuten"},"schema":{"@context":"https:\/\/schema.org","@graph":[{"@type":"Article","@id":"https:\/\/www.mohd.it\/de\/magazine\/levante-von-luceplan-wenn-licht-durch-materie-atmet\/#article","isPartOf":{"@id":"https:\/\/www.mohd.it\/de\/magazine\/levante-von-luceplan-wenn-licht-durch-materie-atmet\/"},"author":{"name":"Noemi Cris\u00e0","@id":"https:\/\/www.mohd.it\/de\/#\/schema\/person\/d237bc94bea0bfe5020d1c41b41f6af2"},"headline":"Levante von Luceplan: Wenn Licht durch Materie atmet","datePublished":"2026-07-25T08:00:00+00:00","dateModified":"2026-07-25T08:00:06+00:00","mainEntityOfPage":{"@id":"https:\/\/www.mohd.it\/de\/magazine\/levante-von-luceplan-wenn-licht-durch-materie-atmet\/"},"wordCount":1396,"publisher":{"@id":"https:\/\/www.mohd.it\/de\/#organization"},"image":{"@id":"https:\/\/www.mohd.it\/de\/magazine\/levante-von-luceplan-wenn-licht-durch-materie-atmet\/#primaryimage"},"thumbnailUrl":"https:\/\/www.mohd.it\/wp-content\/uploads\/2026\/07\/Luceplan-Levante-Marco-Spatti-7.png","articleSection":["Designerportr\u00e4ts"],"inLanguage":"de"},{"@type":"WebPage","@id":"https:\/\/www.mohd.it\/de\/magazine\/levante-von-luceplan-wenn-licht-durch-materie-atmet\/","url":"https:\/\/www.mohd.it\/de\/magazine\/levante-von-luceplan-wenn-licht-durch-materie-atmet\/","name":"Levante von Luceplan: Wenn Licht durch Materie atmet - Mohd","isPartOf":{"@id":"https:\/\/www.mohd.it\/de\/#website"},"primaryImageOfPage":{"@id":"https:\/\/www.mohd.it\/de\/magazine\/levante-von-luceplan-wenn-licht-durch-materie-atmet\/#primaryimage"},"image":{"@id":"https:\/\/www.mohd.it\/de\/magazine\/levante-von-luceplan-wenn-licht-durch-materie-atmet\/#primaryimage"},"thumbnailUrl":"https:\/\/www.mohd.it\/wp-content\/uploads\/2026\/07\/Luceplan-Levante-Marco-Spatti-7.png","datePublished":"2026-07-25T08:00:00+00:00","dateModified":"2026-07-25T08:00:06+00:00","description":"Marco Spatti spricht \u00fcber Materialexperimente, die emotionale Wirkung des Lichts und eine Zukunft des Designs, in der Technologie unsichtbar wird.","breadcrumb":{"@id":"https:\/\/www.mohd.it\/de\/magazine\/levante-von-luceplan-wenn-licht-durch-materie-atmet\/#breadcrumb"},"inLanguage":"de","potentialAction":[{"@type":"ReadAction","target":["https:\/\/www.mohd.it\/de\/magazine\/levante-von-luceplan-wenn-licht-durch-materie-atmet\/"]}]},{"@type":"ImageObject","inLanguage":"de","@id":"https:\/\/www.mohd.it\/de\/magazine\/levante-von-luceplan-wenn-licht-durch-materie-atmet\/#primaryimage","url":"https:\/\/www.mohd.it\/wp-content\/uploads\/2026\/07\/Luceplan-Levante-Marco-Spatti-7.png","contentUrl":"https:\/\/www.mohd.it\/wp-content\/uploads\/2026\/07\/Luceplan-Levante-Marco-Spatti-7.png","width":1300,"height":980,"caption":"Luceplan Levante Marco Spatti"},{"@type":"BreadcrumbList","@id":"https:\/\/www.mohd.it\/de\/magazine\/levante-von-luceplan-wenn-licht-durch-materie-atmet\/#breadcrumb","itemListElement":[{"@type":"ListItem","position":1,"name":"Home","item":"https:\/\/www.mohd.it\/de\/"},{"@type":"ListItem","position":2,"name":"Levante von Luceplan: Wenn Licht durch Materie atmet"}]},{"@type":"WebSite","@id":"https:\/\/www.mohd.it\/de\/#website","url":"https:\/\/www.mohd.it\/de\/","name":"Mohd","description":"","publisher":{"@id":"https:\/\/www.mohd.it\/de\/#organization"},"potentialAction":[{"@type":"SearchAction","target":{"@type":"EntryPoint","urlTemplate":"https:\/\/www.mohd.it\/de\/?s={search_term_string}"},"query-input":{"@type":"PropertyValueSpecification","valueRequired":true,"valueName":"search_term_string"}}],"inLanguage":"de"},{"@type":"Organization","@id":"https:\/\/www.mohd.it\/de\/#organization","name":"Mollura & C. SPA","url":"https:\/\/www.mohd.it\/de\/","logo":{"@type":"ImageObject","inLanguage":"de","@id":"https:\/\/www.mohd.it\/de\/#\/schema\/logo\/image\/","url":"https:\/\/www.mohd.it\/wp-content\/uploads\/2020\/09\/mohd-logo.png","contentUrl":"https:\/\/www.mohd.it\/wp-content\/uploads\/2020\/09\/mohd-logo.png","width":600,"height":600,"caption":"Mollura & C. SPA"},"image":{"@id":"https:\/\/www.mohd.it\/de\/#\/schema\/logo\/image\/"},"sameAs":["https:\/\/www.facebook.com\/mollurahomedesign","https:\/\/x.com\/mohd_homedesign","https:\/\/www.instagram.com\/mohd_homedesign\/","https:\/\/it.linkedin.com\/company\/mohd-mollura-home-design","https:\/\/www.pinterest.it\/mohdhomedesign\/","https:\/\/www.youtube.com\/channel\/UCYLuPff6hq4z_o0GO0w1yaA"]},{"@type":"Person","@id":"https:\/\/www.mohd.it\/de\/#\/schema\/person\/d237bc94bea0bfe5020d1c41b41f6af2","name":"Noemi Cris\u00e0","image":{"@type":"ImageObject","inLanguage":"de","@id":"https:\/\/www.mohd.it\/de\/#\/schema\/person\/image\/","url":"https:\/\/secure.gravatar.com\/avatar\/6f959897d20f7190d0b1a9b0a1518d13?s=96&d=mm&r=g","contentUrl":"https:\/\/secure.gravatar.com\/avatar\/6f959897d20f7190d0b1a9b0a1518d13?s=96&d=mm&r=g","caption":"Noemi Cris\u00e0"},"url":"https:\/\/www.mohd.it\/de\/magazine\/author\/noemi\/"}]}},"image":"https:\/\/www.mohd.it\/wp-content\/uploads\/2026\/07\/Luceplan-Levante-Marco-Spatti-7-800x600.png","category":"Designerportr\u00e4ts","_links":{"self":[{"href":"https:\/\/www.mohd.it\/de\/wp-json\/wp\/v2\/posts\/127776","targetHints":{"allow":["GET"]}}],"collection":[{"href":"https:\/\/www.mohd.it\/de\/wp-json\/wp\/v2\/posts"}],"about":[{"href":"https:\/\/www.mohd.it\/de\/wp-json\/wp\/v2\/types\/post"}],"author":[{"embeddable":true,"href":"https:\/\/www.mohd.it\/de\/wp-json\/wp\/v2\/users\/18"}],"replies":[{"embeddable":true,"href":"https:\/\/www.mohd.it\/de\/wp-json\/wp\/v2\/comments?post=127776"}],"version-history":[{"count":7,"href":"https:\/\/www.mohd.it\/de\/wp-json\/wp\/v2\/posts\/127776\/revisions"}],"predecessor-version":[{"id":127806,"href":"https:\/\/www.mohd.it\/de\/wp-json\/wp\/v2\/posts\/127776\/revisions\/127806"}],"wp:featuredmedia":[{"embeddable":true,"href":"https:\/\/www.mohd.it\/de\/wp-json\/wp\/v2\/media\/127733"}],"wp:attachment":[{"href":"https:\/\/www.mohd.it\/de\/wp-json\/wp\/v2\/media?parent=127776"}],"wp:term":[{"taxonomy":"category","embeddable":true,"href":"https:\/\/www.mohd.it\/de\/wp-json\/wp\/v2\/categories?post=127776"},{"taxonomy":"post_tag","embeddable":true,"href":"https:\/\/www.mohd.it\/de\/wp-json\/wp\/v2\/tags?post=127776"}],"curies":[{"name":"wp","href":"https:\/\/api.w.org\/{rel}","templated":true}]}}