{"id":128327,"date":"2026-08-08T10:00:00","date_gmt":"2026-08-08T08:00:00","guid":{"rendered":"https:\/\/www.mohd.it\/?p=128327"},"modified":"2026-08-08T10:00:05","modified_gmt":"2026-08-08T08:00:05","slug":"giulia-liverani-und-das-licht-als-gestaltungsmaterial","status":"publish","type":"post","link":"https:\/\/www.mohd.it\/de\/magazine\/giulia-liverani-und-das-licht-als-gestaltungsmaterial\/","title":{"rendered":"Giulia Liverani und das Licht als Gestaltungsmaterial"},"content":{"rendered":"\n<p>F\u00fcr <strong><a href=\"https:\/\/shopmohd.com\/de\/designer\/giulia-liverani.html\">Giulia Liverani<\/a><\/strong> ist Licht nicht nur ein Mittel, um R\u00e4ume zu beleuchten, sondern ein eigenst\u00e4ndiges Gestaltungsmaterial, das Emotionen ausl\u00f6sen und die Beziehung zwischen Mensch und Umgebung neu definieren kann. Nach einer Ausbildung in Italien und Gro\u00dfbritannien, die von Experimenten und der unmittelbaren Arbeit mit Materialien und Prototypen gepr\u00e4gt war, gr\u00fcndete sie gemeinsam mit Marco Signoretto <strong><a href=\"https:\/\/shopmohd.com\/de\/marken\/olivelab.html\">OliveLab<\/a><\/strong>. Die Marke interpretiert Lichtdesign durch eine reduzierte, innovative Formensprache, die tief in der Forschung verwurzelt ist. Im Interview spricht Liverani \u00fcber die Entstehung der Marke, die Bedeutung des praktischen Arbeitens, den Einfluss von Licht auf das t\u00e4gliche Wohlbefinden und die Verantwortung, die Design heute \u00fcbernehmen muss.<\/p>\n\n\n\n<p><em>Interview auf Italienisch gef\u00fchrt \u2013 deutsche \u00dcbersetzung und redaktionelle Bearbeitung.<\/em><\/p>\n\n\n\n<div style=\"height:30px\" aria-hidden=\"true\" class=\"wp-block-spacer\"><\/div>\n\n\n\n<p><strong>Ihr Werdegang verbindet Gestaltung und Forschung mit einer ausgepr\u00e4gten Sensibilit\u00e4t f\u00fcr Material und Licht. Welche Erfahrungen w\u00e4hrend Ihrer Ausbildung haben Ihren Designansatz besonders gepr\u00e4gt?<\/strong><\/p>\n\n\n\n<p>Der erste wirkliche Wendepunkt kam in meinem dritten Studienjahr im Produktdesign. Damals hatte ich die M\u00f6glichkeit, an IN Residence teilzunehmen, einem Workshop, bei dem man eine Woche lang eng mit international bekannten Designern zusammenarbeitet. Sie waren an unterschiedlichen Hochschulen ausgebildet worden und vertraten Ans\u00e4tze, die sich vollkommen von meinem eigenen unterschieden. Dadurch entstand in mir der Wunsch, die Welt des Designs aus einer anderen Perspektive kennenzulernen.<br>Genau deshalb entschied ich mich f\u00fcr den Masterstudiengang Product and Space Design an der Kingston University in London, insbesondere wegen der Werkst\u00e4tten: riesige R\u00e4ume mit unz\u00e4hligen Maschinen und Materialien jeder Art. Dort konnte ich stundenlang Prototypen bauen, experimentieren, ausprobieren, neu beginnen und versuchen, etwas entstehen zu lassen. Es war faszinierend. Dort habe ich verstanden, dass Gestaltung f\u00fcr mich \u00fcber die H\u00e4nde funktioniert und nicht allein \u00fcber die Zeichnung.<br>Wenn ich noch weiter zur\u00fcckblicke, kam der erste Impuls jedoch von meinem Vater, der Elektronikingenieur ist. Er brachte mir bei, meine ersten Kabel zu l\u00f6ten und einfache Verbindungen herzustellen. Ohne es zu wissen, gab er mir damit im wahrsten Sinne des Wortes die Werkzeuge an die Hand, mit denen ich heute Licht gestalte.<\/p>\n\n\n\n<div style=\"height:30px\" aria-hidden=\"true\" class=\"wp-block-spacer\"><\/div>\n\n\n\n<p><strong>Mit OliveLab haben Sie ein Projekt ins Leben gerufen, das Design, Handwerk und Experiment miteinander verbindet. Wie entstand die Marke, und welches Bed\u00fcrfnis oder welche Idee f\u00fchrte Sie dazu, eine eigene gestalterische Sprache zu entwickeln?<\/strong><\/p>\n\n\n\n<p>W\u00e4hrend meines Masterstudiums in London begann ich, mich intensiver mit Licht zu besch\u00e4ftigen. Dort entstand Sun Memories, ein Lichtsystem, das pers\u00f6nliche Lichterinnerungen \u2014 einen Sonnenuntergang, eine Reise oder einen besonderen Tag \u2014 speichern und \u00fcber eine Leuchte in den eigenen vier W\u00e4nden wiedergeben kann. Es war meine erste wirkliche Begegnung mit Licht als Gestaltungsmaterial, und ich verstand sofort: F\u00fcr mich liegt im Licht immer ein Moment des Staunens. Genau dieses Gef\u00fchl wollte ich auch den Menschen vermitteln, die mit meinen Objekten interagieren.<br>Ich war immer davon \u00fcberzeugt, dass Licht ein eigenst\u00e4ndiges Material ist, mit dem man gestalten kann und mit dem Nutzer in einen Dialog treten k\u00f6nnen, um ihren Raum bewusster und angenehmer zu erleben. In einem so ges\u00e4ttigten Bereich wie der Beleuchtungsbranche lag die grundlegende Idee von OliveLab darin, weiterhin Raum f\u00fcr innovative, unverwechselbare und ungew\u00f6hnliche Produkte zu finden. Danach suchen wir bis heute, Projekt f\u00fcr Projekt.<\/p>\n\n\n<div class=\"board\">\n      <div class=\"board-items masonry-grid\">\n      <div class=\"board-item masonry-item\">\n  <div class=\"board-product\" style=\"padding-top:125%\">\n    <img decoding=\"async\" src=\"https:\/\/www.mohd.it\/wp-content\/uploads\/2026\/08\/OliveLab-Opla-Wall-Lamp-Giulia-Liverani.png\" \/>\n    <div class=\"content\">\n      <span class=\"brand\">OliveLab<\/span>      <span class=\"name\">Opl\u00e0 Wandleuchte<\/span>\n    <\/div>\n    <div class=\"actions\">\n              <a href=\"https:\/\/shopmohd.com\/de\/opla-wandleuchte.html\" class=\"button\">Acquista<\/a>\n            \t\t          <\/div>\n  <\/div>\n    <\/div>\n<div class=\"board-item masonry-item\">\n  <div class=\"board-product\" style=\"padding-top:125%\">\n    <img decoding=\"async\" src=\"https:\/\/www.mohd.it\/wp-content\/uploads\/2026\/08\/OliveLab-Opla-Pendant-Lamp-Giulia-Liverani.png\" \/>\n    <div class=\"content\">\n      <span class=\"brand\">OliveLab<\/span>      <span class=\"name\">Opl\u00e0 H\u00e4ngelampe<\/span>\n    <\/div>\n    <div class=\"actions\">\n              <a href=\"https:\/\/shopmohd.com\/de\/opla-hangelampe.html\" class=\"button\">Acquista<\/a>\n            \t\t          <\/div>\n  <\/div>\n    <\/div>\n    <\/div>\n    <\/div>\n\n\n\n<p><strong>Licht hat einen tiefgreifenden Einfluss auf unser Wohlbefinden und darauf, wie wir R\u00e4ume erleben. Welche Aspekte sollten wir als Nutzer:innen bei der Auswahl einer Leuchte f\u00fcr das eigene Zuhause besonders ber\u00fccksichtigen?<\/strong><\/p>\n\n\n\n<p>Ich glaube nicht, dass es einen allgemeing\u00fcltigen Rat gibt, denn jeder Mensch hat andere Bed\u00fcrfnisse. Wer von zu Hause aus arbeitet, ben\u00f6tigt ein anderes Licht als jemand, der lediglich einen ruhigen Ort zum Entspannen am Abend schaffen m\u00f6chte. Was jedoch f\u00fcr alle gilt: Licht ist kein Accessoire. Es ist ein Instrument, das uns erm\u00f6glicht, unsere R\u00e4ume besser zu erleben und uns darin wohlzuf\u00fchlen.<br>Deshalb sollte Licht mit derselben Aufmerksamkeit ausgew\u00e4hlt werden wie alle anderen Elemente. Es darf nicht erst im letzten Moment als Detail hinzukommen, wenn der Entwurf bereits abgeschlossen ist, sondern sollte von Anfang an ein integraler Bestandteil der architektonischen Planung sein. Licht erf\u00fcllt sehr viele Funktionen, und jede einzelne davon ist wichtig.<\/p>\n\n\n<div class=\"board\">\n      <div class=\"board-items masonry-grid\">\n      <div class=\"board-item masonry-item\">\n  <div class=\"board-image\" style=\"padding-top:125%\">\n    <img decoding=\"async\" src=\"https:\/\/www.mohd.it\/wp-content\/uploads\/2026\/08\/OliveLab-Ali-Giulia-Liverani.png\" \/>\n  <\/div>\n  <\/div>\n<div class=\"board-item masonry-item\">\n  <div class=\"board-product\" style=\"padding-top:125%\">\n    <img decoding=\"async\" src=\"https:\/\/www.mohd.it\/wp-content\/uploads\/2026\/08\/OliveLab-D02-Pendant-Giulia-Liverani.png\" \/>\n    <div class=\"content\">\n      <span class=\"brand\">OliveLab<\/span>      <span class=\"name\">D02 4 H\u00e4ngelampe<\/span>\n    <\/div>\n    <div class=\"actions\">\n              <a href=\"https:\/\/shopmohd.com\/de\/d02-4-hangelampe.html\" class=\"button\">Acquista<\/a>\n            \t\t          <\/div>\n  <\/div>\n    <\/div>\n    <\/div>\n    <\/div>\n\n\n\n<p><strong>Die Leuchten von OliveLab scheinen aus einem Dialog zwischen Funktion, Material und Emotion zu entstehen. Wie entwickelt sich ein neues Projekt? Wo beginnt die Idee, und welche Schritte f\u00fchren bis zum fertigen Objekt?<\/strong><\/p>\n\n\n\n<p>Das ist unterschiedlich, denn es gibt keinen einheitlichen Ausgangspunkt. Manchmal beginnt ein Projekt mit einer technischen Herausforderung, wie bei Opla. Dort wollte ich eine Pendelleuchte entwickeln, die sich um 180 Grad drehen l\u00e4sst. In anderen F\u00e4llen gehe ich von einem Gef\u00fchl oder einem Material aus, das mich neugierig macht und das ich bis ins Detail verstehen m\u00f6chte.<br>Die neue Kollektion, die im kommenden Jahr erscheinen wird, entstand sogar aus den Seiten eines Buches. Ich wei\u00df noch nicht, wohin sie mich f\u00fchren wird, doch einige S\u00e4tze haben mich gerade durch ihre Einfachheit so stark ber\u00fchrt, dass ich das Bed\u00fcrfnis versp\u00fcrte, sie in Objekte zu \u00fcbersetzen.<br>Sobald die Idee gefunden ist, beginnt die Entwicklung des Konzepts, und bereits in dieser Phase setzt die Arbeit mit Prototypen ein. Man muss konkret beobachten, wie ein Material auf eine bestimmte Beanspruchung reagiert oder wie sich ein bestimmter Lichteffekt beziehungsweise eine besondere Reflexion erzeugen l\u00e4sst. Danach folgt der schwierigste Moment: der Idee eine Form zu geben, denn ein und dieselbe Idee kann tausend verschiedene Gestalten annehmen.<br>Ich bin eine gro\u00dfe Verfechterin des Prinzips form follows function. Deshalb definiere ich zun\u00e4chst technische Vorgaben und wesentliche Eigenschaften, die das Produkt ben\u00f6tigt, um seine Funktion bestm\u00f6glich zu erf\u00fcllen. Aus diesen Vorgaben entwickelt sich die Form.<br>Ist die Form festgelegt, entstehen die endg\u00fcltigen Prototypen. Technische Herausforderungen werden gel\u00f6st, geeignete Produktionsverfahren bestimmt und schlie\u00dflich beginnt die technische Ausarbeitung f\u00fcr die Produktion. Diese Phase ist von Kompromissen gepr\u00e4gt. Entscheidend ist, den urspr\u00fcnglichen Charakter des Entwurfs zu bewahren und ihn so umzusetzen, wie er gedacht war.<\/p>\n\n\n<div class=\"board\">\n      <div class=\"board-items masonry-grid\">\n      <div class=\"board-item masonry-item\">\n  <div class=\"board-image\" style=\"padding-top:125%\">\n    <img decoding=\"async\" src=\"https:\/\/www.mohd.it\/wp-content\/uploads\/2026\/08\/OliveLab-Mutaforma-Giulia-Liverani.png\" \/>\n  <\/div>\n  <\/div>\n<div class=\"board-item masonry-item\">\n  <div class=\"board-image\" style=\"padding-top:125%\">\n    <img decoding=\"async\" src=\"https:\/\/www.mohd.it\/wp-content\/uploads\/2026\/08\/Giulia-Liverani.png\" \/>\n  <\/div>\n  <\/div>\n    <\/div>\n    <\/div>\n\n\n\n<p><strong>In einer Zeit, in der Design zunehmend nachhaltig und verantwortungsbewusst sein soll: Welche Verantwortung m\u00fcssen Designer Ihrer Ansicht nach heute \u00fcbernehmen, und welchen Beitrag m\u00f6chten Sie mit Ihrer Arbeit leisten?<\/strong><\/p>\n\n\n\n<p>Ich verfolge einen Ansatz, der Verschwendung konsequent vermeidet. F\u00fcr mich geht es nicht darum, mehr zu kaufen, als man wirklich braucht, sondern weniger zu kaufen \u2013 und zwar das, was einem wirklich guttut. Ich glaube, dass wir Designer die Verantwortung haben, langlebige, hochwertige und modulare Objekte zu entwickeln. Geht ein Bestandteil kaputt, sollte sich nur dieses einzelne Teil ersetzen lassen, ohne dass das gesamte Produkt entsorgt werden muss.<br>Ebenso wichtig ist es, Produkte zu entwerfen, die sich im Laufe der Zeit weiterentwickeln und an ihre Nutzer anpassen k\u00f6nnen: ein Bauteil, das sich austauschen oder erg\u00e4nzen l\u00e4sst, eine Oberfl\u00e4che, die aktualisiert werden kann, oder eine Form, die sich ver\u00e4ndert, wenn sich die Bed\u00fcrfnisse der Menschen wandeln, die mit dem Objekt leben. Solche Gegenst\u00e4nde werden nicht weggeworfen, sobald sie eine bestimmte Anforderung nicht mehr erf\u00fcllen, sondern ver\u00e4ndern sich gemeinsam mit ihren Besitzern.<br>Bei einem elektronischen Produkt wie einer Leuchte ist es schwierig, uneingeschr\u00e4nkt von Nachhaltigkeit zu sprechen. Elektronische Bauteile, Kabel und Treiber lassen sich naturgem\u00e4\u00df nur schwer wirklich nachhaltig gestalten. Was ich tun kann \u2014 und woran ich kontinuierlich arbeite \u2014 betrifft die Bereiche, die ich selbst beeinflussen kann: die Auswahl der Materialien, die Reparierbarkeit, die Modularit\u00e4t und die Lebensdauer. Das ist keine umfassende L\u00f6sung, aber es ist der Teil der Verantwortung, den ich f\u00fcr mich \u00fcbernehmen kann.<\/p>\n\n\n\n<div style=\"height:30px\" aria-hidden=\"true\" class=\"wp-block-spacer\"><\/div>\n\n\n\n<p>Photo credit: Anna Brignolo<\/p>\n","protected":false},"excerpt":{"rendered":"<p>Von der Gr\u00fcndung von OliveLab bis zum Verst\u00e4ndnis von Licht als Gestaltungsmaterial: Giulia Liverani spricht \u00fcber Forschung, Experimentierfreude und einen verantwortungsbewussten Designansatz.<\/p>\n","protected":false},"author":18,"featured_media":128304,"comment_status":"closed","ping_status":"closed","sticky":false,"template":"","format":"standard","meta":{"footnotes":""},"categories":[484],"tags":[],"class_list":["post-128327","post","type-post","status-publish","format-standard","has-post-thumbnail","hentry","category-designerportraets"],"yoast_head":"<!-- This site is optimized with the Yoast SEO plugin v24.0 - https:\/\/yoast.com\/wordpress\/plugins\/seo\/ -->\n<title>OliveLab: Giulia Liverani \u00fcber das Design des Lichts - Mohd<\/title>\n<meta name=\"description\" content=\"OliveLab: Giulia Liverani \u00fcber Licht als Gestaltungsmaterial, Forschung, Experimentierfreude und verantwortungsbewussten Designansatz.\" \/>\n<meta name=\"robots\" content=\"index, follow, max-snippet:-1, max-image-preview:large, max-video-preview:-1\" \/>\n<link rel=\"canonical\" href=\"https:\/\/www.mohd.it\/de\/magazine\/giulia-liverani-und-das-licht-als-gestaltungsmaterial\/\" \/>\n<meta property=\"og:locale\" content=\"de_DE\" \/>\n<meta property=\"og:type\" content=\"article\" \/>\n<meta property=\"og:title\" content=\"OliveLab: Giulia Liverani \u00fcber das Design des Lichts - Mohd\" \/>\n<meta property=\"og:description\" content=\"OliveLab: Giulia Liverani \u00fcber Licht als Gestaltungsmaterial, Forschung, Experimentierfreude und verantwortungsbewussten Designansatz.\" \/>\n<meta property=\"og:url\" content=\"https:\/\/www.mohd.it\/de\/magazine\/giulia-liverani-und-das-licht-als-gestaltungsmaterial\/\" \/>\n<meta property=\"og:site_name\" content=\"Mohd\" \/>\n<meta property=\"article:publisher\" content=\"https:\/\/www.facebook.com\/mollurahomedesign\" \/>\n<meta property=\"article:published_time\" content=\"2026-08-08T08:00:00+00:00\" \/>\n<meta property=\"article:modified_time\" content=\"2026-08-08T08:00:05+00:00\" \/>\n<meta property=\"og:image\" content=\"https:\/\/www.mohd.it\/wp-content\/uploads\/2026\/08\/Giulia-Liverani-1.png\" \/>\n\t<meta property=\"og:image:width\" content=\"1300\" \/>\n\t<meta property=\"og:image:height\" content=\"980\" \/>\n\t<meta property=\"og:image:type\" content=\"image\/png\" \/>\n<meta name=\"author\" content=\"Noemi Cris\u00e0\" \/>\n<meta name=\"twitter:card\" content=\"summary_large_image\" \/>\n<meta name=\"twitter:creator\" content=\"@mohd_homedesign\" \/>\n<meta name=\"twitter:site\" content=\"@mohd_homedesign\" \/>\n<meta name=\"twitter:label1\" content=\"Verfasst von\" \/>\n\t<meta name=\"twitter:data1\" content=\"Noemi Cris\u00e0\" \/>\n\t<meta name=\"twitter:label2\" content=\"Gesch\u00e4tzte Lesezeit\" \/>\n\t<meta name=\"twitter:data2\" content=\"7\u00a0Minuten\" \/>\n<script type=\"application\/ld+json\" class=\"yoast-schema-graph\">{\"@context\":\"https:\/\/schema.org\",\"@graph\":[{\"@type\":\"Article\",\"@id\":\"https:\/\/www.mohd.it\/de\/magazine\/giulia-liverani-und-das-licht-als-gestaltungsmaterial\/#article\",\"isPartOf\":{\"@id\":\"https:\/\/www.mohd.it\/de\/magazine\/giulia-liverani-und-das-licht-als-gestaltungsmaterial\/\"},\"author\":{\"name\":\"Noemi Cris\u00e0\",\"@id\":\"https:\/\/www.mohd.it\/de\/#\/schema\/person\/d237bc94bea0bfe5020d1c41b41f6af2\"},\"headline\":\"Giulia Liverani und das Licht als Gestaltungsmaterial\",\"datePublished\":\"2026-08-08T08:00:00+00:00\",\"dateModified\":\"2026-08-08T08:00:05+00:00\",\"mainEntityOfPage\":{\"@id\":\"https:\/\/www.mohd.it\/de\/magazine\/giulia-liverani-und-das-licht-als-gestaltungsmaterial\/\"},\"wordCount\":1278,\"publisher\":{\"@id\":\"https:\/\/www.mohd.it\/de\/#organization\"},\"image\":{\"@id\":\"https:\/\/www.mohd.it\/de\/magazine\/giulia-liverani-und-das-licht-als-gestaltungsmaterial\/#primaryimage\"},\"thumbnailUrl\":\"https:\/\/www.mohd.it\/wp-content\/uploads\/2026\/08\/Giulia-Liverani-1.png\",\"articleSection\":[\"Designerportr\u00e4ts\"],\"inLanguage\":\"de\"},{\"@type\":\"WebPage\",\"@id\":\"https:\/\/www.mohd.it\/de\/magazine\/giulia-liverani-und-das-licht-als-gestaltungsmaterial\/\",\"url\":\"https:\/\/www.mohd.it\/de\/magazine\/giulia-liverani-und-das-licht-als-gestaltungsmaterial\/\",\"name\":\"OliveLab: Giulia Liverani \u00fcber das Design des Lichts - Mohd\",\"isPartOf\":{\"@id\":\"https:\/\/www.mohd.it\/de\/#website\"},\"primaryImageOfPage\":{\"@id\":\"https:\/\/www.mohd.it\/de\/magazine\/giulia-liverani-und-das-licht-als-gestaltungsmaterial\/#primaryimage\"},\"image\":{\"@id\":\"https:\/\/www.mohd.it\/de\/magazine\/giulia-liverani-und-das-licht-als-gestaltungsmaterial\/#primaryimage\"},\"thumbnailUrl\":\"https:\/\/www.mohd.it\/wp-content\/uploads\/2026\/08\/Giulia-Liverani-1.png\",\"datePublished\":\"2026-08-08T08:00:00+00:00\",\"dateModified\":\"2026-08-08T08:00:05+00:00\",\"description\":\"OliveLab: Giulia Liverani \u00fcber Licht als Gestaltungsmaterial, Forschung, Experimentierfreude und verantwortungsbewussten Designansatz.\",\"breadcrumb\":{\"@id\":\"https:\/\/www.mohd.it\/de\/magazine\/giulia-liverani-und-das-licht-als-gestaltungsmaterial\/#breadcrumb\"},\"inLanguage\":\"de\",\"potentialAction\":[{\"@type\":\"ReadAction\",\"target\":[\"https:\/\/www.mohd.it\/de\/magazine\/giulia-liverani-und-das-licht-als-gestaltungsmaterial\/\"]}]},{\"@type\":\"ImageObject\",\"inLanguage\":\"de\",\"@id\":\"https:\/\/www.mohd.it\/de\/magazine\/giulia-liverani-und-das-licht-als-gestaltungsmaterial\/#primaryimage\",\"url\":\"https:\/\/www.mohd.it\/wp-content\/uploads\/2026\/08\/Giulia-Liverani-1.png\",\"contentUrl\":\"https:\/\/www.mohd.it\/wp-content\/uploads\/2026\/08\/Giulia-Liverani-1.png\",\"width\":1300,\"height\":980,\"caption\":\"Giulia Liverani\"},{\"@type\":\"BreadcrumbList\",\"@id\":\"https:\/\/www.mohd.it\/de\/magazine\/giulia-liverani-und-das-licht-als-gestaltungsmaterial\/#breadcrumb\",\"itemListElement\":[{\"@type\":\"ListItem\",\"position\":1,\"name\":\"Home\",\"item\":\"https:\/\/www.mohd.it\/de\/\"},{\"@type\":\"ListItem\",\"position\":2,\"name\":\"Giulia Liverani und das Licht als Gestaltungsmaterial\"}]},{\"@type\":\"WebSite\",\"@id\":\"https:\/\/www.mohd.it\/de\/#website\",\"url\":\"https:\/\/www.mohd.it\/de\/\",\"name\":\"Mohd\",\"description\":\"\",\"publisher\":{\"@id\":\"https:\/\/www.mohd.it\/de\/#organization\"},\"potentialAction\":[{\"@type\":\"SearchAction\",\"target\":{\"@type\":\"EntryPoint\",\"urlTemplate\":\"https:\/\/www.mohd.it\/de\/?s={search_term_string}\"},\"query-input\":{\"@type\":\"PropertyValueSpecification\",\"valueRequired\":true,\"valueName\":\"search_term_string\"}}],\"inLanguage\":\"de\"},{\"@type\":\"Organization\",\"@id\":\"https:\/\/www.mohd.it\/de\/#organization\",\"name\":\"Mollura & C. SPA\",\"url\":\"https:\/\/www.mohd.it\/de\/\",\"logo\":{\"@type\":\"ImageObject\",\"inLanguage\":\"de\",\"@id\":\"https:\/\/www.mohd.it\/de\/#\/schema\/logo\/image\/\",\"url\":\"https:\/\/www.mohd.it\/wp-content\/uploads\/2020\/09\/mohd-logo.png\",\"contentUrl\":\"https:\/\/www.mohd.it\/wp-content\/uploads\/2020\/09\/mohd-logo.png\",\"width\":600,\"height\":600,\"caption\":\"Mollura & C. SPA\"},\"image\":{\"@id\":\"https:\/\/www.mohd.it\/de\/#\/schema\/logo\/image\/\"},\"sameAs\":[\"https:\/\/www.facebook.com\/mollurahomedesign\",\"https:\/\/x.com\/mohd_homedesign\",\"https:\/\/www.instagram.com\/mohd_homedesign\/\",\"https:\/\/it.linkedin.com\/company\/mohd-mollura-home-design\",\"https:\/\/www.pinterest.it\/mohdhomedesign\/\",\"https:\/\/www.youtube.com\/channel\/UCYLuPff6hq4z_o0GO0w1yaA\"]},{\"@type\":\"Person\",\"@id\":\"https:\/\/www.mohd.it\/de\/#\/schema\/person\/d237bc94bea0bfe5020d1c41b41f6af2\",\"name\":\"Noemi Cris\u00e0\",\"image\":{\"@type\":\"ImageObject\",\"inLanguage\":\"de\",\"@id\":\"https:\/\/www.mohd.it\/de\/#\/schema\/person\/image\/\",\"url\":\"https:\/\/secure.gravatar.com\/avatar\/6f959897d20f7190d0b1a9b0a1518d13?s=96&d=mm&r=g\",\"contentUrl\":\"https:\/\/secure.gravatar.com\/avatar\/6f959897d20f7190d0b1a9b0a1518d13?s=96&d=mm&r=g\",\"caption\":\"Noemi Cris\u00e0\"},\"url\":\"https:\/\/www.mohd.it\/de\/magazine\/author\/noemi\/\"}]}<\/script>\n<!-- \/ Yoast SEO plugin. -->","yoast_head_json":{"title":"OliveLab: Giulia Liverani \u00fcber das Design des Lichts - Mohd","description":"OliveLab: Giulia Liverani \u00fcber Licht als Gestaltungsmaterial, Forschung, Experimentierfreude und verantwortungsbewussten Designansatz.","robots":{"index":"index","follow":"follow","max-snippet":"max-snippet:-1","max-image-preview":"max-image-preview:large","max-video-preview":"max-video-preview:-1"},"canonical":"https:\/\/www.mohd.it\/de\/magazine\/giulia-liverani-und-das-licht-als-gestaltungsmaterial\/","og_locale":"de_DE","og_type":"article","og_title":"OliveLab: Giulia Liverani \u00fcber das Design des Lichts - Mohd","og_description":"OliveLab: Giulia Liverani \u00fcber Licht als Gestaltungsmaterial, Forschung, Experimentierfreude und verantwortungsbewussten Designansatz.","og_url":"https:\/\/www.mohd.it\/de\/magazine\/giulia-liverani-und-das-licht-als-gestaltungsmaterial\/","og_site_name":"Mohd","article_publisher":"https:\/\/www.facebook.com\/mollurahomedesign","article_published_time":"2026-08-08T08:00:00+00:00","article_modified_time":"2026-08-08T08:00:05+00:00","og_image":[{"width":1300,"height":980,"url":"https:\/\/www.mohd.it\/wp-content\/uploads\/2026\/08\/Giulia-Liverani-1.png","type":"image\/png"}],"author":"Noemi Cris\u00e0","twitter_card":"summary_large_image","twitter_creator":"@mohd_homedesign","twitter_site":"@mohd_homedesign","twitter_misc":{"Verfasst von":"Noemi Cris\u00e0","Gesch\u00e4tzte Lesezeit":"7\u00a0Minuten"},"schema":{"@context":"https:\/\/schema.org","@graph":[{"@type":"Article","@id":"https:\/\/www.mohd.it\/de\/magazine\/giulia-liverani-und-das-licht-als-gestaltungsmaterial\/#article","isPartOf":{"@id":"https:\/\/www.mohd.it\/de\/magazine\/giulia-liverani-und-das-licht-als-gestaltungsmaterial\/"},"author":{"name":"Noemi Cris\u00e0","@id":"https:\/\/www.mohd.it\/de\/#\/schema\/person\/d237bc94bea0bfe5020d1c41b41f6af2"},"headline":"Giulia Liverani und das Licht als Gestaltungsmaterial","datePublished":"2026-08-08T08:00:00+00:00","dateModified":"2026-08-08T08:00:05+00:00","mainEntityOfPage":{"@id":"https:\/\/www.mohd.it\/de\/magazine\/giulia-liverani-und-das-licht-als-gestaltungsmaterial\/"},"wordCount":1278,"publisher":{"@id":"https:\/\/www.mohd.it\/de\/#organization"},"image":{"@id":"https:\/\/www.mohd.it\/de\/magazine\/giulia-liverani-und-das-licht-als-gestaltungsmaterial\/#primaryimage"},"thumbnailUrl":"https:\/\/www.mohd.it\/wp-content\/uploads\/2026\/08\/Giulia-Liverani-1.png","articleSection":["Designerportr\u00e4ts"],"inLanguage":"de"},{"@type":"WebPage","@id":"https:\/\/www.mohd.it\/de\/magazine\/giulia-liverani-und-das-licht-als-gestaltungsmaterial\/","url":"https:\/\/www.mohd.it\/de\/magazine\/giulia-liverani-und-das-licht-als-gestaltungsmaterial\/","name":"OliveLab: Giulia Liverani \u00fcber das Design des Lichts - Mohd","isPartOf":{"@id":"https:\/\/www.mohd.it\/de\/#website"},"primaryImageOfPage":{"@id":"https:\/\/www.mohd.it\/de\/magazine\/giulia-liverani-und-das-licht-als-gestaltungsmaterial\/#primaryimage"},"image":{"@id":"https:\/\/www.mohd.it\/de\/magazine\/giulia-liverani-und-das-licht-als-gestaltungsmaterial\/#primaryimage"},"thumbnailUrl":"https:\/\/www.mohd.it\/wp-content\/uploads\/2026\/08\/Giulia-Liverani-1.png","datePublished":"2026-08-08T08:00:00+00:00","dateModified":"2026-08-08T08:00:05+00:00","description":"OliveLab: Giulia Liverani \u00fcber Licht als Gestaltungsmaterial, Forschung, Experimentierfreude und verantwortungsbewussten Designansatz.","breadcrumb":{"@id":"https:\/\/www.mohd.it\/de\/magazine\/giulia-liverani-und-das-licht-als-gestaltungsmaterial\/#breadcrumb"},"inLanguage":"de","potentialAction":[{"@type":"ReadAction","target":["https:\/\/www.mohd.it\/de\/magazine\/giulia-liverani-und-das-licht-als-gestaltungsmaterial\/"]}]},{"@type":"ImageObject","inLanguage":"de","@id":"https:\/\/www.mohd.it\/de\/magazine\/giulia-liverani-und-das-licht-als-gestaltungsmaterial\/#primaryimage","url":"https:\/\/www.mohd.it\/wp-content\/uploads\/2026\/08\/Giulia-Liverani-1.png","contentUrl":"https:\/\/www.mohd.it\/wp-content\/uploads\/2026\/08\/Giulia-Liverani-1.png","width":1300,"height":980,"caption":"Giulia Liverani"},{"@type":"BreadcrumbList","@id":"https:\/\/www.mohd.it\/de\/magazine\/giulia-liverani-und-das-licht-als-gestaltungsmaterial\/#breadcrumb","itemListElement":[{"@type":"ListItem","position":1,"name":"Home","item":"https:\/\/www.mohd.it\/de\/"},{"@type":"ListItem","position":2,"name":"Giulia Liverani und das Licht als Gestaltungsmaterial"}]},{"@type":"WebSite","@id":"https:\/\/www.mohd.it\/de\/#website","url":"https:\/\/www.mohd.it\/de\/","name":"Mohd","description":"","publisher":{"@id":"https:\/\/www.mohd.it\/de\/#organization"},"potentialAction":[{"@type":"SearchAction","target":{"@type":"EntryPoint","urlTemplate":"https:\/\/www.mohd.it\/de\/?s={search_term_string}"},"query-input":{"@type":"PropertyValueSpecification","valueRequired":true,"valueName":"search_term_string"}}],"inLanguage":"de"},{"@type":"Organization","@id":"https:\/\/www.mohd.it\/de\/#organization","name":"Mollura & C. SPA","url":"https:\/\/www.mohd.it\/de\/","logo":{"@type":"ImageObject","inLanguage":"de","@id":"https:\/\/www.mohd.it\/de\/#\/schema\/logo\/image\/","url":"https:\/\/www.mohd.it\/wp-content\/uploads\/2020\/09\/mohd-logo.png","contentUrl":"https:\/\/www.mohd.it\/wp-content\/uploads\/2020\/09\/mohd-logo.png","width":600,"height":600,"caption":"Mollura & C. SPA"},"image":{"@id":"https:\/\/www.mohd.it\/de\/#\/schema\/logo\/image\/"},"sameAs":["https:\/\/www.facebook.com\/mollurahomedesign","https:\/\/x.com\/mohd_homedesign","https:\/\/www.instagram.com\/mohd_homedesign\/","https:\/\/it.linkedin.com\/company\/mohd-mollura-home-design","https:\/\/www.pinterest.it\/mohdhomedesign\/","https:\/\/www.youtube.com\/channel\/UCYLuPff6hq4z_o0GO0w1yaA"]},{"@type":"Person","@id":"https:\/\/www.mohd.it\/de\/#\/schema\/person\/d237bc94bea0bfe5020d1c41b41f6af2","name":"Noemi Cris\u00e0","image":{"@type":"ImageObject","inLanguage":"de","@id":"https:\/\/www.mohd.it\/de\/#\/schema\/person\/image\/","url":"https:\/\/secure.gravatar.com\/avatar\/6f959897d20f7190d0b1a9b0a1518d13?s=96&d=mm&r=g","contentUrl":"https:\/\/secure.gravatar.com\/avatar\/6f959897d20f7190d0b1a9b0a1518d13?s=96&d=mm&r=g","caption":"Noemi Cris\u00e0"},"url":"https:\/\/www.mohd.it\/de\/magazine\/author\/noemi\/"}]}},"image":"https:\/\/www.mohd.it\/wp-content\/uploads\/2026\/08\/Giulia-Liverani-1-800x600.png","category":"Designerportr\u00e4ts","_links":{"self":[{"href":"https:\/\/www.mohd.it\/de\/wp-json\/wp\/v2\/posts\/128327","targetHints":{"allow":["GET"]}}],"collection":[{"href":"https:\/\/www.mohd.it\/de\/wp-json\/wp\/v2\/posts"}],"about":[{"href":"https:\/\/www.mohd.it\/de\/wp-json\/wp\/v2\/types\/post"}],"author":[{"embeddable":true,"href":"https:\/\/www.mohd.it\/de\/wp-json\/wp\/v2\/users\/18"}],"replies":[{"embeddable":true,"href":"https:\/\/www.mohd.it\/de\/wp-json\/wp\/v2\/comments?post=128327"}],"version-history":[{"count":4,"href":"https:\/\/www.mohd.it\/de\/wp-json\/wp\/v2\/posts\/128327\/revisions"}],"predecessor-version":[{"id":128344,"href":"https:\/\/www.mohd.it\/de\/wp-json\/wp\/v2\/posts\/128327\/revisions\/128344"}],"wp:featuredmedia":[{"embeddable":true,"href":"https:\/\/www.mohd.it\/de\/wp-json\/wp\/v2\/media\/128304"}],"wp:attachment":[{"href":"https:\/\/www.mohd.it\/de\/wp-json\/wp\/v2\/media?parent=128327"}],"wp:term":[{"taxonomy":"category","embeddable":true,"href":"https:\/\/www.mohd.it\/de\/wp-json\/wp\/v2\/categories?post=128327"},{"taxonomy":"post_tag","embeddable":true,"href":"https:\/\/www.mohd.it\/de\/wp-json\/wp\/v2\/tags?post=128327"}],"curies":[{"name":"wp","href":"https:\/\/api.w.org\/{rel}","templated":true}]}}