{"id":128741,"date":"2026-08-13T10:00:00","date_gmt":"2026-08-13T08:00:00","guid":{"rendered":"https:\/\/www.mohd.it\/?p=128741"},"modified":"2026-08-13T10:00:14","modified_gmt":"2026-08-13T08:00:14","slug":"luca-nichetto-und-die-zukunft-des-murano-glases","status":"publish","type":"post","link":"https:\/\/www.mohd.it\/de\/magazine\/luca-nichetto-und-die-zukunft-des-murano-glases\/","title":{"rendered":"Luca Nichetto und die Zukunft des Murano-Glases"},"content":{"rendered":"\n<p>F\u00fcr <strong><a href=\"https:\/\/shopmohd.com\/de\/designer\/luca-nichetto.html\">Luca Nichetto<\/a><\/strong> ist Glas nicht nur ein Werkstoff f\u00fcr das Design, sondern eine intime Sprache, die eng mit seinen Wurzeln und der Erinnerung an Murano verbunden ist. Als neuer Creative Director von <strong><a href=\"https:\/\/shopmohd.com\/de\/marken\/barovier-e-toso.html\">Barovier&amp;Toso<\/a><\/strong> er\u00f6ffnet Nichetto mit \u201e2026 Chapter 1&#8243; eine neue Phase f\u00fcr das Unternehmen, die auf einem kontinuierlichen Dialog zwischen historischem Erbe und zeitgen\u00f6ssischer Gestaltung basiert. Von den Pendelleuchten Profilo \u00fcber die modularen Volumen von Etime bis hin zur tragbaren Leuchte Aurora interpretieren die neuen Entw\u00fcrfe die Archetypen und \u00fcberlieferten Glastechniken der Insel in einer internationalen Formensprache neu und entwerfen eine Vision davon, wie sich Murano-Glas in den kommenden Jahrzehnten weiterentwickeln k\u00f6nnte.<\/p>\n\n\n\n<p><em>Interview auf Italienisch gef\u00fchrt \u2013 deutsche \u00dcbersetzung und redaktionelle Bearbeitung.<\/em><\/p>\n\n\n<div class=\"board\">\n      <div class=\"board-items masonry-grid\">\n      <div class=\"board-item masonry-item\">\n  <div class=\"board-image\" style=\"padding-top:125%\">\n    <img decoding=\"async\" src=\"https:\/\/www.mohd.it\/wp-content\/uploads\/2026\/08\/Luca-Nichetto-4.png\" \/>\n  <\/div>\n  <\/div>\n<div class=\"board-item masonry-item\">\n  <div class=\"board-image\" style=\"padding-top:125%\">\n    <img decoding=\"async\" src=\"https:\/\/www.mohd.it\/wp-content\/uploads\/2026\/08\/Luca-Nichetto.png\" \/>\n  <\/div>\n  <\/div>\n    <\/div>\n    <\/div>\n\n\n\n<p><strong>Was bedeutet Glas heute f\u00fcr Sie \u2013 sowohl als Designmaterial als auch auf pers\u00f6nlicher Ebene? Und was bedeutet es, die Rolle des Creative Directors bei Barovier&amp;Toso zu \u00fcbernehmen, einem Unternehmen, das so tief in der Geschichte Muranos verwurzelt ist?<\/strong><\/p>\n\n\n\n<p>Glas ist selbstverst\u00e4ndlich meine erste Liebe. Es ist eng mit meinen Wurzeln und meiner eigenen Geschichte verbunden. Es war das erste Material, durch das ich mit Design in Ber\u00fchrung kam. In gewisser Weise ist es das ideale Medium f\u00fcr mich, vor allem weil ich es sehr gut kenne, aber auch, weil es zum Erbe meiner Familie geh\u00f6rt, in der viele Mitglieder in diesem Bereich t\u00e4tig waren. Ich empfinde die Verantwortung, diese Tradition fortzuf\u00fchren. Zugleich ist die kreative Leitung von Barovier&amp;Toso nicht einfach nur eine berufliche Aufgabe, sondern eine gro\u00dfe Verantwortung und eine Ehre. Da ich selbst aus Murano stamme, wei\u00df ich, was dieses Unternehmen f\u00fcr die Bewohner der Insel bedeutet. Seit Jahrhunderten fungiert es weltweit als Botschafter der Handwerkskunst von Murano. Die Rolle, die ich heute innehabe, ist daher mit einem tiefen Verantwortungsgef\u00fchl verbunden: mit der Aufgabe, dieses au\u00dfergew\u00f6hnliche Erbe weiterzuf\u00fchren und zu seiner zuk\u00fcnftigen Entwicklung beizutragen.<\/p>\n\n\n\n<figure class=\"wp-block-image size-large\"><img loading=\"lazy\" decoding=\"async\" width=\"1024\" height=\"576\" src=\"https:\/\/www.mohd.it\/wp-content\/uploads\/2026\/08\/Luca-Nichetto-6-1024x576.png\" alt=\"Luca Nichetto Barovier&amp;Toso Set Up\" class=\"wp-image-128700\" srcset=\"https:\/\/www.mohd.it\/wp-content\/uploads\/2026\/08\/Luca-Nichetto-6-1024x576.png 1024w, https:\/\/www.mohd.it\/wp-content\/uploads\/2026\/08\/Luca-Nichetto-6-300x169.png 300w, https:\/\/www.mohd.it\/wp-content\/uploads\/2026\/08\/Luca-Nichetto-6-768x432.png 768w, https:\/\/www.mohd.it\/wp-content\/uploads\/2026\/08\/Luca-Nichetto-6-1536x864.png 1536w, https:\/\/www.mohd.it\/wp-content\/uploads\/2026\/08\/Luca-Nichetto-6.png 1920w\" sizes=\"auto, (max-width: 1024px) 100vw, 1024px\" \/><\/figure>\n\n\n\n<p><strong>Profilo besteht aus opalinen Scheiben und Spiralen, die sich zu einer leuchtenden Silhouette im Raum verbinden. Wie sind Sie an das Verh\u00e4ltnis zwischen Material, Licht und visueller Wahrnehmung herangegangen, um ein Objekt zu schaffen, das zugleich technisch, poetisch und zeitgen\u00f6ssisch wirkt?<\/strong><\/p>\n\n\n\n<p>Das Konzept von Profilo basiert auf drei zentralen S\u00e4ulen. Die erste bestand darin zu verstehen, wie ein und dasselbe Modul unterschiedliche Kronleuchter-Archetypen neu interpretieren kann. Wir stellten fest, dass Scheiben mit unterschiedlichen Durchmessern, je nach Anordnung, eine Silhouette formen k\u00f6nnen. Daher tr\u00e4gt die Leuchte auch den Namen Profilo. Die zweite S\u00e4ule betraf den technischen Prozess. Wir erkannten, dass sich diese Scheiben am besten mithilfe einer technisch anspruchsvolleren, auf Murano eingesetzten Glastechnik herstellen lie\u00dfen: dem Schleuderglasverfahren. Obwohl dieses Verfahren st\u00e4rker industriell gepr\u00e4gt ist, wollten wir die handwerkliche Dimension bewahren. Besonders deutlich wird sie in der Spirale aus Opalglas, die entsteht, indem wei\u00dfes Glas auf transparentes Glas gegossen wird. Je nach verwendeter Glasmenge und Geste des Handwerkers f\u00e4llt jede Spirale leicht unterschiedlich aus. Diese Einzigartigkeit erinnert daran, dass jede Unvollkommenheit die Spur einer menschlichen Hand tr\u00e4gt. F\u00fcr mich ist dies eine der wichtigsten Eigenschaften des Murano-Glases. Die Verbindung von opalinem und transparentem Glas erzeugt in der Komposition der verschiedenen Scheiben einen markanten Kontrast. Die dritte S\u00e4ule ist die Funktionalit\u00e4t: Wir wollten einen zentralen Leuchtenstab verwenden, an dem die Scheiben befestigt werden, um unterschiedliche Profile und Formen zu bilden. Die Reflexionen zwischen der opalinen Spirale und dem transparenten Glas erzeugen ein fl\u00fcchtiges Lichtspiel, das beinahe an eine im Raum schwebende Qualle erinnert.<\/p>\n\n\n<div class=\"board\">\n      <div class=\"board-items masonry-grid\">\n      <div class=\"board-item masonry-item\">\n  <div class=\"board-image\" style=\"padding-top:125%\">\n    <img decoding=\"async\" src=\"https:\/\/www.mohd.it\/wp-content\/uploads\/2026\/08\/Luca-Nichetto-9.png\" \/>\n  <\/div>\n  <\/div>\n<div class=\"board-item masonry-item\">\n  <div class=\"board-image\" style=\"padding-top:125%\">\n    <img decoding=\"async\" src=\"https:\/\/www.mohd.it\/wp-content\/uploads\/2026\/08\/Luca-Nichetto-3.png\" \/>\n  <\/div>\n  <\/div>\n    <\/div>\n    <\/div>\n\n\n\n<p><strong>Etime scheint einen abstrakten Begriff wie Zeit durch das Zusammenspiel von Quadrat und Kreis in eine reine geometrische Form zu \u00fcbersetzen. Woher stammt diese \u00dcberlegung, und wie wichtig ist es in Ihrer Arbeit, dass Objekte Ideen vermitteln, die \u00fcber ihre funktionale Bestimmung hinausgehen?<\/strong><\/p>\n\n\n\n<p>Etime entstand aus dem Wunsch heraus, Barovier&amp;Toso f\u00fcr die Entwicklung von Einrichtungsobjekten zu \u00f6ffnen: Glasobjekte, deren Funktionen \u00fcber die einer Leuchte oder Vase hinausgehen. Die Idee geht auf alte Glasbausteine zur\u00fcck, die aus einem Quadrat mit einem Kreis in der Mitte bestehen und dadurch eine besondere optische Illusion und Reflexion erzeugen. Wir wollten ein Objekt entwickeln, das auf dem Archetyp des W\u00fcrfels basiert, wobei der Kreis bereits w\u00e4hrend des Glasblasens in jede Seite eingepr\u00e4gt wird. Dadurch lassen sich die Objekte auch stapeln und zu Installationen zusammenf\u00fcgen, anstatt lediglich als Einzelst\u00fccke zu bestehen. In der Komposition erzeugen sie Reflexionen, die stark an Glasbausteine erinnern: Module, die durch Wiederholung eine Funktion entstehen lassen. Die Geschichte hinter Etime ist, wie bei meiner Arbeit im Allgemeinen, sehr wichtig \u2013 allerdings nur dann, wenn sie unmittelbar mit dem Entwurfsprozess verbunden ist und ihm treu bleibt. Erzwungene oder k\u00fcnstliche Narrative interessieren mich nicht. Vielmehr suche ich nach einer M\u00f6glichkeit, den Prozess und die Logik hinter der Existenz eines Objekts besser zu erkl\u00e4ren. In diesem Fall handelt es sich buchst\u00e4blich um einen Glasbaustein, der seinen Ma\u00dfstab ver\u00e4ndert, leicht vergr\u00f6\u00dfert wird und die Merkmale verschiedener Glasbausteine in sich vereint, um ein Objekt mit einer vollkommen neuen Funktion zu schaffen.<\/p>\n\n\n<div class=\"board\">\n      <div class=\"board-items masonry-grid\">\n      <div class=\"board-item masonry-item\">\n  <div class=\"board-image\" style=\"padding-top:125%\">\n    <img decoding=\"async\" src=\"https:\/\/www.mohd.it\/wp-content\/uploads\/2026\/08\/Luca-Nichetto-5.png\" \/>\n  <\/div>\n  <\/div>\n<div class=\"board-item masonry-item\">\n  <div class=\"board-image\" style=\"padding-top:125%\">\n    <img decoding=\"async\" src=\"https:\/\/www.mohd.it\/wp-content\/uploads\/2026\/08\/Luca-Nichetto-1.png\" \/>\n  <\/div>\n  <\/div>\n    <\/div>\n    <\/div>\n\n\n\n<p><strong>Aurora interpretiert die Tradition der \u00d6llampe durch unsichtbare Technologie und eine entschieden zeitgen\u00f6ssische Designsprache neu. Wie l\u00e4sst sich ein historischer Archetyp erneuern, ohne seine emotionale und rituelle Dimension zu verlieren?<\/strong><\/p>\n\n\n\n<p>Aurora entstand aus einer klaren Absicht: Wir wollten eine tragbare Leuchte schaffen, eine Typologie, die im Angebot von Barovier in einem bestimmten Preissegment fehlte. Damit meine ich keinen Preis f\u00fcr ein breites Publikum, sondern eine Positionierung, die dem Wert des Unternehmens und seiner Herstellungsprozesse entspricht.<br>Wie immer haben wir uns mit der Vergangenheit des Hauses besch\u00e4ftigt und im Archiv eine weitere Typologie entdeckt: die erste nomadische Leuchte, eine kleine \u00d6llampe. In gewisser Weise \u00fcbernahm das \u00d6l damals dieselbe Funktion wie heute der Akku einer LED-Leuchte, w\u00e4hrend das Nutzungsprinzip dasselbe geblieben ist. Wir wollten diese neue Technologie integrieren und zugleich die archetypische Silhouette der \u00d6llampe bewahren, die das Projekt inspiriert hatte. So entsteht eine Verbindung zwischen Vergangenheit, Gegenwart und Zukunft, die es erm\u00f6glicht, bestimmte Eigenschaften der \u00d6llampe an heutige Technologien anzupassen. Gleichzeitig haben wir Elemente wie den oberen Diffusor aus transparentem Rigadin-Glas und das farbige Glas des Sockels beibehalten.<\/p>\n\n\n<div class=\"board\">\n      <div class=\"board-items masonry-grid\">\n      <div class=\"board-item masonry-item\">\n  <div class=\"board-image\" style=\"padding-top:125%\">\n    <img decoding=\"async\" src=\"https:\/\/www.mohd.it\/wp-content\/uploads\/2026\/08\/Luca-Nichetto-8.png\" \/>\n  <\/div>\n  <\/div>\n<div class=\"board-item masonry-item\">\n  <div class=\"board-image\" style=\"padding-top:125%\">\n    <img decoding=\"async\" src=\"https:\/\/www.mohd.it\/wp-content\/uploads\/2026\/08\/Luca-Nichetto-2.png\" \/>\n  <\/div>\n  <\/div>\n    <\/div>\n    <\/div>\n\n\n\n<p><strong>\u201e2026 Chapter 1&#8243; markiert einen bedeutenden Moment des Wandels f\u00fcr Barovier&amp;Toso, der eine neue visuelle Identit\u00e4t, eine erneuerte Designforschung und eine erweiterte internationale Perspektive umfasst. Welche Eigenschaften machen Barovier&amp;Toso heute Ihrer Ansicht nach nicht nur zu einer traditionsreichen Marke, sondern auch zu einem Unternehmen, das f\u00fcr die Zukunft ger\u00fcstet ist?<\/strong><\/p>\n\n\n\n<p>Ich glaube, eine meiner wichtigsten Aufgaben als Creative Director besteht darin, eine Vision davon zu entwickeln, welchen Platz Barovier verdient. Als traditionsreiches Unternehmen mit einem so umfangreichen Archiv bin ich \u00fcberzeugt, dass es bereits damals, als jene Entw\u00fcrfe entstanden, die wir heute als venezianische Kronleuchter bezeichnen, Menschen gab, die sie f\u00fcr zu zeitgen\u00f6ssisch hielten. Dennoch sind diese Kreationen sp\u00e4ter Teil der Unternehmensgeschichte geworden. Heute geht es darum, eine neue gestalterische Ausrichtung f\u00fcr das Unternehmen zu entwickeln und dabei unterschiedliche Kulturen, Perspektiven und internationale Sichtweisen einzubeziehen. All diese kreativen Impulse werden anschlie\u00dfend auf die Insel Murano zur\u00fcckgebracht und mit der DNA von Barovier&amp;Toso verbunden, um eine zeitgen\u00f6ssische Designvision f\u00fcr die Zukunft zu entwerfen. Wir hoffen, dass das, was wir heute schaffen, eines Tages zu einem neuen Klassiker wird. Es geht nicht darum, ein so reiches Erbe aufzugeben, sondern darum, Alt und Neu, zeitgen\u00f6ssische Gestaltung und \u00fcberliefertes Wissen miteinander zu verbinden und daraus eine fruchtbare Synthese von Tradition und Innovation entstehen zu lassen.<\/p>\n\n\n\n<figure class=\"wp-block-image size-large\"><img loading=\"lazy\" decoding=\"async\" width=\"1024\" height=\"576\" src=\"https:\/\/www.mohd.it\/wp-content\/uploads\/2026\/08\/Luca-Nichetto-7-1024x576.png\" alt=\"Luca Nichetto Barovier&amp;Toso Set Up\" class=\"wp-image-128694\" srcset=\"https:\/\/www.mohd.it\/wp-content\/uploads\/2026\/08\/Luca-Nichetto-7-1024x576.png 1024w, https:\/\/www.mohd.it\/wp-content\/uploads\/2026\/08\/Luca-Nichetto-7-300x169.png 300w, https:\/\/www.mohd.it\/wp-content\/uploads\/2026\/08\/Luca-Nichetto-7-768x432.png 768w, https:\/\/www.mohd.it\/wp-content\/uploads\/2026\/08\/Luca-Nichetto-7-1536x864.png 1536w, https:\/\/www.mohd.it\/wp-content\/uploads\/2026\/08\/Luca-Nichetto-7.png 1920w\" sizes=\"auto, (max-width: 1024px) 100vw, 1024px\" \/><\/figure>\n\n\n\n<p>Photo credit: Piergiorgio Sorgetti<\/p>\n","protected":false},"excerpt":{"rendered":"<p>Luca Nichetto pr\u00e4sentiert \u201e2026 Chapter 1&#8243; von Barovier&#038;Toso \u2013 zwischen der Glastradition Muranos, neuen Kollektionen und einer zeitgen\u00f6ssischen Vision des Glases.<\/p>\n","protected":false},"author":18,"featured_media":128680,"comment_status":"closed","ping_status":"closed","sticky":false,"template":"","format":"standard","meta":{"footnotes":""},"categories":[484],"tags":[],"class_list":["post-128741","post","type-post","status-publish","format-standard","has-post-thumbnail","hentry","category-designerportraets"],"yoast_head":"<!-- This site is optimized with the Yoast SEO plugin v24.0 - https:\/\/yoast.com\/wordpress\/plugins\/seo\/ -->\n<title>Luca Nichetto pr\u00e4sentiert das neue Kapitel von Barovier&amp;Toso - Mohd<\/title>\n<meta name=\"description\" content=\"Luca Nichetto pr\u00e4sentiert \u201e2026 Chapter 1&quot; von Barovier&amp;Toso \u2013 zwischen der Glastradition Muranos, neuen Kollektionen und einer zeitgen\u00f6ssischen Vision des Glases.\" \/>\n<meta name=\"robots\" content=\"index, follow, max-snippet:-1, max-image-preview:large, max-video-preview:-1\" \/>\n<link rel=\"canonical\" href=\"https:\/\/www.mohd.it\/de\/magazine\/luca-nichetto-und-die-zukunft-des-murano-glases\/\" \/>\n<meta property=\"og:locale\" content=\"de_DE\" \/>\n<meta property=\"og:type\" content=\"article\" \/>\n<meta property=\"og:title\" content=\"Luca Nichetto pr\u00e4sentiert das neue Kapitel von Barovier&amp;Toso - Mohd\" \/>\n<meta property=\"og:description\" content=\"Luca Nichetto pr\u00e4sentiert \u201e2026 Chapter 1&quot; von Barovier&amp;Toso \u2013 zwischen der Glastradition Muranos, neuen Kollektionen und einer zeitgen\u00f6ssischen Vision des Glases.\" \/>\n<meta property=\"og:url\" content=\"https:\/\/www.mohd.it\/de\/magazine\/luca-nichetto-und-die-zukunft-des-murano-glases\/\" \/>\n<meta property=\"og:site_name\" content=\"Mohd\" \/>\n<meta property=\"article:publisher\" content=\"https:\/\/www.facebook.com\/mollurahomedesign\" \/>\n<meta property=\"article:published_time\" content=\"2026-08-13T08:00:00+00:00\" \/>\n<meta property=\"article:modified_time\" content=\"2026-08-13T08:00:14+00:00\" \/>\n<meta property=\"og:image\" content=\"https:\/\/www.mohd.it\/wp-content\/uploads\/2026\/08\/Luca-Nichetto-10.png\" \/>\n\t<meta property=\"og:image:width\" content=\"1300\" \/>\n\t<meta property=\"og:image:height\" content=\"980\" \/>\n\t<meta property=\"og:image:type\" content=\"image\/png\" \/>\n<meta name=\"author\" content=\"Noemi Cris\u00e0\" \/>\n<meta name=\"twitter:card\" content=\"summary_large_image\" \/>\n<meta name=\"twitter:creator\" content=\"@mohd_homedesign\" \/>\n<meta name=\"twitter:site\" content=\"@mohd_homedesign\" \/>\n<meta name=\"twitter:label1\" content=\"Verfasst von\" \/>\n\t<meta name=\"twitter:data1\" content=\"Noemi Cris\u00e0\" \/>\n\t<meta name=\"twitter:label2\" content=\"Gesch\u00e4tzte Lesezeit\" \/>\n\t<meta name=\"twitter:data2\" content=\"7\u00a0Minuten\" \/>\n<script type=\"application\/ld+json\" class=\"yoast-schema-graph\">{\"@context\":\"https:\/\/schema.org\",\"@graph\":[{\"@type\":\"Article\",\"@id\":\"https:\/\/www.mohd.it\/de\/magazine\/luca-nichetto-und-die-zukunft-des-murano-glases\/#article\",\"isPartOf\":{\"@id\":\"https:\/\/www.mohd.it\/de\/magazine\/luca-nichetto-und-die-zukunft-des-murano-glases\/\"},\"author\":{\"name\":\"Noemi Cris\u00e0\",\"@id\":\"https:\/\/www.mohd.it\/de\/#\/schema\/person\/d237bc94bea0bfe5020d1c41b41f6af2\"},\"headline\":\"Luca Nichetto und die Zukunft des Murano-Glases\",\"datePublished\":\"2026-08-13T08:00:00+00:00\",\"dateModified\":\"2026-08-13T08:00:14+00:00\",\"mainEntityOfPage\":{\"@id\":\"https:\/\/www.mohd.it\/de\/magazine\/luca-nichetto-und-die-zukunft-des-murano-glases\/\"},\"wordCount\":1274,\"publisher\":{\"@id\":\"https:\/\/www.mohd.it\/de\/#organization\"},\"image\":{\"@id\":\"https:\/\/www.mohd.it\/de\/magazine\/luca-nichetto-und-die-zukunft-des-murano-glases\/#primaryimage\"},\"thumbnailUrl\":\"https:\/\/www.mohd.it\/wp-content\/uploads\/2026\/08\/Luca-Nichetto-10.png\",\"articleSection\":[\"Designerportr\u00e4ts\"],\"inLanguage\":\"de\"},{\"@type\":\"WebPage\",\"@id\":\"https:\/\/www.mohd.it\/de\/magazine\/luca-nichetto-und-die-zukunft-des-murano-glases\/\",\"url\":\"https:\/\/www.mohd.it\/de\/magazine\/luca-nichetto-und-die-zukunft-des-murano-glases\/\",\"name\":\"Luca Nichetto pr\u00e4sentiert das neue Kapitel von Barovier&Toso - Mohd\",\"isPartOf\":{\"@id\":\"https:\/\/www.mohd.it\/de\/#website\"},\"primaryImageOfPage\":{\"@id\":\"https:\/\/www.mohd.it\/de\/magazine\/luca-nichetto-und-die-zukunft-des-murano-glases\/#primaryimage\"},\"image\":{\"@id\":\"https:\/\/www.mohd.it\/de\/magazine\/luca-nichetto-und-die-zukunft-des-murano-glases\/#primaryimage\"},\"thumbnailUrl\":\"https:\/\/www.mohd.it\/wp-content\/uploads\/2026\/08\/Luca-Nichetto-10.png\",\"datePublished\":\"2026-08-13T08:00:00+00:00\",\"dateModified\":\"2026-08-13T08:00:14+00:00\",\"description\":\"Luca Nichetto pr\u00e4sentiert \u201e2026 Chapter 1\\\" von Barovier&Toso \u2013 zwischen der Glastradition Muranos, neuen Kollektionen und einer zeitgen\u00f6ssischen Vision des Glases.\",\"breadcrumb\":{\"@id\":\"https:\/\/www.mohd.it\/de\/magazine\/luca-nichetto-und-die-zukunft-des-murano-glases\/#breadcrumb\"},\"inLanguage\":\"de\",\"potentialAction\":[{\"@type\":\"ReadAction\",\"target\":[\"https:\/\/www.mohd.it\/de\/magazine\/luca-nichetto-und-die-zukunft-des-murano-glases\/\"]}]},{\"@type\":\"ImageObject\",\"inLanguage\":\"de\",\"@id\":\"https:\/\/www.mohd.it\/de\/magazine\/luca-nichetto-und-die-zukunft-des-murano-glases\/#primaryimage\",\"url\":\"https:\/\/www.mohd.it\/wp-content\/uploads\/2026\/08\/Luca-Nichetto-10.png\",\"contentUrl\":\"https:\/\/www.mohd.it\/wp-content\/uploads\/2026\/08\/Luca-Nichetto-10.png\",\"width\":1300,\"height\":980,\"caption\":\"Luca Nichetto\"},{\"@type\":\"BreadcrumbList\",\"@id\":\"https:\/\/www.mohd.it\/de\/magazine\/luca-nichetto-und-die-zukunft-des-murano-glases\/#breadcrumb\",\"itemListElement\":[{\"@type\":\"ListItem\",\"position\":1,\"name\":\"Home\",\"item\":\"https:\/\/www.mohd.it\/de\/\"},{\"@type\":\"ListItem\",\"position\":2,\"name\":\"Luca Nichetto und die Zukunft des Murano-Glases\"}]},{\"@type\":\"WebSite\",\"@id\":\"https:\/\/www.mohd.it\/de\/#website\",\"url\":\"https:\/\/www.mohd.it\/de\/\",\"name\":\"Mohd\",\"description\":\"\",\"publisher\":{\"@id\":\"https:\/\/www.mohd.it\/de\/#organization\"},\"potentialAction\":[{\"@type\":\"SearchAction\",\"target\":{\"@type\":\"EntryPoint\",\"urlTemplate\":\"https:\/\/www.mohd.it\/de\/?s={search_term_string}\"},\"query-input\":{\"@type\":\"PropertyValueSpecification\",\"valueRequired\":true,\"valueName\":\"search_term_string\"}}],\"inLanguage\":\"de\"},{\"@type\":\"Organization\",\"@id\":\"https:\/\/www.mohd.it\/de\/#organization\",\"name\":\"Mollura & C. SPA\",\"url\":\"https:\/\/www.mohd.it\/de\/\",\"logo\":{\"@type\":\"ImageObject\",\"inLanguage\":\"de\",\"@id\":\"https:\/\/www.mohd.it\/de\/#\/schema\/logo\/image\/\",\"url\":\"https:\/\/www.mohd.it\/wp-content\/uploads\/2020\/09\/mohd-logo.png\",\"contentUrl\":\"https:\/\/www.mohd.it\/wp-content\/uploads\/2020\/09\/mohd-logo.png\",\"width\":600,\"height\":600,\"caption\":\"Mollura & C. SPA\"},\"image\":{\"@id\":\"https:\/\/www.mohd.it\/de\/#\/schema\/logo\/image\/\"},\"sameAs\":[\"https:\/\/www.facebook.com\/mollurahomedesign\",\"https:\/\/x.com\/mohd_homedesign\",\"https:\/\/www.instagram.com\/mohd_homedesign\/\",\"https:\/\/it.linkedin.com\/company\/mohd-mollura-home-design\",\"https:\/\/www.pinterest.it\/mohdhomedesign\/\",\"https:\/\/www.youtube.com\/channel\/UCYLuPff6hq4z_o0GO0w1yaA\"]},{\"@type\":\"Person\",\"@id\":\"https:\/\/www.mohd.it\/de\/#\/schema\/person\/d237bc94bea0bfe5020d1c41b41f6af2\",\"name\":\"Noemi Cris\u00e0\",\"image\":{\"@type\":\"ImageObject\",\"inLanguage\":\"de\",\"@id\":\"https:\/\/www.mohd.it\/de\/#\/schema\/person\/image\/\",\"url\":\"https:\/\/secure.gravatar.com\/avatar\/6f959897d20f7190d0b1a9b0a1518d13?s=96&d=mm&r=g\",\"contentUrl\":\"https:\/\/secure.gravatar.com\/avatar\/6f959897d20f7190d0b1a9b0a1518d13?s=96&d=mm&r=g\",\"caption\":\"Noemi Cris\u00e0\"},\"url\":\"https:\/\/www.mohd.it\/de\/magazine\/author\/noemi\/\"}]}<\/script>\n<!-- \/ Yoast SEO plugin. -->","yoast_head_json":{"title":"Luca Nichetto pr\u00e4sentiert das neue Kapitel von Barovier&Toso - Mohd","description":"Luca Nichetto pr\u00e4sentiert \u201e2026 Chapter 1\" von Barovier&Toso \u2013 zwischen der Glastradition Muranos, neuen Kollektionen und einer zeitgen\u00f6ssischen Vision des Glases.","robots":{"index":"index","follow":"follow","max-snippet":"max-snippet:-1","max-image-preview":"max-image-preview:large","max-video-preview":"max-video-preview:-1"},"canonical":"https:\/\/www.mohd.it\/de\/magazine\/luca-nichetto-und-die-zukunft-des-murano-glases\/","og_locale":"de_DE","og_type":"article","og_title":"Luca Nichetto pr\u00e4sentiert das neue Kapitel von Barovier&Toso - Mohd","og_description":"Luca Nichetto pr\u00e4sentiert \u201e2026 Chapter 1\" von Barovier&Toso \u2013 zwischen der Glastradition Muranos, neuen Kollektionen und einer zeitgen\u00f6ssischen Vision des Glases.","og_url":"https:\/\/www.mohd.it\/de\/magazine\/luca-nichetto-und-die-zukunft-des-murano-glases\/","og_site_name":"Mohd","article_publisher":"https:\/\/www.facebook.com\/mollurahomedesign","article_published_time":"2026-08-13T08:00:00+00:00","article_modified_time":"2026-08-13T08:00:14+00:00","og_image":[{"width":1300,"height":980,"url":"https:\/\/www.mohd.it\/wp-content\/uploads\/2026\/08\/Luca-Nichetto-10.png","type":"image\/png"}],"author":"Noemi Cris\u00e0","twitter_card":"summary_large_image","twitter_creator":"@mohd_homedesign","twitter_site":"@mohd_homedesign","twitter_misc":{"Verfasst von":"Noemi Cris\u00e0","Gesch\u00e4tzte Lesezeit":"7\u00a0Minuten"},"schema":{"@context":"https:\/\/schema.org","@graph":[{"@type":"Article","@id":"https:\/\/www.mohd.it\/de\/magazine\/luca-nichetto-und-die-zukunft-des-murano-glases\/#article","isPartOf":{"@id":"https:\/\/www.mohd.it\/de\/magazine\/luca-nichetto-und-die-zukunft-des-murano-glases\/"},"author":{"name":"Noemi Cris\u00e0","@id":"https:\/\/www.mohd.it\/de\/#\/schema\/person\/d237bc94bea0bfe5020d1c41b41f6af2"},"headline":"Luca Nichetto und die Zukunft des Murano-Glases","datePublished":"2026-08-13T08:00:00+00:00","dateModified":"2026-08-13T08:00:14+00:00","mainEntityOfPage":{"@id":"https:\/\/www.mohd.it\/de\/magazine\/luca-nichetto-und-die-zukunft-des-murano-glases\/"},"wordCount":1274,"publisher":{"@id":"https:\/\/www.mohd.it\/de\/#organization"},"image":{"@id":"https:\/\/www.mohd.it\/de\/magazine\/luca-nichetto-und-die-zukunft-des-murano-glases\/#primaryimage"},"thumbnailUrl":"https:\/\/www.mohd.it\/wp-content\/uploads\/2026\/08\/Luca-Nichetto-10.png","articleSection":["Designerportr\u00e4ts"],"inLanguage":"de"},{"@type":"WebPage","@id":"https:\/\/www.mohd.it\/de\/magazine\/luca-nichetto-und-die-zukunft-des-murano-glases\/","url":"https:\/\/www.mohd.it\/de\/magazine\/luca-nichetto-und-die-zukunft-des-murano-glases\/","name":"Luca Nichetto pr\u00e4sentiert das neue Kapitel von Barovier&Toso - Mohd","isPartOf":{"@id":"https:\/\/www.mohd.it\/de\/#website"},"primaryImageOfPage":{"@id":"https:\/\/www.mohd.it\/de\/magazine\/luca-nichetto-und-die-zukunft-des-murano-glases\/#primaryimage"},"image":{"@id":"https:\/\/www.mohd.it\/de\/magazine\/luca-nichetto-und-die-zukunft-des-murano-glases\/#primaryimage"},"thumbnailUrl":"https:\/\/www.mohd.it\/wp-content\/uploads\/2026\/08\/Luca-Nichetto-10.png","datePublished":"2026-08-13T08:00:00+00:00","dateModified":"2026-08-13T08:00:14+00:00","description":"Luca Nichetto pr\u00e4sentiert \u201e2026 Chapter 1\" von Barovier&Toso \u2013 zwischen der Glastradition Muranos, neuen Kollektionen und einer zeitgen\u00f6ssischen Vision des Glases.","breadcrumb":{"@id":"https:\/\/www.mohd.it\/de\/magazine\/luca-nichetto-und-die-zukunft-des-murano-glases\/#breadcrumb"},"inLanguage":"de","potentialAction":[{"@type":"ReadAction","target":["https:\/\/www.mohd.it\/de\/magazine\/luca-nichetto-und-die-zukunft-des-murano-glases\/"]}]},{"@type":"ImageObject","inLanguage":"de","@id":"https:\/\/www.mohd.it\/de\/magazine\/luca-nichetto-und-die-zukunft-des-murano-glases\/#primaryimage","url":"https:\/\/www.mohd.it\/wp-content\/uploads\/2026\/08\/Luca-Nichetto-10.png","contentUrl":"https:\/\/www.mohd.it\/wp-content\/uploads\/2026\/08\/Luca-Nichetto-10.png","width":1300,"height":980,"caption":"Luca Nichetto"},{"@type":"BreadcrumbList","@id":"https:\/\/www.mohd.it\/de\/magazine\/luca-nichetto-und-die-zukunft-des-murano-glases\/#breadcrumb","itemListElement":[{"@type":"ListItem","position":1,"name":"Home","item":"https:\/\/www.mohd.it\/de\/"},{"@type":"ListItem","position":2,"name":"Luca Nichetto und die Zukunft des Murano-Glases"}]},{"@type":"WebSite","@id":"https:\/\/www.mohd.it\/de\/#website","url":"https:\/\/www.mohd.it\/de\/","name":"Mohd","description":"","publisher":{"@id":"https:\/\/www.mohd.it\/de\/#organization"},"potentialAction":[{"@type":"SearchAction","target":{"@type":"EntryPoint","urlTemplate":"https:\/\/www.mohd.it\/de\/?s={search_term_string}"},"query-input":{"@type":"PropertyValueSpecification","valueRequired":true,"valueName":"search_term_string"}}],"inLanguage":"de"},{"@type":"Organization","@id":"https:\/\/www.mohd.it\/de\/#organization","name":"Mollura & C. SPA","url":"https:\/\/www.mohd.it\/de\/","logo":{"@type":"ImageObject","inLanguage":"de","@id":"https:\/\/www.mohd.it\/de\/#\/schema\/logo\/image\/","url":"https:\/\/www.mohd.it\/wp-content\/uploads\/2020\/09\/mohd-logo.png","contentUrl":"https:\/\/www.mohd.it\/wp-content\/uploads\/2020\/09\/mohd-logo.png","width":600,"height":600,"caption":"Mollura & C. SPA"},"image":{"@id":"https:\/\/www.mohd.it\/de\/#\/schema\/logo\/image\/"},"sameAs":["https:\/\/www.facebook.com\/mollurahomedesign","https:\/\/x.com\/mohd_homedesign","https:\/\/www.instagram.com\/mohd_homedesign\/","https:\/\/it.linkedin.com\/company\/mohd-mollura-home-design","https:\/\/www.pinterest.it\/mohdhomedesign\/","https:\/\/www.youtube.com\/channel\/UCYLuPff6hq4z_o0GO0w1yaA"]},{"@type":"Person","@id":"https:\/\/www.mohd.it\/de\/#\/schema\/person\/d237bc94bea0bfe5020d1c41b41f6af2","name":"Noemi Cris\u00e0","image":{"@type":"ImageObject","inLanguage":"de","@id":"https:\/\/www.mohd.it\/de\/#\/schema\/person\/image\/","url":"https:\/\/secure.gravatar.com\/avatar\/6f959897d20f7190d0b1a9b0a1518d13?s=96&d=mm&r=g","contentUrl":"https:\/\/secure.gravatar.com\/avatar\/6f959897d20f7190d0b1a9b0a1518d13?s=96&d=mm&r=g","caption":"Noemi Cris\u00e0"},"url":"https:\/\/www.mohd.it\/de\/magazine\/author\/noemi\/"}]}},"image":"https:\/\/www.mohd.it\/wp-content\/uploads\/2026\/08\/Luca-Nichetto-10-800x600.png","category":"Designerportr\u00e4ts","_links":{"self":[{"href":"https:\/\/www.mohd.it\/de\/wp-json\/wp\/v2\/posts\/128741","targetHints":{"allow":["GET"]}}],"collection":[{"href":"https:\/\/www.mohd.it\/de\/wp-json\/wp\/v2\/posts"}],"about":[{"href":"https:\/\/www.mohd.it\/de\/wp-json\/wp\/v2\/types\/post"}],"author":[{"embeddable":true,"href":"https:\/\/www.mohd.it\/de\/wp-json\/wp\/v2\/users\/18"}],"replies":[{"embeddable":true,"href":"https:\/\/www.mohd.it\/de\/wp-json\/wp\/v2\/comments?post=128741"}],"version-history":[{"count":2,"href":"https:\/\/www.mohd.it\/de\/wp-json\/wp\/v2\/posts\/128741\/revisions"}],"predecessor-version":[{"id":128750,"href":"https:\/\/www.mohd.it\/de\/wp-json\/wp\/v2\/posts\/128741\/revisions\/128750"}],"wp:featuredmedia":[{"embeddable":true,"href":"https:\/\/www.mohd.it\/de\/wp-json\/wp\/v2\/media\/128680"}],"wp:attachment":[{"href":"https:\/\/www.mohd.it\/de\/wp-json\/wp\/v2\/media?parent=128741"}],"wp:term":[{"taxonomy":"category","embeddable":true,"href":"https:\/\/www.mohd.it\/de\/wp-json\/wp\/v2\/categories?post=128741"},{"taxonomy":"post_tag","embeddable":true,"href":"https:\/\/www.mohd.it\/de\/wp-json\/wp\/v2\/tags?post=128741"}],"curies":[{"name":"wp","href":"https:\/\/api.w.org\/{rel}","templated":true}]}}