{"id":128952,"date":"2026-08-19T10:00:00","date_gmt":"2026-08-19T08:00:00","guid":{"rendered":"https:\/\/www.mohd.it\/?p=128952"},"modified":"2026-08-19T10:00:09","modified_gmt":"2026-08-19T08:00:09","slug":"bibendum-wird-100-eileen-grays-sessel-der-die-sprache-des-designs-neu-definierte","status":"publish","type":"post","link":"https:\/\/www.mohd.it\/de\/magazine\/bibendum-wird-100-eileen-grays-sessel-der-die-sprache-des-designs-neu-definierte\/","title":{"rendered":"Bibendum wird 100: Eileen Grays Sessel, der die Sprache des Designs neu definierte"},"content":{"rendered":"\n<p>Es gibt Objekte, die die Zeit nicht altern l\u00e4sst. Nicht, weil sie unver\u00e4ndert bleiben, sondern weil sie nie aufh\u00f6ren, mit der Gegenwart zu sprechen. Bibendum ist ein solches Beispiel: Der 1926 von Eileen Gray entworfene Sessel bewahrt sich hundert Jahre nach seiner Entstehung die F\u00e4higkeit, zu \u00fcberraschen, Konventionen infrage zu stellen und eine alternative Moderne zu verk\u00f6rpern.<\/p>\n\n\n\n<div style=\"height:30px\" aria-hidden=\"true\" class=\"wp-block-spacer\"><\/div>\n\n\n\n<p>In einer Zeit, in der die geometrische Pr\u00e4zision des Bauhauses und die \u00c4sthetik der Maschine die Debatten unter Architekten und Designern bestimmten, entwarf <strong><a href=\"https:\/\/shopmohd.com\/de\/designer\/eileen-gray.html\">Eileen Gray<\/a><\/strong> einen Sessel, der Weichheit, Komfort und sinnliche, geschwungene Formen feierte. Und dabei ging es nicht nur um Design, sondern auch um Kultur.<\/p>\n\n\n<div class=\"board\">\n      <div class=\"board-items masonry-grid\">\n      <div class=\"board-item masonry-item\">\n  <div class=\"board-image\" style=\"padding-top:125%\">\n    <img decoding=\"async\" src=\"https:\/\/www.mohd.it\/wp-content\/uploads\/2026\/08\/Eileen-Gray.png\" \/>\n  <\/div>\n  <\/div>\n<div class=\"board-item masonry-item\">\n  <div class=\"board-product\" style=\"padding-top:125%\">\n    <img decoding=\"async\" src=\"https:\/\/www.mohd.it\/wp-content\/uploads\/2026\/08\/ClassiCon-Bibendum-Limited-Edition-4.png\" \/>\n    <div class=\"content\">\n      <span class=\"brand\">ClassiCon<\/span>      <span class=\"name\">Bibendum Sessel &#8211; Limited Edition<\/span>\n    <\/div>\n    <div class=\"actions\">\n              <a href=\"https:\/\/shopmohd.com\/de\/bibendum-sessel-limited-edition.html\" class=\"button\">Acquista<\/a>\n            \t\t          <\/div>\n  <\/div>\n    <\/div>\n    <\/div>\n    <\/div>\n\n\n\n<div style=\"height:30px\" aria-hidden=\"true\" class=\"wp-block-spacer\"><\/div>\n\n\n\n<p>1926 f\u00fcr Jean D\u00e9sert, Grays Pariser Galerie und Showroom, entworfen, verdankt Bibendum seinen Namen dem legend\u00e4ren Michelin-M\u00e4nnchen, dessen gestapelte, zylindrische Silhouette die unverwechselbare Komposition des Sessels inspirierte. Gro\u00dfe, gepolsterte Rollkissen umschlie\u00dfen die Sitzfl\u00e4che und verwandeln einen industriellen Bezug in einen Ausdruck h\u00e4uslichen Komforts. Seine gro\u00dfz\u00fcgigen Rundungen stehen in bewusstem Kontrast zu den orthogonalen Volumen der fr\u00fchen Moderne, w\u00e4hrend das schlanke Stahlrohrgestell der ansonsten volumin\u00f6sen Form visuelle Leichtigkeit verleiht. Manche Designhistoriker deuten den Sessel zudem als subtile Ironie gegen\u00fcber dem traditionellen Gentleman&#8217;s-Club-Sessel, der lange Zeit exklusiv m\u00e4nnlichen R\u00e4umen vorbehalten war.<\/p>\n\n\n<div class=\"board\">\n      <div class=\"board-items masonry-grid\">\n      <div class=\"board-item masonry-item\">\n  <div class=\"board-image\" style=\"padding-top:80%\">\n    <img decoding=\"async\" src=\"https:\/\/www.mohd.it\/wp-content\/uploads\/2026\/08\/Jean-Desert.png\" \/>\n  <\/div>\n  <\/div>\n<div class=\"board-item masonry-item\">\n  <div class=\"board-image\" style=\"padding-top:80%\">\n    <img decoding=\"async\" src=\"https:\/\/www.mohd.it\/wp-content\/uploads\/2026\/08\/ClassiCon-Bibendum.png\" \/>\n  <\/div>\n  <\/div>\n    <\/div>\n    <\/div>\n\n\n\n<p>Die anhaltende Bedeutung von Bibendum liegt in seiner F\u00e4higkeit, viele der kulturellen Spannungen der 1920er-Jahre einzufangen: den Dialog zwischen Kunst und Industrie, zwischen Dekoration und Funktion, zwischen formaler Experimentierfreude und Alltagsleben. Obwohl er zu einer der bekanntesten Ikonen des Designs des 20. Jahrhunderts geworden ist, wirkt der Sessel bis heute erstaunlich zeitgem\u00e4\u00df.<\/p>\n\n\n<div class=\"board\">\n      <div class=\"board-items masonry-grid\">\n      <div class=\"board-item masonry-item\">\n  <div class=\"board-product\" style=\"padding-top:125%\">\n    <img decoding=\"async\" src=\"https:\/\/www.mohd.it\/wp-content\/uploads\/2026\/08\/ClassiCon-Bibendum-Limited-Edition-1.png\" \/>\n    <div class=\"content\">\n      <span class=\"brand\">ClassiCon<\/span>      <span class=\"name\">Bibendum Sessel &#8211; Limited Edition<\/span>\n    <\/div>\n    <div class=\"actions\">\n              <a href=\"https:\/\/shopmohd.com\/de\/bibendum-sessel-limited-edition.html\" class=\"button\">Acquista<\/a>\n            \t\t          <\/div>\n  <\/div>\n    <\/div>\n<div class=\"board-item masonry-item\">\n  <div class=\"board-image\" style=\"padding-top:125%\">\n    <img decoding=\"async\" src=\"https:\/\/www.mohd.it\/wp-content\/uploads\/2026\/08\/ClassiCon-Bibendum-Limited-Edition-2.png\" \/>\n  <\/div>\n  <\/div>\n    <\/div>\n    <\/div>\n\n\n\n<p>Seine Geschichte spiegelt auch die kritische Wiederentdeckung von Eileen Gray selbst wider. Jahrzehntelang von vielen f\u00fchrenden Figuren der Moderne \u00fcberschattet, musste Gray bis zur zweiten H\u00e4lfte des 20. Jahrhunderts warten, um f\u00fcr ihren Beitrag zum Design volle Anerkennung zu finden. Heute gilt Bibendum nicht zuf\u00e4llig als eines ihrer bedeutendsten Werke, und die Originalausf\u00fchrungen des Sessels sind zu begehrten, wertvollen Sammlerst\u00fccken geworden. Ein fr\u00fcher Bibendum, den Gray f\u00fcr den Pariser Showroom der Galerie schuf, wurde 2020 bei einer Auktion f\u00fcr 687.500 US-Dollar versteigert.<\/p>\n\n\n<div class=\"board\">\n      <div class=\"board-items masonry-grid\">\n      <div class=\"board-item masonry-item\">\n  <div class=\"board-image\" style=\"padding-top:125%\">\n    <img decoding=\"async\" src=\"https:\/\/www.mohd.it\/wp-content\/uploads\/2026\/08\/ClassiCon-Bibendum-Limited-Edition.png\" \/>\n  <\/div>\n  <\/div>\n<div class=\"board-item masonry-item\">\n  <div class=\"board-product\" style=\"padding-top:125%\">\n    <img decoding=\"async\" src=\"https:\/\/www.mohd.it\/wp-content\/uploads\/2026\/08\/ClassiCon-Bibendum-Limited-Edition-3.png\" \/>\n    <div class=\"content\">\n      <span class=\"brand\">ClassiCon<\/span>      <span class=\"name\">Bibendum Sessel &#8211; Limited Edition<\/span>\n    <\/div>\n    <div class=\"actions\">\n              <a href=\"https:\/\/shopmohd.com\/de\/bibendum-sessel-limited-edition.html\" class=\"button\">Acquista<\/a>\n            \t\t          <\/div>\n  <\/div>\n    <\/div>\n    <\/div>\n    <\/div>\n\n\n\n<p>Zum 100-j\u00e4hrigen Jubil\u00e4um des Sessels hat <strong><a href=\"https:\/\/shopmohd.com\/de\/marken\/classicon.html\">ClassiCon<\/a><\/strong>, das die Lizenz zur Herstellung von Eileen Grays M\u00f6beln h\u00e4lt, eine Sonderedition von 100 Exemplaren aufgelegt, jedes mit einem Echtheitszertifikat und einer in das Gestell gravierten Nummer versehen. Doch das Jubil\u00e4um von Bibendum ist nicht nur ein Anlass, eine Design-Ikone zu feiern \u2013 es ist auch eine Gelegenheit, sich erneut mit ihrer Entstehungsidee auseinanderzusetzen. In einer Zeit, die von Geschwindigkeit und Effizienz gepr\u00e4gt ist, erinnert uns Eileen Grays Werk daran, dass best\u00e4ndiges Design immer aus dem Verst\u00e4ndnis daf\u00fcr entsteht, wie wir Raum bewohnen \u2013 nicht aus der Geschwindigkeit, mit der wir ihn produzieren.<\/p>\n\n\n\n<div style=\"height:30px\" aria-hidden=\"true\" class=\"wp-block-spacer\"><\/div>\n\n\n\n<p>Vielleicht ist genau das der Grund, warum Bibendum auch hundert Jahre sp\u00e4ter noch nachklingt. Nicht, weil er sich nicht ver\u00e4ndert hat, sondern schlicht, weil er weiterhin zeitlose Fragen stellt: Welche Beziehung m\u00f6chten wir zu unserer Umgebung haben? Wie beeinflusst Raum die Art, wie wir leben, kommunizieren und uns zuhause f\u00fchlen?<\/p>\n\n\n\n<p>Die gr\u00f6\u00dften Design-Ikonen \u00fcberdauern nicht als Denkm\u00e4ler, sondern als lebendige Organismen. Und Bibendum beweist mit seiner au\u00dfergew\u00f6hnlichen Kombination aus formaler K\u00fchnheit, Komfort und Menschlichkeit einmal mehr, dass Design sich nur durch Zeitlosigkeit wirklich selbst \u00fcbersteigen kann.<\/p>\n","protected":false},"excerpt":{"rendered":"<p>Hundert Jahre sp\u00e4ter stellt Bibendum von Eileen Gray immer noch die entscheidende Frage: Welche Beziehung wollen wir zu den R\u00e4umen haben, in denen wir leben?<\/p>\n","protected":false},"author":18,"featured_media":128919,"comment_status":"closed","ping_status":"closed","sticky":false,"template":"","format":"standard","meta":{"footnotes":""},"categories":[483],"tags":[],"class_list":["post-128952","post","type-post","status-publish","format-standard","has-post-thumbnail","hentry","category-design-ikonen"],"yoast_head":"<!-- This site is optimized with the Yoast SEO plugin v24.0 - https:\/\/yoast.com\/wordpress\/plugins\/seo\/ -->\n<title>Bibendum wird 100 | Eileen Grays legend\u00e4rer Sessel - Mohd<\/title>\n<meta name=\"description\" content=\"Hundert Jahre nach seiner Entstehung steht Bibendum von Eileen Gray weiterhin f\u00fcr Sinnlichkeit und eine alternative Moderne \u2013 entworfen f\u00fcr ihre Pariser Galerie.\" \/>\n<meta name=\"robots\" content=\"index, follow, max-snippet:-1, max-image-preview:large, max-video-preview:-1\" \/>\n<link rel=\"canonical\" href=\"https:\/\/www.mohd.it\/de\/magazine\/bibendum-wird-100-eileen-grays-sessel-der-die-sprache-des-designs-neu-definierte\/\" \/>\n<meta property=\"og:locale\" content=\"de_DE\" \/>\n<meta property=\"og:type\" content=\"article\" \/>\n<meta property=\"og:title\" content=\"Bibendum wird 100 | Eileen Grays legend\u00e4rer Sessel - Mohd\" \/>\n<meta property=\"og:description\" content=\"Hundert Jahre nach seiner Entstehung steht Bibendum von Eileen Gray weiterhin f\u00fcr Sinnlichkeit und eine alternative Moderne \u2013 entworfen f\u00fcr ihre Pariser Galerie.\" \/>\n<meta property=\"og:url\" content=\"https:\/\/www.mohd.it\/de\/magazine\/bibendum-wird-100-eileen-grays-sessel-der-die-sprache-des-designs-neu-definierte\/\" \/>\n<meta property=\"og:site_name\" content=\"Mohd\" \/>\n<meta property=\"article:publisher\" content=\"https:\/\/www.facebook.com\/mollurahomedesign\" \/>\n<meta property=\"article:published_time\" content=\"2026-08-19T08:00:00+00:00\" \/>\n<meta property=\"article:modified_time\" content=\"2026-08-19T08:00:09+00:00\" \/>\n<meta property=\"og:image\" content=\"https:\/\/www.mohd.it\/wp-content\/uploads\/2026\/08\/ClassiCon-Bibendum-Limited-Edition-5.png\" \/>\n\t<meta property=\"og:image:width\" content=\"1300\" \/>\n\t<meta property=\"og:image:height\" content=\"980\" \/>\n\t<meta property=\"og:image:type\" content=\"image\/png\" \/>\n<meta name=\"author\" content=\"Noemi Cris\u00e0\" \/>\n<meta name=\"twitter:card\" content=\"summary_large_image\" \/>\n<meta name=\"twitter:creator\" content=\"@mohd_homedesign\" \/>\n<meta name=\"twitter:site\" content=\"@mohd_homedesign\" \/>\n<meta name=\"twitter:label1\" content=\"Verfasst von\" \/>\n\t<meta name=\"twitter:data1\" content=\"Noemi Cris\u00e0\" \/>\n\t<meta name=\"twitter:label2\" content=\"Gesch\u00e4tzte Lesezeit\" \/>\n\t<meta name=\"twitter:data2\" content=\"3\u00a0Minuten\" \/>\n<script type=\"application\/ld+json\" class=\"yoast-schema-graph\">{\"@context\":\"https:\/\/schema.org\",\"@graph\":[{\"@type\":\"Article\",\"@id\":\"https:\/\/www.mohd.it\/de\/magazine\/bibendum-wird-100-eileen-grays-sessel-der-die-sprache-des-designs-neu-definierte\/#article\",\"isPartOf\":{\"@id\":\"https:\/\/www.mohd.it\/de\/magazine\/bibendum-wird-100-eileen-grays-sessel-der-die-sprache-des-designs-neu-definierte\/\"},\"author\":{\"name\":\"Noemi Cris\u00e0\",\"@id\":\"https:\/\/www.mohd.it\/de\/#\/schema\/person\/d237bc94bea0bfe5020d1c41b41f6af2\"},\"headline\":\"Bibendum wird 100: Eileen Grays Sessel, der die Sprache des Designs neu definierte\",\"datePublished\":\"2026-08-19T08:00:00+00:00\",\"dateModified\":\"2026-08-19T08:00:09+00:00\",\"mainEntityOfPage\":{\"@id\":\"https:\/\/www.mohd.it\/de\/magazine\/bibendum-wird-100-eileen-grays-sessel-der-die-sprache-des-designs-neu-definierte\/\"},\"wordCount\":567,\"publisher\":{\"@id\":\"https:\/\/www.mohd.it\/de\/#organization\"},\"image\":{\"@id\":\"https:\/\/www.mohd.it\/de\/magazine\/bibendum-wird-100-eileen-grays-sessel-der-die-sprache-des-designs-neu-definierte\/#primaryimage\"},\"thumbnailUrl\":\"https:\/\/www.mohd.it\/wp-content\/uploads\/2026\/08\/ClassiCon-Bibendum-Limited-Edition-5.png\",\"articleSection\":[\"Design-Ikonen\"],\"inLanguage\":\"de\"},{\"@type\":\"WebPage\",\"@id\":\"https:\/\/www.mohd.it\/de\/magazine\/bibendum-wird-100-eileen-grays-sessel-der-die-sprache-des-designs-neu-definierte\/\",\"url\":\"https:\/\/www.mohd.it\/de\/magazine\/bibendum-wird-100-eileen-grays-sessel-der-die-sprache-des-designs-neu-definierte\/\",\"name\":\"Bibendum wird 100 | Eileen Grays legend\u00e4rer Sessel - Mohd\",\"isPartOf\":{\"@id\":\"https:\/\/www.mohd.it\/de\/#website\"},\"primaryImageOfPage\":{\"@id\":\"https:\/\/www.mohd.it\/de\/magazine\/bibendum-wird-100-eileen-grays-sessel-der-die-sprache-des-designs-neu-definierte\/#primaryimage\"},\"image\":{\"@id\":\"https:\/\/www.mohd.it\/de\/magazine\/bibendum-wird-100-eileen-grays-sessel-der-die-sprache-des-designs-neu-definierte\/#primaryimage\"},\"thumbnailUrl\":\"https:\/\/www.mohd.it\/wp-content\/uploads\/2026\/08\/ClassiCon-Bibendum-Limited-Edition-5.png\",\"datePublished\":\"2026-08-19T08:00:00+00:00\",\"dateModified\":\"2026-08-19T08:00:09+00:00\",\"description\":\"Hundert Jahre nach seiner Entstehung steht Bibendum von Eileen Gray weiterhin f\u00fcr Sinnlichkeit und eine alternative Moderne \u2013 entworfen f\u00fcr ihre Pariser Galerie.\",\"breadcrumb\":{\"@id\":\"https:\/\/www.mohd.it\/de\/magazine\/bibendum-wird-100-eileen-grays-sessel-der-die-sprache-des-designs-neu-definierte\/#breadcrumb\"},\"inLanguage\":\"de\",\"potentialAction\":[{\"@type\":\"ReadAction\",\"target\":[\"https:\/\/www.mohd.it\/de\/magazine\/bibendum-wird-100-eileen-grays-sessel-der-die-sprache-des-designs-neu-definierte\/\"]}]},{\"@type\":\"ImageObject\",\"inLanguage\":\"de\",\"@id\":\"https:\/\/www.mohd.it\/de\/magazine\/bibendum-wird-100-eileen-grays-sessel-der-die-sprache-des-designs-neu-definierte\/#primaryimage\",\"url\":\"https:\/\/www.mohd.it\/wp-content\/uploads\/2026\/08\/ClassiCon-Bibendum-Limited-Edition-5.png\",\"contentUrl\":\"https:\/\/www.mohd.it\/wp-content\/uploads\/2026\/08\/ClassiCon-Bibendum-Limited-Edition-5.png\",\"width\":1300,\"height\":980,\"caption\":\"ClassiCon Bibendum - Limited Edition\"},{\"@type\":\"BreadcrumbList\",\"@id\":\"https:\/\/www.mohd.it\/de\/magazine\/bibendum-wird-100-eileen-grays-sessel-der-die-sprache-des-designs-neu-definierte\/#breadcrumb\",\"itemListElement\":[{\"@type\":\"ListItem\",\"position\":1,\"name\":\"Home\",\"item\":\"https:\/\/www.mohd.it\/de\/\"},{\"@type\":\"ListItem\",\"position\":2,\"name\":\"Bibendum wird 100: Eileen Grays Sessel, der die Sprache des Designs neu definierte\"}]},{\"@type\":\"WebSite\",\"@id\":\"https:\/\/www.mohd.it\/de\/#website\",\"url\":\"https:\/\/www.mohd.it\/de\/\",\"name\":\"Mohd\",\"description\":\"\",\"publisher\":{\"@id\":\"https:\/\/www.mohd.it\/de\/#organization\"},\"potentialAction\":[{\"@type\":\"SearchAction\",\"target\":{\"@type\":\"EntryPoint\",\"urlTemplate\":\"https:\/\/www.mohd.it\/de\/?s={search_term_string}\"},\"query-input\":{\"@type\":\"PropertyValueSpecification\",\"valueRequired\":true,\"valueName\":\"search_term_string\"}}],\"inLanguage\":\"de\"},{\"@type\":\"Organization\",\"@id\":\"https:\/\/www.mohd.it\/de\/#organization\",\"name\":\"Mollura & C. SPA\",\"url\":\"https:\/\/www.mohd.it\/de\/\",\"logo\":{\"@type\":\"ImageObject\",\"inLanguage\":\"de\",\"@id\":\"https:\/\/www.mohd.it\/de\/#\/schema\/logo\/image\/\",\"url\":\"https:\/\/www.mohd.it\/wp-content\/uploads\/2020\/09\/mohd-logo.png\",\"contentUrl\":\"https:\/\/www.mohd.it\/wp-content\/uploads\/2020\/09\/mohd-logo.png\",\"width\":600,\"height\":600,\"caption\":\"Mollura & C. SPA\"},\"image\":{\"@id\":\"https:\/\/www.mohd.it\/de\/#\/schema\/logo\/image\/\"},\"sameAs\":[\"https:\/\/www.facebook.com\/mollurahomedesign\",\"https:\/\/x.com\/mohd_homedesign\",\"https:\/\/www.instagram.com\/mohd_homedesign\/\",\"https:\/\/it.linkedin.com\/company\/mohd-mollura-home-design\",\"https:\/\/www.pinterest.it\/mohdhomedesign\/\",\"https:\/\/www.youtube.com\/channel\/UCYLuPff6hq4z_o0GO0w1yaA\"]},{\"@type\":\"Person\",\"@id\":\"https:\/\/www.mohd.it\/de\/#\/schema\/person\/d237bc94bea0bfe5020d1c41b41f6af2\",\"name\":\"Noemi Cris\u00e0\",\"image\":{\"@type\":\"ImageObject\",\"inLanguage\":\"de\",\"@id\":\"https:\/\/www.mohd.it\/de\/#\/schema\/person\/image\/\",\"url\":\"https:\/\/secure.gravatar.com\/avatar\/6f959897d20f7190d0b1a9b0a1518d13?s=96&d=mm&r=g\",\"contentUrl\":\"https:\/\/secure.gravatar.com\/avatar\/6f959897d20f7190d0b1a9b0a1518d13?s=96&d=mm&r=g\",\"caption\":\"Noemi Cris\u00e0\"},\"url\":\"https:\/\/www.mohd.it\/de\/magazine\/author\/noemi\/\"}]}<\/script>\n<!-- \/ Yoast SEO plugin. -->","yoast_head_json":{"title":"Bibendum wird 100 | Eileen Grays legend\u00e4rer Sessel - Mohd","description":"Hundert Jahre nach seiner Entstehung steht Bibendum von Eileen Gray weiterhin f\u00fcr Sinnlichkeit und eine alternative Moderne \u2013 entworfen f\u00fcr ihre Pariser Galerie.","robots":{"index":"index","follow":"follow","max-snippet":"max-snippet:-1","max-image-preview":"max-image-preview:large","max-video-preview":"max-video-preview:-1"},"canonical":"https:\/\/www.mohd.it\/de\/magazine\/bibendum-wird-100-eileen-grays-sessel-der-die-sprache-des-designs-neu-definierte\/","og_locale":"de_DE","og_type":"article","og_title":"Bibendum wird 100 | Eileen Grays legend\u00e4rer Sessel - Mohd","og_description":"Hundert Jahre nach seiner Entstehung steht Bibendum von Eileen Gray weiterhin f\u00fcr Sinnlichkeit und eine alternative Moderne \u2013 entworfen f\u00fcr ihre Pariser Galerie.","og_url":"https:\/\/www.mohd.it\/de\/magazine\/bibendum-wird-100-eileen-grays-sessel-der-die-sprache-des-designs-neu-definierte\/","og_site_name":"Mohd","article_publisher":"https:\/\/www.facebook.com\/mollurahomedesign","article_published_time":"2026-08-19T08:00:00+00:00","article_modified_time":"2026-08-19T08:00:09+00:00","og_image":[{"width":1300,"height":980,"url":"https:\/\/www.mohd.it\/wp-content\/uploads\/2026\/08\/ClassiCon-Bibendum-Limited-Edition-5.png","type":"image\/png"}],"author":"Noemi Cris\u00e0","twitter_card":"summary_large_image","twitter_creator":"@mohd_homedesign","twitter_site":"@mohd_homedesign","twitter_misc":{"Verfasst von":"Noemi Cris\u00e0","Gesch\u00e4tzte Lesezeit":"3\u00a0Minuten"},"schema":{"@context":"https:\/\/schema.org","@graph":[{"@type":"Article","@id":"https:\/\/www.mohd.it\/de\/magazine\/bibendum-wird-100-eileen-grays-sessel-der-die-sprache-des-designs-neu-definierte\/#article","isPartOf":{"@id":"https:\/\/www.mohd.it\/de\/magazine\/bibendum-wird-100-eileen-grays-sessel-der-die-sprache-des-designs-neu-definierte\/"},"author":{"name":"Noemi Cris\u00e0","@id":"https:\/\/www.mohd.it\/de\/#\/schema\/person\/d237bc94bea0bfe5020d1c41b41f6af2"},"headline":"Bibendum wird 100: Eileen Grays Sessel, der die Sprache des Designs neu definierte","datePublished":"2026-08-19T08:00:00+00:00","dateModified":"2026-08-19T08:00:09+00:00","mainEntityOfPage":{"@id":"https:\/\/www.mohd.it\/de\/magazine\/bibendum-wird-100-eileen-grays-sessel-der-die-sprache-des-designs-neu-definierte\/"},"wordCount":567,"publisher":{"@id":"https:\/\/www.mohd.it\/de\/#organization"},"image":{"@id":"https:\/\/www.mohd.it\/de\/magazine\/bibendum-wird-100-eileen-grays-sessel-der-die-sprache-des-designs-neu-definierte\/#primaryimage"},"thumbnailUrl":"https:\/\/www.mohd.it\/wp-content\/uploads\/2026\/08\/ClassiCon-Bibendum-Limited-Edition-5.png","articleSection":["Design-Ikonen"],"inLanguage":"de"},{"@type":"WebPage","@id":"https:\/\/www.mohd.it\/de\/magazine\/bibendum-wird-100-eileen-grays-sessel-der-die-sprache-des-designs-neu-definierte\/","url":"https:\/\/www.mohd.it\/de\/magazine\/bibendum-wird-100-eileen-grays-sessel-der-die-sprache-des-designs-neu-definierte\/","name":"Bibendum wird 100 | Eileen Grays legend\u00e4rer Sessel - Mohd","isPartOf":{"@id":"https:\/\/www.mohd.it\/de\/#website"},"primaryImageOfPage":{"@id":"https:\/\/www.mohd.it\/de\/magazine\/bibendum-wird-100-eileen-grays-sessel-der-die-sprache-des-designs-neu-definierte\/#primaryimage"},"image":{"@id":"https:\/\/www.mohd.it\/de\/magazine\/bibendum-wird-100-eileen-grays-sessel-der-die-sprache-des-designs-neu-definierte\/#primaryimage"},"thumbnailUrl":"https:\/\/www.mohd.it\/wp-content\/uploads\/2026\/08\/ClassiCon-Bibendum-Limited-Edition-5.png","datePublished":"2026-08-19T08:00:00+00:00","dateModified":"2026-08-19T08:00:09+00:00","description":"Hundert Jahre nach seiner Entstehung steht Bibendum von Eileen Gray weiterhin f\u00fcr Sinnlichkeit und eine alternative Moderne \u2013 entworfen f\u00fcr ihre Pariser Galerie.","breadcrumb":{"@id":"https:\/\/www.mohd.it\/de\/magazine\/bibendum-wird-100-eileen-grays-sessel-der-die-sprache-des-designs-neu-definierte\/#breadcrumb"},"inLanguage":"de","potentialAction":[{"@type":"ReadAction","target":["https:\/\/www.mohd.it\/de\/magazine\/bibendum-wird-100-eileen-grays-sessel-der-die-sprache-des-designs-neu-definierte\/"]}]},{"@type":"ImageObject","inLanguage":"de","@id":"https:\/\/www.mohd.it\/de\/magazine\/bibendum-wird-100-eileen-grays-sessel-der-die-sprache-des-designs-neu-definierte\/#primaryimage","url":"https:\/\/www.mohd.it\/wp-content\/uploads\/2026\/08\/ClassiCon-Bibendum-Limited-Edition-5.png","contentUrl":"https:\/\/www.mohd.it\/wp-content\/uploads\/2026\/08\/ClassiCon-Bibendum-Limited-Edition-5.png","width":1300,"height":980,"caption":"ClassiCon Bibendum - Limited Edition"},{"@type":"BreadcrumbList","@id":"https:\/\/www.mohd.it\/de\/magazine\/bibendum-wird-100-eileen-grays-sessel-der-die-sprache-des-designs-neu-definierte\/#breadcrumb","itemListElement":[{"@type":"ListItem","position":1,"name":"Home","item":"https:\/\/www.mohd.it\/de\/"},{"@type":"ListItem","position":2,"name":"Bibendum wird 100: Eileen Grays Sessel, der die Sprache des Designs neu definierte"}]},{"@type":"WebSite","@id":"https:\/\/www.mohd.it\/de\/#website","url":"https:\/\/www.mohd.it\/de\/","name":"Mohd","description":"","publisher":{"@id":"https:\/\/www.mohd.it\/de\/#organization"},"potentialAction":[{"@type":"SearchAction","target":{"@type":"EntryPoint","urlTemplate":"https:\/\/www.mohd.it\/de\/?s={search_term_string}"},"query-input":{"@type":"PropertyValueSpecification","valueRequired":true,"valueName":"search_term_string"}}],"inLanguage":"de"},{"@type":"Organization","@id":"https:\/\/www.mohd.it\/de\/#organization","name":"Mollura & C. SPA","url":"https:\/\/www.mohd.it\/de\/","logo":{"@type":"ImageObject","inLanguage":"de","@id":"https:\/\/www.mohd.it\/de\/#\/schema\/logo\/image\/","url":"https:\/\/www.mohd.it\/wp-content\/uploads\/2020\/09\/mohd-logo.png","contentUrl":"https:\/\/www.mohd.it\/wp-content\/uploads\/2020\/09\/mohd-logo.png","width":600,"height":600,"caption":"Mollura & C. SPA"},"image":{"@id":"https:\/\/www.mohd.it\/de\/#\/schema\/logo\/image\/"},"sameAs":["https:\/\/www.facebook.com\/mollurahomedesign","https:\/\/x.com\/mohd_homedesign","https:\/\/www.instagram.com\/mohd_homedesign\/","https:\/\/it.linkedin.com\/company\/mohd-mollura-home-design","https:\/\/www.pinterest.it\/mohdhomedesign\/","https:\/\/www.youtube.com\/channel\/UCYLuPff6hq4z_o0GO0w1yaA"]},{"@type":"Person","@id":"https:\/\/www.mohd.it\/de\/#\/schema\/person\/d237bc94bea0bfe5020d1c41b41f6af2","name":"Noemi Cris\u00e0","image":{"@type":"ImageObject","inLanguage":"de","@id":"https:\/\/www.mohd.it\/de\/#\/schema\/person\/image\/","url":"https:\/\/secure.gravatar.com\/avatar\/6f959897d20f7190d0b1a9b0a1518d13?s=96&d=mm&r=g","contentUrl":"https:\/\/secure.gravatar.com\/avatar\/6f959897d20f7190d0b1a9b0a1518d13?s=96&d=mm&r=g","caption":"Noemi Cris\u00e0"},"url":"https:\/\/www.mohd.it\/de\/magazine\/author\/noemi\/"}]}},"image":"https:\/\/www.mohd.it\/wp-content\/uploads\/2026\/08\/ClassiCon-Bibendum-Limited-Edition-5-800x600.png","category":"Design-Ikonen","_links":{"self":[{"href":"https:\/\/www.mohd.it\/de\/wp-json\/wp\/v2\/posts\/128952","targetHints":{"allow":["GET"]}}],"collection":[{"href":"https:\/\/www.mohd.it\/de\/wp-json\/wp\/v2\/posts"}],"about":[{"href":"https:\/\/www.mohd.it\/de\/wp-json\/wp\/v2\/types\/post"}],"author":[{"embeddable":true,"href":"https:\/\/www.mohd.it\/de\/wp-json\/wp\/v2\/users\/18"}],"replies":[{"embeddable":true,"href":"https:\/\/www.mohd.it\/de\/wp-json\/wp\/v2\/comments?post=128952"}],"version-history":[{"count":5,"href":"https:\/\/www.mohd.it\/de\/wp-json\/wp\/v2\/posts\/128952\/revisions"}],"predecessor-version":[{"id":128988,"href":"https:\/\/www.mohd.it\/de\/wp-json\/wp\/v2\/posts\/128952\/revisions\/128988"}],"wp:featuredmedia":[{"embeddable":true,"href":"https:\/\/www.mohd.it\/de\/wp-json\/wp\/v2\/media\/128919"}],"wp:attachment":[{"href":"https:\/\/www.mohd.it\/de\/wp-json\/wp\/v2\/media?parent=128952"}],"wp:term":[{"taxonomy":"category","embeddable":true,"href":"https:\/\/www.mohd.it\/de\/wp-json\/wp\/v2\/categories?post=128952"},{"taxonomy":"post_tag","embeddable":true,"href":"https:\/\/www.mohd.it\/de\/wp-json\/wp\/v2\/tags?post=128952"}],"curies":[{"name":"wp","href":"https:\/\/api.w.org\/{rel}","templated":true}]}}