{"id":118074,"date":"2025-12-10T12:00:00","date_gmt":"2025-12-10T11:00:00","guid":{"rendered":"https:\/\/www.mohd.it\/?post_type=story&#038;p=118074"},"modified":"2026-05-15T17:47:24","modified_gmt":"2026-05-15T15:47:24","slug":"ein-zuhause-zwischen-historischer-architektur-und-gelebtem-alltag","status":"publish","type":"story","link":"https:\/\/www.mohd.it\/de\/our-stories\/ein-zuhause-zwischen-historischer-architektur-und-gelebtem-alltag\/","title":{"rendered":"Ein Zuhause zwischen historischer Architektur und gelebtem Alltag"},"content":{"rendered":"<div class=\"story-block story-block-quote\">\n  <div class=\"container\">\n    <div class=\"wrap\">\n      <blockquote>\n        <p>Das Projekt, kuratiert von der Architektin Maria Clotilde Pismataro und erg\u00e4nzt durch eine von Mohd ausgew\u00e4hlte M\u00f6blierung, arbeitet mit der bestehenden Struktur, bewahrt deren charakteristische Merkmale und definiert die interne Raumaufteilung neu. So entsteht ein zusammenh\u00e4ngender Raum, der auf den Alltag ausgerichtet ist \u2013 gemeinsam genutzt auch mit ihrem Hund Kobe.<\/p>\n                  <cite>\n                        <span class=\"name\">Interview auf Italienisch gef\u00fchrt \u2013 deutsche \u00dcbersetzung und redaktionelle Bearbeitung.<\/span>\n                      <\/cite>\n              <\/blockquote>\n    <\/div>\n  <\/div>\n<\/div>\n\n\n<div class=\"story-block story-block-base image-right\">\n  <div class=\"container\">\n    <div class=\"wrap\">\n      <div class=\"image\">\n        <span class=\"img-spacer ratio-4x3\">\n          <img decoding=\"async\" src=\"https:\/\/www.mohd.it\/wp-content\/uploads\/2026\/04\/Myriam-Sylla-e-Alessandro-Cappelletti-Portrait.png\" \/>\n        <\/span>\n      <\/div>\n      <div class=\"content\">\n        <div class=\"inner\">\n          <p>\u201eF\u00fcr mich bedeutet es alles, einen Ort zu haben, den ich Zuhause nennen kann. Es ist mein sicherer R\u00fcckzugsort, an dem ich wei\u00df, dass ich die wichtigsten Menschen meines Lebens finde \u2013 Alessandro und Kobe.<br \/>\nEs ist der Ort, an dem meine Familie zusammenkommt, gemeinsam w\u00e4chst und an dem ich einfach Myriam sein kann \u2013 nicht unbedingt die Sportlerin, die ich jeden Tag bin.\u201c<\/p>\n<p>Aus Myriams Worten entsteht ein sehr pers\u00f6nliches Verst\u00e4ndnis von Zuhause. Kein repr\u00e4sentativer Ort, sondern ein Raum, in dem man sich wiederfindet und in dem der Alltag durch einfache, wiederkehrende Gesten Gestalt annimmt.<\/p>\n        <\/div>\n      <\/div>\n    <\/div>\n  <\/div>\n<\/div>\n\n\n<div class=\"story-block story-block-base image-left\">\n  <div class=\"container\">\n    <div class=\"wrap\">\n      <div class=\"image\">\n        <span class=\"img-spacer ratio-4x3\">\n          <img decoding=\"async\" src=\"https:\/\/www.mohd.it\/wp-content\/uploads\/2026\/04\/Myriam-Sylla-Portrait.png\" \/>\n        <\/span>\n      <\/div>\n      <div class=\"content\">\n        <div class=\"inner\">\n          <p>Bereits in den fr\u00fchen Phasen wurde das Projekt als ein Raum gedacht, der Momente des Innehaltens aufnehmen kann.<\/p>\n<p>\u201eDer Wunsch war es, einen Ort zu schaffen, an den man zur\u00fcckkehren kann \u2026 dieses Zuhause wurde als eine Art Nest gedacht.\u201c<\/p>\n        <\/div>\n      <\/div>\n    <\/div>\n  <\/div>\n<\/div>\n\n\n<div class=\"story-block story-block-wide image-right\">\n  <div class=\"container\">\n    <div class=\"wrap\">\n      <div class=\"heading\">\n              <\/div>\n      <div class=\"image\">\n        <span class=\"spacer\">\n          <span class=\"img-spacer\">\n                          <img decoding=\"async\" src=\"https:\/\/www.mohd.it\/wp-content\/uploads\/2026\/04\/Myriam-Sylla-Living-Detail-Noctambule-Flos.png\" \/>\n                      <\/span>\n        <\/span>\n      <\/div>\n      <div class=\"text\">\n                <p>Der Eingriff arbeitet mit der bestehenden Struktur, bewahrt deren architektonischen Charakter und greift gleichzeitig in die Raumaufteilung ein. Der urspr\u00fcnglich unterteilte Wohnbereich wird wieder zu einem einzigen, offenen Raum zusammengef\u00fchrt und in Beziehung zu den Kassettendecken gesetzt. Diese Entscheidung verleiht dem Wohnbereich Kontinuit\u00e4t und neue Zentralit\u00e4t und macht ihn zum Mittelpunkt des Hauses.<\/p>\n<p>Nat\u00fcrliches Licht durchzieht die R\u00e4ume gleichm\u00e4\u00dfig, unterst\u00fctzt durch \u00d6ffnungen und gro\u00dfz\u00fcgige Raumh\u00f6hen. Auch auf materieller Ebene spielt Kontinuit\u00e4t eine zentrale Rolle: Ein Eichenparkett zieht sich durch die gesamte Wohnung und setzt sich in K\u00fcche und B\u00e4dern fort.<\/p>\n      <\/div>\n    <\/div>\n  <\/div>\n<\/div>\n\n\n<div class=\"story-block story-block-base image-left\">\n  <div class=\"container\">\n    <div class=\"wrap\">\n      <div class=\"image\">\n        <span class=\"img-spacer ratio-4x3\">\n          <img decoding=\"async\" src=\"https:\/\/www.mohd.it\/wp-content\/uploads\/2026\/04\/Myriam-Sylla-Living-1.png\" \/>\n        <\/span>\n      <\/div>\n      <div class=\"content\">\n        <div class=\"inner\">\n          <p>\u201eWir haben uns f\u00fcr breite Eichenholzdielen entschieden, um eine visuelle und materielle Kontinuit\u00e4t in der gesamten Wohnung zu schaffen. Die gro\u00dfen Raumh\u00f6hen verst\u00e4rken das nat\u00fcrliche Licht zus\u00e4tzlich.\u201c<\/p>\n<p>Eine Entscheidung, die zu einem zusammenh\u00e4ngenden Raumgef\u00fcge beitr\u00e4gt, ohne Br\u00fcche zwischen den einzelnen Funktionen.<\/p>\n        <\/div>\n      <\/div>\n    <\/div>\n  <\/div>\n<\/div>\n\n\n<div class=\"story-block story-block-base image-right\">\n  <div class=\"container\">\n    <div class=\"wrap\">\n      <div class=\"image\">\n        <span class=\"img-spacer ratio-4x3\">\n          <img decoding=\"async\" src=\"https:\/\/www.mohd.it\/wp-content\/uploads\/2026\/04\/Myriam-Sylla-e-Alessandro-Cappelletti-Portrait-1.png\" \/>\n        <\/span>\n      <\/div>\n      <div class=\"content\">\n        <div class=\"inner\">\n          <p>Im Wohnbereich findet das Zuhause seinen Mittelpunkt. Hier konzentrieren sich die wiederkehrenden Momente des Tages, insbesondere am Abend.<\/p>\n<p>\u201eDer Abend ist mein liebster Moment: Der Tag geht zu Ende, und man ist in Sicherheit bei den Menschen, die einem wichtig sind.\u201c<\/p>\n        <\/div>\n      <\/div>\n    <\/div>\n  <\/div>\n<\/div>\n\n\n<div class=\"story-block story-gallery-slider\" id=\"block_69d520984ae37\">\n  <div class=\"container\">\n    <div class=\"wrap\">\n      <div class=\"slider\" data-swiper='{\"wrapperClass\": \"slider-wrapper\",\"slideClass\": \"slide\",\"slidesPerView\": \"auto\",\"loop\": true,\"navigation\": {\"nextEl\": \"#block_69d520984ae37 .slider-arrow\"}}'>\n        <span class=\"slider-arrow\"><\/span>\n        <div class=\"slider-wrapper\">\n                      <div class=\"slide\">\n              <img decoding=\"async\" src=\"https:\/\/www.mohd.it\/wp-content\/uploads\/2026\/04\/1-Myriam-Sylla.png\" alt=\"\" \/>\n            <\/div>\n                        <div class=\"slide\">\n              <img decoding=\"async\" src=\"https:\/\/www.mohd.it\/wp-content\/uploads\/2026\/04\/2-Myriam-Sylla.png\" alt=\"\" \/>\n            <\/div>\n                        <div class=\"slide\">\n              <img decoding=\"async\" src=\"https:\/\/www.mohd.it\/wp-content\/uploads\/2026\/04\/3-Myriam-Sylla.png\" alt=\"\" \/>\n            <\/div>\n                        <div class=\"slide\">\n              <img decoding=\"async\" src=\"https:\/\/www.mohd.it\/wp-content\/uploads\/2026\/04\/4-Myriam-Sylla.png\" alt=\"\" \/>\n            <\/div>\n                        <div class=\"slide\">\n              <img decoding=\"async\" src=\"https:\/\/www.mohd.it\/wp-content\/uploads\/2026\/04\/5-Myriam-Sylla.png\" alt=\"\" \/>\n            <\/div>\n                        <div class=\"slide\">\n              <img decoding=\"async\" src=\"https:\/\/www.mohd.it\/wp-content\/uploads\/2026\/04\/6-Myriam-Sylla.png\" alt=\"\" \/>\n            <\/div>\n                        <div class=\"slide\">\n              <img decoding=\"async\" src=\"https:\/\/www.mohd.it\/wp-content\/uploads\/2026\/04\/7-Myriam-Sylla.png\" alt=\"\" \/>\n            <\/div>\n                        <div class=\"slide\">\n              <img decoding=\"async\" src=\"https:\/\/www.mohd.it\/wp-content\/uploads\/2026\/04\/8-Myriam-Sylla.png\" alt=\"\" \/>\n            <\/div>\n                    <\/div>\n      <\/div>\n    <\/div>\n  <\/div>\n<\/div>\n\n\n<div class=\"story-block story-block-wide image-left\">\n  <div class=\"container\">\n    <div class=\"wrap\">\n      <div class=\"heading\">\n              <\/div>\n      <div class=\"image\">\n        <span class=\"spacer\">\n          <span class=\"img-spacer\">\n                          <img decoding=\"async\" src=\"https:\/\/www.mohd.it\/wp-content\/uploads\/2026\/04\/Myriam-Sylla-Kitchen.png\" \/>\n                      <\/span>\n        <\/span>\n      <\/div>\n      <div class=\"text\">\n                <p>Der Raum entfaltet sich als zusammenh\u00e4ngendes Ganzes, das Bewegungsfreiheit erm\u00f6glicht und Beziehungen zwischen den einzelnen Bereichen f\u00f6rdert. Tische und Einrichtungselemente f\u00fcgen sich mit ausgewogenen Proportionen ein, ohne die r\u00e4umliche Einheit zu unterbrechen.<br \/>\nDas Lichtkonzept, das aus mehreren Lichtquellen besteht, tr\u00e4gt dazu bei, in den Abendstunden eine ruhigere, intimere Atmosph\u00e4re zu schaffen und den \u00dcbergang vom funktionalen Alltag zu einer h\u00e4uslicheren Dimension zu begleiten.<\/p>\n<p>\u201eDie St\u00e4rke dieses Projekts liegt im ausgewogenen Kontrast zwischen den M\u00f6beln, dem Licht und der historischen H\u00fclle, die sie aufnimmt.<br \/>\nEs gibt ein Wechselspiel zwischen gl\u00e4nzenden und matten Oberfl\u00e4chen, Stoffen und Leder. Die Farbwahl bewegt sich in warmen Erdt\u00f6nen.<br \/>\nDas Licht im ganzen Haus ist warm, mit vielen Tisch- und Stehleuchten, um je nach Situation unterschiedliche Lichtstimmungen zu schaffen.\u201c<\/p>\n      <\/div>\n    <\/div>\n  <\/div>\n<\/div>\n\n\n<div class=\"story-block story-block-wide image-right\">\n  <div class=\"container\">\n    <div class=\"wrap\">\n      <div class=\"heading\">\n              <\/div>\n      <div class=\"image\">\n        <span class=\"spacer\">\n          <span class=\"img-spacer\">\n                          <img decoding=\"async\" src=\"https:\/\/www.mohd.it\/wp-content\/uploads\/2026\/04\/Myriam-Sylla-Kitchen-1.png\" \/>\n                      <\/span>\n        <\/span>\n      <\/div>\n      <div class=\"text\">\n                <p>Die K\u00fcche ist vom Wohnbereich getrennt, bleibt jedoch mit ihm verbunden und ist in zwei Zonen organisiert: eine funktionale Wand und eine zentrale Insel.<\/p>\n<p>\u201eDie K\u00fcche wurde als eigenst\u00e4ndiger Raum konzipiert, steht aber in Kontinuit\u00e4t mit dem Wohnbereich. Sie ist in zwei Bereiche gegliedert: eine funktionale Wand mit Edelstahl-Arbeitsfl\u00e4che und eine Insel mit gro\u00dfz\u00fcgiger Arbeitsplatte, in die der Kochbereich integriert ist. Die Insel wird so zum Treffpunkt im Alltag.\u201c<\/p>\n<p>Ein Raum, der auf die t\u00e4gliche Nutzung ausgerichtet ist, in dem Zubereitung und gemeinsames Erleben zusammenkommen. Klare Oberfl\u00e4chen und reduzierte Materialien machen ihn langlebig und praktisch.<\/p>\n<p>\u201e\u00dcber der Arbeitsfl\u00e4che sorgt eine Leuchte mit starkem Charakter f\u00fcr Licht: die Lampe de Marseille von Le Corbusier, die zeitlose Gestaltung mit funktionaler Flexibilit\u00e4t verbindet.\u201c<\/p>\n      <\/div>\n    <\/div>\n  <\/div>\n<\/div>\n\n\n<div class=\"story-block story-block-base image-left\">\n  <div class=\"container\">\n    <div class=\"wrap\">\n      <div class=\"image\">\n        <span class=\"img-spacer ratio-4x3\">\n          <img decoding=\"async\" src=\"https:\/\/www.mohd.it\/wp-content\/uploads\/2026\/04\/Myriam-Sylla-Living-2.png\" \/>\n        <\/span>\n      <\/div>\n      <div class=\"content\">\n        <div class=\"inner\">\n          <p>Der Einzug markiert einen klaren und emotionalen Moment.<\/p>\n<p>\u201eDen fertigen Raum zu sehen, war wie die Verwirklichung eines Traums, den wir lange geplant und uns gew\u00fcnscht haben. Es war sehr bewegend, die Wohnung zu betreten und eine weihnachtliche Atmosph\u00e4re vorzufinden \u2013 nach so vielen Jahren ohne Weihnachten zu Hause.\u201c<\/p>\n<p>Der Einzug, der an Heiligabend stattfand, markiert den Beginn eines neuen h\u00e4uslichen Kapitels.<br \/>\nDie Wohnung definiert sich letztlich durch die Art, wie sie bewohnt wird. Auch Kobe, ihr Hund, der sp\u00e4ter dazukam, hat sich sofort in den R\u00e4umen zurechtgefunden.<\/p>\n<p>\u201eWir haben uns darin wiedergefunden, als w\u00fcrden wir schon immer hier leben.\u201c<\/p>\n        <\/div>\n      <\/div>\n    <\/div>\n  <\/div>\n<\/div>\n\n\n<div class=\"story-block story-block-base image-right\">\n  <div class=\"container\">\n    <div class=\"wrap\">\n      <div class=\"image\">\n        <span class=\"img-spacer ratio-4x3\">\n          <img decoding=\"async\" src=\"https:\/\/www.mohd.it\/wp-content\/uploads\/2026\/04\/Myriam-Sylla-Bedroom.png\" \/>\n        <\/span>\n      <\/div>\n      <div class=\"content\">\n        <div class=\"inner\">\n          <p>Zwischen der Bewahrung der bestehenden Struktur und gezielten Entscheidungen zu Raumaufteilung und Einrichtung entsteht ein koh\u00e4renter Raum, der darauf ausgelegt ist, den Alltag langfristig zu begleiten.<\/p>\n        <\/div>\n      <\/div>\n    <\/div>\n  <\/div>\n<\/div>\n\n\n<div class=\"story-block story-gallery-slider\" id=\"block_69d61e07a10df\">\n  <div class=\"container\">\n    <div class=\"wrap\">\n      <div class=\"slider\" data-swiper='{\"wrapperClass\": \"slider-wrapper\",\"slideClass\": \"slide\",\"slidesPerView\": \"auto\",\"loop\": true,\"navigation\": {\"nextEl\": \"#block_69d61e07a10df .slider-arrow\"}}'>\n        <span class=\"slider-arrow\"><\/span>\n        <div class=\"slider-wrapper\">\n                      <div class=\"slide\">\n              <img decoding=\"async\" src=\"https:\/\/www.mohd.it\/wp-content\/uploads\/2026\/04\/9-Myriam-Sylla.png\" alt=\"\" \/>\n            <\/div>\n                        <div class=\"slide\">\n              <img decoding=\"async\" src=\"https:\/\/www.mohd.it\/wp-content\/uploads\/2026\/04\/10-Myriam-Sylla.png\" alt=\"\" \/>\n            <\/div>\n                        <div class=\"slide\">\n              <img decoding=\"async\" src=\"https:\/\/www.mohd.it\/wp-content\/uploads\/2026\/04\/11-Myriam-Sylla.png\" alt=\"\" \/>\n            <\/div>\n                        <div class=\"slide\">\n              <img decoding=\"async\" src=\"https:\/\/www.mohd.it\/wp-content\/uploads\/2026\/04\/12-Myriam-Sylla.png\" alt=\"\" \/>\n            <\/div>\n                        <div class=\"slide\">\n              <img decoding=\"async\" src=\"https:\/\/www.mohd.it\/wp-content\/uploads\/2026\/04\/13-Myriam-Sylla.png\" alt=\"\" \/>\n            <\/div>\n                        <div class=\"slide\">\n              <img decoding=\"async\" src=\"https:\/\/www.mohd.it\/wp-content\/uploads\/2026\/04\/14-Myriam-Sylla.png\" alt=\"\" \/>\n            <\/div>\n                        <div class=\"slide\">\n              <img decoding=\"async\" src=\"https:\/\/www.mohd.it\/wp-content\/uploads\/2026\/04\/15-Myriam-Sylla.png\" alt=\"\" \/>\n            <\/div>\n                    <\/div>\n      <\/div>\n    <\/div>\n  <\/div>\n<\/div>\n","protected":false},"featured_media":117897,"template":"","class_list":["post-118074","story","type-story","status-publish","has-post-thumbnail","hentry"],"yoast_head":"<!-- This site is optimized with the Yoast SEO plugin v24.0 - https:\/\/yoast.com\/wordpress\/plugins\/seo\/ -->\n<title>Ein Zuhause zwischen historischer Architektur und gelebtem Alltag - Mohd<\/title>\n<meta name=\"description\" content=\"Die private Residenz von Myriam Sylla und Alessandro Cappelletti im historischen Zentrum Umbriens.\" \/>\n<meta name=\"robots\" content=\"index, follow, max-snippet:-1, max-image-preview:large, max-video-preview:-1\" \/>\n<link rel=\"canonical\" href=\"https:\/\/www.mohd.it\/de\/our-stories\/ein-zuhause-zwischen-historischer-architektur-und-gelebtem-alltag\/\" \/>\n<meta property=\"og:locale\" content=\"de_DE\" \/>\n<meta property=\"og:type\" content=\"article\" \/>\n<meta property=\"og:title\" content=\"Ein Zuhause zwischen historischer Architektur und gelebtem Alltag - Mohd\" \/>\n<meta property=\"og:description\" content=\"Die private Residenz von Myriam Sylla und Alessandro Cappelletti im historischen Zentrum Umbriens.\" \/>\n<meta property=\"og:url\" content=\"https:\/\/www.mohd.it\/de\/our-stories\/ein-zuhause-zwischen-historischer-architektur-und-gelebtem-alltag\/\" \/>\n<meta property=\"og:site_name\" content=\"Mohd\" \/>\n<meta property=\"article:publisher\" content=\"https:\/\/www.facebook.com\/mollurahomedesign\" \/>\n<meta property=\"article:modified_time\" content=\"2026-05-15T15:47:24+00:00\" \/>\n<meta property=\"og:image\" content=\"https:\/\/www.mohd.it\/wp-content\/uploads\/2026\/04\/Myriam-Sylla-e-Alessandro-Cappelletti.png\" \/>\n\t<meta property=\"og:image:width\" content=\"1920\" \/>\n\t<meta property=\"og:image:height\" content=\"1080\" \/>\n\t<meta property=\"og:image:type\" content=\"image\/png\" \/>\n<meta name=\"twitter:card\" content=\"summary_large_image\" \/>\n<meta name=\"twitter:site\" content=\"@mohd_homedesign\" \/>\n<meta name=\"twitter:label1\" content=\"Gesch\u00e4tzte Lesezeit\" \/>\n\t<meta name=\"twitter:data1\" content=\"1\u00a0Minute\" \/>\n<script type=\"application\/ld+json\" class=\"yoast-schema-graph\">{\"@context\":\"https:\/\/schema.org\",\"@graph\":[{\"@type\":\"WebPage\",\"@id\":\"https:\/\/www.mohd.it\/de\/our-stories\/ein-zuhause-zwischen-historischer-architektur-und-gelebtem-alltag\/\",\"url\":\"https:\/\/www.mohd.it\/de\/our-stories\/ein-zuhause-zwischen-historischer-architektur-und-gelebtem-alltag\/\",\"name\":\"Ein Zuhause zwischen historischer Architektur und gelebtem Alltag - Mohd\",\"isPartOf\":{\"@id\":\"https:\/\/www.mohd.it\/de\/#website\"},\"primaryImageOfPage\":{\"@id\":\"https:\/\/www.mohd.it\/de\/our-stories\/ein-zuhause-zwischen-historischer-architektur-und-gelebtem-alltag\/#primaryimage\"},\"image\":{\"@id\":\"https:\/\/www.mohd.it\/de\/our-stories\/ein-zuhause-zwischen-historischer-architektur-und-gelebtem-alltag\/#primaryimage\"},\"thumbnailUrl\":\"https:\/\/www.mohd.it\/wp-content\/uploads\/2026\/04\/Myriam-Sylla-e-Alessandro-Cappelletti.png\",\"datePublished\":\"2025-12-10T11:00:00+00:00\",\"dateModified\":\"2026-05-15T15:47:24+00:00\",\"description\":\"Die private Residenz von Myriam Sylla und Alessandro Cappelletti im historischen Zentrum Umbriens.\",\"breadcrumb\":{\"@id\":\"https:\/\/www.mohd.it\/de\/our-stories\/ein-zuhause-zwischen-historischer-architektur-und-gelebtem-alltag\/#breadcrumb\"},\"inLanguage\":\"de\",\"potentialAction\":[{\"@type\":\"ReadAction\",\"target\":[\"https:\/\/www.mohd.it\/de\/our-stories\/ein-zuhause-zwischen-historischer-architektur-und-gelebtem-alltag\/\"]}]},{\"@type\":\"ImageObject\",\"inLanguage\":\"de\",\"@id\":\"https:\/\/www.mohd.it\/de\/our-stories\/ein-zuhause-zwischen-historischer-architektur-und-gelebtem-alltag\/#primaryimage\",\"url\":\"https:\/\/www.mohd.it\/wp-content\/uploads\/2026\/04\/Myriam-Sylla-e-Alessandro-Cappelletti.png\",\"contentUrl\":\"https:\/\/www.mohd.it\/wp-content\/uploads\/2026\/04\/Myriam-Sylla-e-Alessandro-Cappelletti.png\",\"width\":1920,\"height\":1080,\"caption\":\"Myriam Sylla e Alessandro Cappelletti Portrait\"},{\"@type\":\"BreadcrumbList\",\"@id\":\"https:\/\/www.mohd.it\/de\/our-stories\/ein-zuhause-zwischen-historischer-architektur-und-gelebtem-alltag\/#breadcrumb\",\"itemListElement\":[{\"@type\":\"ListItem\",\"position\":1,\"name\":\"Home\",\"item\":\"https:\/\/www.mohd.it\/de\/\"},{\"@type\":\"ListItem\",\"position\":2,\"name\":\"Portfolio\",\"item\":\"https:\/\/www.mohd.it\/de\/our-stories\/\"},{\"@type\":\"ListItem\",\"position\":3,\"name\":\"Ein Zuhause zwischen historischer Architektur und gelebtem Alltag\"}]},{\"@type\":\"WebSite\",\"@id\":\"https:\/\/www.mohd.it\/de\/#website\",\"url\":\"https:\/\/www.mohd.it\/de\/\",\"name\":\"Mohd\",\"description\":\"\",\"publisher\":{\"@id\":\"https:\/\/www.mohd.it\/de\/#organization\"},\"potentialAction\":[{\"@type\":\"SearchAction\",\"target\":{\"@type\":\"EntryPoint\",\"urlTemplate\":\"https:\/\/www.mohd.it\/de\/?s={search_term_string}\"},\"query-input\":{\"@type\":\"PropertyValueSpecification\",\"valueRequired\":true,\"valueName\":\"search_term_string\"}}],\"inLanguage\":\"de\"},{\"@type\":\"Organization\",\"@id\":\"https:\/\/www.mohd.it\/de\/#organization\",\"name\":\"Mollura & C. SPA\",\"url\":\"https:\/\/www.mohd.it\/de\/\",\"logo\":{\"@type\":\"ImageObject\",\"inLanguage\":\"de\",\"@id\":\"https:\/\/www.mohd.it\/de\/#\/schema\/logo\/image\/\",\"url\":\"https:\/\/www.mohd.it\/wp-content\/uploads\/2020\/09\/mohd-logo.png\",\"contentUrl\":\"https:\/\/www.mohd.it\/wp-content\/uploads\/2020\/09\/mohd-logo.png\",\"width\":600,\"height\":600,\"caption\":\"Mollura & C. SPA\"},\"image\":{\"@id\":\"https:\/\/www.mohd.it\/de\/#\/schema\/logo\/image\/\"},\"sameAs\":[\"https:\/\/www.facebook.com\/mollurahomedesign\",\"https:\/\/x.com\/mohd_homedesign\",\"https:\/\/www.instagram.com\/mohd_homedesign\/\",\"https:\/\/it.linkedin.com\/company\/mohd-mollura-home-design\",\"https:\/\/www.pinterest.it\/mohdhomedesign\/\",\"https:\/\/www.youtube.com\/channel\/UCYLuPff6hq4z_o0GO0w1yaA\"]}]}<\/script>\n<!-- \/ Yoast SEO plugin. -->","yoast_head_json":{"title":"Ein Zuhause zwischen historischer Architektur und gelebtem Alltag - Mohd","description":"Die private Residenz von Myriam Sylla und Alessandro Cappelletti im historischen Zentrum Umbriens.","robots":{"index":"index","follow":"follow","max-snippet":"max-snippet:-1","max-image-preview":"max-image-preview:large","max-video-preview":"max-video-preview:-1"},"canonical":"https:\/\/www.mohd.it\/de\/our-stories\/ein-zuhause-zwischen-historischer-architektur-und-gelebtem-alltag\/","og_locale":"de_DE","og_type":"article","og_title":"Ein Zuhause zwischen historischer Architektur und gelebtem Alltag - Mohd","og_description":"Die private Residenz von Myriam Sylla und Alessandro Cappelletti im historischen Zentrum Umbriens.","og_url":"https:\/\/www.mohd.it\/de\/our-stories\/ein-zuhause-zwischen-historischer-architektur-und-gelebtem-alltag\/","og_site_name":"Mohd","article_publisher":"https:\/\/www.facebook.com\/mollurahomedesign","article_modified_time":"2026-05-15T15:47:24+00:00","og_image":[{"width":1920,"height":1080,"url":"https:\/\/www.mohd.it\/wp-content\/uploads\/2026\/04\/Myriam-Sylla-e-Alessandro-Cappelletti.png","type":"image\/png"}],"twitter_card":"summary_large_image","twitter_site":"@mohd_homedesign","twitter_misc":{"Gesch\u00e4tzte Lesezeit":"1\u00a0Minute"},"schema":{"@context":"https:\/\/schema.org","@graph":[{"@type":"WebPage","@id":"https:\/\/www.mohd.it\/de\/our-stories\/ein-zuhause-zwischen-historischer-architektur-und-gelebtem-alltag\/","url":"https:\/\/www.mohd.it\/de\/our-stories\/ein-zuhause-zwischen-historischer-architektur-und-gelebtem-alltag\/","name":"Ein Zuhause zwischen historischer Architektur und gelebtem Alltag - Mohd","isPartOf":{"@id":"https:\/\/www.mohd.it\/de\/#website"},"primaryImageOfPage":{"@id":"https:\/\/www.mohd.it\/de\/our-stories\/ein-zuhause-zwischen-historischer-architektur-und-gelebtem-alltag\/#primaryimage"},"image":{"@id":"https:\/\/www.mohd.it\/de\/our-stories\/ein-zuhause-zwischen-historischer-architektur-und-gelebtem-alltag\/#primaryimage"},"thumbnailUrl":"https:\/\/www.mohd.it\/wp-content\/uploads\/2026\/04\/Myriam-Sylla-e-Alessandro-Cappelletti.png","datePublished":"2025-12-10T11:00:00+00:00","dateModified":"2026-05-15T15:47:24+00:00","description":"Die private Residenz von Myriam Sylla und Alessandro Cappelletti im historischen Zentrum Umbriens.","breadcrumb":{"@id":"https:\/\/www.mohd.it\/de\/our-stories\/ein-zuhause-zwischen-historischer-architektur-und-gelebtem-alltag\/#breadcrumb"},"inLanguage":"de","potentialAction":[{"@type":"ReadAction","target":["https:\/\/www.mohd.it\/de\/our-stories\/ein-zuhause-zwischen-historischer-architektur-und-gelebtem-alltag\/"]}]},{"@type":"ImageObject","inLanguage":"de","@id":"https:\/\/www.mohd.it\/de\/our-stories\/ein-zuhause-zwischen-historischer-architektur-und-gelebtem-alltag\/#primaryimage","url":"https:\/\/www.mohd.it\/wp-content\/uploads\/2026\/04\/Myriam-Sylla-e-Alessandro-Cappelletti.png","contentUrl":"https:\/\/www.mohd.it\/wp-content\/uploads\/2026\/04\/Myriam-Sylla-e-Alessandro-Cappelletti.png","width":1920,"height":1080,"caption":"Myriam Sylla e Alessandro Cappelletti Portrait"},{"@type":"BreadcrumbList","@id":"https:\/\/www.mohd.it\/de\/our-stories\/ein-zuhause-zwischen-historischer-architektur-und-gelebtem-alltag\/#breadcrumb","itemListElement":[{"@type":"ListItem","position":1,"name":"Home","item":"https:\/\/www.mohd.it\/de\/"},{"@type":"ListItem","position":2,"name":"Portfolio","item":"https:\/\/www.mohd.it\/de\/our-stories\/"},{"@type":"ListItem","position":3,"name":"Ein Zuhause zwischen historischer Architektur und gelebtem Alltag"}]},{"@type":"WebSite","@id":"https:\/\/www.mohd.it\/de\/#website","url":"https:\/\/www.mohd.it\/de\/","name":"Mohd","description":"","publisher":{"@id":"https:\/\/www.mohd.it\/de\/#organization"},"potentialAction":[{"@type":"SearchAction","target":{"@type":"EntryPoint","urlTemplate":"https:\/\/www.mohd.it\/de\/?s={search_term_string}"},"query-input":{"@type":"PropertyValueSpecification","valueRequired":true,"valueName":"search_term_string"}}],"inLanguage":"de"},{"@type":"Organization","@id":"https:\/\/www.mohd.it\/de\/#organization","name":"Mollura & C. SPA","url":"https:\/\/www.mohd.it\/de\/","logo":{"@type":"ImageObject","inLanguage":"de","@id":"https:\/\/www.mohd.it\/de\/#\/schema\/logo\/image\/","url":"https:\/\/www.mohd.it\/wp-content\/uploads\/2020\/09\/mohd-logo.png","contentUrl":"https:\/\/www.mohd.it\/wp-content\/uploads\/2020\/09\/mohd-logo.png","width":600,"height":600,"caption":"Mollura & C. SPA"},"image":{"@id":"https:\/\/www.mohd.it\/de\/#\/schema\/logo\/image\/"},"sameAs":["https:\/\/www.facebook.com\/mollurahomedesign","https:\/\/x.com\/mohd_homedesign","https:\/\/www.instagram.com\/mohd_homedesign\/","https:\/\/it.linkedin.com\/company\/mohd-mollura-home-design","https:\/\/www.pinterest.it\/mohdhomedesign\/","https:\/\/www.youtube.com\/channel\/UCYLuPff6hq4z_o0GO0w1yaA"]}]}},"_links":{"self":[{"href":"https:\/\/www.mohd.it\/de\/wp-json\/wp\/v2\/story\/118074","targetHints":{"allow":["GET"]}}],"collection":[{"href":"https:\/\/www.mohd.it\/de\/wp-json\/wp\/v2\/story"}],"about":[{"href":"https:\/\/www.mohd.it\/de\/wp-json\/wp\/v2\/types\/story"}],"wp:featuredmedia":[{"embeddable":true,"href":"https:\/\/www.mohd.it\/de\/wp-json\/wp\/v2\/media\/117897"}],"wp:attachment":[{"href":"https:\/\/www.mohd.it\/de\/wp-json\/wp\/v2\/media?parent=118074"}],"curies":[{"name":"wp","href":"https:\/\/api.w.org\/{rel}","templated":true}]}}