{"id":128522,"date":"2026-08-06T14:02:35","date_gmt":"2026-08-06T12:02:35","guid":{"rendered":"https:\/\/www.mohd.it\/?post_type=story&#038;p=128522"},"modified":"2026-08-06T14:02:35","modified_gmt":"2026-08-06T12:02:35","slug":"funktionalitaet-und-aesthetische-zurueckhaltung-in-einem-mailaender-innenarchitekturprojekt","status":"publish","type":"story","link":"https:\/\/www.mohd.it\/de\/our-stories\/funktionalitaet-und-aesthetische-zurueckhaltung-in-einem-mailaender-innenarchitekturprojekt\/","title":{"rendered":"Funktionalit\u00e4t und \u00e4sthetische Zur\u00fcckhaltung in einem Mail\u00e4nder Innenarchitekturprojekt"},"content":{"rendered":"<div class=\"story-block story-block-base image-right\">\n  <div class=\"container\">\n    <div class=\"wrap\">\n      <div class=\"image\">\n        <span class=\"img-spacer ratio-4x3\">\n          <img decoding=\"async\" src=\"https:\/\/www.mohd.it\/wp-content\/uploads\/2026\/08\/via-carlo-botta-planimetria-1.png\" \/>\n        <\/span>\n      <\/div>\n      <div class=\"content\">\n        <div class=\"inner\">\n          <p>Hinter dem Eingang entfaltet sich die Wohnung als Abfolge von R\u00e4umen, die sich leicht gegeneinander drehen und so der unregelm\u00e4\u00dfigen Geometrie des Geb\u00e4udes folgen. Der Wohnbereich nimmt diese Bewegung als Erster auf und verbindet K\u00fcche, Essbereich und Wohnzimmer zu einer einzigen flie\u00dfenden Raumfolge.<\/p>\n        <\/div>\n      <\/div>\n    <\/div>\n  <\/div>\n<\/div>\n\n\n<div class=\"story-block story-block-wide image-left\">\n  <div class=\"container\">\n    <div class=\"wrap\">\n      <div class=\"heading\">\n              <\/div>\n      <div class=\"image\">\n        <span class=\"spacer\">\n          <span class=\"img-spacer\">\n                          <img decoding=\"async\" src=\"https:\/\/www.mohd.it\/wp-content\/uploads\/2026\/08\/via-carlo-botta-kitchen-detail.png\" \/>\n                      <\/span>\n        <\/span>\n      <\/div>\n      <div class=\"text\">\n                <p>Hier trifft das Prinzip der \u00e4sthetischen Zur\u00fcckhaltung unmittelbar auf den Anspruch an Funktionalit\u00e4t. Die <strong>gesamte K\u00fcchenwand<\/strong> erscheint als durchgehende Schrankfront, ohne sichtbare Griffe und mit einer durchgehenden Griffmulde ausgef\u00fchrt. Erst beim \u00d6ffnen der T\u00fcren wird das vollst\u00e4ndige Funktionsprogramm sichtbar: eine K\u00fchl-Gefrier-Kombination, ein zweiter Hochschrank, hinter dessen T\u00fcren sich der Backofen verbirgt, sowie Innenb\u00f6den und Schubladen, die den Stauraum erweitern, ohne den Raum optisch zu belasten. <\/p>\n<p>Lediglich auf der Arbeitsfl\u00e4che wechselt das Material: Holz geht in Bardiglio-Marmor \u00fcber, in den das Sp\u00fclbecken fl\u00e4chenb\u00fcndig eingelassen ist, sodass beide Oberfl\u00e4chen nahtlos ineinandergreifen. Induktionskochfeld, Dunstabzug und Elektroger\u00e4te finden ihren Platz, ohne gestalterische Kompromisse zu erfordern.<\/p>\n      <\/div>\n    <\/div>\n  <\/div>\n<\/div>\n\n\n<div class=\"story-block story-block-base image-right\">\n  <div class=\"container\">\n    <div class=\"wrap\">\n      <div class=\"image\">\n        <span class=\"img-spacer ratio-4x3\">\n          <img decoding=\"async\" src=\"https:\/\/www.mohd.it\/wp-content\/uploads\/2026\/08\/via-carlo-botta.png\" \/>\n        <\/span>\n      <\/div>\n      <div class=\"content\">\n        <div class=\"inner\">\n          <p>Der ovale <strong>Esstisch<\/strong> aus einem Marmor mit changierenden Adern zwischen Gr\u00fcn und Blau ruht auf skulpturalen Beinen. Nur wenige Schritte von der K\u00fcche entfernt greift er dieselbe Vorstellung von Stein als ruhender, gewichtiger Pr\u00e4senz zwischen leichter wirkenden Oberfl\u00e4chen auf. St\u00fchle aus Bugholz und geflochtenem Stroh, deren Gestaltung an klassische Bistrost\u00fchle erinnert, verleihen der Komposition Leichtigkeit. <\/p>\n        <\/div>\n      <\/div>\n    <\/div>\n  <\/div>\n<\/div>\n\n\n<div class=\"story-block story-gallery-slider\" id=\"block_6a744cf46b0af\">\n  <div class=\"container\">\n    <div class=\"wrap\">\n      <div class=\"slider\" data-swiper='{\"wrapperClass\": \"slider-wrapper\",\"slideClass\": \"slide\",\"slidesPerView\": \"auto\",\"loop\": true,\"navigation\": {\"nextEl\": \"#block_6a744cf46b0af .slider-arrow\"}}'>\n        <span class=\"slider-arrow\"><\/span>\n        <div class=\"slider-wrapper\">\n                      <div class=\"slide\">\n              <img decoding=\"async\" src=\"https:\/\/www.mohd.it\/wp-content\/uploads\/2026\/08\/via-carlo-botta-kitchen-dining.png\" alt=\"\" \/>\n            <\/div>\n                        <div class=\"slide\">\n              <img decoding=\"async\" src=\"https:\/\/www.mohd.it\/wp-content\/uploads\/2026\/08\/via-carlo-botta-kitchen-dining-1.png\" alt=\"\" \/>\n            <\/div>\n                        <div class=\"slide\">\n              <img decoding=\"async\" src=\"https:\/\/www.mohd.it\/wp-content\/uploads\/2026\/08\/via-carlo-botta-kitchen-dining.png\" alt=\"\" \/>\n            <\/div>\n                        <div class=\"slide\">\n              <img decoding=\"async\" src=\"https:\/\/www.mohd.it\/wp-content\/uploads\/2026\/08\/via-carlo-botta-kitchen-dining-3.png\" alt=\"\" \/>\n            <\/div>\n                        <div class=\"slide\">\n              <img decoding=\"async\" src=\"https:\/\/www.mohd.it\/wp-content\/uploads\/2026\/08\/via-carlo-botta-kitchen-dining-4.png\" alt=\"\" \/>\n            <\/div>\n                        <div class=\"slide\">\n              <img decoding=\"async\" src=\"https:\/\/www.mohd.it\/wp-content\/uploads\/2026\/08\/via-carlo-botta-kitchen-dining-5.png\" alt=\"\" \/>\n            <\/div>\n                        <div class=\"slide\">\n              <img decoding=\"async\" src=\"https:\/\/www.mohd.it\/wp-content\/uploads\/2026\/08\/via-carlo-botta-kitchen-dining-6.png\" alt=\"\" \/>\n            <\/div>\n                        <div class=\"slide\">\n              <img decoding=\"async\" src=\"https:\/\/www.mohd.it\/wp-content\/uploads\/2026\/08\/via-carlo-botta-kitchen-dining-7.png\" alt=\"\" \/>\n            <\/div>\n                    <\/div>\n      <\/div>\n    <\/div>\n  <\/div>\n<\/div>\n\n\n<div class=\"story-block story-block-base image-left\">\n  <div class=\"container\">\n    <div class=\"wrap\">\n      <div class=\"image\">\n        <span class=\"img-spacer ratio-4x3\">\n          <img decoding=\"async\" src=\"https:\/\/www.mohd.it\/wp-content\/uploads\/2026\/08\/via-carlo-botta-living-1.png\" \/>\n        <\/span>\n      <\/div>\n      <div class=\"content\">\n        <div class=\"inner\">\n          <p>Im <strong>Wohnbereich<\/strong> ver\u00e4ndert sich der Rhythmus des Raumes: Elemente unterschiedlicher Stilrichtungen und Inspirationsquellen treten in einen bewusst ungezwungenen Dialog. So wird die Strenge der K\u00fcche aufgelockert und zugleich jene intimere Atmosph\u00e4re eingef\u00fchrt, die sich in den weiteren R\u00e4umen fortsetzt.<\/p>\n        <\/div>\n      <\/div>\n    <\/div>\n  <\/div>\n<\/div>\n\n\n<div class=\"story-block story-block-wide image-right\">\n  <div class=\"container\">\n    <div class=\"wrap\">\n      <div class=\"heading\">\n              <\/div>\n      <div class=\"image\">\n        <span class=\"spacer\">\n          <span class=\"img-spacer\">\n                          <img decoding=\"async\" src=\"https:\/\/www.mohd.it\/wp-content\/uploads\/2026\/08\/via-carlo-botta-home-office.png\" \/>\n                      <\/span>\n        <\/span>\n      <\/div>\n      <div class=\"text\">\n                <p>Neben dem Wohnbereich kehrt das <strong>Arbeitszimmer<\/strong> das Grundprinzip der \u00fcbrigen Wohnung um: Das raumhohe B\u00fccherregal verbirgt hier nichts, sondern zeigt und vermittelt die Pers\u00f6nlichkeit der Bewohner unmittelbarer. Auch in seinen Proportionen schl\u00e4gt der Raum einen anderen, intimeren und pers\u00f6nlicheren Ton an. Seine Funktionen werden nicht getrennt, sondern \u00fcberlagert: Ein Schlafsofa verwandelt ihn bei Bedarf in ein G\u00e4stezimmer, w\u00e4hrend der in die Fensterlaibung integrierte Schreibtisch seine allt\u00e4gliche Nutzung als Arbeitsraum bestimmt. <\/p>\n<p>Das <strong>angrenzende Bad<\/strong> folgt eher einer Logik der Ausnahme als der Kontinuit\u00e4t. Das aus einem Block gr\u00fcnen Marmors gearbeitete Waschbecken ist das einzige Element der Wohnung, bei dem die Zur\u00fcckhaltung f\u00fcr einen Moment einem markanteren Ausdruck weicht.<\/p>\n      <\/div>\n    <\/div>\n  <\/div>\n<\/div>\n\n\n<div class=\"story-block story-gallery-slider\" id=\"block_6a744f3a6b0b0\">\n  <div class=\"container\">\n    <div class=\"wrap\">\n      <div class=\"slider\" data-swiper='{\"wrapperClass\": \"slider-wrapper\",\"slideClass\": \"slide\",\"slidesPerView\": \"auto\",\"loop\": true,\"navigation\": {\"nextEl\": \"#block_6a744f3a6b0b0 .slider-arrow\"}}'>\n        <span class=\"slider-arrow\"><\/span>\n        <div class=\"slider-wrapper\">\n                      <div class=\"slide\">\n              <img decoding=\"async\" src=\"https:\/\/www.mohd.it\/wp-content\/uploads\/2026\/08\/via-carlo-botta-bathroom-home-office-living.png\" alt=\"\" \/>\n            <\/div>\n                        <div class=\"slide\">\n              <img decoding=\"async\" src=\"https:\/\/www.mohd.it\/wp-content\/uploads\/2026\/08\/via-carlo-botta-bathroom-home-office-living-1.png\" alt=\"\" \/>\n            <\/div>\n                        <div class=\"slide\">\n              <img decoding=\"async\" src=\"https:\/\/www.mohd.it\/wp-content\/uploads\/2026\/08\/via-carlo-botta-bathroom-home-office-living-2.png\" alt=\"\" \/>\n            <\/div>\n                        <div class=\"slide\">\n              <img decoding=\"async\" src=\"https:\/\/www.mohd.it\/wp-content\/uploads\/2026\/08\/via-carlo-botta-bathroom-home-office-living-3.png\" alt=\"\" \/>\n            <\/div>\n                        <div class=\"slide\">\n              <img decoding=\"async\" src=\"https:\/\/www.mohd.it\/wp-content\/uploads\/2026\/08\/via-carlo-botta-bathroom-home-office-living-4.png\" alt=\"\" \/>\n            <\/div>\n                    <\/div>\n      <\/div>\n    <\/div>\n  <\/div>\n<\/div>\n\n\n<div class=\"story-block story-block-base image-left\">\n  <div class=\"container\">\n    <div class=\"wrap\">\n      <div class=\"image\">\n        <span class=\"img-spacer ratio-4x3\">\n          <img decoding=\"async\" src=\"https:\/\/www.mohd.it\/wp-content\/uploads\/2026\/08\/via-carlo-botta-bedroom-2.png\" \/>\n        <\/span>\n      <\/div>\n      <div class=\"content\">\n        <div class=\"inner\">\n          <p>In der privaten <strong>Schlafsuite<\/strong> tritt die gestalterische Inszenierung zugunsten des Komforts zur\u00fcck, w\u00e4hrend die Atmosph\u00e4re intimer und gesch\u00fctzter wird. Rund um das Bett konzentriert sich die Einrichtung auf wenige wesentliche Elemente: eine Leuchte, einige Gem\u00e4lde und einen Sessel. Der Raum wirkt wie eine Z\u00e4sur innerhalb der r\u00e4umlichen Abfolge \u2014 ein Bereich, der eher zum Erleben als zur Inszenierung gedacht ist. <\/p>\n<p>Das <strong>Bad<\/strong> schlie\u00dft die Raumfolge nach demselben Prinzip ab: Zarte Farbt\u00f6ne, wandh\u00e4ngende Waschtische und Spiegel mit abgerundeten Konturen erzeugen eine sanfte Atmosph\u00e4re, die dazu einl\u00e4dt, das Tempo zu verlangsamen.<\/p>\n        <\/div>\n      <\/div>\n    <\/div>\n  <\/div>\n<\/div>\n\n\n<div class=\"story-block story-gallery-slider\" id=\"block_6a7454bda9dd8\">\n  <div class=\"container\">\n    <div class=\"wrap\">\n      <div class=\"slider\" data-swiper='{\"wrapperClass\": \"slider-wrapper\",\"slideClass\": \"slide\",\"slidesPerView\": \"auto\",\"loop\": true,\"navigation\": {\"nextEl\": \"#block_6a7454bda9dd8 .slider-arrow\"}}'>\n        <span class=\"slider-arrow\"><\/span>\n        <div class=\"slider-wrapper\">\n                      <div class=\"slide\">\n              <img decoding=\"async\" src=\"https:\/\/www.mohd.it\/wp-content\/uploads\/2026\/08\/via-carlo-botta-bathroom.png\" alt=\"\" \/>\n            <\/div>\n                        <div class=\"slide\">\n              <img decoding=\"async\" src=\"https:\/\/www.mohd.it\/wp-content\/uploads\/2026\/08\/via-carlo-botta-bedroom.png\" alt=\"\" \/>\n            <\/div>\n                        <div class=\"slide\">\n              <img decoding=\"async\" src=\"https:\/\/www.mohd.it\/wp-content\/uploads\/2026\/08\/via-carlo-botta-bedroom-1.png\" alt=\"\" \/>\n            <\/div>\n                        <div class=\"slide\">\n              <img decoding=\"async\" src=\"https:\/\/www.mohd.it\/wp-content\/uploads\/2026\/08\/via-carlo-botta-bathroom-1.png\" alt=\"\" \/>\n            <\/div>\n                        <div class=\"slide\">\n              <img decoding=\"async\" src=\"https:\/\/www.mohd.it\/wp-content\/uploads\/2026\/08\/via-carlo-botta-bathroom-2.png\" alt=\"\" \/>\n            <\/div>\n                    <\/div>\n      <\/div>\n    <\/div>\n  <\/div>\n<\/div>\n\n\n<div class=\"story-block story-block-base image-right\">\n  <div class=\"container\">\n    <div class=\"wrap\">\n      <div class=\"image\">\n        <span class=\"img-spacer ratio-4x3\">\n          <img decoding=\"async\" src=\"https:\/\/www.mohd.it\/wp-content\/uploads\/2026\/08\/via-carlo-botta-kitchen-2.png\" \/>\n        <\/span>\n      <\/div>\n      <div class=\"content\">\n        <div class=\"inner\">\n          <p>Von der K\u00fcche bis zum Schlafzimmer offenbart sich das Wesen des Projekts vor allem in dem, was es bewusst nicht zeigt. Die Wohnung folgt keiner \u00c4sthetik, die sich auf den ersten Blick erkennen l\u00e4sst, sondern einer inneren Logik aus Ma\u00df und Funktionalit\u00e4t. Sie erschlie\u00dft sich erst beim schrittweisen Durchqueren der einzelnen R\u00e4ume \u2014 und erweist sich am Ende als die authentischste Signatur der Wohnung.<\/p>\n        <\/div>\n      <\/div>\n    <\/div>\n  <\/div>\n<\/div>\n","protected":false},"featured_media":128446,"template":"","class_list":["post-128522","story","type-story","status-publish","has-post-thumbnail","hentry"],"yoast_head":"<!-- This site is optimized with the Yoast SEO plugin v24.0 - https:\/\/yoast.com\/wordpress\/plugins\/seo\/ -->\n<title>Eine Wohnung in Mailand zwischen Funktionalit\u00e4t und \u00e4sthetischer Zur\u00fcckhaltung - Mohd<\/title>\n<meta name=\"description\" content=\"In Porta Romana macht ein Interieurprojekt von Mohd Zur\u00fcckhaltung zum Prinzip, ohne die Funktionalit\u00e4t der R\u00e4ume zu vernachl\u00e4ssigen.\" \/>\n<meta name=\"robots\" content=\"index, follow, max-snippet:-1, max-image-preview:large, max-video-preview:-1\" \/>\n<link rel=\"canonical\" href=\"https:\/\/www.mohd.it\/de\/our-stories\/funktionalitaet-und-aesthetische-zurueckhaltung-in-einem-mailaender-innenarchitekturprojekt\/\" \/>\n<meta property=\"og:locale\" content=\"de_DE\" \/>\n<meta property=\"og:type\" content=\"article\" \/>\n<meta property=\"og:title\" content=\"Eine Wohnung in Mailand zwischen Funktionalit\u00e4t und \u00e4sthetischer Zur\u00fcckhaltung - Mohd\" \/>\n<meta property=\"og:description\" content=\"In Porta Romana macht ein Interieurprojekt von Mohd Zur\u00fcckhaltung zum Prinzip, ohne die Funktionalit\u00e4t der R\u00e4ume zu vernachl\u00e4ssigen.\" \/>\n<meta property=\"og:url\" content=\"https:\/\/www.mohd.it\/de\/our-stories\/funktionalitaet-und-aesthetische-zurueckhaltung-in-einem-mailaender-innenarchitekturprojekt\/\" \/>\n<meta property=\"og:site_name\" content=\"Mohd\" \/>\n<meta property=\"article:publisher\" content=\"https:\/\/www.facebook.com\/mollurahomedesign\" \/>\n<meta property=\"og:image\" content=\"https:\/\/www.mohd.it\/wp-content\/uploads\/2026\/08\/via-carlo-botta-kitchen.png\" \/>\n\t<meta property=\"og:image:width\" content=\"1920\" \/>\n\t<meta property=\"og:image:height\" content=\"1080\" \/>\n\t<meta property=\"og:image:type\" content=\"image\/png\" \/>\n<meta name=\"twitter:card\" content=\"summary_large_image\" \/>\n<meta name=\"twitter:site\" content=\"@mohd_homedesign\" \/>\n<meta name=\"twitter:label1\" content=\"Gesch\u00e4tzte Lesezeit\" \/>\n\t<meta name=\"twitter:data1\" content=\"1\u00a0Minute\" \/>\n<script type=\"application\/ld+json\" class=\"yoast-schema-graph\">{\"@context\":\"https:\/\/schema.org\",\"@graph\":[{\"@type\":\"WebPage\",\"@id\":\"https:\/\/www.mohd.it\/de\/our-stories\/funktionalitaet-und-aesthetische-zurueckhaltung-in-einem-mailaender-innenarchitekturprojekt\/\",\"url\":\"https:\/\/www.mohd.it\/de\/our-stories\/funktionalitaet-und-aesthetische-zurueckhaltung-in-einem-mailaender-innenarchitekturprojekt\/\",\"name\":\"Eine Wohnung in Mailand zwischen Funktionalit\u00e4t und \u00e4sthetischer Zur\u00fcckhaltung - Mohd\",\"isPartOf\":{\"@id\":\"https:\/\/www.mohd.it\/de\/#website\"},\"primaryImageOfPage\":{\"@id\":\"https:\/\/www.mohd.it\/de\/our-stories\/funktionalitaet-und-aesthetische-zurueckhaltung-in-einem-mailaender-innenarchitekturprojekt\/#primaryimage\"},\"image\":{\"@id\":\"https:\/\/www.mohd.it\/de\/our-stories\/funktionalitaet-und-aesthetische-zurueckhaltung-in-einem-mailaender-innenarchitekturprojekt\/#primaryimage\"},\"thumbnailUrl\":\"https:\/\/www.mohd.it\/wp-content\/uploads\/2026\/08\/via-carlo-botta-kitchen.png\",\"datePublished\":\"2026-08-06T12:02:35+00:00\",\"dateModified\":\"2026-08-06T12:02:35+00:00\",\"description\":\"In Porta Romana macht ein Interieurprojekt von Mohd Zur\u00fcckhaltung zum Prinzip, ohne die Funktionalit\u00e4t der R\u00e4ume zu vernachl\u00e4ssigen.\",\"breadcrumb\":{\"@id\":\"https:\/\/www.mohd.it\/de\/our-stories\/funktionalitaet-und-aesthetische-zurueckhaltung-in-einem-mailaender-innenarchitekturprojekt\/#breadcrumb\"},\"inLanguage\":\"de\",\"potentialAction\":[{\"@type\":\"ReadAction\",\"target\":[\"https:\/\/www.mohd.it\/de\/our-stories\/funktionalitaet-und-aesthetische-zurueckhaltung-in-einem-mailaender-innenarchitekturprojekt\/\"]}]},{\"@type\":\"ImageObject\",\"inLanguage\":\"de\",\"@id\":\"https:\/\/www.mohd.it\/de\/our-stories\/funktionalitaet-und-aesthetische-zurueckhaltung-in-einem-mailaender-innenarchitekturprojekt\/#primaryimage\",\"url\":\"https:\/\/www.mohd.it\/wp-content\/uploads\/2026\/08\/via-carlo-botta-kitchen.png\",\"contentUrl\":\"https:\/\/www.mohd.it\/wp-content\/uploads\/2026\/08\/via-carlo-botta-kitchen.png\",\"width\":1920,\"height\":1080,\"caption\":\"Via Carlo Botta Milano Kitchen \/ Dining\"},{\"@type\":\"BreadcrumbList\",\"@id\":\"https:\/\/www.mohd.it\/de\/our-stories\/funktionalitaet-und-aesthetische-zurueckhaltung-in-einem-mailaender-innenarchitekturprojekt\/#breadcrumb\",\"itemListElement\":[{\"@type\":\"ListItem\",\"position\":1,\"name\":\"Home\",\"item\":\"https:\/\/www.mohd.it\/de\/\"},{\"@type\":\"ListItem\",\"position\":2,\"name\":\"Portfolio\",\"item\":\"https:\/\/www.mohd.it\/de\/our-stories\/\"},{\"@type\":\"ListItem\",\"position\":3,\"name\":\"Funktionalit\u00e4t und \u00e4sthetische Zur\u00fcckhaltung in einem Mail\u00e4nder Innenarchitekturprojekt\"}]},{\"@type\":\"WebSite\",\"@id\":\"https:\/\/www.mohd.it\/de\/#website\",\"url\":\"https:\/\/www.mohd.it\/de\/\",\"name\":\"Mohd\",\"description\":\"\",\"publisher\":{\"@id\":\"https:\/\/www.mohd.it\/de\/#organization\"},\"potentialAction\":[{\"@type\":\"SearchAction\",\"target\":{\"@type\":\"EntryPoint\",\"urlTemplate\":\"https:\/\/www.mohd.it\/de\/?s={search_term_string}\"},\"query-input\":{\"@type\":\"PropertyValueSpecification\",\"valueRequired\":true,\"valueName\":\"search_term_string\"}}],\"inLanguage\":\"de\"},{\"@type\":\"Organization\",\"@id\":\"https:\/\/www.mohd.it\/de\/#organization\",\"name\":\"Mollura & C. SPA\",\"url\":\"https:\/\/www.mohd.it\/de\/\",\"logo\":{\"@type\":\"ImageObject\",\"inLanguage\":\"de\",\"@id\":\"https:\/\/www.mohd.it\/de\/#\/schema\/logo\/image\/\",\"url\":\"https:\/\/www.mohd.it\/wp-content\/uploads\/2020\/09\/mohd-logo.png\",\"contentUrl\":\"https:\/\/www.mohd.it\/wp-content\/uploads\/2020\/09\/mohd-logo.png\",\"width\":600,\"height\":600,\"caption\":\"Mollura & C. SPA\"},\"image\":{\"@id\":\"https:\/\/www.mohd.it\/de\/#\/schema\/logo\/image\/\"},\"sameAs\":[\"https:\/\/www.facebook.com\/mollurahomedesign\",\"https:\/\/x.com\/mohd_homedesign\",\"https:\/\/www.instagram.com\/mohd_homedesign\/\",\"https:\/\/it.linkedin.com\/company\/mohd-mollura-home-design\",\"https:\/\/www.pinterest.it\/mohdhomedesign\/\",\"https:\/\/www.youtube.com\/channel\/UCYLuPff6hq4z_o0GO0w1yaA\"]}]}<\/script>\n<!-- \/ Yoast SEO plugin. -->","yoast_head_json":{"title":"Eine Wohnung in Mailand zwischen Funktionalit\u00e4t und \u00e4sthetischer Zur\u00fcckhaltung - Mohd","description":"In Porta Romana macht ein Interieurprojekt von Mohd Zur\u00fcckhaltung zum Prinzip, ohne die Funktionalit\u00e4t der R\u00e4ume zu vernachl\u00e4ssigen.","robots":{"index":"index","follow":"follow","max-snippet":"max-snippet:-1","max-image-preview":"max-image-preview:large","max-video-preview":"max-video-preview:-1"},"canonical":"https:\/\/www.mohd.it\/de\/our-stories\/funktionalitaet-und-aesthetische-zurueckhaltung-in-einem-mailaender-innenarchitekturprojekt\/","og_locale":"de_DE","og_type":"article","og_title":"Eine Wohnung in Mailand zwischen Funktionalit\u00e4t und \u00e4sthetischer Zur\u00fcckhaltung - Mohd","og_description":"In Porta Romana macht ein Interieurprojekt von Mohd Zur\u00fcckhaltung zum Prinzip, ohne die Funktionalit\u00e4t der R\u00e4ume zu vernachl\u00e4ssigen.","og_url":"https:\/\/www.mohd.it\/de\/our-stories\/funktionalitaet-und-aesthetische-zurueckhaltung-in-einem-mailaender-innenarchitekturprojekt\/","og_site_name":"Mohd","article_publisher":"https:\/\/www.facebook.com\/mollurahomedesign","og_image":[{"width":1920,"height":1080,"url":"https:\/\/www.mohd.it\/wp-content\/uploads\/2026\/08\/via-carlo-botta-kitchen.png","type":"image\/png"}],"twitter_card":"summary_large_image","twitter_site":"@mohd_homedesign","twitter_misc":{"Gesch\u00e4tzte Lesezeit":"1\u00a0Minute"},"schema":{"@context":"https:\/\/schema.org","@graph":[{"@type":"WebPage","@id":"https:\/\/www.mohd.it\/de\/our-stories\/funktionalitaet-und-aesthetische-zurueckhaltung-in-einem-mailaender-innenarchitekturprojekt\/","url":"https:\/\/www.mohd.it\/de\/our-stories\/funktionalitaet-und-aesthetische-zurueckhaltung-in-einem-mailaender-innenarchitekturprojekt\/","name":"Eine Wohnung in Mailand zwischen Funktionalit\u00e4t und \u00e4sthetischer Zur\u00fcckhaltung - Mohd","isPartOf":{"@id":"https:\/\/www.mohd.it\/de\/#website"},"primaryImageOfPage":{"@id":"https:\/\/www.mohd.it\/de\/our-stories\/funktionalitaet-und-aesthetische-zurueckhaltung-in-einem-mailaender-innenarchitekturprojekt\/#primaryimage"},"image":{"@id":"https:\/\/www.mohd.it\/de\/our-stories\/funktionalitaet-und-aesthetische-zurueckhaltung-in-einem-mailaender-innenarchitekturprojekt\/#primaryimage"},"thumbnailUrl":"https:\/\/www.mohd.it\/wp-content\/uploads\/2026\/08\/via-carlo-botta-kitchen.png","datePublished":"2026-08-06T12:02:35+00:00","dateModified":"2026-08-06T12:02:35+00:00","description":"In Porta Romana macht ein Interieurprojekt von Mohd Zur\u00fcckhaltung zum Prinzip, ohne die Funktionalit\u00e4t der R\u00e4ume zu vernachl\u00e4ssigen.","breadcrumb":{"@id":"https:\/\/www.mohd.it\/de\/our-stories\/funktionalitaet-und-aesthetische-zurueckhaltung-in-einem-mailaender-innenarchitekturprojekt\/#breadcrumb"},"inLanguage":"de","potentialAction":[{"@type":"ReadAction","target":["https:\/\/www.mohd.it\/de\/our-stories\/funktionalitaet-und-aesthetische-zurueckhaltung-in-einem-mailaender-innenarchitekturprojekt\/"]}]},{"@type":"ImageObject","inLanguage":"de","@id":"https:\/\/www.mohd.it\/de\/our-stories\/funktionalitaet-und-aesthetische-zurueckhaltung-in-einem-mailaender-innenarchitekturprojekt\/#primaryimage","url":"https:\/\/www.mohd.it\/wp-content\/uploads\/2026\/08\/via-carlo-botta-kitchen.png","contentUrl":"https:\/\/www.mohd.it\/wp-content\/uploads\/2026\/08\/via-carlo-botta-kitchen.png","width":1920,"height":1080,"caption":"Via Carlo Botta Milano Kitchen \/ Dining"},{"@type":"BreadcrumbList","@id":"https:\/\/www.mohd.it\/de\/our-stories\/funktionalitaet-und-aesthetische-zurueckhaltung-in-einem-mailaender-innenarchitekturprojekt\/#breadcrumb","itemListElement":[{"@type":"ListItem","position":1,"name":"Home","item":"https:\/\/www.mohd.it\/de\/"},{"@type":"ListItem","position":2,"name":"Portfolio","item":"https:\/\/www.mohd.it\/de\/our-stories\/"},{"@type":"ListItem","position":3,"name":"Funktionalit\u00e4t und \u00e4sthetische Zur\u00fcckhaltung in einem Mail\u00e4nder Innenarchitekturprojekt"}]},{"@type":"WebSite","@id":"https:\/\/www.mohd.it\/de\/#website","url":"https:\/\/www.mohd.it\/de\/","name":"Mohd","description":"","publisher":{"@id":"https:\/\/www.mohd.it\/de\/#organization"},"potentialAction":[{"@type":"SearchAction","target":{"@type":"EntryPoint","urlTemplate":"https:\/\/www.mohd.it\/de\/?s={search_term_string}"},"query-input":{"@type":"PropertyValueSpecification","valueRequired":true,"valueName":"search_term_string"}}],"inLanguage":"de"},{"@type":"Organization","@id":"https:\/\/www.mohd.it\/de\/#organization","name":"Mollura & C. SPA","url":"https:\/\/www.mohd.it\/de\/","logo":{"@type":"ImageObject","inLanguage":"de","@id":"https:\/\/www.mohd.it\/de\/#\/schema\/logo\/image\/","url":"https:\/\/www.mohd.it\/wp-content\/uploads\/2020\/09\/mohd-logo.png","contentUrl":"https:\/\/www.mohd.it\/wp-content\/uploads\/2020\/09\/mohd-logo.png","width":600,"height":600,"caption":"Mollura & C. SPA"},"image":{"@id":"https:\/\/www.mohd.it\/de\/#\/schema\/logo\/image\/"},"sameAs":["https:\/\/www.facebook.com\/mollurahomedesign","https:\/\/x.com\/mohd_homedesign","https:\/\/www.instagram.com\/mohd_homedesign\/","https:\/\/it.linkedin.com\/company\/mohd-mollura-home-design","https:\/\/www.pinterest.it\/mohdhomedesign\/","https:\/\/www.youtube.com\/channel\/UCYLuPff6hq4z_o0GO0w1yaA"]}]}},"_links":{"self":[{"href":"https:\/\/www.mohd.it\/de\/wp-json\/wp\/v2\/story\/128522","targetHints":{"allow":["GET"]}}],"collection":[{"href":"https:\/\/www.mohd.it\/de\/wp-json\/wp\/v2\/story"}],"about":[{"href":"https:\/\/www.mohd.it\/de\/wp-json\/wp\/v2\/types\/story"}],"wp:featuredmedia":[{"embeddable":true,"href":"https:\/\/www.mohd.it\/de\/wp-json\/wp\/v2\/media\/128446"}],"wp:attachment":[{"href":"https:\/\/www.mohd.it\/de\/wp-json\/wp\/v2\/media?parent=128522"}],"curies":[{"name":"wp","href":"https:\/\/api.w.org\/{rel}","templated":true}]}}